{"id":148363,"date":"2026-04-26T21:11:04","date_gmt":"2026-04-26T19:11:04","guid":{"rendered":"https:\/\/www.freiburg-schwarzwald.de\/blog\/?p=148363"},"modified":"2026-04-27T08:51:44","modified_gmt":"2026-04-27T06:51:44","slug":"trauerwache-deutschland-in-dd","status":"publish","type":"post","link":"https:\/\/www.freiburg-schwarzwald.de\/blog\/trauerwache-deutschland-in-dd\/","title":{"rendered":"Trauerwache Deutschland in DD"},"content":{"rendered":"<p>Es wurde still in <a href=\"https:\/\/www.freiburg-schwarzwald.de\/blog\/global\/deutschland\/dresden\/\">Dresden<\/a>, als Michael Kyrath, der Vater der in <a href=\"https:\/\/www.freiburg-schwarzwald.de\/blog\/global\/migration\/brokstedt-messermord-zug\/\">Brokstedt<\/a> von einem Pal\u00e4stinenser mit 38 Messerstichen ermordeten 17-j\u00e4hrigen Ann-Marie, ans Mikrofon trat (1). Am 25.2.2023 wurde seine Tochter mit ihrem Freund im Zug erstochen. Und nun \u00fcber drei Jahre danach steht dieser Vater hier in Dresden <!--more-->auf der von ihm mit organisierten <a href=\"https:\/\/www.freiburg-schwarzwald.de\/blog\/selbsthilfe\/psyche\/trauer\/\">Trauerwache<\/a>, um mit den von weither angereisten Menschen, Hinterbliebenen und Angeh\u00f6rigen, der zahlreichen Opfer zu gedenken und daf\u00fcr zu sorgen, da\u00df sie nicht vergessen werden.<br \/>\nEs ist so furchtbar traurig. Zumal sich nichts ge\u00e4ndert in der <a href=\"https:\/\/www.freiburg-schwarzwald.de\/blog\/global\/migration\/migrationspolitik\/\">Migrationspolitik<\/a> &#8211; das \u00fcble Messern und Morden geht weiter.<br \/>\nEs war die zweite Trauerwache nach der Wache vom 15.11.2025 in Berlin am Pariser Platz &#8211; wie damals auch heute von den <a href=\"https:\/\/www.freiburg-schwarzwald.de\/blog\/kultur\/medien\/mainstream\/\">Mainstreammedien<\/a> weitgehend ignoriert, denn es geht ja &#8222;nur&#8220; um das <a href=\"https:\/\/www.freiburg-schwarzwald.de\/blog\/global\/integration\/fluechtlinge-kriminalitaet\/deutsche-opfer\/\">Gedenken der Opfer<\/a> <a href=\"https:\/\/www.freiburg-schwarzwald.de\/blog\/global\/migration\/migration-kriminalitaet\/\">migrantischer Gewalt<\/a> und nicht um die <a href=\"https:\/\/www.freiburg-schwarzwald.de\/blog\/global\/integration\/fluechtlinge-kriminalitaet\/opfer-taeter-umkehr\/\">T\u00e4ter<\/a>.<\/p>\n<p>Michael Kyrath \u00fcbergab das Wort an den Journalisten Waldemar Hartmann, den als &#8222;Waldi&#8220; bekannten und beliebten Sportmoderator. Waldi&#8217;s Redebeitrag ersch\u00fctterte die Zuh\u00f6rer mit der Schilderung einiger der brutalen von Migranten begangenen <a href=\"https:\/\/www.freiburg-schwarzwald.de\/blog\/selbsthilfe\/soziales\/justiz\/messerstecher\/\">Messer-Morde<\/a> (3). Er f\u00fchrte Klage gegen Politik und Medien, gegen die in Deutschland praktizierte <a href=\"https:\/\/www.freiburg-schwarzwald.de\/blog\/global\/integration\/fluechtlinge-kriminalitaet\/opfer-taeter-umkehr\/\">T\u00e4ter-Opfer-Umkehr<\/a> und zitierte <a href=\"https:\/\/www.freiburg-schwarzwald.de\/blog\/engagement\/zukunft\/demokratie\/regierung2025\/\">Friedrich Merz<\/a>, wie er vor der Bundestagswahl 2025 bzw. nach der Erstechung des 2-j\u00e4hrigen Yannis in <a href=\"https:\/\/www.freiburg-schwarzwald.de\/blog\/engagement\/zukunft\/demokratie\/aschaffenburg22jan2025\/\">Aschaffenburg<\/a> den B\u00fcrgern Grenzschlie\u00dfungen, Abschiebungen und Neuordnung des Asylsystems versprach, um dann seinen bekannten <a href=\"https:\/\/www.freiburg-schwarzwald.de\/blog\/engagement\/zukunft\/demokratie\/bundestag\/wahlbetrug\/\">Wahlbetrug<\/a> zu t\u00e4tigen.<br \/>\nWaldi endete mit den Worten &#8222;Ich bin 78 Jahre alt und kann dies gerade noch ertragen. Aber f\u00fcr die jungen Menschen bin ich in gro\u00dfer Sorge&#8220;. Eine ehrliche und mutige Rede, die man sich anh\u00f6ren sollte.<\/p>\n<p>Dresden. Neumarkt &#8211; Frauenkirche 14 &#8211; 19 Uhr<br \/>\nKundgebung und Trauermarsch<br \/>\n<a href=\"https:\/\/www.youtube.com\/watch?v=BYG-gOSuMMc\">https:\/\/www.youtube.com\/watch?v=BYG-gOSuMMc<\/a><\/p>\n<p>Die \u201eTrauerwache Deutschland\u201c (2) findet allj\u00e4hrlich statt als \u00f6ffentliche Versammlung mit einem anschlie\u00dfenden Trauermarsch, zum Gedenken an die Menschen, die seit dem Beginn der Grenz\u00f6ffnung 9\/2015 als Opfer der Masseneinwanderung durch Gewalt ums Leben gekommen sind.<br \/>\n<a href=\"https:\/\/www.youtube.com\/watch?v=3nKTL5V37fk\">https:\/\/www.youtube.com\/watch?v=3nKTL5V37fk<\/a><br \/>\n.<br \/>\nIm Trauerzug f\u00fchren die Angeh\u00f6rigen der <a href=\"https:\/\/www.freiburg-schwarzwald.de\/blog\/global\/integration\/fluechtlinge-kriminalitaet\/deutsche-opfer\/\">Opfer<\/a> die Fotos ihrer Liebsten mit. Ein Anblick, der auch den Aussenstehenden das Herz zu zerreissen drohte. Eine Anklage, denn dieses wahnsinnige Gemetzel will kein Ende nehmen &#8211; das destruktive <a href=\"https:\/\/www.freiburg-schwarzwald.de\/blog\/global\/deutschland\/deutschland-kaputt\/weiter-so\/\">&#8222;Weiter so&#8220;<\/a> regiert nicht nur im Berliner Regierungsviertel, sondern \u00fcberall im <a href=\"https:\/\/www.freiburg-schwarzwald.de\/blog\/kultur\/oeffentlicher-raum\/\">\u00f6ffentlichen Raum<\/a> in Deutschland.<br \/>\n26.4.2026<br \/>\nDies ist ein KI-freier Beitrag.<br \/>\n.<br \/>\nEnde von Beitrag &#8222;Trauerwache Deutschland in DD&#8220;<br \/>\n===========================================================<br \/>\nBeginn von Anlagen (1) &#8211; (7)<br \/>\n.<\/p>\n<p><strong>(1) Michael Kyrath: Diese Rede geht unter die Haut! Emotionale Trauerwache Deutschland in Dresden<\/strong><br \/>\n26.4.2026, <a href=\"https:\/\/www.youtube.com\/watch?v=rWU8jRiqan0\">https:\/\/www.youtube.com\/watch?v=rWU8jRiqan0<\/a><br \/>\nAm 25. April 2026 wurde es still in Dresden. Still \u2013 und gleichzeitig so voller Emotionen wie selten zuvor. Bei der \u201eTrauerwache Deutschland\u201c trat Michael Kyrath ans Mikrofon. Er suchte keinen Applaus, er teilte etwas viel Tieferes mit allen Anwesenden: Erinnerung. Wahrheit. Schmerz.<br \/>\nDer Vater der in Brokstedt ermordeten Ann-Marie, sprach zu den Menschen. Und mit jedem Wort wurde sp\u00fcrbar, was Verlust wirklich bedeutet. Seine Tochter wurde ihm genommen \u2013 brutal, pl\u00f6tzlich, unwiederbringlich. Seitdem ist er nicht mehr nur Vater. Er ist Stimme. Stimme f\u00fcr seine Ann-Marie. Und f\u00fcr viele andere Familien, die \u00c4hnliches durchleben mussten.<br \/>\nIn Dresden erz\u00e4hlte er nicht nur ihre Geschichte. Er sprach von den vielen Opfern, die niemand kennt. Von Schicksalen, die oft im Stillen bleiben.<br \/>\nVon Menschen, die weiterleben m\u00fcssen \u2013 obwohl ein Teil von ihnen f\u00fcr immer fehlt.<br \/>\nDie Worte waren ruhig, aber sie trafen mit voller Wucht. Manche Zuh\u00f6rer senkten den Blick. Andere hatten Tr\u00e4nen in den Augen. Denn es war keine gew\u00f6hnliche Rede. Es war das Herz eines Vaters, das sprach.<br \/>\nEr erinnerte daran, dass hinter jeder Zahl ein Mensch steht.<br \/>\nEin Kind. Eine Tochter. Ein Sohn. Ein Leben voller Zukunft, das nie gelebt werden durfte.<br \/>\nUnd vielleicht war genau das der Moment, der allen im Ged\u00e4chtnis bleibt:<br \/>\nAls seine Stimme kurz stockte \u2013 und die Stille mehr sagte als tausend Worte.<br \/>\nDiese Rede war kein Aufruf zur Lautst\u00e4rke.<br \/>\nSondern ein Aufruf, hinzusehen. Nicht zu vergessen. Und den Opfern ein Gesicht zu geben.<\/p>\n<p>Schreibt gerne Eure Meinung in die Kommentare, abonniert und empfehlt unseren Kanal gerne weiter, damit Ihr und Eure Freunde , Bekannten und Verwandten sofort dar\u00fcber informiert werdet, wenn wir vor Ort vom n\u00e4chsten Protest, Veranstaltung oder Aktion berichten.<br \/>\n.<\/p>\n<p><strong>(2) Trauerwache Deutschland<\/strong><br \/>\nDie \u201eTrauerwache Deutschland\u201c ist eine \u00f6ffentliche Versammlung mit einem anschlie\u00dfenden Trauermarsch, gewidmet dem gemeinsamen Gedenken an Menschen, die seit 2015 durch Gewalttaten ums Leben gekommen sind &#8211; insbesondere durch Attentate, Anschl\u00e4ge oder extreme Gewalthandlungen.<br \/>\nDie Veranstaltung legt den Fokus auf Erinnern und m\u00f6chte ihnen symbolisch ein Gesicht und eine Stimme geben. Viele der Betroffenen standen bislang kaum im medialen oder gesellschaftlichen Mittelpunkt. Angeh\u00f6rige, Einsatz- und Rettungskr\u00e4fte sowie \u00dcberlebende erhalten die M\u00f6glichkeit, pers\u00f6nliche Worte \u00f6ffentlich zu teilen.<br \/>\nDie Versammlung soll Raum f\u00fcr Mitgef\u00fchl, Zusammenhalt und Hoffnung bieten. Ziel ist es, gemeinsam innezuhalten, Trost zu spenden und ein verbindendes Zeichen des Gedenkens zu setzen.<\/p>\n<p><a href=\"https:\/\/www.youtube.com\/watch?v=rWU8jRiqan0\">https:\/\/www.trauerwachedeutschland.de\/<\/a><br \/>\n<a href=\"https:\/\/www.youtube.com\/watch?v=3nKTL5V37fk\">https:\/\/www.youtube.com\/watch?v=3nKTL5V37fk<\/a><br \/>\n\u202a@trauerwache_deutschland\u202c<br \/>\n<a href=\"https:\/\/x.com\/trauerwache_deu\">https:\/\/x.com\/trauerwache_deu<\/a><br \/>\nhttps:\/\/www.facebook.com\/profile.php?&#8230;<br \/>\n<a href=\"https:\/\/t.me\/trauerwache_deutschland\">https:\/\/t.me\/trauerwache_deutschland<\/a><br \/>\n.<br \/>\n26.4.2026, <a href=\"https:\/\/www.youtube.com\/watch?v=rWU8jRiqan0\">https:\/\/www.youtube.com\/watch?v=rWU8jRiqan0<\/a><br \/>\n.<br \/>\n.<br \/>\n<strong>(3) Waldi Hartmann: Ich f\u00fchre Klage gegen Beh\u00f6rden, Politik und Medien<\/strong><br \/>\n<a href=\"https:\/\/www.youtube.com\/watch?v=i37CbqpzDbA\">https:\/\/www.youtube.com\/watch?v=i37CbqpzDbA<\/a><\/p>\n<p>Einige Statements von Waldi Hartmann:<br \/>\nDas ist keine Demo, das ist die Trauerwache Deutschland.<br \/>\nIch will heute Klage f\u00fchren, Klage gegen Organisationen, Politik, &#8230;<br \/>\nDas Versagen all dieser Beh\u00f6rden und den meisten Medien-<br \/>\nEs begann am 19.12.2026 am Breitscheidplatz, &#8230;<br \/>\n150.000 und 200.000 Migranten kommen j\u00e4hrlich nach Deutschland.<br \/>\nVor allem wird nicht \u00fcber die Opfer gesprochen all dieser grausamen Verbrechen.<br \/>\nStatt Haftstrafen gibt es Einweisungen in die Psychiatrie. J\u00e4hrliche Kosten 150.000 -300.000 Euro pro Person. Vom Steuerzahlen.<br \/>\nT\u00e4ter-Opfer-Umkehr.<br \/>\nIn Deutschland leben wir in einer Freiluftpsychiatrie.<br \/>\n2015 &#8211; 2025 gab es 2,6 Millionen Asylantr\u00e4ge.<br \/>\nMit den Migranten reiste auch eine Religion ein, der Islam, Und damit auch der politische Islam.<br \/>\n40% der jungen Muslime bekennen sich zum militanten Islam, dem Islamismus.<br \/>\n30.000 Messerangriffe im Jahr, also 80 an jedem tag.<br \/>\nEin dreifacher Stich ins Herz wird als K\u00f6rperverletzung geahndet.<br \/>\nZwei Gruppenvergewaltigungen Tag f\u00fcr Tag. Vor 10 Jahren war dieser Begriff noch unbekannt.<br \/>\nIch bin 78 Jahre alt und kann dies gerade noch ertragen. Aber f\u00fcr die jungen Menschen bin ich in gro\u00dfer Sorge.<br \/>\nEnde Statements der Rede.<br \/>\n.<br \/>\nVor mehreren hundert Menschen spricht Waldi Klartext \u2013 direkt, ungesch\u00f6nt und ohne R\u00fccksicht auf politische Korrektheit. In seiner bekannten Art nennt er Ross und Reiter und greift Themen auf, die man so im \u00f6ffentlich-rechtlichen Rundfunk wohl kaum h\u00f6ren wird.<br \/>\nWaldemar Hartmann beim Trauermarsch in Dresden \u2013 diese Rede wird Wellen schlagen.<br \/>\n26.4.2026, <a href=\"https:\/\/www.youtube.com\/watch?v=i37CbqpzDbA\">https:\/\/www.youtube.com\/watch?v=i37CbqpzDbA<\/a><br \/>\n.<br \/>\nEinige Kommentare:<br \/>\nDanke Waldi Hartmann und an alle, die an dieser Trauerwache, f\u00fcr die Opfer, dieser gef\u00e4hrlichen Migrationspolitik teilgenommen haben. Gabriela<br \/>\n.<br \/>\nDiese Trag\u00f6dien sind kaum zu ertragen. Herr Hartmann meinen Respekt. In was f\u00fcr einen Land leben wir, ich wei\u00df es nicht. Irene<br \/>\n.<br \/>\nWaldi Hartmann, ein konservativer Demokrat ! Bravo f\u00fcr die sehr Gute Rede \u2026leider scheint in unserem Land der Tiefschlaf der B\u00fcrger, was Recht und Gesetz, sowie Demokratie und Meinungsfreiheit, kein Ende zu nehmen ! Denkt an eure Kinder und Enkel, wie soll dessen Zukunft aussehen, wenn weiterhin der Irrsinn regiert !?<br \/>\nEnde Kommentare<br \/>\n.<br \/>\n.<br \/>\n<strong>(4) Hunderte geben Terroropfern ein Gesicht<\/strong><br \/>\nVater von erstochener Ann-Marie (17) initiiert Gedenken f\u00fcr 150 Opfer<br \/>\n\u201eLiebe Hinterbliebene, ich bin sehr traurig, heute hier stehen zu m\u00fcssen\u201c, sagt Michael Kyrath (52). Er ist der Vater von Ann-Marie (\u202017). Die Sch\u00fclerin und ihr Freund Danny (\u202019) wurden 2023 im Zug bei Brokstedt (Schleswig-Holstein) von einem staatenlosen Pal\u00e4stinenser (36) erstochen.<br \/>\nVor der Frauenkirche in Dresden spricht Kyrath am Samstagnachmittag vor Hunderten Teilnehmern einer von ihm organisierten Gedenkveranstaltung \u2013 unter ihnen auch Angeh\u00f6rige anderer Opfer. Viele Passanten halten inne, als die Namen von 150 Opfern von Terror und Gewalt verlesen werden. Ihre Fotos haben die Organisatoren auf sieben Stellw\u00e4nden vor der Frauenkirche aufgeh\u00e4ngt<br \/>\n&#8230;<br \/>\nKyrath zeigt sich \u00fcberw\u00e4ltigt angesichts der vielen Teilnehmer, die anschlie\u00dfend mit Opferfotos durch die Dresdner Altstadt laufen. Der Vater und seine Mitstreiter wollen Terroropfern ein Gesicht geben und gegen das Vergessen der \u00d6ffentlichkeit ank\u00e4mpfen. \u201eEs wird immer nur \u00fcber die T\u00e4ter berichtet, aber kaum \u00fcber die Opfer\u201c, sagt Michael Kyrath zu BILD. \u201eWir wollen mit der \u201aTrauerwache Deutschland\u2018 viele Menschen erreichen, das Erinnern wachhalten.\u201c<br \/>\n&#8230;<br \/>\nDie Veranstaltung will der Organisator nicht politisch instrumentalisiert wissen. \u201eDie Opfer sind von jeder Religion und Hautfarbe\u201c, sagt er. Doch so ganz bleibt die Politik an diesem Nachmittag nicht au\u00dfen vor. Ex-Sportschau-Moderator Waldemar Hartmann (78) kritisiert als Gastredner in Anspielung auf Mecklenburg-Vorpommerns Umweltminister Till Backhaus (67, SPD), der bei Wal Timmy \u00fcbernachtete: \u201eKennen Sie einen Minister, der mal beim Opfer eines Terrorakts auf der Intensivstation \u00fcbernachtet hat?\u201c<br \/>\n&#8230; Alles vom 26.4.2026 bitte lesen auf<br \/>\n<a href=\"https:\/\/www.bild.de\/regional\/dresden\/trauermarsch-in-dresden-hunderte-geben-terroropfern-ein-gesicht-69ec760b397f2ec7b1eab621\">https:\/\/www.bild.de\/regional\/dresden\/trauermarsch-in-dresden-hunderte-geben-terroropfern-ein-gesicht-69ec760b397f2ec7b1eab621<\/a><br \/>\n.<br \/>\n.<br \/>\n<strong>(5) Trauerwache Dresden: Menschen gedenken Opfern migrantischer Gewalt \u2013 Medien schauen weg<\/strong><br \/>\nDem Aufruf von Michael Kyrath und Trauerwache Deutschland folgend, versammeln sich Hinterbliebene in Dresden und durchbrechen das Schweigen \u00fcber Opfer migrantischer Gewalt, die sonst namen- und gesichtslos bleiben. W\u00e4hrend Medien das Ganze vollst\u00e4ndig ausblenden, rechnet Waldemar Hartmann schonungslos mit Politik, Justiz und Berichterstattung ab.<br \/>\n&#8230;&#8216;<br \/>\n<a href=\"https:\/\/x.com\/DeutscherSchfe3\/status\/2048049785819578706\">https:\/\/x.com\/DeutscherSchfe3\/status\/2048049785819578706<\/a><\/p>\n<p>Wer in Dresden auf dem Platz stand, dem stillen Trauerzug folgte, sah kein \u00fcbliches Demonstrationsbild. Keine Fahnenmeere, keine Sprechch\u00f6re, keine durchorganisierte B\u00fchne. Stattdessen eine ruhige, dichte Ansammlung von Menschen, die gekommen waren, ohne mobilisiert, ohne transportiert worden zu sein. Viele sind aus anderen St\u00e4dten angereist, auf eigene Kosten, ohne jede Infrastruktur. Auch dieser Punkt der Eigenleistung ist einer der sehr vielen, die diese Versammlung vom gewohnten Protestbetrieb trennt.<br \/>\nTrauerwache Deutschland versteht sich selbst als \u00fcberparteiliches Gedenken ohne jede Kampagnenlogik. Der Fokus liegt ausschlie\u00dflich auf den Opfern von migrantischer Gewalt, Terror und schwerer Kriminalit\u00e4t \u2013 und auf deren Familien und Freunden. Es geht darum, ihnen einen \u00f6ffentlichen Raum zu geben, den sie sonst nicht bekommen. W\u00e4hrend T\u00e4tergeschichten changierend zwischen \u201eEin Mann\u201c und hin und wieder medial bis ins Detail ausgeleuchtet werden, bleiben Opfer in der Regel gesichts- und namenlos, verschwinden die Opfer meist vollst\u00e4ndig aus dem Blick. Ebenso wie das, was ein Mord, eine Gewalttat, eine Vergewaltigung, das Fehlen eines geliebten Menschen im Leben der Angeh\u00f6rigen bedeutet. Ein Leben, das nicht mehr gelebt werden kann. Lachen und Streit, die nicht mehr stattfinden. Leben, die nicht mehr gestiftet werden k\u00f6nnen und mit einem Mord manchmal auch Familienlinien enden. Diese zahllosen Schicksale, die schweren Verw\u00fcstungen im Leben der Hinterbliebenen lesen Sie nicht in Zeitungen, h\u00f6ren Sie in keiner Sondersendung der \u00d6ffentlich-Rechtlichen.<br \/>\nDas erkl\u00e4rt auch die emotionale Wucht dieser Veranstaltungen. Es geht nicht um abstrakte Debatten, sondern um konkrete Namen, konkrete Taten, konkrete Verluste, konkreten Schmerz. Genau das unterscheidet diese Form des Gedenkens von jeder politischen Demonstration.<br \/>\n&#8230;<br \/>\nIm Trauerzug tragen die Hinterbliebenen die Fotos ihrer Liebsten. Das ist bereits als Betrachter kaum auszuhalten. Um wieviele Millionen mal schwerer muss es f\u00fcr diese Menschen sein, die an ihre Angeh\u00f6rigen erinnern. Ebenso wie der Umstand, dass seitens der Politik einfach nichts daf\u00fcr getan wird, diese unhaltbaren Zust\u00e4nde zu beenden. Im Gegenteil. Politik und Medien verraten durch ihr Wegsehen, ihr Schweigen, ihre Unt\u00e4tigkeit die Menschen immer noch ein weiteres Mal.<br \/>\n&#8230; Alles vom 26.4.2026 von Sofia Taxidis bitte lesen auf<br \/>\n<a href=\"https:\/\/www.tichyseinblick.de\/meinungen\/trauerwache-dresden\/\">https:\/\/www.tichyseinblick.de\/meinungen\/trauerwache-dresden\/<\/a><br \/>\n.<\/p>\n<p><strong>(6) From Dresden, the &#8222;Mourning Vigil Germany&#8220; sends a clear message:<\/strong><br \/>\nThe victims who have lost their lives since 2015\u2014especially through assassinations and extreme acts of violence\u2014will never be forgotten. Their names are a memorial:<br \/>\n\ud83d\udd6fAndr\u00e9 (9), Magdeburg 2024<br \/>\n\ud83d\udd6fMia (15), Kandel 2017<br \/>\n\ud83d\udd6fAnn-Marie (17), Brokstedt 2023<br \/>\n\ud83d\udd6fDanny (19), Brokstedt 2023<br \/>\n\ud83d\udd6fLiana (16), Friedland 2015<br \/>\n\ud83d\udd6fPhilippos (20), Bad Oeynhausen 2024<br \/>\n\ud83d\udd6fRouven (29), Mannheim 2024<br \/>\n\ud83d\udd6fMelanie (30), Berlin 2018<br \/>\n\ud83d\udd6fAnwar (37), Potsdam 2024<br \/>\n\ud83d\udd6fLeo (8), Frankfurt 2019<br \/>\n\ud83d\udd6fFarimah (38), Prien 2017<br \/>\n\ud83d\udd6fPatricia (61), Hannover 2019<br \/>\n\ud83d\udd6fDaniel (35), Chemnitz 2018<br \/>\n\ud83d\udd6fAlina (21), Garmisch-Partenkirchen 2022<br \/>\n\ud83d\udd6fNatascha (37), Burgdorf 2024<br \/>\n\ud83d\udd6fStefanie (24), W\u00fcrzburg 2021<br \/>\n\ud83d\udd6fJohanna (82), W\u00fcrzburg 2021<br \/>\n\ud83d\udd6fChristiane (49), W\u00fcrzburg 2021<br \/>\n\ud83d\udd6fWilhelm (36), Stuttgart 2019<br \/>\n\ud83d\udd6fJacqueline (21), Hamburg 2015<br \/>\n\ud83d\udd6fSusanna (14), Wiesbaden 2018<br \/>\n\ud83d\udd6fMalak (17), Menden 2024<br \/>\n\ud83d\udd6fFlorian (56), Solingen 2024<br \/>\n\ud83d\udd6fJudith (30), Darmstadt 2022<br \/>\n\ud83d\udd6fDaniel (35), Dresden 2017<br \/>\n\ud83d\udd6fInes (56), Solingen 2024<br \/>\n\ud83d\udd6fJose (20), M\u00fcnster 2018<br \/>\n\ud83d\udd6fKai-Uwe (41), Aschaffenburg 2025<br \/>\n\ud83d\udd6fYannis (2), Aschaffenburg 2025<br \/>\n\ud83d\udd6fStefan (67), Solingen 2024<br \/>\n\ud83d\udd6fThu (41), Dresden 2017<br \/>\n\ud83d\udd6fElse (52), Magdeburg 2024<br \/>\n\ud83d\udd6fJutta (67), Magdeburg 2024<br \/>\n\ud83d\udd6fNadine, Magdeburg 2024<br \/>\n\ud83d\udd6fRita (75), Magdeburg 2024<br \/>\n\ud83d\udd6fBirgit (52), Magdeburg 2024<br \/>\n\ud83d\udd6fIsabelle (66), N\u00fcrtingen 2024<br \/>\n\ud83d\udd6fNada (34), Berlin 2016<br \/>\n\ud83d\udd6fSebastian (32), Berlin 2016<br \/>\n\ud83d\udd6fLukasz (37), Berlin 2016<br \/>\n\ud83d\udd6fKlaus (65), Berlin 2016<br \/>\n\ud83d\udd6fPeter (72), Berlin 2016<br \/>\n\ud83d\udd6fFabrizia (31), Berlin 2016<br \/>\n\ud83d\udd6fGeorgiy (44), Berlin 2016<br \/>\n\ud83d\udd6fDorit (53), Berlin 2016<br \/>\n\ud83d\udd6fMelissa (27), Hannover 2017<br \/>\n\ud83d\udd6fJoachim (51), Offenburg 2018<br \/>\n\ud83d\udd6fMaria (19), Freiburg 2016<br \/>\n\ud83d\udd6fDalia (66), Berlin 2016<br \/>\n\ud83d\udd6fVictor (16), Hamburg 2016<br \/>\n\ud83d\udd6fAngelika (65), Berlin 2016<br \/>\n\ud83d\udd6fJana (19), L\u00fcneburg 2021<br \/>\n\ud83d\udd6fChristoph (40), Berlin 2016<br \/>\n\ud83d\udd6fSharam (31), Ibbenb\u00fcren 2020<br \/>\n\ud83d\udd6fJonas (20) Ludwigshafen 2022<br \/>\n\ud83d\udd6fDietrich (85), Wittenburg 2018<br \/>\n\ud83d\udd6fAnna (44), Berlin 2016<br \/>\n\ud83d\udd6fSascha (35), Ludwigshafen 2022<br \/>\n\ud83d\udd6fManfred (59), M\u00fcnchen 2025<br \/>\n\ud83d\udd6fChristoph (24), Beelitz 2025<br \/>\n\ud83d\udd6fRamseh (55), Uelzen 2024<br \/>\n\ud83d\udd6fHafsa (2), M\u00fcnchen 2025<br \/>\n\ud83d\udd6fBerthold (77), Freiburg 2024<br \/>\n\ud83d\udd6fTabitha (17), Asperg 2022<br \/>\n\ud83d\udd6fBobby (29), Berlin 2025<br \/>\n\ud83d\udd6fAmel (37), M\u00fcnchen 2025<br \/>\n\ud83d\udd6fMireille (17), Flensburg 2018<br \/>\n\ud83d\udd6fUrsula (87), Jena 2019<br \/>\n\ud83d\udd6fSoopika (22), Ahaus 2017<br \/>\n\ud83d\udd6fJuliana (30), Viersen 2018<br \/>\n\ud83d\udd6fJoseline (36), Hamburg 2019<br \/>\n\ud83d\udd6fGerda (82), Cottbus 2016<br \/>\n\ud83d\udd6fHanna (22), Leverkusen 2020<br \/>\n\ud83d\udd6fMyriam (37), Leipzig 2020<br \/>\n\ud83d\udd6fMarkus (22), K\u00f6then 2018<br \/>\n\ud83d\udd6fVictoria (20), Hamburg 2021<br \/>\n\ud83d\udd6fGiuseppe (26), K\u00f6ln 2020<br \/>\n\ud83d\udd6fJana (36), Preetz 2019<br \/>\n\ud83d\udd6fGerhard (85) Pulheim 2023<br \/>\n\ud83d\udd6fSalim (5), Arnschwang 2017<br \/>\n\ud83d\udd6fMusaab (30), Saarbr\u00fccken 2017<br \/>\n\ud83d\udd6fBianca (28), Frankfurt 2023<br \/>\n\ud83d\udd6fEce (14), Illerkirchberg 2022<br \/>\n\ud83d\udd6fCynthia (21), Worms 2019<br \/>\n\ud83d\udd6fMustafa (49), Berlin 2023<br \/>\n\ud83d\udd6fTatjana (20), Plattling 2020<br \/>\n\ud83d\udd6fThomas (55), Dresden 2020<br \/>\n\ud83d\udd6fAhmed (61), Sarstedt 2024<br \/>\n\ud83d\udd6fNicole (47), M\u00f6nchengladbach 2017<br \/>\n\ud83d\udd6fAbdul (20), M\u00f6nchengladbach 2025<br \/>\n\ud83d\udd6fMezgin (16), Aschaffenburg 2017<br \/>\n\ud83d\udd6fFarhad (30), Burg 2015<br \/>\n\ud83d\udd6fMaris (84), Berlin 2018<br \/>\n\ud83d\udd6fMartin (30), Paderborn 2024<br \/>\n\ud83d\udd6fNicole (36), Frankfurt 2018<br \/>\n\ud83d\udd6fAsal (18), Hamburg 2026<br \/>\n\ud83d\udd6fMohamad (37), Primsweiler 2024<br \/>\n\ud83d\udd6fYoussef (27), Aue 2024<br \/>\n\ud83d\udd6fMagda (41), Krefeld 2025<br \/>\n\ud83d\udd6fLica (33), Regensburg 2017<br \/>\n\ud83d\udd6fMohamed (26), Berlin 2024<br \/>\n\ud83d\udd6fCarina (23), Emmerich 2023<br \/>\n\ud83d\udd6fKristin (40), Arnstadt 2020<br \/>\n\ud83d\udd6fLiane (39), Berlin 2018<br \/>\n\ud83d\udd6fHasnaa (30), M\u00fcnchen 2016<br \/>\n\ud83d\udd6fJulia (35), Berlin 2016<br \/>\n\ud83d\udd6fand all the others whose names are not listed here.<br \/>\nSource of the victims:<br \/>\n<a href=\"https:\/\/x.com\/DeutscherSchfe3\/status\/2048049785819578706\">https:\/\/x.com\/DeutscherSchfe3\/status\/2048049785819578706<\/a><br \/>\n.<br \/>\n.<br \/>\n<strong>(7) Dresdner Trauerwache: Stilles Gedenken an mindestens 426.000 Opfer<\/strong><br \/>\n&#8230;<br \/>\nOb Messerangriffe in Z\u00fcgen und Fu\u00dfg\u00e4ngerzonen, Vergewaltigungen in Parks und H\u00f6fen \u2026 Es ist schlichtweg keine Normalit\u00e4t, dieser dezentrale Terror gegen unsere Kultur, Identit\u00e4t und Gemeinschaft. Wer sich beeindrucken l\u00e4sst von der Moralkeule, Zeichen der Einsch\u00fcchterung zeigt, sobald von Vielfaltsfetischisten mit dem Zaunpfahl der Toleranz gewunken wird, der macht sich mitschuldig ob fehlenden R\u00fcckgrats, mangelnder Mutlosigkeit und schlichter Anpassung. Lange waren wir in Apathie gefangen, blickten nahezu gel\u00e4hmt und lethargisch auf das, was wie ein Film an uns vorbeiging. Doch jetzt stehen manch couragierte B\u00fcrger auf, eine \u00fcberaus beklemmende, aber auch befreiende Veranstaltung war die Trauerwache am 25. April 2026 in Dresden. Denn sie setzte erstmals ein unverhohlenes Zeichen.<br \/>\nDas Schweigen ist durchbrochen worden, schlie\u00dflich ist die exorbitante Kriminalit\u00e4t durch Asylbewerber l\u00e4ngst kein Hirngespinst mehr, sondern statistisch untermauert. Zwischen 2015 und 2024 wurden mindestens 426.000 Deutsche<br \/>\n<a href=\"https:\/\/www.focus.de\/politik\/deutschland\/fast-500-000-deutsche-opfer-durch-tatverdaechtige-aus-wichtigen-asylherkunftslaendern_d2211d57-80d5-4b71-96f4-f9ccd5f2e5f4.html\">https:\/\/www.focus.de\/politik\/deutschland\/fast-500-000-deutsche-opfer-durch-tatverdaechtige-aus-wichtigen-asylherkunftslaendern_d2211d57-80d5-4b71-96f4-f9ccd5f2e5f4.html<\/a><br \/>\nOpfer von Verbrechen, an denen mindestens ein Migrant aus den zehn wichtigsten Herkunftsl\u00e4ndern wie Syrien, Afghanistan oder dem Irak beteiligt war. Wohl \u00fcber 500 Teilnehmer hatten sich in der s\u00e4chsischen Landeshauptstadt versammelt, darunter Organisatoren und Redner, beispielsweise Michael Kyrath als Vater eines Opfers sowie Sportmoderator Waldemar Hartmann als mahnendes Gewissen.<br \/>\nDa muss Schluss sein mit Euphemismus, wir brauchen dieses friedliche Gedenken als Ort und M\u00f6glichkeit, Emotionen zu kanalisieren, Frust zu verarbeiten und die Zust\u00e4ndigen anzuklagen. Wie k\u00f6nnen sie es noch mit ihrer Agenda vereinbaren, diese von einer linken Friede-Freude-Eierkuchen-Mentalit\u00e4t durchzogenen Leugner von Fakten, die nicht in ihre Denke passen m\u00f6gen, unterschwellig ein Schuldgef\u00fchl ausl\u00f6sen d\u00fcrften, auch wenn sie es nie eingestehen.<\/p>\n<p>&#8230; Alles vom 27.4.2026 von Dennis Riehle bitte lesen auf<br \/>\n<a href=\"https:\/\/philosophia-perennis.com\/2026\/04\/27\/dresdner-trauerwache-stilles-gedenken-an-mindestens-426-000-opfer\/\">https:\/\/philosophia-perennis.com\/2026\/04\/27\/dresdner-trauerwache-stilles-gedenken-an-mindestens-426-000-opfer\/<\/a><\/p>\n","protected":false},"excerpt":{"rendered":"<p>Es wurde still in Dresden, als Michael Kyrath, der Vater der in Brokstedt von einem Pal\u00e4stinenser mit 38 Messerstichen ermordeten 17-j\u00e4hrigen Ann-Marie, ans Mikrofon trat (1). Am 25.2.2023 wurde seine Tochter mit ihrem Freund im Zug erstochen. Und nun \u00fcber &hellip; <a href=\"https:\/\/www.freiburg-schwarzwald.de\/blog\/trauerwache-deutschland-in-dd\/\">Weiterlesen <span class=\"meta-nav\">&rarr;<\/span><\/a><\/p>\n","protected":false},"author":2,"featured_media":0,"comment_status":"open","ping_status":"closed","sticky":false,"template":"","format":"standard","meta":{"footnotes":""},"categories":[36,400,238,210,155,63,13,157],"tags":[27,837,485,732,421,823,622,405,463],"class_list":["post-148363","post","type-post","status-publish","format-standard","hentry","category-engagement","category-freiwillig","category-friedhoefe","category-gewalt","category-integration","category-krise","category-kultur","category-oeffentlicher-raum","tag-ausland","tag-erinnerung","tag-refugee","tag-gewalt","tag-islam","tag-messer","tag-migration","tag-polizei","tag-tod"],"_links":{"self":[{"href":"https:\/\/www.freiburg-schwarzwald.de\/blog\/wp-json\/wp\/v2\/posts\/148363","targetHints":{"allow":["GET"]}}],"collection":[{"href":"https:\/\/www.freiburg-schwarzwald.de\/blog\/wp-json\/wp\/v2\/posts"}],"about":[{"href":"https:\/\/www.freiburg-schwarzwald.de\/blog\/wp-json\/wp\/v2\/types\/post"}],"author":[{"embeddable":true,"href":"https:\/\/www.freiburg-schwarzwald.de\/blog\/wp-json\/wp\/v2\/users\/2"}],"replies":[{"embeddable":true,"href":"https:\/\/www.freiburg-schwarzwald.de\/blog\/wp-json\/wp\/v2\/comments?post=148363"}],"version-history":[{"count":5,"href":"https:\/\/www.freiburg-schwarzwald.de\/blog\/wp-json\/wp\/v2\/posts\/148363\/revisions"}],"predecessor-version":[{"id":148378,"href":"https:\/\/www.freiburg-schwarzwald.de\/blog\/wp-json\/wp\/v2\/posts\/148363\/revisions\/148378"}],"wp:attachment":[{"href":"https:\/\/www.freiburg-schwarzwald.de\/blog\/wp-json\/wp\/v2\/media?parent=148363"}],"wp:term":[{"taxonomy":"category","embeddable":true,"href":"https:\/\/www.freiburg-schwarzwald.de\/blog\/wp-json\/wp\/v2\/categories?post=148363"},{"taxonomy":"post_tag","embeddable":true,"href":"https:\/\/www.freiburg-schwarzwald.de\/blog\/wp-json\/wp\/v2\/tags?post=148363"}],"curies":[{"name":"wp","href":"https:\/\/api.w.org\/{rel}","templated":true}]}}