{"id":146652,"date":"2026-03-12T18:17:25","date_gmt":"2026-03-12T17:17:25","guid":{"rendered":"https:\/\/www.freiburg-schwarzwald.de\/blog\/?p=146652"},"modified":"2026-03-14T12:18:36","modified_gmt":"2026-03-14T11:18:36","slug":"jugend-gegen-wehrdienst","status":"publish","type":"post","link":"https:\/\/www.freiburg-schwarzwald.de\/blog\/jugend-gegen-wehrdienst\/","title":{"rendered":"Jugend gegen Wehrdienst"},"content":{"rendered":"<p>Sch\u00fclerproteste &#8222;gegen rechts&#8220; und &#8222;gegen &#8222;Erd\u00fcberhitzung durch CO2&#8220; sind gut. Proteste &#8222;gegen Kriegsdienst&#8220; und &#8222;gegen Wehrpflicht&#8220; sind pl\u00f6tzlich gar nicht gut, sondern b\u00f6se. Warum? Weil sie sich gegen die Politik von <a href=\"https:\/\/www.freiburg-schwarzwald.de\/blog\/vereine\/partei\/cduspdgruene\/\">CDUSPDGr\u00fcne<\/a> bzw. gegen <a href=\"https:\/\/www.freiburg-schwarzwald.de\/blog\/engagement\/zukunft\/demokratie\/gruen-links\/\">Links<\/a>&#8211;<a href=\"https:\/\/www.freiburg-schwarzwald.de\/blog\/kultur\/kulturverlust\/woke\/\">Woke<\/a> richten.<!--more--><br \/>\nPl\u00f6tzlich mahnen die <a href=\"https:\/\/www.freiburg-schwarzwald.de\/blog\/kultur\/medien\/mainstream\/\">Mainstreammedien<\/a> und zeigen sich ach so besorgt, da\u00df Kinder und Jugendliche w\u00e4hrend der Schulzeit doch gar nicht demonstrieren d\u00fcrfen. Und da\u00df sie von irgendwelchen <a href=\"https:\/\/www.freiburg-schwarzwald.de\/blog\/engagement\/zukunft\/demokratie\/opposition\/\">Oppositionsparteien<\/a> wohl <a href=\"https:\/\/www.freiburg-schwarzwald.de\/blog\/kultur\/medien\/instrumentalisierung\/\">instrumentalisiert<\/a> w\u00fcrden?<\/p>\n<p>Aber derlei <a href=\"https:\/\/www.freiburg-schwarzwald.de\/blog\/global\/deutschland\/moral2015\/doppelmoral\/\">Doppelmoral<\/a> bzw. <a href=\"https:\/\/www.freiburg-schwarzwald.de\/blog\/kultur\/kulturverlust\/zweierlei\/\">zweierlei Ma\u00dfst\u00e4be<\/a> durchschauen die <a href=\"https:\/\/www.freiburg-schwarzwald.de\/blog\/selbsthilfe\/jugend\/jugend-protest\/\">Jugendlichen<\/a> und skandieren frech \u201eFriedrich Merz an die Front\u201c bis hin zu &#8222;Friedrich Merz, leck meine Eier\u201c (3).<br \/>\n.<br \/>\nWorum geht es beim aktuellen Protest? Der neue <a href=\"https:\/\/www.freiburg-schwarzwald.de\/blog\/engagement\/zukunft\/demokratie\/wehrdienst\/\">Wehrdienst<\/a> ist zwar der offiziell <a href=\"https:\/\/www.freiburg-schwarzwald.de\/blog\/engagement\/freiwillig\/\">freiwillig<\/a>, beginnt jedoch mit einem Pflichtkern: Ab 2008 geborene J\u00fcnglinge m\u00fcssen einen Fragebogen ausf\u00fcllen. Aber ab Juli 2027 werden sie verpflichtend und in Stufen je nach Bedarf zur Musterung einbestellt. Und bei entsprechender Sicherheitslage wird der Bundestag die <a href=\"https:\/\/www.freiburg-schwarzwald.de\/blog\/engagement\/zukunft\/krieg\/bundeswehr\/\">Bedarfswehrpflicht<\/a> beschlie\u00dfen aktivieren &#8211; dann wird ggf. per Los <a href=\"https:\/\/www.freiburg-schwarzwald.de\/blog\/engagement\/zukunft\/krieg\/bundeswehr\/bundeswehr-jugend\/\">eingezogen<\/a>. Genau an dieser Form von &#8222;Freiwilligkeit&#8220; entz\u00fcnden sich die gegenw\u00e4rtigen Sch\u00fclerproteste.<\/p>\n<p>Die Jugend regt sich weniger \u00fcber die Ma\u00dfst\u00e4be auf als \u00fcber die <a href=\"https:\/\/www.freiburg-schwarzwald.de\/blog\/doppelte-standards-bei-demos\/\">doppelten<\/a> Ma\u00dfst\u00e4be. Und derlei doppelte Standards werden bei Linken und Gr\u00fcnen zu gerne praktiziert: So galt das <a href=\"https:\/\/www.freiburg-schwarzwald.de\/blog\/global\/globalisierung\/voelkerrecht\/\">V\u00f6lkerrecht<\/a> im Jugoslawienkrieg nicht &#8211; Joschka Fischer (Gr\u00fcne) war \u00fcberraschend begeistert und begr\u00fc\u00dfte die Bombardierung im Balkan. Jetzt im Iran ist es pl\u00f6tzlich wieder umgekehrt: Das V\u00f6lkerrecht gilt nun f\u00fcr das terroristische <a href=\"https:\/\/www.freiburg-schwarzwald.de\/blog\/global\/iran\/iran2026\/\">Mullah-Regime<\/a>.<\/p>\n<p>Die junge Generation ist zum Gl\u00fcck eher <a href=\"https:\/\/www.freiburg-schwarzwald.de\/blog\/engagement\/zukunft\/frieden\/pazifismus\/\">pazifistisch<\/a> erzogen worden &#8211; gerade deshalb sind die Sch\u00fclerproteste gegen die Wehrpflicht so verst\u00e4ndlich, auch weil ihre Fragen zumeist unbeantwortet bleiben. Fragen wie:<br \/>\n<em>I. &#8222;Was sollen wir verteidigen&#8220;?<\/em> Eine Freiheitlich-Demokratische Grundordnung (<a href=\"https:\/\/www.freiburg-schwarzwald.de\/blog\/engagement\/zukunft\/demokratie\/verfassung\/fdgo\/\">FDGO<\/a>), die sich kaum noch halten kann gegen\u00fcber dem <a href=\"https:\/\/www.freiburg-schwarzwald.de\/blog\/engagement\/zukunft\/selbsthass\/\">Selbsthass<\/a> der Linken auf alles Eigene bzw. Deutsche.<br \/>\n<em>II. &#8222;Gegen wen sollen wir uns verteidigen&#8220;?<\/em> Gegen den Feind im <a href=\"https:\/\/www.freiburg-schwarzwald.de\/blog\/global\/deutschland\/ostpolitik\/\">Osten<\/a>: &#8222;Die Russen wollen nach Berlin&#8220; (Kiesewetter).<br \/>\n<em>III. &#8222;Wozu sollen wir k\u00e4mpfen?&#8220;<\/em> Weil &#8222;Russland ruinieren&#8220; (Baerbock) das Ziel ist?<br \/>\nUm den sich in der <a href=\"https:\/\/www.freiburg-schwarzwald.de\/blog\/business\/industrie\/deindustrialisierung\/\">Deindustrialisierung<\/a> manifestierenden wirtschaftlichen <a href=\"https:\/\/www.freiburg-schwarzwald.de\/blog\/business\/volkswirtschaft\/niedergang\/\">Niedergang<\/a> durch eine Umstellung auf die <a href=\"https:\/\/www.freiburg-schwarzwald.de\/blog\/engagement\/zukunft\/krieg\/kriegswirtschaft\/\">Kriegswirtschaft<\/a> zu beheben? Nein, da Kriegswirtschaft letztendendes keine <a href=\"https:\/\/www.freiburg-schwarzwald.de\/blog\/engagement\/zukunft\/investition\/\">Investition<\/a> (die in Zukunft wirkt) darstellt, sondern <a href=\"https:\/\/www.freiburg-schwarzwald.de\/blog\/engagement\/verbraucher\/konsum\/\">Konsum<\/a> (der verpufft bzw. verbraucht ist).<\/p>\n<p>Thorsten Hinz zitiert einen Kommentar aus DIE WELT, der auf die Sch\u00fclerfragen zur Bundeswehr ggf. \u00fcberspitzt, aber konkret eingeht: &#8222;Michael, Ulf und Hannes k\u00e4mpfen an der Ostfront oder sonstwo fu\u0308r \u201eUnsere Demokratie\u201c, w\u00e4hrend ihre schutzlos zu Hause gelassenen Frauen, Freundinnen und T\u00f6chter sich im Freibad von Ali, Karim und Omar unfreiwillig bespa\u00dfen lassen mu\u0308ssen. &#8230;.Die Eltern von <a href=\"https:\/\/www.freiburg-schwarzwald.de\/blog\/engagement\/zukunft\/krieg\/wehrhaftigkeit\/\">Michael, Ulf und Hannes<\/a> werden aus ihren kommunalen Wohnungen gewiesen, um Platz zu schaffen fu\u0308r Flu\u0308chtlinge aus den Kriegsgebieten, in denen ihre S\u00f6hne gerade t\u00e4tig sind. Und falls Michael, Ulf und Hannes den Heldentod sterben, k\u00f6nnen <a href=\"https:\/\/www.freiburg-schwarzwald.de\/blog\/engagement\/zukunft\/krieg\/wehrhaftigkeit\/\">Ali, Omar und Karim<\/a> in ihre Position einru\u0308cken. Das w\u00e4re der Stoff fu\u0308r eine Neufassung der Euripides-Trag\u00f6die \u201aDie Troerinnen\u2018, die mit der Verlosung der trojanischen Kriegswitwen unter den griechischen Siegern beginnt.\u201c Mehr dazu <a href=\"https:\/\/www.freiburg-schwarzwald.de\/blog\/engagement\/zukunft\/krieg\/wehrhaftigkeit\/\">hier<\/a>.<\/p>\n<p>Man kann nicht die Erziehung unter dem guten Motto &#8222;<a href=\"https:\/\/www.freiburg-schwarzwald.de\/blog\/die-friedensbewegung-schweigt\/\">Schwerter zu Pflugscharen<\/a>&#8220; ausrichten und dieses Motto dann pl\u00f6tzlich zu &#8222;Pflugscharen zu Schwertern&#8220; umdrehen, nur weil von Berlin ein <a href=\"https:\/\/www.freiburg-schwarzwald.de\/blog\/engagement\/zukunft\/demokratie\/verfassung\/staatsfeinde\/\">\u00e4u\u00dferer Feind<\/a> als Bedrohung aufgebaut worden ist, damit so bequem vom innenpolitischen <a href=\"https:\/\/www.freiburg-schwarzwald.de\/blog\/engagement\/zukunft\/demokratie\/staatsversagen\/\">Versagen<\/a> der woken Gr\u00fcn-Links-Schwarz Regierenden <a href=\"https:\/\/www.freiburg-schwarzwald.de\/blog\/kultur\/medien\/gesinnungsdiktatur\/ablenkung\/\">abgelenkt<\/a> werden kann .<br \/>\n.<br \/>\nImmer mehr Sch\u00fcler bekommen die grassierende <a href=\"https:\/\/www.freiburg-schwarzwald.de\/blog\/global\/deutschland\/moral2015\/doppelmoral\/\">Doppelmoral<\/a> zu sp\u00fcren, mit denen der Staat ihren <a href=\"https:\/\/www.freiburg-schwarzwald.de\/blog\/kultur\/medien\/meinungsfreiheit\/meinungszensur\/\">Meinungs\u00e4u\u00dferungen<\/a> begegnet:<br \/>\na) Wer zur <a href=\"https:\/\/www.freiburg-schwarzwald.de\/blog\/business\/gesund\/corona-virus\/corona-grundrechte\/\">Coronazeit<\/a> 2022 gegen die Maskenpflicht aufbegehrte, bekam es mit der Polizei zu tun.<br \/>\nb) Wer 2024 <a href=\"https:\/\/www.freiburg-schwarzwald.de\/blog\/natur\/klima\/fridaysforfuture\/\">freitags<\/a> gegen den <a href=\"https:\/\/www.freiburg-schwarzwald.de\/blog\/natur\/klima\/co2\/co2-klimaluege\/\">CO2-Aussto\u00df<\/a> als vermeintliche &#8218;Klimakiller&#8216; demonstrierte, wurde seitens Lehrern wie Schulleitungen dazu oftmals geradezu animiert.<br \/>\nc) Wer heute gegen Pistorius&#8216; <a href=\"https:\/\/www.freiburg-schwarzwald.de\/blog\/engagement\/zukunft\/krieg\/kriegstuechtig\/\">Kriegst\u00fcchtigkeit<\/a> und Wehrdienstregelungen auf die Stra\u00dfe geht, erh\u00e4lt vom Ordnungsamt ein Verwarngeld von 20 Euro (5).<\/p>\n<p>Man stelle sich das vor: Das Demonstrationsrecht ist wie die Meinungsfreiheit ein Recht, das jedem B\u00fcrger im Grundgesetz verbrieft ist und das sich ausdr\u00fccklich gegen eine eventuelle \u00dcbergriffigkeit des Staates richtet. Und nun bekommen Jugendliche, die vielleicht das erste mal in ihrem Leben auf eine &#8211; angeblich falsche &#8211; Demo gehen, daf\u00fcr einen Strafzettel. Ob 20 Euro oder 1 Euro ist egal &#8211; es ist ein Skandal. Denn damit signalisiert der Staat den jungen Menschen, da\u00df das Grundrecht in ihrem Fall \u00fcberhaupt nicht gilt. Denn gegen die neue Wehrdienstregelung darf man nicht demonstrieren. Die beh\u00f6rdliche Ausrede &#8222;W\u00e4hrend der Schul- bzw. Unterrichtszeit&#8220; wird von den Sch\u00fclern nicht akzeptiert, da sie f\u00fcr Klima und <a href=\"https:\/\/www.freiburg-schwarzwald.de\/blog\/natur\/klima\/fridaysforfuture\/\">Fridays For Future<\/a> ja demonstrieren konnten. Im Gegenteil: zahlreiche Sch\u00fcler, mit denen ich sprach, f\u00fchlen sich durch dieses zweierlei Ma\u00df wie sie sagen nicht f\u00fcr voll genommen bzw. kurz &#8222;verarscht&#8220;.<br \/>\n.<br \/>\nWas bewirken die 20 Euro Strafzahlung?<br \/>\nI. Das <a href=\"https:\/\/www.freiburg-schwarzwald.de\/blog\/engagement\/zukunft\/demokratie\/democracy-first\/\">Demokratieverst\u00e4ndnis<\/a> der jungen Menschen wird zerst\u00f6rt &#8211; zweierlei Ma\u00df.<br \/>\nII. <a href=\"https:\/\/www.freiburg-schwarzwald.de\/blog\/engagement\/zukunft\/demokratie\/rechts\/rechtsruck\/\">Rechtsruck<\/a> der Jugend &#8211; Opposition gegen linke Machpolitik.<br \/>\n.<br \/>\nUnd zudem: &#8222;Wo ist die \u201eHaltung\u201c der Schulen? Der Lehrer? Der Direktoren? Wo hei\u00dft es: \u201eNein zur Kriegst\u00fcchtigkeit!\u201c?&#8220; &#8211; fragt Marcus Kl\u00f6ckner in den Nachdenkseiten (6).<br \/>\n.<br \/>\nUnsere Sch\u00fcler brauchen kein <a href=\"https:\/\/www.freiburg-schwarzwald.de\/blog\/engagement\/zukunft\/demokratie\/nudging\/\">Nudging<\/a> und keine (Um-)Erziehungsprogramme wie &#8222;<a href=\"https:\/\/www.freiburg-schwarzwald.de\/blog\/engagement\/zukunft\/demokratie\/demokratiefoerderung\/demokratie-leben\/\">Demokratie leben<\/a>!&#8220; oder &#8222;<a href=\"https:\/\/www.freiburg-schwarzwald.de\/blog\/engagement\/zukunft\/demokratie\/unseredemokratie\/\">UnsereDemokratie<\/a>&#8222;. Sie verf\u00fcgen \u00fcber gen\u00fcgend eigenen Grips und eine gute Portion <a href=\"https:\/\/www.freiburg-schwarzwald.de\/blog\/kultur\/commons\/menschenverstand\/\">gesunden Menschenverstand<\/a>., die den meisten Erwachsenen bei Staat, Medien, <a href=\"https:\/\/www.freiburg-schwarzwald.de\/blog\/vereine\/ngo\/ngo-komplex\/\">NGOs<\/a> und Politik anscheinend abhanden gekommen ist.<br \/>\n12.3.2026<br \/>\nDieser Beitrag wurde ohne KI erstellt.<br \/>\n.<br \/>\nEnde von Beitrag &#8222;Jugend gegen Wehrdienst&#8220;<br \/>\n==============================================================<br \/>\nBeginn von Anlagen (1) &#8211; (8)<br \/>\n.<br \/>\n.<br \/>\n<strong>(1) Jugendprotest verst\u00f6rt das offizielle Berlin \u2013 statt wegen Klima diesmal gegen Wehrpflicht<\/strong><br \/>\n&#8230;<br \/>\nGute Demos, schlechte Demos<br \/>\nBei <a href=\"https:\/\/www.freiburg-schwarzwald.de\/blog\/natur\/klima\/fridaysforfuture\/\">Fridays for Future<\/a> \u00fcberschlugen sich Politik und Medien vor Begeisterung. Der Schulstreik war pl\u00f6tzlich kein Schw\u00e4nzen mehr, sondern \u201eEngagement\u201c. Protagonisten wurden hofiert, herumgereicht, Talkshow-T\u00fcren standen offen, Preisverleihungen winkten, Minister \u00fcberschlugen sich und lobten das \u201ewichtige Signal\u201c. Schulen und Lehrer f\u00f6rderten das Engagement oder standen selbst mit ihren Sch\u00fclern in der ersten Reihe und winkte mit den Fahnen, damit sie in 68er-Feelings zusammen mit der Jugend die Welt retten.<\/p>\n<p>Und jetzt das. Dieselbe Methode, dieselbe Altersgruppe, dasselbe Milieu. Nur das Thema ist aus politmedialer Sicht das falsche. Statt Klima geht es um Wehrdienst, Musterung, am Ende um die Frage, ob der Staat sich wieder Zugriff auf Jahrg\u00e4nge organisiert. Da setzt sofort das andere Drehbuch ein: Schulpflicht, Konsequenzen, Sanktionen, Warnungen. Die Berliner Zeitung brachte es auf den Punkt: \u201eF\u00fcrs Klima gerne, aber bitte nicht gegen den Wehrdienst\u201c, verbunden mit dem Hinweis, dass in Medien vor dem \u201eVerletzen der Schulpflicht\u201c gewarnt werde. Genau dort liegt der Nerv.<br \/>\n&#8230;<br \/>\nZwischen Antifa- und Regenbogen-Fahnen und selbstgebastelten \u201eDas ist Berlin, nicht Panem\u201c-Plakaten skandieren Jugendliche wie auch \u00e4ltere begleitende Demonstranten ein \u201eFriedrich Merz, leck meine Eier\u201c \u2013 obwohl die Polizei das doch eben noch untersagt hatte. Was diese U16-Jugendlichen wohl anstimmen werden, wenn\u2019s an Social Media Verbot gehen wird? Man darf gespannt sein.<br \/>\n6.3.2026 auf <a href=\"https:\/\/www.freiburg-schwarzwald.de\/blog\/natur\/klima\/fridaysforfuture\/\">https:\/\/www.tichyseinblick.de\/daili-es-sentials\/jugendprotest-gegen-wehrpflicht-in-berlin<\/a><br \/>\n.<br \/>\n.<br \/>\n<strong>(2) Zehntausende protestieren gegen neuen Wehrdienst<\/strong><br \/>\n<strong>Schulstreik gegen die Bundeswehr<\/strong><br \/>\nIn mehr als 130 St\u00e4dten demonstrieren Sch\u00fclerinnen und Sch\u00fcler gegen den neuen Wehrdienst. Sie bef\u00fcrchten, dass bald die Wehrpflicht folgt.<br \/>\n&#8230;<br \/>\nDen gr\u00f6\u00dften Demonstrationszug gab es in Berlin. Hier versammelten sich junge Leute am Potsdamer Platz und liefen zum Oranienplatz in Kreuzberg. Die Polizei z\u00e4hlte rund 3.000 Teilnehmer. Die Veranstalter sprachen von rund 10.000. Auf Transparenten und Plakaten im Berliner Demonstrationszug stand etwa: \u201eSterben steht nicht auf dem Stundenplan\u201c, \u201eFriedrich Merz an die Front\u201c und \u201eEin kluger Kopf passt unter keinen Stahlhelm\u201c. In Sprechch\u00f6ren riefen die Jugendlichen: \u201eNie, nie, nie wieder Wehrpflicht\u201c und \u201eDie Reichen wollen Krieg, die Jugend eine Zukunft\u201c.<br \/>\n&#8230; Alles vom 5.3.20256 bitte lesen auf<br \/>\n<a href=\"https:\/\/taz.de\/Schulstreik-gegen-die-Bundeswehr\/!6160368\/\">https:\/\/taz.de\/Schulstreik-gegen-die-Bundeswehr\/!6160368\/<\/a><br \/>\n.<\/p>\n<p><strong>(3) \u201eMerz leck Eier\u201c \u2013 Polizei ermittelt gegen 18-J\u00e4hrigen wegen Demo-Plakat<\/strong><br \/>\n&#8230;<br \/>\nach einer Sch\u00fcler-Demonstration gegen den neuen Wehrdienst in Berlin ermittelt die Polizei gegen einen jungen Mann wegen des Verdachts der Verleumdung von Bundeskanzler Friedrich Merz (CDU).<br \/>\nDer 18-j\u00e4hrige Beschuldigte trug am Donnerstagmittag w\u00e4hrend der Demonstration ein Plakat mit der Aufschrift: \u201eMerz leck Eier\u201c. Die Polizei beschlagnahmte das Plakat und leitete Ermittlungen wegen des Anfangsverdachts der \u201e\u00fcblen Nachrede und Verleumdung gegen Personen des politischen Lebens\u201c ein, wie ein Polizeisprecher sagte.<br \/>\n&#8230; Alles vom 6.3.2026 bitte lesen auf<br \/>\n<a href=\"https:\/\/www.welt.de\/politik\/deutschland\/article69aab456b9534a9bd25d813d\/schueler-streik-merz-leck-eier-polizei-ermittelt-gegen-18-jaehrigen-wegen-demo-plakat.html\">https:\/\/www.welt.de\/politik\/deutschland\/article69aab456b9534a9bd25d813d\/schueler-streik-merz-leck-eier-polizei-ermittelt-gegen-18-jaehrigen-wegen-demo-plakat.html<\/a><br \/>\n.<\/p>\n<p><strong>(4) Schulstreik gegen Wehrpflicht<\/strong><br \/>\n&#8230;<br \/>\nAm 05.12. sagte Verteidigungsminister Boris Pistorius (SPD), die Schulstreiks gegen die Wehrpflicht seien gro\u00dfartig \u2013 sie zeigen, was man in diesem Land alles machen k\u00f6nne. Gleichzeitigt behauptet die Bundeswehr, sie k\u00e4mpfe auch daf\u00fcr, dass man auch gegen sie sein k\u00f6nne. Dass das L\u00fcgen sind, zeigte sich am vergangenen Donnerstag am 05.03. mit Attestpflicht, Einsperrungen in Schulen und Verhaftungen.<br \/>\n&#8230; Alles vom 6.3.2026 bitte lesen auf<br \/>\n<a href=\"https:\/\/schulstreikgegenwehrpflicht.com\/how-to-schulstreik\">https:\/\/schulstreikgegenwehrpflicht.com\/how-to-schulstreik<\/a><\/p>\n<p><a href=\"https:\/\/www.instagram.com\/schulstreikgegenwehrpflicht_fr\">https:\/\/www.instagram.com\/schulstreikgegenwehrpflicht_fr<\/a><br \/>\n.<br \/>\n.<\/p>\n<p><strong>(5) &#8222;Schulstreik gegen Wehrpflicht&#8220;: Sch\u00fcler m\u00fcssen 20 Euro Verwarngeld zahlen, weil sie nicht im Unterricht waren<\/strong><br \/>\nDer erste &#8222;Schulstreik gegen Wehrpflicht&#8220; in Stuttgart ist schon fast zwei Monate her, als der 16-j\u00e4hrige Marco einen Brief von der Bu\u00dfgeldstelle der Stadt Stuttgart bekommt. &#8222;Verwarnung mit Verwarnungsgeld&#8220; steht im Betreff, er soll innerhalb einer Woche 20 Euro an das Ordnungsamt zahlen. Der Grund: Vers\u00e4umnis des Unterrichts. Marco hatte zuvor am 5. Dezember unentschuldigt in der Schule gefehlt, er war damals auf dem Schulstreik gewesen. Insgesamt erhalten mindestens sieben Mitsch\u00fcler und Mitsch\u00fclerinnen Post vom Ordnungsamt, berichtet Marco.<br \/>\nJetzt k\u00f6nnte ihnen ein weiteres Verwarnungsgeld drohen: Vor wenigen Tagen, am Donnerstag, haben einige von ihnen beim zweiten &#8222;Schulstreik gegen Wehrpflicht&#8220; erneut im Unterricht gefehlt https:\/\/www.swr.de\/swraktuell\/baden-wuerttemberg\/schulstreik-gegen-wehrpflicht-und-neues-wehrdienst-gesetz-100.html , sagt Marco &#8211; trotz der Ank\u00fcndigung von &#8222;massiven Konsequenzen&#8220; bei einem Wiederholungsfall.<br \/>\n&#8230;<br \/>\nBildungsverband unterst\u00fctzt Vorgehen der Schule<br \/>\n&#8222;Das war ein Schw\u00e4nzen mit Ansage, das ist dann eine andere Hausnummer&#8220;, sagt Gerhard Brand, Landesvorsitzender des Verbands Bildung und Erziehung (VBE). Er begr\u00fc\u00dft es, wenn junge Menschen sich f\u00fcr ihre politischen \u00dcberzeugungen einsetzen: &#8222;Doch wenn sie dabei die Schulpflicht verletzen, m\u00fcssen sie auch mit Sanktionen rechnen.&#8220; F\u00fcr die Schulen bedeute der Schulstreik zudem eine zus\u00e4tzliche Belastung, etwa wenn Klassenarbeiten f\u00fcr fehlende Sch\u00fcler und Sch\u00fclerinnen nachgeholt werden m\u00fcssten<br \/>\n&#8230; Alles vom 10.3.2026 von Alban L\u00f6ffler bitte lesen auf<br \/>\n<a href=\"https:\/\/www.swr.de\/swraktuell\/baden-wuerttemberg\/verwarngelder-wegen-schulstreik-gegen-wehrpflicht-schueler-100.html\">https:\/\/www.swr.de\/swraktuell\/baden-wuerttemberg\/verwarngelder-wegen-schulstreik-gegen-wehrpflicht-schueler-100.html<\/a><br \/>\n.<br \/>\n.<br \/>\n<strong>(6) Demos gegen Wehrpflicht: 20 Euro Verwarngeld gegen Sch\u00fcler in Stuttgart \u2013 Wo ist das R\u00fcckgrat der Schulen?<\/strong><br \/>\n&#8230;.<br \/>\nVielleicht ist es in den Schulen noch nicht angekommen: Deutschland soll \u201ekriegst\u00fcchtig\u201c <a href=\"https:\/\/www.nachdenkseiten.de\/?p=127039\">https:\/\/www.nachdenkseiten.de\/?p=127039<\/a> werden. Es war im Herbst 2023, als Boris Pistorius sagte <a href=\"https:\/\/www.youtube.com\/shorts\/oynzkqbz-bE\">https:\/\/www.youtube.com\/shorts\/oynzkqbz-bE<\/a> : \u201eWir m\u00fcssen uns wieder an den Gedanken gew\u00f6hnen, dass die Gefahr eines Krieges in Europa drohen k\u00f6nnte, und das hei\u00dft, wir m\u00fcssen kriegst\u00fcchtig werden \u2013 wir m\u00fcssen wehrhaft sein und die Bundeswehr und die Gesellschaft daf\u00fcr aufstellen.\u201c<br \/>\nSeitdem geht das Wort \u201ekriegst\u00fcchtig\u201c in den Medien hoch und runter. Dass Lehrer und Schulleitungen von diesem politischen Unterfangen nichts mitbekommen haben, kann ausgeschlossen werden. Die begr\u00fcndete Annahme lautet: Das Lehrpersonal wei\u00df Bescheid. Im Hinblick auf das Wohl der Sch\u00fcler m\u00fcssten die Schulen in Alarmbereitschaft sein. Denn die Hand des Staates greift <a href=\"https:\/\/www.nachdenkseiten.de\/?p=122133\">https:\/\/www.nachdenkseiten.de\/?p=122133<\/a> im Zuge der angestrebten Kriegst\u00fcchtigkeit <a href=\"https:\/\/www.nachdenkseiten.de\/?p=136945\">https:\/\/www.nachdenkseiten.de\/?p=136945<\/a> nach jungen Staatsb\u00fcrgern. Stichwort: Neuer Wehrdienst! L\u00e4ngst reden Politiker ganz offen von der \u201eOstfront\u201c und von der Bereitschaft Deutschlands, sich in einem Krieg gegen Russland zu \u201everteidigen\u201c.<br \/>\nSchulen sind der Ort, wo Geschichte gelehrt wird. Lehrer wissen von der furchtbaren Vernichtungskraft, die sich im Krieg entfaltet. Sie wissen, dass Kriege von Propaganda durchtr\u00e4nkt sind und Politiker bereits in Vorkriegszeiten Feindbildaufbau betreiben. Lehrer wissen, was mit jungen Soldaten in Deutschland in 2 Weltkriegen passiert ist. Sie wissen, ja, sie m\u00fcssen wissen, dass Kriege nicht vom Himmel fallen, sondern dass Politiker daf\u00fcr verantwortlich sind.<br \/>\nIn unserer Zeit ist das Wort \u201eHaltung\u201c schnell zur Stelle. Wo ist die \u201eHaltung\u201c der Schulen? Der Lehrer? Der Direktoren?<br \/>\nWo hei\u00dft es: \u201eNein zur Kriegst\u00fcchtigkeit!\u201c?<br \/>\n&#8230;<br \/>\nDas Eschbach-Gymnasium hat ein Leitbild <a href=\"https:\/\/www.eschbach-gymnasium.de\/unser-leitbild\/\">https:\/\/www.eschbach-gymnasium.de\/unser-leitbild\/<\/a>. \u201eWir unterst\u00fctzen unsere Sch\u00fclerinnen und Sch\u00fcler bei ihrer fachlichen, pers\u00f6nlichen und sozialen Entwicklung auch im Hinblick auf ihre Zukunft\u201c, ist auf der Internetseite der Schule zu lesen. Und weiter hei\u00dft es: \u201eWir st\u00e4rken ihnen den R\u00fccken, ohne Druck zu machen, und nehmen uns Zeit f\u00fcr Gespr\u00e4che.\u201c<br \/>\nGut, so soll das sein. Nur: Wenn ein Land kriegst\u00fcchtig werden und 18-J\u00e4hrige f\u00fcr den \u201eDienst an der Waffe\u201c begeistern will, dann sieht es im Hinblick auf die Zukunft der Sch\u00fcler d\u00fcster aus.<br \/>\nDie furchtbaren Zwangsrekrutierungen in der Ukraine, teils unter dem Einsatz enormer k\u00f6rperlicher Gewalt, lassen erahnen, was in kriegsf\u00fchrenden L\u00e4ndern passiert.<br \/>\nWas ist nur mit den Schulen in Deutschland los? Ist es zu viel vom Eschbach-Gymnasium verlangt, mit klarer Kante f\u00fcr das Anliegen der Sch\u00fcler einzustehen? Lassen sich hier denn nicht mit Verstand und gutem Willen vern\u00fcnftige L\u00f6sungen finden, die sich im rechtlichen Rahmen bewegen, aber dennoch nicht dem Protest seine Spitze nehmen? Ist es wirklich zu viel von Lehrern und Rektoren verlangt, in aller Deutlichkeit gegen Kriegst\u00fcchtigkeit und Feindbildaufbau ihre Stimme zu erheben? Das kann und darf nicht zu viel verlangt sein. Wenn Schulen damit aber \u00fcberfordert sind, dann sollten sie besser nicht f\u00fcr sich die Pflicht beanspruchen, junge Menschen zu politisch m\u00fcndigen Staatsb\u00fcrgern erziehen zu wollen.<br \/>\n&#8230; Alles vom 13.3.2026 von Marcus Kl\u00f6ckner bitte lesen auf<br \/>\n<a href=\"https:\/\/www.nachdenkseiten.de\/?p=147606\">https:\/\/www.nachdenkseiten.de\/?p=147606<\/a><br \/>\n.<br \/>\n.<br \/>\n<strong>(7) Sch\u00fclern droht Ordnungsgeld \u2013 wegen Schulstreik gegen Wehrpflicht<\/strong><br \/>\n<strong>Bei Kriegst\u00fcchtigkeit anders als bei FridaysForFuture<\/strong><br \/>\nZweierlei Ma\u00df ist in Deutschland mittlerweile Usus. Die Errungenschaft des \u201eVor dem Gesetz sind alle gleich\u201c ist moralischen Kriterien von Wenigen gewichen. Das bekommen jetzt auch Sch\u00fcler zu sp\u00fcren. Vor kurzem wurden sie noch wegen ihrer Teilnahme an Klimademos w\u00e4hrend der Unterrichtszeit belobigt, jetzt werden sie, wenn sie gegen die Wehrpflicht protestieren, bestraft.<br \/>\nIm Deutschland der \u201eUnsereDemokratie\u201c wird mit zweierlei Ma\u00df gemessen. Vergewaltigungen, Messermorde und Totschlag sind, vor allem, wenn sie die Richtigen begangen haben, nicht so schlimm und werden halbherzig verfolgt und bestraft. Textnachrichten mit nur der leisesten Kritik an der Regierung oder NGOs aber nicht. Linke Terroristen k\u00f6nnen kritische Infrastruktur zerst\u00f6ren und k\u00f6nnen nicht ausfindig gemacht werden. Andere werden wegen Albernheiten von einem Heer von Mitarbeitern des Verfassungsschutzes \u00fcberwacht und sitzen jahrelang in Untersuchungshaft.<br \/>\nDiese staatliche Unwucht bekommen jetzt auch Sch\u00fcler zu sp\u00fcren. Sie, die es gewohnt waren, w\u00e4hrend der Schulzeit gegen das \u201eKlima\u201c demonstrieren zu k\u00f6nnen, werden jetzt, da es tats\u00e4chlich um ihr Leben geht, verfolgt und bestraft, wenn es gegen die Wehrpflicht geht.<br \/>\n&#8230;<br \/>\nZur Erinnerung: Noch vor kurzem (Coronazeit 2020-22) wurden Sch\u00fcler ausdr\u00fccklich gelobt, wenn sie w\u00e4hrend der Unterrichtszeit f\u00fcr Fridays for Future demonstrierten. Oft sogar mit Beteiligung, wenn nicht sogar auf Aufforderung von Lehrern. Allerdings wurde da f\u00fcr das Gute an sich demonstriert. Gegen den Klimawandel.<\/p>\n<p>Der Soziologe Stefan K\u00fchl argumentierte damals im Deutschlandfunk, dass der Erfolg der Fridays-for-Future-Proteste wesentlich auf einem bewussten Regelversto\u00df beruhen w\u00fcrde. Gerade die Tatsache, dass Sch\u00fcler w\u00e4hrend des Unterrichts demonstrieren, also der Regelbruch, w\u00fcrde \u00f6ffentliche Aufmerksamkeit erzeugen und verst\u00e4rken.<br \/>\nDie offene Missachtung der Schulpflicht w\u00fcrde organisatorische Unruhe erzeugen, weil sie die formale Ordnung der Schule infrage stellt. Organisationen w\u00fcrden sensibel auf Regelverweigerung reagieren. Der Soziologe Niklas Luhmann wird mit der These zitiert, dass jemand, der \u201eeiner Vorschrift aus Prinzip die Anerkennung verweigert\u201c, nicht nur gegen diese einzelne Vorschrift rebelliert, sondern gegen alle formalen Erwartungen der Organisation.<br \/>\nLaut K\u00fchl w\u00e4re es eine kluge Politik der Kultusministerien, keine strengen zentralen Ma\u00dfnahmen gegen streikende Sch\u00fcler vorzuschreiben, sondern den Schulen die Entscheidung zu \u00fcberlassen. Viele Schulen w\u00e4hlen eine Strategie, die die Schulpflicht formal aufrechterh\u00e4lt, Verst\u00f6\u00dfe aber faktisch duldet. Fehlstunden w\u00fcrden zwar nicht offiziell erlaubt, jedoch stillschweigend toleriert, durch Klimaschutzdiskussionen kompensiert oder durch Verwarnungen ohne reale Konsequenzen begleitet.<br \/>\nStrenge Repression h\u00e4tte jedoch den gegenteiligen Effekt. Harte Bestrafungen wirken wie eine \u201epermanente Beatmungsma\u00dfnahme\u201c f\u00fcr Protestbewegungen. Politiker oder Schulleiter, die konsequente Strafen fordern oder alle rechtlichen Mittel zur Durchsetzung der Schulpflicht aussch\u00f6pfen, w\u00fcrden daher zum anhaltenden Erfolg der Bewegung beitragen. Aus dieser Logik folgt die zugespitzte Schlussfolgerung: F\u00fcr die protestierenden Sch\u00fcler w\u00e4re es sogar vorteilhaft, wenn erste Sch\u00fcler von der Schule verwiesen, Eltern mit Bu\u00dfgeldern belegt oder Politiker \u00fcber Beugehaft gegen Sch\u00fcler oder Eltern zur Durchsetzung der Schulpflicht diskutieren.<br \/>\n.<br \/>\nFolgt man dieser, fest im romantisch-linken Denken verwurzelten Argumentation mit ihren Zirkelschl\u00fcssen, wollte der Staat damals den Klimademonstranten den Wind aus den Segeln nehmen. Er hat die Demonstration ja gebilligt und gutgehei\u00dfen. Verst\u00f6\u00dfe wurden deshalb toleriert und niemand bestraft. Laut K\u00fchn wurde die Klimabewegung so geschw\u00e4cht.<br \/>\nJetzt scheint der Staat aber, folgt man K\u00fchn, sein eigenes Ziel bei der F\u00f6rderung der neuen Wehrhaftigkeit unterminieren zu wollen, indem er alle rechtlichen Mittel zur Durchsetzung der Schulpflicht aussch\u00f6pft und Verst\u00f6\u00dfe streng ahndet, um so die Bewegung gegen die Wehrpflicht zu st\u00e4rken.<br \/>\nSollte das die Erkl\u00e4rung f\u00fcr das nicht ganz einheitliche Handeln des Staates sein?<br \/>\n&#8230; Alles vom 13.3.2026 von Thomas Punzmann bitte lesen auf<br \/>\n<a href=\"https:\/\/www.tichyseinblick.de\/meinungen\/schulstreiks-auch-hier-zweierlei-mass\/\">https:\/\/www.tichyseinblick.de\/meinungen\/schulstreiks-auch-hier-zweierlei-mass\/<\/a><br \/>\n.<br \/>\n.<br \/>\n<strong>(8) \u201eUnsereDemokratie&#8220;: Immer h\u00e4ufiger mit zweierlei Ma\u00df gemessen<\/strong><br \/>\nIm Deutschland der \u201eUnsereDemokratie\u201c wird immer h\u00e4ufiger mit zweierlei Ma\u00df gemessen. Vergewaltigungen, Messermorde und Totschlag werden, vor allem, wenn sie von bestimmten Personen begangen wurden, halbherzig verfolgt und bestraft. Textnachrichten mit nur der leisesten Kritik an der Regierung dagegen mit voller H\u00e4rte von Polizeibesuch \u00fcber Hausdurchsuchungen bis hin zu Strafanzeigen.<br \/>\nLinke Terroristen k\u00f6nnen kritische Infrastruktur zerst\u00f6ren und werden nicht ausfindig gemacht, trotz Bekennerschreiben. Andere werden wegen Albernheiten von einem Heer von Mitarbeitern des Verfassungsschutzes \u00fcberwacht und sitzen jahrelang in Untersuchungshaft.<br \/>\nDiese staatliche Unwucht bekommen jetzt auch Sch\u00fcler zu sp\u00fcren. Sie, die es gewohnt waren, w\u00e4hrend der Schulzeit \u201egegen das Klima\u201c demonstrieren zu d\u00fcrfen, werden jetzt, da es tats\u00e4chlich um ihr Leben geht, verfolgt und bestraft: wenn es gegen die Wehrpflicht geht.<br \/>\nAn einem Gymnasium in Stuttgart haben Sch\u00fcler beim sogenannten \u201eSchulstreik gegen Wehrpflicht\u201c den Unterricht verlassen, um gegen das neue Wehrdienstgesetz zu protestieren. Die Antwort des Staates fiel anders aus, als die Sch\u00fcler das von den Klima-Demonstrationen gew\u00f6hnt waren: Es gab ein Verwarnungsgeld in H\u00f6he von 20 Euro wegen unentschuldigten Fehlens.<br \/>\n&#8230;<br \/>\nZur Erinnerung: Noch vor kurzem wurden Sch\u00fcler ausdr\u00fccklich gelobt, wenn sie w\u00e4hrend der Unterrichtszeit f\u00fcr Fridays for Future demonstrierten. Oft sogar mit Beteiligung, wenn nicht sogar auf Aufforderung von Lehrern. Allerdings wurde da f\u00fcr das Gute an sich demonstriert: f\u00fcr den \u201eKlimaschutz\u201c.<br \/>\nQuelle: Tichy Newsletter 13.3.2026, <a href=\"https:\/\/www.tichyseinblick.de\">https:\/\/www.tichyseinblick.de<\/a><\/p>\n","protected":false},"excerpt":{"rendered":"<p>Sch\u00fclerproteste &#8222;gegen rechts&#8220; und &#8222;gegen &#8222;Erd\u00fcberhitzung durch CO2&#8220; sind gut. Proteste &#8222;gegen Kriegsdienst&#8220; und &#8222;gegen Wehrpflicht&#8220; sind pl\u00f6tzlich gar nicht gut, sondern b\u00f6se. Warum? Weil sie sich gegen die Politik von CDUSPDGr\u00fcne bzw. gegen Links&#8211;Woke richten.<\/p>\n","protected":false},"author":2,"featured_media":0,"comment_status":"open","ping_status":"closed","sticky":false,"template":"","format":"standard","meta":{"footnotes":""},"categories":[18,181,36,60,61,13,157,95],"tags":[779,325,568,667,818,797,585,86],"class_list":["post-146652","post","type-post","status-publish","format-standard","hentry","category-bildung","category-buergerbeteiligung","category-engagement","category-jugend","category-kinder","category-kultur","category-oeffentlicher-raum","category-schulen","tag-moral","tag-demo","tag-jugend-2","tag-krieg","tag-kritik","tag-protest","tag-schule","tag-waffen"],"_links":{"self":[{"href":"https:\/\/www.freiburg-schwarzwald.de\/blog\/wp-json\/wp\/v2\/posts\/146652","targetHints":{"allow":["GET"]}}],"collection":[{"href":"https:\/\/www.freiburg-schwarzwald.de\/blog\/wp-json\/wp\/v2\/posts"}],"about":[{"href":"https:\/\/www.freiburg-schwarzwald.de\/blog\/wp-json\/wp\/v2\/types\/post"}],"author":[{"embeddable":true,"href":"https:\/\/www.freiburg-schwarzwald.de\/blog\/wp-json\/wp\/v2\/users\/2"}],"replies":[{"embeddable":true,"href":"https:\/\/www.freiburg-schwarzwald.de\/blog\/wp-json\/wp\/v2\/comments?post=146652"}],"version-history":[{"count":5,"href":"https:\/\/www.freiburg-schwarzwald.de\/blog\/wp-json\/wp\/v2\/posts\/146652\/revisions"}],"predecessor-version":[{"id":146714,"href":"https:\/\/www.freiburg-schwarzwald.de\/blog\/wp-json\/wp\/v2\/posts\/146652\/revisions\/146714"}],"wp:attachment":[{"href":"https:\/\/www.freiburg-schwarzwald.de\/blog\/wp-json\/wp\/v2\/media?parent=146652"}],"wp:term":[{"taxonomy":"category","embeddable":true,"href":"https:\/\/www.freiburg-schwarzwald.de\/blog\/wp-json\/wp\/v2\/categories?post=146652"},{"taxonomy":"post_tag","embeddable":true,"href":"https:\/\/www.freiburg-schwarzwald.de\/blog\/wp-json\/wp\/v2\/tags?post=146652"}],"curies":[{"name":"wp","href":"https:\/\/api.w.org\/{rel}","templated":true}]}}