{"id":146626,"date":"2026-03-11T18:03:59","date_gmt":"2026-03-11T17:03:59","guid":{"rendered":"https:\/\/www.freiburg-schwarzwald.de\/blog\/?p=146626"},"modified":"2026-03-11T18:15:43","modified_gmt":"2026-03-11T17:15:43","slug":"atomkraft-strategischer-fehler","status":"publish","type":"post","link":"https:\/\/www.freiburg-schwarzwald.de\/blog\/atomkraft-strategischer-fehler\/","title":{"rendered":"Atomkraft strategischer Fehler"},"content":{"rendered":"<p>Es ist ein Skandal und kaum zu fassen: <a href=\"https:\/\/www.freiburg-schwarzwald.de\/blog\/global\/eu\/eu-kommission\/\">Ursula von der Leyen<\/a> stellt sich beim &#8222;Weltgipfel f\u00fcr Kernenergie&#8220; in Paris am 3.3.2026 ans Mikro und nennt den Ausstieg aus der <a href=\"https:\/\/www.freiburg-schwarzwald.de\/blog\/energie\/akw\/kernkraft\/\">Atomkraft<\/a> von 2011 einen &#8222;strategischen Fehler&#8220;. Einfach so und damit gut. Dabei war sie es, die sich mit der EU-Kommission<!--more-->von einer wie sie sagt \u201ezuverl\u00e4ssigen, erschwinglichen und emissionsarmen\u201c Energiequelle abgewandt, die <a href=\"https:\/\/www.freiburg-schwarzwald.de\/blog\/energie\/energiewende\/\">Energiewende<\/a> politisch durchgezogen, den <a href=\"https:\/\/www.freiburg-schwarzwald.de\/blog\/global\/eu\/green-deal\/\">Green Deal<\/a> zur EU-Religion erkl\u00e4rt und damit den <a href=\"https:\/\/www.freiburg-schwarzwald.de\/blog\/energie\/strom\/stromzeitalter\/\">Strompreis<\/a> in eine weltweit einmalige H\u00f6he getrieben und die <a href=\"https:\/\/www.freiburg-schwarzwald.de\/blog\/business\/industrie\/deindustrialisierung\/\">Deindustrialisierung<\/a> forciert hatte.<\/p>\n<p><a href=\"https:\/\/www.freiburg-schwarzwald.de\/blog\/global\/deutschland\/merkel-deutschland\/\">Angela Merkel<\/a> leitete <a href=\"https:\/\/www.freiburg-schwarzwald.de\/blog\/global\/deutschland\/grenzoeffnung2015\/\">9\/2015<\/a> die <a href=\"https:\/\/www.freiburg-schwarzwald.de\/blog\/global\/migration\/kontrollierte-grenzen\/\">unkontrollierte<\/a> Masseneinwanderung ein und gestand sp\u00e4ter angesichts der <a href=\"https:\/\/www.freiburg-schwarzwald.de\/blog\/global\/integration\/integration-gescheitert\/\">gescheiterten Integration<\/a> ein <em>&#8222;Nun sind sie halt da, die Migranten&#8220;<\/em>. Verantwortungs\u00fcbernahme und Konsequenzen fehlanzeige.<br \/>\nUnd nun erlaubt sich Ursula von der Leyen angesichts des wirtschaftlichen Niedergangs das entsprechend selbstentlarvende Gest\u00e4ndnis <em>&#8222;Nun sind sie halt weg, die AKWs&#8220;<\/em>. Auch sie wird nicht zur Rechenschaft gezogen werden und im Amt bleiben, um den von ihr angerichteten Schaden zu beheben und sich daf\u00fcr dann feiern zu lassen.<br \/>\n.<br \/>\nDie Atomkatastrophe von Fukushima von 2011 forderte vier Todesopfer, die Naturkatastrophe des Tsunami hingegen 18.500 Tote (1). Letztere wurden durch die Medien &#8211; in Deutschland, NICHt in Japan &#8211; f\u00e4lschlicherweise und absichtlich der Kernkraft zugeordnet. (1)<br \/>\nBundeskanzler Friedrich Merz teilt die Einsch\u00e4tzung von Ursula von der Leyen, da\u00df der Atomausstieg ein &#8222;strategischer Fehler&#8220; gewesen sei, doch \u201eSchlussfolgerungen f\u00fcr Deutschland hat es keine, weil die deutschen Bundesregierungen zuvor entschieden haben, aus der Kernenergie auszusteigen. Dieser Beschluss ist irreversibel. Ich bedauere das, aber es ist so.\u201c<br \/>\nDies ist eine L\u00fcge: Der 2002 im Bundestag von Rot-gr\u00fcn beschlossene und 2011 von Schwarz-geld best\u00e4tigte Atomausstieg kain im heutigen Bundestag mit schwarz-blauer Mehrheit jederzeit r\u00fcckg\u00e4ngig gemacht werden. Der Atomausstieg ist keineswegs irreversibel. &#8222;Friedrich Merz versteckt seine Feigheit hinter der Notl\u00fcge von der Unumkehrbarkeit des Atomausstiegs&#8220; (2).<br \/>\n.<br \/>\nDie Argumentation des Bundeskanzlers wird immer unertr\u00e4glicher: Zuerst macht er <a href=\"https:\/\/www.freiburg-schwarzwald.de\/blog\/engagement\/zukunft\/demokratie\/bundestag\/wahlbetrug\/\">Wahlversprechungen<\/a> , um nach der Wahl dann das Gegenteil zu tun (<a href=\"https:\/\/www.freiburg-schwarzwald.de\/blog\/engagement\/zukunft\/demokratie\/staat\/staatsschulden2025\/schuldenbremse\/\">Schuldenbremse<\/a> einhalten, Migration an den Grenzen kontrollieren). Nun stimmt er der EU-Kommissionspr\u00e4sidentin zum <a href=\"https:\/\/www.freiburg-schwarzwald.de\/blog\/merz-atomausstieg-war-fehler\/\">Atomausstieg<\/a> zu, erkl\u00e4rt diesen aber am n\u00e4chsten Tag f\u00fcr irreversibel. Dazu \u00e4u\u00dfert sich &#8222;Waldi&#8220; Hartmann mit seiner treffenden Entdeckung &#8222;f\u00fcr irreversibel. Da steht die Silbe \u201eirre\u201c schon drin.&#8220; (3). Es ist wirklich irre, wie Friedrich Merz die Wettbewerbsf\u00e4higkeit des Industrielandes Deutschland, die auf bezahlbare Energie angewiesen ist, ruiniert.<\/p>\n<p>Der <a href=\"https:\/\/www.freiburg-schwarzwald.de\/blog\/business\/volkswirtschaft\/niedergang\/\">Niedergang<\/a> geht weiter: Porsche mit Gewinneinbruch um 91,4 Prozent. VW streicht 50.000 Jobs, Bosch 20.000, ZF in Friedrichhafen 12.000, BASF verlagert seine Produktion nach China, Evonik schlie\u00dft seine Werke an Rhein und Ruhr. Das sind furchtbare Meldungen.<\/p>\n<p>&#8222;Aber nicht nur um unseren Wohlstand geht es. Eine Staatskrise droht, weil sich die Politik nicht mehr um die W\u00fcnsche der B\u00fcrger schert. Die Eliten haben sich abgekoppelt&#8220; (4) &#8211; deshalb fordert Roland Tichy zu recht den R\u00fccktritt des Kanzlers: &#8222;Es gibt keinen Staat ohne B\u00fcrger. Aber es gibt eine Politik ohne Merz.&#8220;<br \/>\n11.3.2026<br \/>\n.<br \/>\nEnde von Beitrag &#8222;Atomkraft strategischer Fehler&#8220;<br \/>\n==============================================================<br \/>\nBeginn von Anlagen (1) &#8211; (5)<br \/>\n.<\/p>\n<p><strong>(1) Fukushima: Der 15. Jahrestag<\/strong><br \/>\n.<br \/>\nHeute j\u00e4hrt sich die Tsunami-Katastrophe, die den Reaktorunfall von Fukushima ausl\u00f6ste, zum 15 Mal. In einer handstreichartigen Aktion nutzte Angela Merkel die Katastrophenangst aus, um der Kernkraft in Deutschland den Garaus zu machen.<br \/>\nAm 11. M\u00e4rz hei\u00dft es in manchen Medien immer noch \u201eWir gedenken der Opfer der Atomkatastrophe von Fukushima\u201c. Durch den Reaktorunfall von Fukushima Daiichi gab es durch die vier Wasserstoffexplosionen keine Toten oder Strahlenopfer, auch wenn die Bilder der zerst\u00f6rten Reaktoren das Schlimmste bef\u00fcrchten lie\u00dfen. <em><strong>Es gab eine vermisste Person, ein Mensch wurde im Materiallager erschlagen und einen t\u00f6dlichen Herzinfarkt bei den Aufr\u00e4umungsarbeiten<\/strong><\/em>. Durch die un\u00fcberlegte, \u00fcberst\u00fcrzte und teils chaotische Evakuierung einer Zone von 20 km im Umkreis des KKW Fukushima starben 2.300 Menschen indirekt. Ursachen: Stress, Ersch\u00f6pfung, Unterbrechung der medizinischen Versorgung (vor allem bei Senioren in Krankenh\u00e4usern und Heimen) sowie Suizide aufgrund des Verlusts der Heimat. Diese Evakuierung war absolut unn\u00f6tig. Es gibt auf der Erde zahlreiche Orte, wie z.B. Kerala in Indien, Guarapari in Brasilien oder Menzenschwand im Schwarzwald, an denen der Strahlenpegel (die Ortsdosisleistung) h\u00f6her ist, als er in der Zone um das KKW Fukushima war. (Quellen: UNSCEAR, IAEA, WANO, GRS, BfS)<br \/>\n<em><strong>Aber die Naturkatastrophe (nicht der Reaktorunfall), das T\u014dhoku-Erdbeben (Magnitude 9,1) und der Tsunami (H\u00f6he bis zu 40 Meter), von unvorstellbarer Zerst\u00f6rungskraft forderte 18.500 Todesopfer.<\/strong><\/em> 1,2 Millionen Geb\u00e4ude wurden besch\u00e4digt oder zerst\u00f6rt. 470.000 Menschen mussten in Notunterk\u00fcnften oder bei Verwandten untergebracht werden.<br \/>\n&#8230;<br \/>\nIn Bezug auf die Energieversorgung in Deutschland m\u00fcssen wir der bitteren Wahrheit ins Auge schauen: Unsere Energiewende zur Klimarettung ist katastrophal gescheitert: Es gibt keine CO2-freien Kernkraftwerke mehr (weltweit einzigartig), bald keine Kohle mehr, kein deutsches Fracking-Gas. Nur wenige durch Br\u00fcssel erlaubte Gaskraftwerke mit Fl\u00fcssiggas aus USA. Wir sind auch noch abh\u00e4ngig von norwegischen Wasserkraftwerken.<br \/>\nSt\u00e4ndig laufen zwei bis vier franz\u00f6sische Kernkraftwerksbl\u00f6cke (von 56) nur f\u00fcr Deutschland, und bei Dunkelflaute noch mehr. Der \u2013 angeblich gr\u00fcne \u2013 Wasserstoff aus Abu Dhabi, der als Ammoniak transportiert werden muss, wird nicht mit Solar oder Wind erzeugt, sondern mit Atomstrom aus dem KKW Barakah. Er ist zudem durch die Wirkungsgradverluste absolut unbezahlbar.<br \/>\n&#8230; Alels vom 11.3.2026 vo Hans Ambos bitte lesen auf<br \/>\n<a href=\"https:\/\/www.achgut.com\/artikel\/fukushima_der_15_jahrestag\">https:\/\/www.achgut.com\/artikel\/fukushima_der_15_jahrestag<\/a><br \/>\n.<br \/>\n<em>Hans Ambos ist Strahlenschutzbeauftragter einer Schweizer Firma und freiberuflicher Dozent in Sachen Strahlenschutz und Kernenergie. Er hat vor 30 Jahren im Kernkraftwerk Biblis als Laborleiter der Radiochemie gearbeitet.<\/em><br \/>\n.<br \/>\n.<br \/>\n<strong>(2) Die Atom-L\u00fcge des Kanzlers: Aus Feigheit setzt Merz das Zerst\u00f6rungswerk fort<\/strong><br \/>\nDeutschland ist energiepolitisch isoliert, der Atomausstieg ein wohlstandszerst\u00f6render Irrweg, dem niemand folgt. Das hat Friedrich Merz zwar erkannt, doch aus Feigheit setzt er ihn fort \u2013 und bel\u00fcgt die B\u00fcrger.<br \/>\n&#8230;<br \/>\nEin Bundeskanzler, der eine grundlegende Entscheidung von Vorg\u00e4ngerregierungen als falsch, aber irreversibel bezeichnet, leugnet die eigene Gestaltungsmacht. Wozu wurde er in dieses Amt gew\u00e4hlt, wenn er nicht einmal den Versuch unternimmt, einen schwerwiegenden Fehler, den er als solchen erkannt hat, zu korrigieren? Wozu w\u00e4hlen wir \u00fcberhaupt neue Regierungen, wenn die Entscheidungen der Vorg\u00e4ngerregierungen nicht angetastet werden k\u00f6nnen?<br \/>\nWeil Merz Unsinn erz\u00e4hlt. Selbstverst\u00e4ndlich kann der Atomausstieg r\u00fcckg\u00e4ngig gemacht werden. Das muss er auch, wenn Deutschland seine rapide voranschreitende Selbstzerst\u00f6rung aufhalten will. Dazu sind zwei Schritte notwendig. Zuerst muss der Abriss der stillgelegten Kernkraftwerke gestoppt werden, damit eine Bestandsaufnahme folgen kann, welche Anlagen zu welchen Kosten wieder aufgebaut werden k\u00f6nnen.<br \/>\nDann muss das Atomgesetz ge\u00e4ndert werden. Denn darin ist seit 2002 die Neugenehmigung von Kernkraftwerken zur Stromerzeugung verboten. Dieses von Rot-Gr\u00fcn durchgesetzte Verbot verhindert sowohl die Reaktivierung \u00e4lterer Reaktoren als auch den Bau neuer, etwa SMR. Allerdings l\u00e4sst es eine kleine L\u00fccke: Atomkraftwerke, die keinen Strom, sondern Heizenergie produzieren, sind grunds\u00e4tzlich erlaubt. Es gibt bereits ein Start-up in Deutschland, das diese Gesetzesl\u00fccke nutzen will.<br \/>\nFriedrich Merz versteckt seine Feigheit hinter der Notl\u00fcge von der Unumkehrbarkeit des Atomausstiegs. Bei dem Tempo, in dem sich der Wind gerade weltweit in die pronukleare Richtung dreht, wird er das noch bereuen. Denn wenn Merz sich nicht dazu in der Lage sieht, das von Gr\u00fcn-Rot eingeleitete und von Angela Merkel fortgesetzte Wohlstandszerst\u00f6rungswerk zu beenden, wird dies bald ein anderer Kanzler tun.<br \/>\n&#8230; Alles vom 11.3.2026 von Daniel Gr\u00e4ber bitte lesen auf<br \/>\n<a href=\"https:\/\/apollo-news.net\/die-atom-luege-des-kanzlers-aus-feigheit-setzt-merz-das-zerstoerungswerk-fort\/\">https:\/\/apollo-news.net\/die-atom-luege-des-kanzlers-aus-feigheit-setzt-merz-das-zerstoerungswerk-fort\/<\/a><br \/>\n.<br \/>\n.<br \/>\n<strong>(3) &#8222;Waldi&#8220; Hartmann zum Atomausstieg: Merz &#8222;irre&#8220;versibel<\/strong><br \/>\nWer stoppt Merz? Der Bundeskanzler setzt gerade Teile unserer Demokratie ausser Kraft. Er stimmt zwar Ursula von der Leyen zu, dass die Abkehr von der Kernenergie ein strategischer Fehler gewesen sei, erkl\u00e4rt aber den Beschluss fr\u00fcherer Bundesregierungen , aus der Kernenergie auszusteigen f\u00fcr irreversibel. Da steht die Silbe \u201eirre\u201c schon drin. Wieso sollten Beschl\u00fcsse ehemaliger Regierung in Stein gemeisselt sein? Bis 1969 waren sexuelle Handlungen von Homosexuellen verboten. Heute d\u00fcrfen sie heiraten . Ich wurde mit 21 Jahren vollj\u00e4hrig, heute d\u00fcrfen 16-j\u00e4hrige Landtage w\u00e4hlen. Die Reihe k\u00f6nnte ich endlos fortsetzen.<br \/>\nMerz soll einfach den Grund nennen: Er hat nicht die Eier dazu! Er k\u00f6nnte ja den sensiblen Lars verstimmen oder die Koalitionspartner in ein paar L\u00e4ndern ver\u00e4rgern. Und warum? Weil er beim Bundesparteitag der CDU \u201eabschliessend\u201c erkl\u00e4rte, nur noch mit Parteien der Mitte zu koalieren und die Brandmauer zur Betonmauer erkl\u00e4rte. Bundeskanzler Merz erkl\u00e4rt sich selbst f\u00fcr handlungsunf\u00e4hig .<br \/>\nWie lange, liebe Unionsabgeordnete wollt Ihr da noch mitspielen? Ihr macht euch mitschuldig. Die Geschichte und die W\u00e4hler vergessen nicht.<br \/>\n&#8230; Alles vom 11.3.2026 von Waldemar &#8222;Waldi&#8220; Hartmann bitte lesen auf<br \/>\n<a href=\"https:\/\/x.com\/hartammann\/status\/2031656649320964100\">https:\/\/x.com\/hartammann\/status\/2031656649320964100<\/a><br \/>\n.<\/p>\n<p><strong>(4) Friedrich Merz verweigert jede Reform. Er muss gehen<\/strong><br \/>\nDieser Bundeskanzler verdankt sein Amt der SPD und den Linken, im Gegenzug verweigert er jede Reform. Er ist der Kanzler der krepierenden SPD und der SED-\u201eDie Linke\u201c. Er muss gehen, ehe das Land vollst\u00e4ndig in einer Staats- und Wirtschaftskrise versinkt.<br \/>\n.<br \/>\nDeutschland st\u00fcrzt in eine Wirtschafts-, Gesellschafts- und Versorgungskrise. Beispiel Energiepolitik: Wir alle wissen, dass Merkels \u201eEnergiewende\u201c in das Geschichtsbuch als einer der gr\u00f6\u00dften Irrt\u00fcmer, ja Dummheiten der Menschheit eingehen wird. Nun hat selbst die EU in Person der CDU-Kommissionspr\u00e4sidentin den Atomausstieg als \u201estrategischen Fehler\u201c bezeichnet. Wie reagiert Bundeskanzler Friedrich Merz darauf?<br \/>\n\u201eDer Beschluss [zum Atomausstieg] ist irreversibel. Ich bedauere das, aber es ist so \u2013 und wir konzentrieren uns nun auf die Energiepolitik, die wir haben.\u201c<\/p>\n<p>Das ist die wohl irrsinnigste Begr\u00fcndung einer irrwitzigen Fehlentscheidung. Nur, weil die SPD nicht mitmache, werde man die Energiewende nicht r\u00fcckg\u00e4ngig machen, sagte er schon zum Abschluss der Koalitionsvereinbarung mit der SPD.<br \/>\nEs ist nichts anderes als Denk- und dann Handlungsverweigerung. Nur, weil es die SPD so will. Kanzler werden nicht gew\u00e4hlt, um Fehler fortzusetzen, sondern um sie zu korrigieren.<br \/>\nWenn man Gesetze, die andere Menschen in der Vergangenheit willk\u00fcrlich erlassen haben, nicht mehr \u00e4ndern kann, weil sie angeblich \u201eirreversibel\u201c seien, dann stellt sich die Frage: Sind wir auf immer und ewig an die Fehler von Angela Merkel gebunden? Nicht nur in der Energiepolitik, sondern auch in der Frage der Massenmigration und ihren buchst\u00e4blich m\u00f6rderischen Folgen? In der Aushebelung des Rechtsstaats, der unter Merkel eingel\u00e4uteten \u201eHerrschaft des Unrechts\u201c, wie es nicht die AfD, sondern der fr\u00fchere Innenminister Horst Seehofer formuliert hat? Sind wir auf alle Zeiten an die Fehler der Vergangenheit gebunden? Haben die Menschen im Hier und Heute keine Freiheit, ein selbstbestimmtes Leben zu f\u00fchren? Ist die Zerst\u00f6rung von Wohlstand und Freiheit \u201eirreversibel\u201c? Wirklich? Demokratie besteht darin, Fehler zu korrigieren, und diejenigen, die Fehler machen, aus dem Amt zu w\u00e4hlen.<br \/>\nWenn das so ist, wie Merz es formuliert, ist er f\u00fcr das Amt des Bundeskanzlers v\u00f6llig ungeeignet. Die Bev\u00f6lkerung hat das Recht und erwartet, dass Politik offenkundige Fehler korrigiert, und zwar m\u00f6glichst schnell.<\/p>\n<p>&#8230; Alles vom 11.3.2026 von Roland Tichy bitte lesen auf<br \/>\n<a href=\"https:\/\/www.tichyseinblick.de\/daili-es-sentials\/merz-merz-merz\">https:\/\/www.tichyseinblick.de\/daili-es-sentials\/merz-merz-merz<\/a><br \/>\n.<br \/>\n.<br \/>\n<strong>(5) Manfred Haferburg: Ursula von der Leyen meint: Atomenergie \u2013 jetzt aber richtig<\/strong><br \/>\n&#8230;<br \/>\nUrsula von der Leyen muss unser Buch https:\/\/shop.achgut.com\/products\/atomenergie-jetzt-aber-richtig-wie-die-duemmste-energiepolitik-der-welt in die H\u00e4nde bekommen haben. Vielleicht hat ja der Maggus es ihr zum Lesen ausgeliehen? Dem habe ich es n\u00e4mlich auf den Schreibtisch legen lassen. Kostenlos, sozusagen zur Erbauung und als milde Gabe. Oder der Friederich hat es ihr gegeben, nachdem er es studiert und festgestellt hat: \u201eDiese Energiewende, wenn wir sie jetzt nicht korrigieren, bringt uns um. Sie ist zu teuer geworden. Es ist der falsche Weg, man kann nicht nur alles mit Sonne und Wind machen.\u201c Wo er recht hat, hat er recht, <a href=\"https:\/\/www.achgut.com\/artikel\/bundeskanzler_merz_die_energiewende_und_das_schweigen_im_walde\">https:\/\/www.achgut.com\/artikel\/bundeskanzler_merz_die_energiewende_und_das_schweigen_im_walde<\/a> das sagen wir seit 20 Jahren.<br \/>\n&#8230;<br \/>\nKatharina Dr\u00f6ge (Fraktionsvorsitzende der Gr\u00fcnen im Bundestag) sagte in einem Interview mit dem Spiegel am 30. Januar 2026: \u201eUnsere Energiewende hier in Deutschland wird auf der ganzen Welt kopiert. Auch weil der rasante Ausbau der erneuerbaren Energien die Kosten senkt.\u201c Leider sind das Fake-News, reine Wunschvorstellungen und komplette Realit\u00e4tsverweigerung. Deutschland wird nirgendwo als globales Vorbild wahrgenommen. Im Gegenteil, die internationale Bewertung ist \u00fcberwiegend skeptisch, nicht bewundernd. Jeder, der bei Verstand ist, kann es sehen. Die Strompreise in Deutschland geh\u00f6ren zu den h\u00f6chsten der Industriel\u00e4nder. Industrieabwanderung und Standortunsicherheit werden als Risiko wahrgenommen. Und nicht zuletzt die permanente Zielverfehlungen bei CO2\u2011Reduktion untergraben die deutsche Energiewende-Glaubw\u00fcrdigkeit.<\/p>\n<p>L\u00e4nder wie Frankreich, Schweden, China, USA, UK gelten heute als dynamische Energiestrategie\u2011Modelle. Die Russen schwimmen im Erdgas und leisten sich trotz Tschernobyl eine starke Kernkraftindustrie. Rosatom baut 22 Kernkraftwerke in sieben verschiedenen L\u00e4ndern und ist damit der gr\u00f6\u00dfte KKW-Exporteur der Welt. Die Japaner haben nach dem Fukushima-Tsunami bereits 17 Reaktoren wieder in Betrieb genommen und bauen ein neues KKW. Polen, Holland, Belgien, selbst die D\u00e4nen planen und entwickeln Kernkraftwerke. Mehr als 50 neue KKW sind weltweit im Bau. Die deutsche Kamikaze-Energiewende ist weltweit einmalig und dient bestenfalls als Beispiel, wie man es nicht machen soll.<br \/>\n&#8230; Alles vom 11.3.2026 von Manfred Haferburg bitte lesen auf<br \/>\n<a href=\"https:\/\/www.achgut.com\/artikel\/bundeskanzler_merz_die_energiewende_und_das_schweigen_im_walde\">https:\/\/www.achgut.com\/artikel\/ursula_von_der_leyen_meint_atomenergie_jetzt_aber_richtig<\/a><\/p>\n","protected":false},"excerpt":{"rendered":"<p>Es ist ein Skandal und kaum zu fassen: Ursula von der Leyen stellt sich beim &#8222;Weltgipfel f\u00fcr Kernenergie&#8220; in Paris am 3.3.2026 ans Mikro und nennt den Ausstieg aus der Atomkraft von 2011 einen &#8222;strategischen Fehler&#8220;. Einfach so und damit &hellip; <a href=\"https:\/\/www.freiburg-schwarzwald.de\/blog\/atomkraft-strategischer-fehler\/\">Weiterlesen <span class=\"meta-nav\">&rarr;<\/span><\/a><\/p>\n","protected":false},"author":2,"featured_media":0,"comment_status":"open","ping_status":"closed","sticky":false,"template":"","format":"standard","meta":{"footnotes":""},"categories":[164,18,4,5,195,40,132,171],"tags":[640,163,151,489,715,525,723],"class_list":["post-146626","post","type-post","status-publish","format-standard","hentry","category-akw","category-bildung","category-branchen","category-energie","category-eu","category-klima","category-strom","category-verbraucher","tag-akw-2","tag-atomkraft","tag-erneuerbare-energien","tag-european-union","tag-klima","tag-politik","tag-strom"],"_links":{"self":[{"href":"https:\/\/www.freiburg-schwarzwald.de\/blog\/wp-json\/wp\/v2\/posts\/146626","targetHints":{"allow":["GET"]}}],"collection":[{"href":"https:\/\/www.freiburg-schwarzwald.de\/blog\/wp-json\/wp\/v2\/posts"}],"about":[{"href":"https:\/\/www.freiburg-schwarzwald.de\/blog\/wp-json\/wp\/v2\/types\/post"}],"author":[{"embeddable":true,"href":"https:\/\/www.freiburg-schwarzwald.de\/blog\/wp-json\/wp\/v2\/users\/2"}],"replies":[{"embeddable":true,"href":"https:\/\/www.freiburg-schwarzwald.de\/blog\/wp-json\/wp\/v2\/comments?post=146626"}],"version-history":[{"count":4,"href":"https:\/\/www.freiburg-schwarzwald.de\/blog\/wp-json\/wp\/v2\/posts\/146626\/revisions"}],"predecessor-version":[{"id":146630,"href":"https:\/\/www.freiburg-schwarzwald.de\/blog\/wp-json\/wp\/v2\/posts\/146626\/revisions\/146630"}],"wp:attachment":[{"href":"https:\/\/www.freiburg-schwarzwald.de\/blog\/wp-json\/wp\/v2\/media?parent=146626"}],"wp:term":[{"taxonomy":"category","embeddable":true,"href":"https:\/\/www.freiburg-schwarzwald.de\/blog\/wp-json\/wp\/v2\/categories?post=146626"},{"taxonomy":"post_tag","embeddable":true,"href":"https:\/\/www.freiburg-schwarzwald.de\/blog\/wp-json\/wp\/v2\/tags?post=146626"}],"curies":[{"name":"wp","href":"https:\/\/api.w.org\/{rel}","templated":true}]}}