{"id":146523,"date":"2026-03-08T08:17:21","date_gmt":"2026-03-08T07:17:21","guid":{"rendered":"https:\/\/www.freiburg-schwarzwald.de\/blog\/?p=146523"},"modified":"2026-03-08T15:43:35","modified_gmt":"2026-03-08T14:43:35","slug":"ramadan-im-oeffentlichen-raum","status":"publish","type":"post","link":"https:\/\/www.freiburg-schwarzwald.de\/blog\/ramadan-im-oeffentlichen-raum\/","title":{"rendered":"Ramadan im \u00f6ffentlichen Raum?"},"content":{"rendered":"<p>Muslimische Sch\u00fcler: &#8222;Wir haben jetzt <a href=\"https:\/\/www.freiburg-schwarzwald.de\/blog\/religion\/islam\/ramadan\/\">Ramadan<\/a>, du mu\u00dft jetzt fasten. Und dein Brot in die Tonne werfen&#8220;. <a href=\"https:\/\/www.freiburg-schwarzwald.de\/blog\/bildung\/lehrer\/\">Lehrer<\/a>: &#8222;Oder dich bei Essen wegdrehen&#8220; (1). Aus derlei Worten spricht <a href=\"https:\/\/www.freiburg-schwarzwald.de\/blog\/engagement\/zukunft\/demokratie\/toleranz\/\">Intoleranz<\/a>, <a href=\"https:\/\/www.freiburg-schwarzwald.de\/blog\/engagement\/rassismus\/antiweisser-rassismus\/\">Rassismus<\/a> und <a href=\"https:\/\/www.freiburg-schwarzwald.de\/blog\/kultur\/medien\/hass-hetze\/\">Hass<\/a>. Kein <a href=\"https:\/\/www.freiburg-schwarzwald.de\/blog\/selbsthilfe\/soziales\/justiz\/einzelfall\/\">Einzelfall<\/a>, nichts Neues, sondern <a href=\"https:\/\/www.freiburg-schwarzwald.de\/blog\/global\/deutschland\/gesellschaft\/normalitaet\/\">Normalit\u00e4t<\/a> an deutschen <a href=\"https:\/\/www.freiburg-schwarzwald.de\/blog\/bildung\/schulen\/schulen-islam\/\">Schulen<\/a>. Da ist kein <a href=\"https:\/\/www.freiburg-schwarzwald.de\/blog\/bildung\/schulen\/schulfrieden\/\">Frieden<\/a>.<!--more--><br \/>\nUnd das <a href=\"https:\/\/www.freiburg-schwarzwald.de\/blog\/global\/integration\/muslime\/muslime-mobbing\/\">Mobbing<\/a> <a href=\"https:\/\/www.freiburg-schwarzwald.de\/blog\/engagement\/zukunft\/demografie\/minderheit\/deutsche-minderheit\/\">nicht-islamischen<\/a> Sch\u00fclern gegen\u00fcber ist verbreitet: Sie sollen \u201eW\u00fcrge- und Kotzger\u00e4usche\u201c gemacht haben (2). Unverst\u00e4ndlich, wenn Schulleitungen und Kulturministerien diese Entwicklung ignorieren. Und <a href=\"https:\/\/www.freiburg-schwarzwald.de\/blog\/selbsthilfe\/familie\/familie-fundament\/\">Eltern<\/a> wie Lehrer alleine lassen mit den Problemen der <a href=\"https:\/\/www.freiburg-schwarzwald.de\/blog\/global\/integration\/integration-gescheitert\/\">gescheiterten Integration<\/a>. Liberale Muslime &#8211; und die stellen die gro\u00dfe Mehrheit dar &#8211; warnen, Deutsche nicht-linke Bildungsexperten warnen: Religion bzw. Ramadan sind Privatsache hierzulande. Wir leben in der Zeit nach der Aufkl\u00e4rung.<br \/>\n.<br \/>\nNicht nur in den Schulen zeigt sich der <a href=\"https:\/\/www.freiburg-schwarzwald.de\/blog\/windkraft-ramadan-amsel\/\">Ramadan<\/a>, sondern auch auf Strassen und Pl\u00e4tzen im <a href=\"https:\/\/www.freiburg-schwarzwald.de\/blog\/kultur\/oeffentlicher-raum\/\">\u00f6ffentlichen Raum<\/a>: Vom Staat bezahlte <a href=\"https:\/\/www.freiburg-schwarzwald.de\/blog\/ramadan-fastenzeit-frieden\/\">Ramadan-Beleuchtung<\/a> in immer mehr St\u00e4dten wird von der Ethnologie-Professorin <a href=\"https:\/\/www.freiburg-schwarzwald.de\/blog\/ramadan-fastenzeit-frieden\/\">Susanne Schr\u00f6ter<\/a> als \u201eSch\u00f6nwetter-Populismus\u201c bezeichnet, da er \u201enur dem <a href=\"https:\/\/www.freiburg-schwarzwald.de\/blog\/religion\/islam\/islam-politik\/\">politischen Islam<\/a> nutzt\u201c: Anders als dieser okkupiert der <a href=\"https:\/\/www.freiburg-schwarzwald.de\/blog\/religion\/islam\/volksislam\/\">Liberale Islam<\/a> keine Strassen und Pl\u00e4tze, denn f\u00fcr ihn &#8211; wie auch die Christen nach der <a href=\"https:\/\/www.freiburg-schwarzwald.de\/blog\/kultur\/aufklaerung\/\">Aufkl\u00e4rung<\/a> &#8211; gilt: &#8222;Glaube ist f\u00fcr mich Privatsache&#8220;, wobei f\u00fcr &#8222;das Gespr\u00e4ch des Muslim mit Gott&#8220; (<a href=\"https:\/\/www.freiburg-schwarzwald.de\/blog\/religion\/islam\/ates\/\">Seyran Ates<\/a>) keine Strassen gesperrt bzw. beleuchtet werden m\u00fcssen.<br \/>\n.<br \/>\nFreiburgs B\u00fcrgermeister<a href=\"https:\/\/www.freiburg-schwarzwald.de\/blog\/ramadan-fastenzeit-frieden\/\"> Martin Horn<\/a> (4): \u201eWir wollen muslimisches Leben sowie religi\u00f6se Br\u00e4uche und Feste sichtbarer machen und ihnen Wertsch\u00e4tzung entgegenbringen&#8220;. Aber: Es ist nicht Aufgabe des Staates, muslimisches Leben &#8222;sichtbarer machen&#8220;. Vor allem nicht derart einseitig durch eine Ramadan-Beleuchtung, denn diese &#8222;Wertsch\u00e4tzung&#8220; kommt prim\u00e4r dem politischen Islam bzw. <a href=\"https:\/\/www.freiburg-schwarzwald.de\/blog\/religion\/islam\/islamismus\/\">Islamismus<\/a> zugute (<a href=\"https:\/\/www.freiburg-schwarzwald.de\/blog\/religion\/islam\/ourghi\/\">Prof. Ourghi<\/a> als Vertreter des Liberalen Islams).<br \/>\n.<br \/>\n<em><a href=\"https:\/\/www.freiburg-schwarzwald.de\/blog\/global\/deutschland\/moral2015\/doppelmoral\/\">Doppel-Moral<\/a>, -Standards bzw. -Ma\u00dfst\u00e4be:<\/em><br \/>\nWenn das Banner &#8222;Mubarak Ramadan&#8220; durch das Banner &#8222;Gesegnete Fastenzeit&#8220;\u00a0 \u00fcberh\u00e4ngt oder erg\u00e4nzt wird, ermittelt sogar der <a href=\"https:\/\/www.freiburg-schwarzwald.de\/blog\/engagement\/zukunft\/demokratie\/verfassung\/verfassungsschutz\/staatsschutz\/\">Staatsschutz<\/a>.<br \/>\nNicht so, wenn nicht-muslimische Sch\u00fcler wegen dem Ramadan-Fasten bedroht werden; da sind weder Staatsschutz nicht staatliche Hilfen in Sicht.<br \/>\n<strong><em>Es sind nicht die Ma\u00dfst\u00e4be, die zu kritisieren sind,<\/em> <em>sondern es sind die <a href=\"https:\/\/www.freiburg-schwarzwald.de\/blog\/kultur\/kulturverlust\/zweierlei\/\">doppelten Ma\u00dfst\u00e4be<\/a>, die mit dem friedlichen Zusammenleben der Religionen nicht zu vereinbaren sind.<\/em><\/strong><br \/>\n.<br \/>\nDer Ramadan wurde l\u00e4ngst &#8222;vom politischen Islam gekapert&#8220; (<a href=\"https:\/\/www.freiburg-schwarzwald.de\/blog\/religion\/islam\/ourghi\/\">Prof. Ourghi<\/a>). Das Schweigen des Staates zu diesem gesellschaftlich so heiklen Problem ist kein Zeichen von Toleranz, sondern von <a href=\"https:\/\/www.freiburg-schwarzwald.de\/blog\/religion\/islam\/unterwerfung\/\">Unterwerfung<\/a> dem Islam &#8211; genauer dem nicht-liberalen politischen Islam &#8211; gegen\u00fcber.<\/p>\n<p><em>Was tun f\u00fcr den Erhalt des Inneren Friedens?<\/em><br \/>\n1. Staatliche Unterst\u00fctzung neu ausrichten: Den Polit-Islam (der die <a href=\"https:\/\/www.freiburg-schwarzwald.de\/blog\/religion\/islam\/islam-organisationen\/\">Islam-Verb\u00e4nde<\/a> dominiert) als bisheriger Ansprechpartner des Staates durch den Liberalen Islam (grundgesetz-konform) ersetzen. 90 Prozent der Muslime in Deutschland leben einen liberalen Islam.<br \/>\n2. Trennung von <a href=\"https:\/\/www.freiburg-schwarzwald.de\/blog\/religion\/kirche-staat\/\">Kirche und Staat<\/a>: Religion ist Privatsache der B\u00fcrger. <a href=\"https:\/\/www.freiburg-schwarzwald.de\/blog\/engagement\/zukunft\/demokratie\/laizismus\/\">Laizismus<\/a>. Aufkl\u00e4rung gilt. Neutralit\u00e4t des Staates.<br \/>\n3. NZZ-Forderung umsetzen: Ramadan hat im \u00f6ffentlichen Raum nichts zu suchen. Und wenn \u00fcberhaupt, dann das &#8222;Happy Ramadan&#8220;-Schild nur noch im Duo mit &#8222;Frohe Fastenzeit&#8220; verwenden.<br \/>\n4. Kritik an den seit sp\u00e4testens 9\/2015 vom <a href=\"https:\/\/www.freiburg-schwarzwald.de\/blog\/religion\/islam\/islamismus\/\">Islamismus<\/a> bzw. <a href=\"https:\/\/www.freiburg-schwarzwald.de\/blog\/religion\/islam\/islam-politik\/\">politischen Islam<\/a> verursachten gesellschaftlichen Mi\u00dfst\u00e4nden zulassen und ernst nehmen. Ohne <a href=\"https:\/\/www.freiburg-schwarzwald.de\/blog\/engagement\/zukunft\/demokratie\/tabu\/\">Tabu<\/a>, <a href=\"https:\/\/www.freiburg-schwarzwald.de\/blog\/kultur\/medien\/political-correctness\/\">Political Correctness<\/a>, Nazi- und Rassismus-Keule sowie Stigmatisierung der <a href=\"https:\/\/www.freiburg-schwarzwald.de\/blog\/engagement\/zukunft\/demokratie\/freiheit\/abweichende-meinung\/\">abweichenden Meinung<\/a>.<\/p>\n<p>Wir haben in Deutschland nur eine Ressource und die hei\u00dft <a href=\"https:\/\/www.freiburg-schwarzwald.de\/blog\/bildung\/schulen\/schulbildung\/\">Bildung<\/a>. Und um diese ist es <a href=\"https:\/\/www.freiburg-schwarzwald.de\/blog\/bildung\/bildungsmisere\/\">schlecht bestellt<\/a>. Wir k\u00f6nnen es uns nicht l\u00e4nger leisten, einen Monat im Jahr die Bildung der jungen Generation zu vernachl\u00e4ssigen. Schulfrieden mu\u00df wieder Kennzeichen der Schule sein &#8211; und Bildungsinteresse Kennzeichen der Bildung.<br \/>\n8..3.2026<br \/>\nDieser Beitrag wurde ohne KI erstellt.<br \/>\n.<br \/>\nEnde von Beitrag &#8222;Ramadan im \u00f6ffentlichen Raum?&#8220;<br \/>\n=============================================================<br \/>\nBeginn von Anlagen (1) &#8211; (4)<br \/>\n.<br \/>\n.<br \/>\n<strong>(1) Gesamtschule in Kleve: Falsche Toleranz &#8211; Unterwerfung<\/strong><br \/>\n<strong>Wegdrehen f\u00fcr den Ramadan<\/strong><br \/>\n&#8230;.<br \/>\nSeit Beginn des muslimischen Fastenmonats Ramadan sorgt an der Joseph-Beuys-Gesamtschule in Kleve eine Regel f\u00fcr Streit. Kinder, die in der Pause essen, sollen sich dabei wegdrehen. Denn, ihre fastenden muslimischen Mitsch\u00fcler k\u00f6nnten sich daran st\u00f6ren.<br \/>\nDer Vorfall wurde durch Eltern \u00f6ffentlich gemacht. Die Mutter einer Sch\u00fclerin schilderte gegen\u00fcber der Bild-Zeitung, was ihre Tochter und deren Freundin erlebt h\u00e4tten. Auch der Focus <a href=\"https:\/\/www.focus.de\/panorama\/welt\/ramadan-sorgt-fuer-essens-streit-an-gesamtschule-in-nrw_6ba04ab8-b526-4484-98e8-198ef174f0d5.html\">https:\/\/www.focus.de\/panorama\/welt\/ramadan-sorgt-fuer-essens-streit-an-gesamtschule-in-nrw_6ba04ab8-b526-4484-98e8-198ef174f0d5.html<\/a> berichtete mittlerweile \u00fcber den mehr als nur verst\u00f6renden Vorfall. Muslimische Mitsch\u00fcler h\u00e4tten ihnen gesagt: \u201eWir haben Ramadan, du musst jetzt fasten und dein Brot in die Tonne werfen!\u201c Als die M\u00e4dchen sich an einen Lehrer wandten, habe dieser ihnen geraten, sich beim Essen wegzudrehen.<\/p>\n<p>Andere Eltern berichten zudem von Ausgrenzung und Mobbing. Sch\u00fcler mit Migrationshintergrund sollen demnach \u201eW\u00fcrg- und Kotzger\u00e4usche\u201c gemacht haben, wenn andere Kinder ihr Pausenbrot a\u00dfen. Eine Mutter schildert, ihre Tochter habe unter Tr\u00e4nen berichtet, sie f\u00fchle sich im Klassenverband ausgegrenzt und diskriminiert. Besonders in den Pausen werde sie mit der Begr\u00fcndung ausgeschlossen, sie sei \u201edeutsch\u201c.<br \/>\n&#8230;<br \/>\nDer Fall aus Kleve zeigt ein Problem, das l\u00e4ngst \u00fcber eine einzelne Schule hinausweist. In einer pluralen Gesellschaft treffen unterschiedliche religi\u00f6se Praktiken und Lebensweisen aufeinander. Ganz besonders an Schulen. Vor allem dann, wenn deutsche Kinder in der Minderheit sind. Denn dann ist die entscheidende Frage nicht mehr, fasten oder nicht fasten, sondern, ob staatliche Schulen anfangen, falsche Toleranz so weit zu treiben, dass sie fremde religi\u00f6se Regeln faktisch allen anderen aufzwingt.<br \/>\nWenn Kinder ihr Pausenbrot k\u00fcnftig nur noch heimlich mit abgewandtem Blick essen d\u00fcrfen, dann ist das weniger eine p\u00e4dagogische L\u00f6sung, sondern ein Symbol der Unterwerfung.<br \/>\n&#8230;. Alles vom 7.3.2026 bitte lesen auf<br \/>\n<a href=\"https:\/\/www.tichyseinblick.de\/meinungen\/wegdrehen-fuer-ramadan\/\">https:\/\/www.tichyseinblick.de\/meinungen\/wegdrehen-fuer-ramadan\/<\/a><br \/>\n.<br \/>\n<a href=\"https:\/\/www.bild.de\/regional\/nordrhein-westfalen\/ramadan-streit-an-schule-kinder-sollen-ihr-pausenbrot-heimlich-essen-69aa95a2e8f14703486e53ed\">https:\/\/www.bild.de\/regional\/nordrhein-westfalen\/ramadan-streit-an-schule-kinder-sollen-ihr-pausenbrot-heimlich-essen-69aa95a2e8f14703486e53ed<\/a><br \/>\n.<br \/>\n.<br \/>\n<strong>(2) Wegen Ramadan: Lehrerin sagt Sch\u00fclern, sie sollen sich beim Essen \u201ewegdrehen\u201c<\/strong><br \/>\nEine Lehrerin in Nordrhein-Westfalen hat ihren Sch\u00fclern gesagt, dass sie sich beim Essen \u201ewegdrehen\u201c sollen, um muslimische Sch\u00fcler, die fasten, nicht zu provozieren. Eltern berichten zudem, dass ihre Kinder bedr\u00e4ngt und ausgeschlossen wurden.<br \/>\n&#8230;<br \/>\nZwei M\u00fctter berichten gegen\u00fcber Bild, dass in der Schule kein Weihnachtsfest gefeiert wurde, aber ein Fest zum islamischen Fastenbrechen. In einem Brief der Schule hie\u00df es: \u201eDieses besondere Ereignis m\u00f6chten wir wieder an unserer Schule gemeinsam mit Sch\u00fclern, Lehrern und Eltern feiern.\u201c Auch andere Eltern berichten, dass ihre Kinder w\u00e4hrend des Ramadans von muslimischen Sch\u00fclern bedr\u00e4ngt w\u00fcrden. Sie sollen \u201eW\u00fcrge- und Kotzger\u00e4usche\u201c gemacht haben, als die Kinder a\u00dfen. Ein M\u00e4dchen sei von den anderen Sch\u00fclern mit der Begr\u00fcndung ausgeschlossen worden, dass sie deutsch sei.<br \/>\n&#8230; Alles vom 7.3.2026 bitte lesen auf<br \/>\n<a href=\"https:\/\/apollo-news.net\/wegen-ramadan-lehrerin-sagt-schlern-sie-sollen-sich-beim-essen-wegdrehen\/\">https:\/\/apollo-news.net\/wegen-ramadan-lehrerin-sagt-schlern-sie-sollen-sich-beim-essen-wegdrehen\/<\/a><br \/>\n.<br \/>\n.<\/p>\n<p><strong>(3) Ramadan: Theologe Khorchide warnt vor wachsendem Fastendruck an Schulen<\/strong><br \/>\n&#8230;<br \/>\nDer Leiter des Zentrums f\u00fcr Islamische Theologie der Universit\u00e4t M\u00fcnster, Prof. Mouhanad Khorchide, spricht von einer problematischen Verschiebung im religi\u00f6sen Selbstverst\u00e4ndnis junger Menschen. \u201eDer Ramadan wird von einigen m\u00e4nnlichen Jugendlichen zum Anlass genommen, M\u00e4nnlichkeit misszuverstehen als Demonstration k\u00f6rperlicher Leistungsf\u00e4higkeit, Durchhalteverm\u00f6gen und vermeintlicher religi\u00f6ser St\u00e4rke\u201c, sagte er der Katholischen Nachrichten-Agentur.<br \/>\n&#8230;.<br \/>\n\u201eMan kann davon ausgehen, dass etwa zwischen 10 und 20 Prozent, also bis zu einem F\u00fcnftel, sich berufen f\u00fchlen, Religionspolizei zu spielen.\u201c Das Auftreten als moralische Kontrollinstanz vermittle Anerkennung und Status. \u201eDas vermittelt ja gewisse Anerkennung bis hin zu Machtstatus. Ich entscheide, ich erhebe meinen Zeigefinger, um die anderen zu religi\u00f6sen Geboten zu rufen.\u201c<br \/>\nKhorchide ordnet die Entwicklung in einen breiteren gesellschaftlichen Zusammenhang ein. Derzeit gebe es \u201eeinen sp\u00fcrbaren Wandel in der Bedeutung von Religion unter Muslimen in Deutschland\u201c. Pers\u00f6nliche Gottesbeziehung und ethische Anliegen tr\u00e4ten in der \u00f6ffentlichen wie innergemeinschaftlichen Kommunikation zunehmend in den Hintergrund. \u201eAn ihre Stelle r\u00fccken immer h\u00e4ufiger religi\u00f6se Rituale oder sichtbare Symbole; nicht prim\u00e4r als Ausdruck innerer Fr\u00f6mmigkeit, sondern als Marker von Zugeh\u00f6rigkeit.\u201c<br \/>\nReligion werde so st\u00e4rker zu einer Identit\u00e4tsressource im Sinne eines kollektiven \u201eWir Muslime\u201c. Das Fasten werde von Familie und Peergroup registriert und in bestimmten Milieus auch kontrolliert. Wer sich entziehe, m\u00fcsse sich erkl\u00e4ren.<br \/>\n&#8230;<br \/>\n\u201eLehrerinnen und Lehrer d\u00fcrfen nicht wegschauen oder meinen, das ist ein innerislamisches Problem\u201c<br \/>\nF\u00fcr Schulen sieht Khorchide eine klare Verantwortung, wenn Druck aufgebaut wird. \u201eGanz wichtig ist, dass Schulen Ansprechpartner haben m\u00fcssen, dass Betroffene hingehen und irgendwie sich beschweren k\u00f6nnen beziehungsweise mit jemandem reden k\u00f6nnen, der das Ganze ernst nimmt.\u201c Lehrkr\u00e4fte d\u00fcrften das Problem nicht als interne Angelegenheit von Muslimen abtun. \u201eLehrerinnen und Lehrer d\u00fcrfen nicht wegschauen oder meinen, das ist ein innerislamisches Problem, die sollen das unter sich l\u00f6sen, sondern wir brauchen strukturelle L\u00f6sungen, Anlaufstellen f\u00fcr Betroffene, aber auch klare Sanktionen f\u00fcr die anderen.\u201c<br \/>\n&#8230; Alles vom 28.2.2026 bitte lesen auf<br \/>\n<a href=\"https:\/\/www.news4teachers.de\/2026\/02\/ramadan-theologe-khorchide-warnt-vor-wachsendem-fastendruck-an-schulen\/\">https:\/\/www.news4teachers.de\/2026\/02\/ramadan-theologe-khorchide-warnt-vor-wachsendem-fastendruck-an-schulen\/<\/a><\/p>\n<p>.<br \/>\n.<\/p>\n<p><strong>(4) Heimliches Essen in Schulen, Spielunterbrechung beim Fu\u00dfball \u2013 Deutschland im Ramadan-Modus<\/strong><br \/>\nArabische Schriftz\u00fcge auf Werbetafeln und am Rathaus \u2013 Deutschland ist im Ramadan-Modus. Man will Muslimen \u201eWertsch\u00e4tzung\u201c entgegenbringen und nimmt daf\u00fcr auch drastische Einschnitte in Kauf. Das trifft schon die Kleinsten: Schulkinder sollen gar heimlich essen.<br \/>\n&#8230;<br \/>\nWas die einen als Zeichen der Toleranz und als Signal f\u00fcr mehr \u201eSichtbarkeit muslimischen Lebens\u201c begr\u00fc\u00dfen, l\u00f6st bei Kritikern kulturelles Befremden aus. Zu denen, die diese gesellschaftliche Entwicklung begr\u00fc\u00dfen, geh\u00f6rt der <a href=\"https:\/\/www.freiburg-schwarzwald.de\/blog\/ramadan-fastenzeit-frieden\/\">Freiburger B\u00fcrgermeister Martin Horn<\/a>. \u201eWir wollen muslimisches Leben sowie religi\u00f6se Br\u00e4uche und Feste sichtbarer machen und ihnen Wertsch\u00e4tzung entgegenbringen\u201c, schw\u00e4rmte er anl\u00e4sslich der erstmaligen Installation von Ramadan-Beleuchtung in seiner Stadt.<br \/>\n&#8230;<br \/>\nAnl\u00e4sslich des Ramadans wolle ihr Bezirksamt Berlin-Mitte \u201eFarbe bekennen f\u00fcr ein friedliches und aufgekl\u00e4rtes Miteinander der Religionen\u201c. Wie \u201efriedlich und aufgekl\u00e4rt\u201c es in L\u00e4ndern zugeht, die vom Islam dominiert werden, sagt sie nicht. Ebenso wenig erw\u00e4hnt sie die christliche Fastenzeit. Stattdessen wird das Rathaus Tiergarten mit Beleuchtung geschm\u00fcckt; man w\u00fcnscht allen, die daran vorbeigehen, einen gro\u00dfz\u00fcgigen Ramadan \u2013 auf Arabisch.<br \/>\n&#8230; Alles vom 8.3.2026 bitte lesen auf<br \/>\n<a href=\"https:\/\/apollo-news.net\/heimliches-essen-in-schulen-spielunterbrechung-beim-fuball-deutschland-im-ramadan-modus\/\">https:\/\/apollo-news.net\/heimliches-essen-in-schulen-spielunterbrechung-beim-fuball-deutschland-im-ramadan-modus\/<\/a><br \/>\n.<br \/>\nEinige Kommentare:<br \/>\nAlso ich weiss jetzt, wo ich garantiert nicht mehr einkaufen werde: <a href=\"https:\/\/reitschuster.de\/post\/edeka-wuenscht-frohes-fasten-aber-nur-fuer-muslime\/\">https:\/\/reitschuster.de\/post\/edeka-wuenscht-frohes-fasten-aber-nur-fuer-muslime\/<\/a> Marc Damlinger<br \/>\n.<br \/>\nDie Linken haben die Deutschen erfolgreich zu einem werte- und religionslosen Volk gemacht. Der Islam f\u00fcllt diese L\u00fccke jetzt langsam aber stetig aus. Der Zirkus<br \/>\nEnde Kommentare<\/p>\n","protected":false},"excerpt":{"rendered":"<p>Muslimische Sch\u00fcler: &#8222;Wir haben jetzt Ramadan, du mu\u00dft jetzt fasten. Und dein Brot in die Tonne werfen&#8220;. Lehrer: &#8222;Oder dich bei Essen wegdrehen&#8220; (1). Aus derlei Worten spricht Intoleranz, Rassismus und Hass. Kein Einzelfall, nichts Neues, sondern Normalit\u00e4t an deutschen &hellip; <a href=\"https:\/\/www.freiburg-schwarzwald.de\/blog\/ramadan-im-oeffentlichen-raum\/\">Weiterlesen <span class=\"meta-nav\">&rarr;<\/span><\/a><\/p>\n","protected":false},"author":2,"featured_media":0,"comment_status":"open","ping_status":"closed","sticky":false,"template":"","format":"standard","meta":{"footnotes":""},"categories":[18,355,36,210,155,60,61,157,19,95],"tags":[732,421,488,332,832,585],"class_list":["post-146523","post","type-post","status-publish","format-standard","hentry","category-bildung","category-buergerinitiativen","category-engagement","category-gewalt","category-integration","category-jugend","category-kinder","category-oeffentlicher-raum","category-religion","category-schulen","tag-gewalt","tag-islam","tag-child","tag-mobbing","tag-religion","tag-schule"],"_links":{"self":[{"href":"https:\/\/www.freiburg-schwarzwald.de\/blog\/wp-json\/wp\/v2\/posts\/146523","targetHints":{"allow":["GET"]}}],"collection":[{"href":"https:\/\/www.freiburg-schwarzwald.de\/blog\/wp-json\/wp\/v2\/posts"}],"about":[{"href":"https:\/\/www.freiburg-schwarzwald.de\/blog\/wp-json\/wp\/v2\/types\/post"}],"author":[{"embeddable":true,"href":"https:\/\/www.freiburg-schwarzwald.de\/blog\/wp-json\/wp\/v2\/users\/2"}],"replies":[{"embeddable":true,"href":"https:\/\/www.freiburg-schwarzwald.de\/blog\/wp-json\/wp\/v2\/comments?post=146523"}],"version-history":[{"count":5,"href":"https:\/\/www.freiburg-schwarzwald.de\/blog\/wp-json\/wp\/v2\/posts\/146523\/revisions"}],"predecessor-version":[{"id":146553,"href":"https:\/\/www.freiburg-schwarzwald.de\/blog\/wp-json\/wp\/v2\/posts\/146523\/revisions\/146553"}],"wp:attachment":[{"href":"https:\/\/www.freiburg-schwarzwald.de\/blog\/wp-json\/wp\/v2\/media?parent=146523"}],"wp:term":[{"taxonomy":"category","embeddable":true,"href":"https:\/\/www.freiburg-schwarzwald.de\/blog\/wp-json\/wp\/v2\/categories?post=146523"},{"taxonomy":"post_tag","embeddable":true,"href":"https:\/\/www.freiburg-schwarzwald.de\/blog\/wp-json\/wp\/v2\/tags?post=146523"}],"curies":[{"name":"wp","href":"https:\/\/api.w.org\/{rel}","templated":true}]}}