{"id":142955,"date":"2025-12-15T14:08:56","date_gmt":"2025-12-15T13:08:56","guid":{"rendered":"https:\/\/www.freiburg-schwarzwald.de\/blog\/?p=142955"},"modified":"2025-12-18T13:31:29","modified_gmt":"2025-12-18T12:31:29","slug":"australien-chanukka-is-terror","status":"publish","type":"post","link":"https:\/\/www.freiburg-schwarzwald.de\/blog\/australien-chanukka-is-terror\/","title":{"rendered":"Australien Chanukka: IS-Terror"},"content":{"rendered":"<p>Am 14.12.2025 <a href=\"https:\/\/www.freiburg-schwarzwald.de\/blog\/religion\/juden\/judenhass2021\/\">schossen<\/a> der 1998 per Studentenvisum aus Pakistan eingewanderte Sajid Akram (50) und sein Sohn Naveed Akram (24) zehn Minuten auf die ca 2000 am <a href=\"https:\/\/www.freiburg-schwarzwald.de\/blog\/religion\/islam\/islam-terror\/sydney-chanukka2025dez14\/\">Bondi Beach in Sydney<\/a> das <a href=\"https:\/\/www.freiburg-schwarzwald.de\/blog\/religion\/juden\/\">j\u00fcdische<\/a> Lichterfest Chanukka feiernden Menschen: 15 Tote (darunter ein 10-j\u00e4hriges M\u00e4dchen und ein 87-j\u00e4hriger Holocaust-\u00dcberlebender) <!--more-->sowie \u00fcber 42 Verletzte. Ein ersch\u00fctterndes &#8222;<a href=\"https:\/\/www.freiburg-schwarzwald.de\/blog\/religion\/islam\/islam-terror\/\">terroristisches Ereignis<\/a>&#8220; mit Bez\u00fcgen zum &#8222;<a href=\"https:\/\/www.freiburg-schwarzwald.de\/blog\/religion\/islam\/islamismus\/\">Islamischen Staat<\/a>&#8220; &#8211; so die australische Polizei.\u00a0 \u00a0Mehr <a href=\"https:\/\/www.freiburg-schwarzwald.de\/blog\/religion\/islam\/islam-terror\/sydney-chanukka2025dez14\/\">hier<\/a>.<\/p>\n<p>Beim Olympia-Attentat in <a href=\"https:\/\/www.freiburg-schwarzwald.de\/blog\/olympia-attentat-muenchen-50\/\">M\u00fcnchen 1972<\/a> waren 11 israelische Tote zu beklagen, eine lange anhaltende Diskussion \u00fcber den <a href=\"https:\/\/www.freiburg-schwarzwald.de\/blog\/religion\/islam\/terror\/\">Terrorismus<\/a> begann. In Sydney gab es jetzt mindesten 15 j\u00fcdische Tote, Australien wird sich ver\u00e4ndern.<\/p>\n<p>In Deutschland scheint man sich an den brutalen <a href=\"https:\/\/www.freiburg-schwarzwald.de\/blog\/religion\/islam\/islam-terror\/\">islamistischen Terror<\/a> (Liste seit 2002 siehe (3) unten) gew\u00f6hnt zu haben. Die Mainstreammedien melden die IS-Morde am Bondi Strand vornehmlich unter der \u00dcberschrift &#8222;<a href=\"https:\/\/www.freiburg-schwarzwald.de\/blog\/religion\/juden\/antisemitismus\/\">Antisemitismus<\/a>&#8220; wie &#8222;Antisemitischer Anschlag in Sydney&#8220; (NDR, 15.12.2025) &#8211; kein Wort von Islamismus, IS und Pakistan, die dabei offensichtlich keine Rolle spielen. Und in der deutschen Kriminalstatistik w\u00fcrde der Anschlag von Sydney unter den Rubriken &#8222;<a href=\"https:\/\/www.freiburg-schwarzwald.de\/blog\/engagement\/zukunft\/demokratie\/extremismus\/rechtsextremismus\/\">Rechtsextremismus<\/a>&#8220; bzw. &#8222;Gewalt von rechts&#8220; verbucht (mehr dazu <a href=\"https:\/\/www.freiburg-schwarzwald.de\/blog\/kriminalstatistik-verzerrt-realitaet\/\">hier<\/a>).<br \/>\n.<br \/>\n<a href=\"https:\/\/www.freiburg-schwarzwald.de\/blog\/kultur\/medien\/desinformation\/\">Desinformation<\/a> hei\u00dft: Falsch, mi\u00dfverst\u00e4ndlich, unklar, schlampig oder bewu\u00dft, manipulativ, gar nicht bzw. irref\u00fchrend berichten. Zu letzterem ein Beispiel:<br \/>\nIn den <a href=\"https:\/\/www.freiburg-schwarzwald.de\/blog\/kultur\/medien\/oerr\/\">ARD-Nachrichten<\/a> am 15.12.2025 zum Channuka-Terror in Sydney: Die T\u00e4ter sind zwei &#8222;M\u00e4nner&#8220;. Kein Wort, da\u00df sie aus Pakistan stammen, einem Staat, in dem Islam Staatsreligion ist. Bei dem mutigen Retter hingegen, der dem einen &#8222;Mann&#8220; (dem Sohn) das Gewehr entriss und der somit zig Menschen das Leben gerettet hat, wird\u00a0 hervorgehoben, da\u00df er aus <a href=\"https:\/\/www.freiburg-schwarzwald.de\/blog\/global\/syrien\/\">Syrien<\/a> stammt, einem Staat, das als Kernland des Islamischen Staates <a href=\"https:\/\/www.freiburg-schwarzwald.de\/blog\/religion\/islam\/islam-politik\/\">IS<\/a> gilt.<br \/>\n.<br \/>\nDie australischen Medien benennen die Gefahrsursachen f\u00fcr antisemitischen Terror: Islamismus, IS, Islam, Pakistan, usw.. Gut so, da damit die Gefahrensabwehr gest\u00e4rkt wird. Die deutschen Medien hingegen verschweigen sie.<br \/>\nDabei ist die Gefahr f\u00fcr islamistischen Terror in Deutschland &#8211; schon von den Zahlen her &#8211; wesentlich gr\u00f6\u00dfer als in Australien.<br \/>\n.<br \/>\nDie \u00fcberwiegende Zahl der hier in Deutschland lebenden <a href=\"https:\/\/www.freiburg-schwarzwald.de\/blog\/global\/integration\/muslime\/\">Muslime<\/a> gehen einem Grundgesetz-konformen Islam nach und verabscheuen den <a href=\"https:\/\/www.freiburg-schwarzwald.de\/blog\/religion\/islam\/islam-terror\/\">islamistischen Terror<\/a>. Auch sie lehnen ein Vertuschen des islamistischen Terrors ab, wie er von Medien und Politik durch Nichtbenennen der T\u00e4terschaft praktiziert wird. Die deutsche Informationspolitik sollte sich ein Beispiel an der australischen nehmen. Den Terror kann man nur bek\u00e4mpfen, in dem man seine Ursachen konkret und Fall f\u00fcr Fall klar benennt.<br \/>\n.<br \/>\nDer Terror ist furchtbar. Besonders die Aussicht, da\u00df es &#8211; da man die Ursachen nicht wahrnehmen will &#8211; so weitergehen wird.<br \/>\n15.12.2025<br \/>\n.<br \/>\nEnde von Beitrag &#8222;Australien Chanukka: IS-Terror&#8220;<br \/>\n============================================================<br \/>\nBeginn von Anlagen (1) &#8211; (3)<br \/>\n.<\/p>\n<p><strong>(1) Terrorangriff am Bondi Beach: Auch zehnj\u00e4hriges M\u00e4dchen und Holocaust-\u00dcberlebender ermordet<\/strong><br \/>\nNach dem verheerenden Anschlag auf eine Chanukka-Feier am weltbekannten Bondi Beach in Sydney wird nun mehr \u00fcber die Schicksale der Opfer bekannt. Mit jeder neuen Information wird deutlicher, welch tiefe Wunden der Angriff in viele Familien geschlagen hat. Unter den Get\u00f6teten sind Kinder, Familienv\u00e4ter, religi\u00f6se W\u00fcrdentr\u00e4ger und ein Holocaust-\u00dcberlebender \u2013 sie alle waren bei dem j\u00fcdischen Lichterfest Chanukka am bekannten australischen Strand.<br \/>\n&#8230; Alles vom 15.12.2025 bitte lesen auf<br \/>\n<a href=\"https:\/\/www.tichyseinblick.de\/kolumnen\/aus-aller-welt\/terrorangriff-am-bondi-beach-auch-zehnjaehriges-maedchen-und-holocaust-ueberlebender-ermordet\/\">https:\/\/www.tichyseinblick.de\/kolumnen\/aus-aller-welt\/terrorangriff-am-bondi-beach-auch-zehnjaehriges-maedchen-und-holocaust-ueberlebender-ermordet\/<\/a><\/p>\n<p>Einige Kommentare:<br \/>\nUnsere Psychoexperten haben sich also ein neues Wording ausgedacht. Es gibt jetzt keine islamistischen Anschl\u00e4ge mehr, sondern nur noch \u201eantisemitische\u201e. Dass die T\u00e4ter muslimische Pakistanis waren, wurde bislang fast nur in englischsprachigen Medien thematisiert . Ich bestehe darauf, dass im Zusammenhang mit unseren traditionellen Weihnachtsmarkt-Attentaten zuk\u00fcnftig dann auch explizit von \u201eantichristlichen\u201c Terroranschl\u00e4gen gesprochen wird. Montesquieu<br \/>\n.<br \/>\nErdogan hatte einmal gesagt, es g\u00e4be keinen Islamismus; es g\u00e4be nur den Islam. Vielleicht ist das der Grund daf\u00fcr, da\u00df solche Attentate in Moscheen vorbereitet und die Hinterleute unbehelligt von jeder beh\u00f6rdlichen Verfolgung ihre Strippen weiterziehen k\u00f6nnen. Und, man h\u00f6rt nach solchen Attentaten niemals Emp\u00f6rung der muslimischen Gemeinden oder von Solidarit\u00e4tsdemonstrationen durch Muslime. Es liegt wohl nicht daran, da\u00df sich Muslime nicht emp\u00f6ren k\u00f6nnen, z.B. gegen die Er\u00f6ffnung eines j\u00fcdischen Restaurants in Berlin oder f\u00fcr die Einf\u00fchrung eines Kalifatstaates in Deutschland oder vorgegebenen antimuslimischen Rassismus. Meine lieben muslimischen Mitb\u00fcrger, es w\u00e4re mal Zeit f\u00fcr das Zeigen von Solidarit\u00e4t mit j\u00fcdischen Opfern die von euren muslimischen Br\u00fcdern ermordet und verletzt wurden. tiptoppinguin<br \/>\n.<br \/>\nNennen Sie bitte auch die Namen der Opfer und zeigen Sie ihre Fotos. Die Leitmedien werden es nicht tun, weil es sich um die falschen T\u00e4ter handelt. Dieter Blume<br \/>\nEnde Kommentare<br \/>\n.<\/p>\n<p><strong>(2) Antisemitismus: Die Vorgeschichte von Bondi Beach<\/strong><br \/>\n&#8230;<br \/>\nDie Geschichte der j\u00fcdischen Gemeinde in Australien reicht bis in die Zeit der britischen Kolonialisierung am Ende des 18. Jahrhunderts zur\u00fcck.<br \/>\n&#8230;<br \/>\nNach Angaben des Exekutivrats des Australischen Judentums wurden in den zw\u00f6lf Monaten bis Oktober 2025 1.654 antisemitische Vorf\u00e4lle registriert \u2013 eine der h\u00f6chsten Zahlen seit Beginn der Erfassung. Dazu z\u00e4hlen Bedrohungen, k\u00f6rperliche Angriffe, Brandstiftungen, Schmierereien und systematische Einsch\u00fcchterung. Beobachter sprechen inzwischen von einer Antisemitismus-Krise, die nicht nur zahlenm\u00e4\u00dfig, sondern auch in ihrer Radikalit\u00e4t zugenommen habe.<br \/>\nBesonders ersch\u00fctternd war f\u00fcr die j\u00fcdische Gemeinde die \u201eDoxing-Aff\u00e4re\u201c Anfang 2024. Rund 600 australische Juden aus der Kunst- und Kulturszene hatten sich in einer WhatsApp-Gruppe gegen Antisemitismus zusammengeschlossen. Die antiisraelische Schriftstellerin Clementine Ford ver\u00f6ffentlichte Namen, Berufe und Chatverl\u00e4ufe und verlinkte die Inhalte am 7. Februar als \u201edurchgesickerten zionistischen Gruppenchat\u201c. Die Schikanen setzten unmittelbar ein; eine Familie schloss ihr Gesch\u00e4ft und tauchte unter, nachdem sie bedroht worden war.<br \/>\n&#8230;<br \/>\n&#8230; Alles vom 15.12.2025 von Stefan Frank bitte lesen auf<br \/>\n<a href=\"https:\/\/www.achgut.com\/artikel\/das_menetekel_von_bondi_beach\">https:\/\/www.achgut.com\/artikel\/das_menetekel_von_bondi_beach<\/a><br \/>\n.<br \/>\nEinige Kommentare:<br \/>\nDas ist also das neue Branding. Statt ausgehend von der Grundideologischen Motivation \u201eislamistisch\u201c hei\u00dft es nun ausgehend von der (haupts\u00e4chlichen, nicht ausschlie\u00dflichen) Opferreligionsangeh\u00f6rigkeit \u201eantisemitisch. Alles eine Frage der Perspektive. Aber passt so besser zum Zeitgeist. In dem Zusammenhang m\u00f6gen man dann konsequenter Weise anl\u00e4\u00dflich unserer traditionellen Weihnachtsmarkt-Festivit\u00e4ten bitte auch von \u201cantichristlich\u201e sprechen. Vielen Dank. Dr. Markus Hahn<br \/>\n.<br \/>\nHeute Morgen um 7 Uhr. Nachrichten in WDR4 (die spielen ganz gute Musik). Der Sprecher, ein Joachim Augner, teilt mit, dass ein \u201eVater und sein Sohn\u201c den Anschlag ver\u00fcbt h\u00e4tten. Er teilt weiter mit, dass ein \u201esyrischer Obsth\u00e4ndler\u201c eingriff. Exakte Informationen zu dem \u201eVater und Sohn\u201c (=Naveed und Sajid Akram) lagen heute Morgen l\u00e4ngst vor, u.a. Fotos eines der beiden (w\u00fctend blickender, dunkelhaariger B\u00e4rtiger mit Undercut-Frisur). Aber gew\u00e4hlt wird im WDR die Formulierung \u201eVater und Sohn\u201c (die T\u00e4ter) versus \u201esyrischer Obsth\u00e4ndler\u201c (positive Figur). Ob dieser Augner das so wollte oder gehalten war, es so vorzulesen, wei\u00df ich nicht. Aber viell. kann jemand die Aufnahme archivieren. Riesengro\u00dfer Elefant im Raum. Der WDR mag diesen mal wieder nicht benennen. Der Elefant w\u00e4chst nat\u00fcrlich von Tag zu Tag, von Monat zu Monat, von Jahr zu Jahr. Miklos<br \/>\nEnde Kommentare<br \/>\n.<br \/>\n.<br \/>\n<strong>(3) Der n\u00e4chste Anschlag: Wir haben ein erhebliches Problem mit Islamisten<\/strong><br \/>\n&#8230;<br \/>\nEinmal mehr ein Anschlag, bei dem sich viele verbiegen werden, um die Tatsache, dass westliche und nicht nur westliche Gesellschaften seit Jahrzehnten von islamistischen Terroristen heimgesucht werden, kleinzureden bzw. die Gefahr, die von importierten Islamisten ausgeht, zu \u00fcbert\u00fcnchen.<br \/>\nUnd einmal mehr ein Anschlag, der viele Tote und viele zerst\u00f6rte Leben zur\u00fcckl\u00e4sst.<br \/>\nUnd das soll die Normalit\u00e4t in modernen Gesellschaften sein, an denen man in einer globalisierten Welt nichts \u00e4ndern kann?<br \/>\nWir pr\u00e4sentieren im Folgenden eine Liste, die die islamistischen Terroranschl\u00e4ge seit dem Anschlag auf das World Trade Center in New York zusammenstellt. Wenn man dieser Liste nicht entnehmen will, dass es eine Religionsgemeinschaft gibt, in deren Mitte sich verh\u00e4ltnism\u00e4\u00dfig viele M\u00f6rder finden lassen, dann muss man dieser Liste doch zumindest entnehmen, dass es eine Religionsgemeinschaft gibt, deren Mitglieder vor dem Mord an Christen, Hindus, Juden und Shi\u2019iten nicht halt macht, eine Religionsgemeinschaft, die es extremen Mitgliedern erlaubt, ihre Morde als \u201eGotteswerk\u201c zu kaschieren und sich auf den K\u00f6rpern von Leichen, eigene Bedeutung zu verschaffen.<br \/>\n&#8230; Liste 2002-2025 &#8230;<\/p>\n<p>&#8230; Alles vom 15.12.2025 von Michel Klein bitte lesen auf<br \/>\n<a href=\"https:\/\/sciencefiles.org\/2025\/12\/14\/der-naechste-anschlag-wir-haben-ein-erhebliches-problem-mit-islamisten\/\">https:\/\/sciencefiles.org\/2025\/12\/14\/der-naechste-anschlag-wir-haben-ein-erhebliches-problem-mit-islamisten\/<\/a><\/p>\n","protected":false},"excerpt":{"rendered":"<p>Am 14.12.2025 schossen der 1998 per Studentenvisum aus Pakistan eingewanderte Sajid Akram (50) und sein Sohn Naveed Akram (24) zehn Minuten auf die ca 2000 am Bondi Beach in Sydney das j\u00fcdische Lichterfest Chanukka feiernden Menschen: 15 Tote (darunter ein &hellip; <a href=\"https:\/\/www.freiburg-schwarzwald.de\/blog\/australien-chanukka-is-terror\/\">Weiterlesen <span class=\"meta-nav\">&rarr;<\/span><\/a><\/p>\n","protected":false},"author":2,"featured_media":0,"comment_status":"open","ping_status":"closed","sticky":false,"template":"","format":"standard","meta":{"footnotes":""},"categories":[1],"tags":[732,421,420],"class_list":["post-142955","post","type-post","status-publish","format-standard","hentry","category-allgemein","tag-gewalt","tag-islam","tag-juden"],"_links":{"self":[{"href":"https:\/\/www.freiburg-schwarzwald.de\/blog\/wp-json\/wp\/v2\/posts\/142955","targetHints":{"allow":["GET"]}}],"collection":[{"href":"https:\/\/www.freiburg-schwarzwald.de\/blog\/wp-json\/wp\/v2\/posts"}],"about":[{"href":"https:\/\/www.freiburg-schwarzwald.de\/blog\/wp-json\/wp\/v2\/types\/post"}],"author":[{"embeddable":true,"href":"https:\/\/www.freiburg-schwarzwald.de\/blog\/wp-json\/wp\/v2\/users\/2"}],"replies":[{"embeddable":true,"href":"https:\/\/www.freiburg-schwarzwald.de\/blog\/wp-json\/wp\/v2\/comments?post=142955"}],"version-history":[{"count":5,"href":"https:\/\/www.freiburg-schwarzwald.de\/blog\/wp-json\/wp\/v2\/posts\/142955\/revisions"}],"predecessor-version":[{"id":143032,"href":"https:\/\/www.freiburg-schwarzwald.de\/blog\/wp-json\/wp\/v2\/posts\/142955\/revisions\/143032"}],"wp:attachment":[{"href":"https:\/\/www.freiburg-schwarzwald.de\/blog\/wp-json\/wp\/v2\/media?parent=142955"}],"wp:term":[{"taxonomy":"category","embeddable":true,"href":"https:\/\/www.freiburg-schwarzwald.de\/blog\/wp-json\/wp\/v2\/categories?post=142955"},{"taxonomy":"post_tag","embeddable":true,"href":"https:\/\/www.freiburg-schwarzwald.de\/blog\/wp-json\/wp\/v2\/tags?post=142955"}],"curies":[{"name":"wp","href":"https:\/\/api.w.org\/{rel}","templated":true}]}}