{"id":14199,"date":"2012-10-31T18:29:28","date_gmt":"2012-10-31T17:29:28","guid":{"rendered":"https:\/\/www.freiburg-schwarzwald.de\/blog\/?p=14199"},"modified":"2012-10-31T18:55:00","modified_gmt":"2012-10-31T17:55:00","slug":"haus-des-lebens-benefizkonzert","status":"publish","type":"post","link":"https:\/\/www.freiburg-schwarzwald.de\/blog\/haus-des-lebens-benefizkonzert\/","title":{"rendered":"Haus des Lebens Benefizkonzert"},"content":{"rendered":"<p>Musik hilft e.V. gibt ein Benefizkonzert zugunsten des &#8222;<a title=\"Haus-des-Lebens\" href=\"https:\/\/www.freiburg-schwarzwald.de\/blog\/selbsthilfe\/familie\/haus-des-lebens\/\">Haus des Lebens<\/a>&#8222;. Drei au\u00dfergew\u00f6hnliche Talente machen es m\u00f6glich: Milena Wilke geb. 1996 in Freiburg, Violine, Elias David Moncado geb. 2000 in Aachen, Violine sowie Shi-Yu Tang geb. 1995 in Taiwan Klavier. Sie spielen Werke von Max Bruch, Eugene Ysa\u0233e, Ludwig van Beethoven Maurice Ravell, Jules Massenet, Hanryk Wieniawski und Dmitri Schostakowitsch.<br \/>\n<em>Konzert\u00a0am 11.11.2012 \u00a0im Historischen\u00a0Kaufhaus<\/em><br \/>\n<em>Beginn 11.00 Uhr &#8211; <\/em><em>Karten 20,00 \u20ac erm\u00e4\u00dfigt 10,00 \u20ac, BZ Verkaufsstellen oder\u00a0Tageskasse<\/em><br \/>\nDer Erl\u00f6s aus dem Konzert kommt zu 100 % dem \u201eHaus des Lebens\u201e zugute.<!--more--><\/p>\n<p>Das \u201cHaus des Lebens\u201c in 79106 Freiburg, Immentalstr. 12, hilft jungen Frauen (meist 16 \u2013 21 Jahre alt) , die sich vor oder nach der Geburt ihres Kindes in einer schwierigen Lebenssituation befinden. Es gew\u00e4hrt Unterkunft und sehr vielseitige Unterst\u00fctzung f\u00fcr Mutter und Kind. Kompetente Fachkr\u00e4fte\u00a0 bem\u00fchen sich bei den M\u00fcttern um Hilfe zur Selbsthilfe und um lebensfunktionelle Stabilisierung. Bei den Kindern kommt ein spezielles Programm zur Erziehung und F\u00f6rderung zum Einsatz ( STEEP ), auch pr\u00e4ventiv zur Vermeidung von Entwicklungsproblemen.<\/p>\n<div id=\"attachment_14200\" style=\"width: 190px\" class=\"wp-caption alignnone\"><a href=\"https:\/\/www.freiburg-schwarzwald.de\/blog\/haus-des-lebens-benefizkonzert\/haus-des-lebens1210\/\" rel=\"attachment wp-att-14200\"><img loading=\"lazy\" decoding=\"async\" aria-describedby=\"caption-attachment-14200\" class=\"size-thumbnail wp-image-14200\" title=\"haus-des-lebens1210\" src=\"https:\/\/www.freiburg-schwarzwald.de\/blog\/wp-content\/uploads\/2012\/10\/haus-des-lebens1210-180x121.jpg\" alt=\"\" width=\"180\" height=\"121\" srcset=\"https:\/\/www.freiburg-schwarzwald.de\/blog\/wp-content\/uploads\/2012\/10\/haus-des-lebens1210-180x121.jpg 180w, https:\/\/www.freiburg-schwarzwald.de\/blog\/wp-content\/uploads\/2012\/10\/haus-des-lebens1210.jpg 639w\" sizes=\"auto, (max-width: 180px) 100vw, 180px\" \/><\/a><p id=\"caption-attachment-14200\" class=\"wp-caption-text\">&quot;Musik hilft!&quot; spielt f\u00fcr das Haus des Lebens - rechts Kinderarzt Dr.Christoph Lengsfeld, Littenweiler<\/p><\/div>\n<p>Neben dem &#8222;Haus des Lebens&#8220; werden folgende Projekte mit Ihrer Hilfe\u00a0von &#8222;Musik hilft!&#8220; gef\u00f6rdert: \u201eTigerherz\u201c und die Klinik-Clowns. Wir bitten um Ihre Unterst\u00fctzung.<br \/>\n<span style=\"color: #008000;\"><strong>Spendentelefon Nr.<\/strong> <strong>0900 50 10 705\u00a0&#8211; mit Ihrem Anruf spenden Sie 5,00 \u20ac<\/strong><\/span><\/p>\n<p><span style=\"color: #008000;\"><strong>Musik hilft! &#8211; Verein zur F\u00f6rderung sozialer Projekt und junger Musiker e.V.<br \/>\n<\/strong><\/span>c\/o\u00a0Birgitte Edelmann und Klaus K\u00f6bele<br \/>\nBirgitte und Karl-Heinz Edelmann, Erwinstra\u00dfe 16, 79102 Freiburg, Tel 0761 \/ 7 52 84<br \/>\n<a href=\"https:\/\/www.musik-hilft-freiburg.de\/\" target=\"_parent\">https:\/\/www.musik-hilft-freiburg.de<\/a><\/p>\n<p>&nbsp;<\/p>\n<p>&nbsp;<\/p>\n","protected":false},"excerpt":{"rendered":"<p>Musik hilft e.V. gibt ein Benefizkonzert zugunsten des &#8222;Haus des Lebens&#8222;. Drei au\u00dfergew\u00f6hnliche Talente machen es m\u00f6glich: Milena Wilke geb. 1996 in Freiburg, Violine, Elias David Moncado geb. 2000 in Aachen, Violine sowie Shi-Yu Tang geb. 1995 in Taiwan Klavier. &hellip; <a href=\"https:\/\/www.freiburg-schwarzwald.de\/blog\/haus-des-lebens-benefizkonzert\/\">Weiterlesen <span class=\"meta-nav\">&rarr;<\/span><\/a><\/p>\n","protected":false},"author":4,"featured_media":0,"comment_status":"open","ping_status":"closed","sticky":false,"template":"","format":"standard","meta":{"footnotes":""},"categories":[36,59,104,61,161],"tags":[398,443],"class_list":["post-14199","post","type-post","status-publish","format-standard","hentry","category-engagement","category-frauen","category-hilfe","category-kinder","category-spende","tag-konzert","tag-termin"],"_links":{"self":[{"href":"https:\/\/www.freiburg-schwarzwald.de\/blog\/wp-json\/wp\/v2\/posts\/14199","targetHints":{"allow":["GET"]}}],"collection":[{"href":"https:\/\/www.freiburg-schwarzwald.de\/blog\/wp-json\/wp\/v2\/posts"}],"about":[{"href":"https:\/\/www.freiburg-schwarzwald.de\/blog\/wp-json\/wp\/v2\/types\/post"}],"author":[{"embeddable":true,"href":"https:\/\/www.freiburg-schwarzwald.de\/blog\/wp-json\/wp\/v2\/users\/4"}],"replies":[{"embeddable":true,"href":"https:\/\/www.freiburg-schwarzwald.de\/blog\/wp-json\/wp\/v2\/comments?post=14199"}],"version-history":[{"count":0,"href":"https:\/\/www.freiburg-schwarzwald.de\/blog\/wp-json\/wp\/v2\/posts\/14199\/revisions"}],"wp:attachment":[{"href":"https:\/\/www.freiburg-schwarzwald.de\/blog\/wp-json\/wp\/v2\/media?parent=14199"}],"wp:term":[{"taxonomy":"category","embeddable":true,"href":"https:\/\/www.freiburg-schwarzwald.de\/blog\/wp-json\/wp\/v2\/categories?post=14199"},{"taxonomy":"post_tag","embeddable":true,"href":"https:\/\/www.freiburg-schwarzwald.de\/blog\/wp-json\/wp\/v2\/tags?post=14199"}],"curies":[{"name":"wp","href":"https:\/\/api.w.org\/{rel}","templated":true}]}}