{"id":141887,"date":"2025-11-21T10:32:28","date_gmt":"2025-11-21T09:32:28","guid":{"rendered":"https:\/\/www.freiburg-schwarzwald.de\/blog\/?p=141887"},"modified":"2025-11-24T11:00:20","modified_gmt":"2025-11-24T10:00:20","slug":"bomben-auf-freiburg-27-11-1944","status":"publish","type":"post","link":"https:\/\/www.freiburg-schwarzwald.de\/blog\/bomben-auf-freiburg-27-11-1944\/","title":{"rendered":"Bomben auf Freiburg 27.11.1944"},"content":{"rendered":"<p><a href=\"https:\/\/www.freiburg-schwarzwald.de\/blog\/regio\/freiburg\/freiburg1944\/freiburg1944heute\/\">Freiburg<\/a> wurde am Abend des <a href=\"https:\/\/www.freiburg-schwarzwald.de\/blog\/regio\/freiburg\/freiburg1944\/\">27. November 1944<\/a> von der britischen Royal Airforce <a href=\"https:\/\/www.freiburg-schwarzwald.de\/blog\/bomben-auf-dresden-80-jahre\/\">bombardiert<\/a>. Der <a href=\"https:\/\/www.freiburg-schwarzwald.de\/blog\/freiburg-1944-nie-wieder-krieg\/\">Luftangriff<\/a> &#8222;Tigerfish&#8220; legte die Altstadt in Schutt und Asche. Wie durch ein Wunder blieb das <a href=\"https:\/\/www.freiburg-schwarzwald.de\/blog\/religion\/kirchen\/muenster\/muensterturm\/\">Freiburger M\u00fcnster<\/a> inmitten der Tr\u00fcmmer relativ unversehrt stehen.<!--more--><br \/>\nDer 2024 produzierte <a href=\"https:\/\/www.freiburg-schwarzwald.de\/blog\/bodo-kaiser-filmzensur-diskurs\/\">Film<\/a> &#8222;Sonst war es still&#8220; erinnert an das grausame Geschehen, das so viel Tod und Leid brachte. Es tut gut, sich den Film anzusehen, um daran zu <a href=\"https:\/\/www.freiburg-schwarzwald.de\/blog\/kultur\/erinnerungskultur\/\">erinnern<\/a>\u00a0und zu mahnen, wozu <a href=\"https:\/\/www.freiburg-schwarzwald.de\/blog\/engagement\/zukunft\/krieg\/kriegstuechtig\/\">Kriegst\u00fcchtigkeit<\/a> f\u00fchrt.<br \/>\n21.11.2025<br \/>\nEkke, geboren am 31. August 1944 in Freiburg<br \/>\n.<br \/>\n<a href=\"https:\/\/www.freiburg-schwarzwald.de\/blog\/wp-content\/uploads\/2012\/04\/freiburg1944kajo.jpg\"><img loading=\"lazy\" decoding=\"async\" class=\"alignnone size-full wp-image-51628\" src=\"https:\/\/www.freiburg-schwarzwald.de\/blog\/wp-content\/uploads\/2012\/04\/freiburg1944kajo.jpg\" alt=\"\" width=\"590\" height=\"384\" srcset=\"https:\/\/www.freiburg-schwarzwald.de\/blog\/wp-content\/uploads\/2012\/04\/freiburg1944kajo.jpg 590w, https:\/\/www.freiburg-schwarzwald.de\/blog\/wp-content\/uploads\/2012\/04\/freiburg1944kajo-180x117.jpg 180w\" sizes=\"auto, (max-width: 590px) 100vw, 590px\" \/><\/a><\/p>\n<p>.<br \/>\nEnde von Beitrag &#8222;Bomben auf Freiburg 27.11.1944&#8220;<br \/>\n=============================================================<br \/>\nBeginn von Anlagen (1) &#8211; (2)<br \/>\n.<br \/>\n.<br \/>\n<strong>(1) Sonst war es still &#8211; Vorf\u00fchrungen im C-Punkt am M\u00fcnsterplatz<\/strong><br \/>\nDer ber\u00fchrende Film zum Gedenken an den 27. November 1944<br \/>\nErinnerung an die Bombardierung.<br \/>\nDie Bombardierung Freiburgs am Abend des 27. November 1944 richtete gro\u00dfes Leid bei der Bev\u00f6lkerung an und legte einen Gro\u00dfteil der Geb\u00e4ude um das Freiburger M\u00fcnster in Schutt und Asche. Das M\u00fcnster selbst blieb wundersamerweise weitgehend unversehrt.<br \/>\nDieses ber\u00fchrende Filmformat besch\u00e4ftigt sich mit den Geschehnissen im November 1944. Gezeigt werden Gespr\u00e4che mit Zeitzeuginnen und Zeitzeugen und bisher nicht ver\u00f6ffentliche Aufnahmen aus den Tagen des Angriffes auf Freiburg im November 1944.<br \/>\nIm Jahr 2024 begleitend zur Ausstellung &#8222;Sonst war es still&#8220; erschien dieser Film als Zeugnis und Mahnung. Eine \u00fcberw\u00e4ltigende Anzahl von Menschen haben diese Ausstellung besucht und den Film gesehen.<br \/>\nZum diesj\u00e4hrigen Gedenktag am 27. November wird der Film im c-punkt M\u00dcNSTERFORUM (Herrenstrasse, Ostseite M\u00fcnster) gezeigt.<\/p>\n<p>Termine der Vorf\u00fchrungen:<br \/>\nMontag 24. November &#8211; Freitag 28. November 2025<br \/>\njeweils um 14:30 Uhr und um 16:00 Uhr<br \/>\n<a href=\"https:\/\/www.c-punkt-freiburg.de\/detail\/nachricht\/id\/209960-sonst-war-es-still\/\">https:\/\/www.c-punkt-freiburg.de\/detail\/nachricht\/id\/209960-sonst-war-es-still\/<\/a><br \/>\n.<br \/>\n.<br \/>\n<strong>(2) Freiburger Bombennacht 27.11.1944: Film \u201eSonst war es still\u201c in Kirchzarten<\/strong><br \/>\nDie Doku \u201eSonst war es still\u201c erm\u00f6glicht, was vielen Menschen verwehrt blieb: Den authentischen Bericht des Kriegsgeschehens, insbesondere die Freiburger Bombennacht Ende November 1944.<br \/>\nAnstelle von Anklage und Bitternis treten Klarheit und Altersweisheit. Es ist, als w\u00fcrden Eltern und Gro\u00dfeltern -endlich- berichten.<br \/>\nWir zeigen diese wertvolle Doku am <em><strong>Samstag, den 29.11.25, um 19 Uhr im B\u00fcrgersaal in der Talvogtei\u00a0 Kirchzarten.<\/strong> <\/em>Produziert wurde der Film vom Freiburger Filmteam b2w (Trailer).<br \/>\n<a href=\"https:\/\/vimeo.com\/1049628259\/351807e042?fl=pl&amp;fe=vl\">https:\/\/vimeo.com\/1049628259\/351807e042?fl=pl&amp;fe=vl<\/a><br \/>\n<a href=\"https:\/\/www.b2w-filmworks.de\/\">https:\/\/www.b2w-filmworks.de\/<\/a><\/p>\n<p>Eine der Zeitzeuginnen wird anwesend sein und steht anschlie\u00dfend Rede und Antwort f\u00fcr die Fragen aus dem Publikum.<br \/>\nDen Abend moderiert der Freiburger Musiker Christian Nagel.<br \/>\nZu finden ist der Saal bei der Mediathek, in der Talvogteistra\u00dfe 2, 79199 Kirchzarten.<br \/>\nDer Eintritt ist frei, wir bitten um Spenden zur Kostendeckung. Die DVD und das Begleitb\u00fcchlein k\u00f6nnen Sie an diesem Abend erwerben.<br \/>\nEgal, ob Du\/Sie teilnehmen oder nicht, w\u00e4re es eine gro\u00dfe Unterst\u00fctzung, diese Mail gro\u00dffl\u00e4chig zu teilen. Alle sind willkommen. Ganz besonders freuen wir uns, wenn wir junge Menschen erreichen, wie auch \u00fcber weitere Zeitzeugen.<\/p>\n<p>In der Woche wird der Film nachmittags beim C-Punkt in Freiburg ebenfalls gezeigt. Zwar ohne anschlie\u00dfenden Austausch aber wer Samstag nicht kann, schafft es vielleicht. dorthin. Denn, Zitat eines Zuschauers: \u201eDiesen Film sollten alle Menschen sehen!\u201c.<br \/>\nHerzliche Gr\u00fc\u00dfe, Karin Lorenz, <a href=\"mailto:Karin.Lorenz@bedies.de\">Karin.Lorenz@bedies.de<\/a><br \/>\n21.11.2025<br \/>\n.<\/p>\n<p>&nbsp;<\/p>\n","protected":false},"excerpt":{"rendered":"<p>Freiburg wurde am Abend des 27. November 1944 von der britischen Royal Airforce bombardiert. Der Luftangriff &#8222;Tigerfish&#8220; legte die Altstadt in Schutt und Asche. Wie durch ein Wunder blieb das Freiburger M\u00fcnster inmitten der Tr\u00fcmmer relativ unversehrt stehen.<\/p>\n","protected":false},"author":2,"featured_media":0,"comment_status":"open","ping_status":"closed","sticky":false,"template":"","format":"standard","meta":{"footnotes":""},"categories":[18,36,49,235,139,13,157,11],"tags":[837,520,732,667,86],"class_list":["post-141887","post","type-post","status-publish","format-standard","hentry","category-bildung","category-engagement","category-freiburg","category-geschichte","category-heimat","category-kultur","category-oeffentlicher-raum","category-regio","tag-erinnerung","tag-frieden","tag-gewalt","tag-krieg","tag-waffen"],"_links":{"self":[{"href":"https:\/\/www.freiburg-schwarzwald.de\/blog\/wp-json\/wp\/v2\/posts\/141887","targetHints":{"allow":["GET"]}}],"collection":[{"href":"https:\/\/www.freiburg-schwarzwald.de\/blog\/wp-json\/wp\/v2\/posts"}],"about":[{"href":"https:\/\/www.freiburg-schwarzwald.de\/blog\/wp-json\/wp\/v2\/types\/post"}],"author":[{"embeddable":true,"href":"https:\/\/www.freiburg-schwarzwald.de\/blog\/wp-json\/wp\/v2\/users\/2"}],"replies":[{"embeddable":true,"href":"https:\/\/www.freiburg-schwarzwald.de\/blog\/wp-json\/wp\/v2\/comments?post=141887"}],"version-history":[{"count":3,"href":"https:\/\/www.freiburg-schwarzwald.de\/blog\/wp-json\/wp\/v2\/posts\/141887\/revisions"}],"predecessor-version":[{"id":142041,"href":"https:\/\/www.freiburg-schwarzwald.de\/blog\/wp-json\/wp\/v2\/posts\/141887\/revisions\/142041"}],"wp:attachment":[{"href":"https:\/\/www.freiburg-schwarzwald.de\/blog\/wp-json\/wp\/v2\/media?parent=141887"}],"wp:term":[{"taxonomy":"category","embeddable":true,"href":"https:\/\/www.freiburg-schwarzwald.de\/blog\/wp-json\/wp\/v2\/categories?post=141887"},{"taxonomy":"post_tag","embeddable":true,"href":"https:\/\/www.freiburg-schwarzwald.de\/blog\/wp-json\/wp\/v2\/tags?post=141887"}],"curies":[{"name":"wp","href":"https:\/\/api.w.org\/{rel}","templated":true}]}}