{"id":141829,"date":"2025-11-20T12:39:52","date_gmt":"2025-11-20T11:39:52","guid":{"rendered":"https:\/\/www.freiburg-schwarzwald.de\/blog\/?p=141829"},"modified":"2025-11-22T10:39:37","modified_gmt":"2025-11-22T09:39:37","slug":"frieden-frieden-frieden","status":"publish","type":"post","link":"https:\/\/www.freiburg-schwarzwald.de\/blog\/frieden-frieden-frieden\/","title":{"rendered":"Frieden, Frieden, Frieden"},"content":{"rendered":"<p>Diese beiden Bilder bleiben in <a href=\"https:\/\/www.freiburg-schwarzwald.de\/blog\/kultur\/erinnerungskultur\/\">Erinnerung<\/a>. Im Winter 1965\/66 am Krottenkopf zwischen Garmisch-Partenkirchen und Mittenwald: Eisige K\u00e4lte, aber oben am Gipfel schneefrei wegen dem Wind. Im S\u00fcdwesten die Zugspitze. Und im <a href=\"https:\/\/www.freiburg-schwarzwald.de\/blog\/global\/deutschland\/ostpolitik\/\">Osten<\/a> einige tausende km weiter <a href=\"https:\/\/www.freiburg-schwarzwald.de\/blog\/global\/russland\/\">Russland<\/a>. <!--more-->Der milit\u00e4rische Auftrag lautete: Als Leutnant meines Gebirgsj\u00e4ger-Zuges mit vier Gruppen zu je neun Mann uns, die Blauen, gegen die Roten verteidigen. So verlangte es die erst vor 10 Jahren von Konrad Adenauer als <a href=\"https:\/\/www.freiburg-schwarzwald.de\/blog\/engagement\/zukunft\/krieg\/verteidigung\/\">Verteidigungsarmee<\/a> der &#8222;B\u00fcrger in Uniform&#8220; gegr\u00fcndete <a href=\"https:\/\/www.freiburg-schwarzwald.de\/blog\/engagement\/zukunft\/krieg\/bundeswehr\/\">Bundeswehr<\/a>.<\/p>\n<p>Seit dem <a href=\"https:\/\/www.freiburg-schwarzwald.de\/blog\/global\/ukraine\/vorgeschichte\/\">24.2.2022<\/a>\u00a0kommt dann ein zweites Bild hinzu: In der weiten Ebene des <a href=\"https:\/\/www.freiburg-schwarzwald.de\/blog\/global\/ukraine\/ukraine-russland\/\">Ostens<\/a> \u00fcberall abgeerntete Getreidefelder, von den Spuren der M\u00e4hdrescher oder auch <a href=\"https:\/\/www.freiburg-schwarzwald.de\/blog\/engagement\/zukunft\/krieg\/panzer\/\">Panzer<\/a> durchzogen. Die jungen <a href=\"https:\/\/www.freiburg-schwarzwald.de\/blog\/global\/ukraine\/ukraine-demokratie\/\">Ukrainer<\/a> eingegraben. Und ganz hinten am Horizont dasselbe mit den russischen <a href=\"https:\/\/www.freiburg-schwarzwald.de\/blog\/engagement\/zukunft\/krieg\/soldaten\/\">Soldaten<\/a> &#8211; alles junge Buben, die in Gedanken bei ihrer Freundin oder Mutter sind. Wie wir damals 1965\/66 am Krottenkopf auch. Die aber von ihren Regierungen h\u00fcben wie dr\u00fcben gezwungen werden, abzudr\u00fccken, sobald sich auf der Gegenseite etwas bewegt. Kriegsrealit\u00e4t heute, und nicht \u00dcbung wie damals.<\/p>\n<p>Und bei jedem solchen Erinnern geht das Massensterben im <a href=\"https:\/\/www.freiburg-schwarzwald.de\/blog\/global\/ukraine\/ukraine-russland\/\">Ukrainekrieg<\/a> unvermindert weiter. Schon \u00fcber 3 1\/2 Jahre. Trotz milit\u00e4rischer Pattsituation.<\/p>\n<p>Dann als drittes Bild mein Wunschtraum: Zur <a href=\"https:\/\/www.freiburg-schwarzwald.de\/blog\/engagement\/buergerinitiativen\/friedensdemo\/\">Friedensdemo<\/a> samstags ab 14 Uhr kommen statt der \u00fcblichen 150 pl\u00f6tzlich immer mehr Teilnehmer auf die Strasse. Und in anderen St\u00e4dten auch. Tausende, ja Millionen demonstrieren und verlangen immer wieder den sofortigen <a href=\"https:\/\/www.freiburg-schwarzwald.de\/blog\/global\/ukraine\/waffenstillstand\/\">Waffenstillstand<\/a> und umgehend Verhandlungen. Die <a href=\"https:\/\/www.freiburg-schwarzwald.de\/blog\/engagement\/zukunft\/frieden\/friedensbewegung2-0\/\">Friedensbewegung<\/a> in Deutschland hat es endlich geschafft, <a href=\"https:\/\/www.freiburg-schwarzwald.de\/blog\/engagement\/zukunft\/demokratie\/linke\/\">Linke<\/a> und <a href=\"https:\/\/www.freiburg-schwarzwald.de\/blog\/engagement\/zukunft\/demokratie\/rechts\/rechte\/\">Rechte<\/a> zusammenzubringen. Und so die Regierungen gezwungen, den Krieg abzusagen, die jungen Soldaten nach Hause gehen zu lassen und bei Getreide sowie Bodensch\u00e4tzen mitsamt den begehrten Seltenen Erden im <a href=\"https:\/\/www.freiburg-schwarzwald.de\/blog\/global\/ukraine\/donbass\/\">Donbass<\/a>\u00a0halbe halbe zu machen.<\/p>\n<p>Doch der Traum will einfach nicht Wirklichkeit werden. Drei Viertel der deutschen W\u00e4hler pl\u00e4dieren nach wie vor f\u00fcr die <a href=\"https:\/\/www.freiburg-schwarzwald.de\/blog\/engagement\/zukunft\/krieg\/kriegstuechtig\/\">Kriegst\u00fcchtigkeit<\/a> &#8211; vor allem die saturierten ungedienten Alten, nicht aber die Jugend. Die Ruhest\u00e4ndler, die ihr Geld bei <a href=\"https:\/\/www.freiburg-schwarzwald.de\/blog\/global\/globalisierung\/blackrock\/\">Blackrock<\/a> geparkt haben, wie auch die Kapitalanleger von <a href=\"https:\/\/www.freiburg-schwarzwald.de\/blog\/global\/globalisierung\/bigdata\/\">Goldman Sachs<\/a> und <a href=\"https:\/\/www.freiburg-schwarzwald.de\/blog\/global\/globalisierung\/bigtech\/\">BigTech<\/a> bejubeln steigende Renditen. Die Kriegsrhetorik bringt den Medien steigende Clickzahlen und erkl\u00e4rt Friedensbewegte zu rechten <a href=\"https:\/\/www.freiburg-schwarzwald.de\/blog\/religion\/juden\/nazi\/\">Nazis<\/a> oder zu linken Putin-Verstehern. 76 Jahre nach Kriegsende ist Krieg das neue Modewort. So cool.<\/p>\n<p>Was bleibt mir \u00fcbrig angesichts der beiden Bilder und dem leider unerf\u00fcllbaren Wunsch? Es bleibt viel, n\u00e4mlich die <a href=\"https:\/\/www.freiburg-schwarzwald.de\/blog\/engagement\/zukunft\/frieden\/friedenstuechtig\/\">Friedensrhetorik<\/a>: Immer weiter Artikel, Kommentare und Posts schreiben f\u00fcr den Frieden und gegen den Krieg. F\u00fcr den <a href=\"https:\/\/www.freiburg-schwarzwald.de\/blog\/engagement\/zukunft\/frieden\/pazifismus\/\">Pazifismus<\/a> oder wie auch immer man das nennt. Und au\u00dferdem: miteinander reden und diskutieren. Auch Musik h\u00f6ren wie &#8222;<a href=\"https:\/\/www.freiburg-schwarzwald.de\/blog\/nein-meine-soehne-geb-ich-nicht\/\">Nein meine S\u00f6hne geb ich nicht<\/a>&#8220; <a href=\"https:\/\/www.youtube.com\/watch?v=1q-Ga3myTP4\">https:\/\/www.youtube.com\/watch?v=1q-Ga3myTP4<\/a>. Oder einen ganz pers\u00f6nlichen Brief ver\u00f6ffentlichen, wie Leo Ensel an Valentina, seine russische 84j\u00e4hrige Babuschka <a href=\"https:\/\/www.freiburg-schwarzwald.de\/blog\/global\/russland\/russland-valentina\/\">hier<\/a>. Hauptsache gegen den Krieg.<br \/>\n20.11.2025<\/p>\n<p>&nbsp;<\/p>\n","protected":false},"excerpt":{"rendered":"<p>Diese beiden Bilder bleiben in Erinnerung. Im Winter 1965\/66 am Krottenkopf zwischen Garmisch-Partenkirchen und Mittenwald: Eisige K\u00e4lte, aber oben am Gipfel schneefrei wegen dem Wind. Im S\u00fcdwesten die Zugspitze. Und im Osten einige tausende km weiter Russland.<\/p>\n","protected":false},"author":2,"featured_media":0,"comment_status":"open","ping_status":"closed","sticky":false,"template":"","format":"standard","meta":{"footnotes":""},"categories":[18,355,52,36,238,60,13,172],"tags":[682,520,568,667],"class_list":["post-141829","post","type-post","status-publish","format-standard","hentry","category-bildung","category-buergerinitiativen","category-einewelt","category-engagement","category-friedhoefe","category-jugend","category-kultur","category-zukunft","tag-freiheit","tag-frieden","tag-jugend-2","tag-krieg"],"_links":{"self":[{"href":"https:\/\/www.freiburg-schwarzwald.de\/blog\/wp-json\/wp\/v2\/posts\/141829","targetHints":{"allow":["GET"]}}],"collection":[{"href":"https:\/\/www.freiburg-schwarzwald.de\/blog\/wp-json\/wp\/v2\/posts"}],"about":[{"href":"https:\/\/www.freiburg-schwarzwald.de\/blog\/wp-json\/wp\/v2\/types\/post"}],"author":[{"embeddable":true,"href":"https:\/\/www.freiburg-schwarzwald.de\/blog\/wp-json\/wp\/v2\/users\/2"}],"replies":[{"embeddable":true,"href":"https:\/\/www.freiburg-schwarzwald.de\/blog\/wp-json\/wp\/v2\/comments?post=141829"}],"version-history":[{"count":5,"href":"https:\/\/www.freiburg-schwarzwald.de\/blog\/wp-json\/wp\/v2\/posts\/141829\/revisions"}],"predecessor-version":[{"id":141928,"href":"https:\/\/www.freiburg-schwarzwald.de\/blog\/wp-json\/wp\/v2\/posts\/141829\/revisions\/141928"}],"wp:attachment":[{"href":"https:\/\/www.freiburg-schwarzwald.de\/blog\/wp-json\/wp\/v2\/media?parent=141829"}],"wp:term":[{"taxonomy":"category","embeddable":true,"href":"https:\/\/www.freiburg-schwarzwald.de\/blog\/wp-json\/wp\/v2\/categories?post=141829"},{"taxonomy":"post_tag","embeddable":true,"href":"https:\/\/www.freiburg-schwarzwald.de\/blog\/wp-json\/wp\/v2\/tags?post=141829"}],"curies":[{"name":"wp","href":"https:\/\/api.w.org\/{rel}","templated":true}]}}