{"id":141287,"date":"2025-11-09T11:27:30","date_gmt":"2025-11-09T10:27:30","guid":{"rendered":"https:\/\/www.freiburg-schwarzwald.de\/blog\/?p=141287"},"modified":"2025-11-11T20:37:02","modified_gmt":"2025-11-11T19:37:02","slug":"buchmesse-seitenwechsel-halle","status":"publish","type":"post","link":"https:\/\/www.freiburg-schwarzwald.de\/blog\/buchmesse-seitenwechsel-halle\/","title":{"rendered":"Buchmesse Seitenwechsel Halle"},"content":{"rendered":"<p>Das <a href=\"https:\/\/www.freiburg-schwarzwald.de\/blog\/kultur\/dichter\/literatur\/sachbuch\/\">Buch<\/a> als <a href=\"https:\/\/www.freiburg-schwarzwald.de\/blog\/kultur\/dichter\/literatur\/\">Kulturgut<\/a> lebt. Mit jedem Seitenwechsel eines Buchs, sei es Print oder am Display,\u00a0 gibt es Neues zu entdecken. Das hat die <a href=\"https:\/\/www.freiburg-schwarzwald.de\/blog\/kultur\/dichter\/literatur\/buchmesse\/\">Buchmesse<\/a> <a href=\"https:\/\/www.freiburg-schwarzwald.de\/blog\/kultur\/dichter\/literatur\/buchmesse\/seitenwechsel\/\">&#8222;Seitenwechsel&#8220;<\/a> in Halle 8.\/9.11.2025 schon am ersten Tag bewiesen (mehr <a href=\"https:\/\/www.freiburg-schwarzwald.de\/blog\/kultur\/dichter\/literatur\/buchmesse\/seitenwechsel\/\">hier<\/a>). Bei dem erfreulich gro\u00dfen Andrang &#8211; mehr als 7000 statt der erwarteten 5000 Messebesucher &#8211; <!--more-->war Geduld gefordert: Die Warteschlange am Eingang reichte bis zur Strasse. 20 Minuten dauerte es am Bratw\u00fcrtstchen-Stand. Der guten Stimmung in den Messehallen von Halle an der Saale konnte dies jedoch nichts anhaben.<br \/>\n.<br \/>\nGleichwohl traurig war die einseitige Berichterstattung des <a href=\"https:\/\/www.freiburg-schwarzwald.de\/blog\/kultur\/medien\/oerr\/\">\u00d6RR<\/a>, wie etwa die von MDR-Kultur:<br \/>\nIn den 19.30 Uhr Nachrichten berichtete der MDR von den Buchmesse Seitenwechsel im Abri\u00df so:<br \/>\n1) Gegendemonstration von links und Antifa: Nazi-Br\u00fcller:Innen am Eingang der Messe sowie Demo (ca 200 Teilnehmer) nahmen \u00fcber die H\u00e4lfte der Sendezeit ein.<br \/>\n2) Gegenveranstaltung: Innenaufnahme einer <a href=\"https:\/\/www.wir-halle.de\">https:\/\/www.wir-halle.de<\/a> -Veranstaltung &#8211; sieht aus wie im Klassenzimmer einer Schule.<br \/>\n3) Von der Buchmesse selbst <a href=\"https:\/\/www.messe-seitenwechsel.de\/\">https:\/\/www.messe-seitenwechsel.de\/<\/a> wird nur eine kurze Aussenaufnahme der Messegeb\u00e4udes in Halle an der Saale gezeigt. Keinerlei Bilder bzw. Berichte von innen &#8211; etwa von Verlagen, Buchausstellern, Veranstaltern und Publikum. Daf\u00fcr aber das \u00fcbliche <a href=\"https:\/\/www.freiburg-schwarzwald.de\/blog\/kultur\/medien\/framing\/\">Framing<\/a> &#8222;rechts = rechtsextrem&#8220;, das einfach nicht stimmt (&#8222;wo links ist, da ist auch rechts&#8220; (<a href=\"https:\/\/www.freiburg-schwarzwald.de\/blog\/wo-links-ist-da-ist-auch-rechts\/\">Safranski<\/a>) und nur langweilt.<br \/>\nDie Schlussbemerkung der MDR-Sendung &#8222;Beide Veranstaltungen waren gleich gut besucht&#8220; grenzt an <a href=\"https:\/\/www.freiburg-schwarzwald.de\/blog\/kultur\/medien\/desinformation\/\">Desinformation<\/a>, denn: 7000 Besucher aus der Mitte der Gesellschaft gegen 200 Nazi-Br\u00fcller, ist das etwa die neue <a href=\"https:\/\/www.freiburg-schwarzwald.de\/blog\/engagement\/zukunft\/demokratie\/gleichheit\/\">Gleichheit<\/a>?<br \/>\n.<br \/>\nDie ehemalige DDR-Widerstandsk\u00e4mpferin Vera Lengsfeld (1) fasst zusammen: &#8222;Die Messe war eine Demonstration derer, die dieses Land trotz seiner politischen \u201eEliten\u201c und der von ihnen millionenschwer finanzierten \u201eZivilgesellschaft\u201c am Laufen halten und die Steuern aufbringen, die so reichlich verschwendet werden.&#8220;<br \/>\n<a href=\"https:\/\/www.youtube.com\/live\/YPDZST-vA2I\">https:\/\/www.youtube.com\/live\/YPDZST-vA2I<\/a>\u00a0 Livestream \u00fcber 4 Std<br \/>\n9.11.2025<br \/>\n.<br \/>\nEnde von Beitrag &#8222;Buchmesse Seitenwechsel Halle&#8220; &#8211; <a href=\"https:\/\/www.freiburg-schwarzwald.de\/blog\/bildung\/wissenschaft\/informatik\/kuenstliche-intelligenz\/\">garantiert KI-frei<\/a><br \/>\n=============================================================<br \/>\nBeginn von Anlagen (1) &#8211; (11)<br \/>\n.<br \/>\n.<br \/>\n<strong>(1) Buchmesse Seitenwechsel-Eine klare Ansage<\/strong><br \/>\nNachdem es nicht gelungen war, die von der Buchh\u00e4ndlerin Susanne Dagen organisierte Buchmesse zu verhindern, wurde die staatsfinanzierte \u201eZivilgesellschaft\u201c und ihre Finanziers deutlich mit der Realit\u00e4t konfrontiert.<br \/>\nTrotz heftiger Kampagne der Haltungsmedien \u2013 auf meiner Fahrt nach Halle h\u00f6rte ich MDR-Kultur, der kein anderes Thema zu haben schien, als die Messe und sich krampfhaft bem\u00fchte, die Gegenveranstaltung \u201eWir-Festival\u201c als Antwort der \u201eZivilgesellschaft\u201c auf angeblichen Rechtsextremismus zu promoten \u2013 str\u00f6mte die b\u00fcrgerliche Mitte zum Messegel\u00e4nde. Selbst die paar Hanseln von der Antifa waren machtlos. Zwar trommelten sie nach Leibeskr\u00e4ften, um den Anschein zu erwecken, sie seien viel mehr, zwar versuchten sie sich, den Besuchern in den Weg zu stellen und beschimpften sie nach Leibeskr\u00e4ften. Sie wurden aber einfach beiseite geschoben.<br \/>\nSelbst die Stra\u00dfenblockaden halfen nicht. Die Autofahrer wurden von freundlichen Polizisten umgeleitet und statt auf dem Parkplatz vor den Augen der \u00d6ffentlichkeit zu verschwinden, k\u00fcndigten lange Autoschlangen in z.B. der D\u00fcrrenberger Stra\u00dfe vom Ansturm der Messebesucher. Leider mussten alle, die kein Ticket im Vorverkauf erworben hatten, wieder umkehren. Die Halle war restlos ausverkauft.<br \/>\nIch kam auf einem Nebenweg zum S\u00fcdeingang. An dessen Anfang stand ein Tisch mit drei Personen dahinter: \u201eAfD-Verbot jetzt\u201c verk\u00fcndete ein Transparent. Und ein zweites: \u201eMenschlichkeit\u201c. Die Realsatire \u00fcbertrifft m\u00fchelos alle Comedians. Die drei Verbotsfetischisten schauten erstaunt und etwas \u00e4ngstlich auf die vorbeiflutenden Menschen. Statt der offenbar erwarteten Glatzk\u00f6pfe mit Springerstiefeln gingen ihre Nachbarn an ihnen vorbei.<\/p>\n<p>Die Messe war eine Demonstration derer, die dieses Land trotz seiner politischen \u201eEliten\u201c und der von ihnen millionenschwer finanzierten \u201eZivilgesellschaft\u201c am Laufen halten und die Steuern aufbringen, die so reichlich verschwendet werden.<br \/>\nDie Leistungstr\u00e4ger haben die Nase sichtbar voll. Das \u201erechtsextrem\u201c- Gekreisch von Haltungs-Medien und \u201eZivilgesellschaft\u201c ist der Angstruf derer, die sich unanfechtbar an der Macht glaubten, den Staat als Selbstbedienungsladen benutzt haben und nun sp\u00fcren, wie das unter ihren F\u00fc\u00dfen wegbricht. Sie haben keine Argumente, denn sie sind \u201egeistig obdachlos\u201c (Norbert Bolz).<br \/>\nDrinnen im Messegeb\u00e4ude war un\u00fcbersehbar, wo sich der neue Zeitgeist hin entwickelt. Es herrschte die Atmosph\u00e4re, die am Ende des Arbeiter-und Bauernstaates, wo aus DDR-Insassen B\u00fcrger wurden, die sich entschlossen haben, ihre Angst abzulegen und ihr Schicksal in die eigenen H\u00e4nde zu nehmen.<br \/>\nWie sehr sich die Atmosph\u00e4re ver\u00e4ndert hat, brachte Thor Kunkel in einem Gespr\u00e4ch mit mir auf den Punkt. Der ehemalige Liebling der Kulturschickeria wurde 2003 zum Paria. Die Journalisten, Kollegen und Fans, die eben noch um ihn herumgeschw\u00e4nzelt waren, wandten sich \u00fcber Nacht von ihm ab. Man gr\u00fc\u00dfte ihn nicht mehr, rannte mit abgewandten Kopf an ihm vorbei, angeblich beste Freunde verleugneten sich \u2013 er stand ganz allein.<br \/>\nEine solche Community, wie er sie auf der Messe erlebte, gab es damals noch nicht. Die ist auch nicht mehr klein zu kriegen, durch keine Brandmauer der Welt.<br \/>\n&#8230; Alles vom 9.11.2025 bitte lesen auf<br \/>\n<a href=\"https:\/\/vera-lengsfeld.de\/2025\/11\/09\/buchmesse-seitenwechsel-eine-klare-ansage\/\">https:\/\/vera-lengsfeld.de\/2025\/11\/09\/buchmesse-seitenwechsel-eine-klare-ansage\/<\/a><br \/>\n.<\/p>\n<p><strong>(2) Buchmesse \u201eSeitenwechsel\u201c feiert den Erfolg des Wortes<\/strong><br \/>\nVolle Messehallen, schrille Parolen drau\u00dfen: Die erste \u201eSeitenwechsel\u201c-Buchmesse in Halle ist ein gro\u00dfer Erfolg. W\u00e4hrend die Antifa drau\u00dfen an den Z\u00e4unen l\u00e4rmt, diskutieren in der Messe Autoren, Denker und Verleger \u00fcber Freiheit, Medienmacht und kulturelle Selbstbehauptung und feiern ein Fest der geistigen Unabh\u00e4ngigkeit.<br \/>\n&#8230;<br \/>\nDie Antifa drau\u00dfen? Leiser geworden. Ihre Parolen verhallen irgendwo zwischen Polizeiabsperrungen und Medienrummel. Youtuber wie \u201eWeichreite\u201c <a href=\"https:\/\/www.youtube.com\/watch?v=opQ6TRRyudQ\">https:\/\/www.youtube.com\/watch?v=opQ6TRRyudQ<\/a>\u00a0oder \u201eSchmidtkes Welt\u201c <a href=\"https:\/\/www.youtube.com\/watch?v=m13NOf6wqqs\">https:\/\/www.youtube.com\/watch?v=m13NOf6wqqs<\/a> streamen die Protestchen drau\u00dfen auf der Stra\u00dfe und vor der Halle. Sitzproteste einiger weniger, die nach dem Aus der Klimakleber ein neues Bet\u00e4tigungsfeld gefunden zu haben scheinen. Zwei spielen Karten. Ein vorbeilaufendes Messebesucherpaar ruft den vermummten, Multifunktionskleidung tragenden Aktivisten \u201eGeht mal arbeiten!\u201c zu. Es rieche nach Cannabis, das morgens um 11 Uhr.<br \/>\n&#8230;<br \/>\nDrinnen in der Halle ist die Stimmung weiter gut. Keine Opferhaltung, kein Trotz \u2013 vielmehr der Eindruck, dass sich ein kultureller Gegenentwurf formiert, der \u00fcber Parolen l\u00e4ngst hinaus ist. Hier wird ein St\u00fcck \u00d6ffentlichkeit zur\u00fcckerobert. Ohne Subventionen, ohne F\u00f6rdergeld, ohne Gesinnungsfilter. Nur mit B\u00fcchern, Argumenten und Menschen, die Lust haben, zu denken und zu debattieren.<br \/>\n&#8230; Alles vom 8.11.2025 bitte lesen auf<br \/>\n<a href=\"https:\/\/www.tichyseinblick.de\/daili-es-sentials\/buchmesse-seitenwechsel-halle\/\">https:\/\/www.tichyseinblick.de\/daili-es-sentials\/buchmesse-seitenwechsel-halle\/<\/a><\/p>\n<p>.<br \/>\n<strong>(3) So l\u00e4uft die Seitenwechsel-Buchmesse&#8230;<br \/>\n<\/strong>&#8230;<br \/>\n10:05 Uhr: Nach den Handgreiflichkeiten zwischen Antifas und dem Chefredakteur von Tichys Einblick, Roland Tichy, hat dieser nun der JUNGEN FREIHEIT gegen\u00fcber Stellung genommen. \u201eNaja, da gibt es ja Posten der Antifa mit Fotographen rund um das Messegel\u00e4nde herum \u2013 die haben mich fotografiert. Ich habe zur\u00fcck fotografiert. Und dann wurde ich k\u00f6rperlich angegriffen, an der Schulter gepackt und gesch\u00fcttelt.\u201c Der \u00dcbergriff ging Tichy zufolge von den Photographen selbst aus. \u201eDie Polizei musste mich dann freisto\u00dfen.\u201c Zwar gehe es ihm gut, der Angriff zeige aber, da\u00df es sich bei der Antifa um eine \u201eSchl\u00e4gerbande\u201c handele. Die Polizei habe den Vorfall dokumentiert, Tichy werde Anzeige erstatten.<\/p>\n<p><em>09:45 Uhr : Gro\u00dfer Andrang auf der Buchmesse \u00bbSeitenwechsel\u00ab in Halle\/Saale<\/em><br \/>\n<em><a href=\"https:\/\/x.com\/i\/status\/1987097660524765449\">https:\/\/x.com\/i\/status\/1987097660524765449<\/a><\/em><br \/>\n<em>.. die Leute stehen in langer Schlange an, bis auf die Strasse hinaus<\/em><br \/>\n&#8230;<br \/>\n&#8230; Alles vom 8. und 9.11.2025 bitte lesen auf<br \/>\n<a href=\"https:\/\/jungefreiheit.de\/kultur\/2025\/so-laeuft-die-seitenwechsel-buchmesse\/\">https:\/\/jungefreiheit.de\/kultur\/2025\/so-laeuft-die-seitenwechsel-buchmesse\/<\/a><\/p>\n<p>.<br \/>\n<strong>(4) Sendung Sonntagsrunde bei Kontrafunk.radio von der Buchmesse in Halle<br \/>\n<\/strong><a href=\"https:\/\/kontrafunk.radio\/de\/sendung-nachhoeren\/politik-und-zeitgeschehen\/sonntagsdiskussion\/die-sonntagsrunde-mit-burkhard-mueller-ullrich-abholzen-fuers-klima\">https:\/\/kontrafunk.radio\/de\/sendung-nachhoeren\/politik-und-zeitgeschehen\/sonntagsdiskussion\/die-sonntagsrunde-mit-burkhard-mueller-ullrich-abholzen-fuers-klima<\/a><br \/>\n.<br \/>\n.<br \/>\n<strong>(5) Gegendemonstranten in Halle: &#8222;Verteidiger der Demokratie&#8220;<\/strong><br \/>\n\u201eHabe mal auf der Gegendemo zur Seitenwechsel-Buchmesser vorbeigeschaut. So benehmen sich also die selbsternannten Verteidiger der Demokratie, die auch noch vom Staat gef\u00f6rdert werden&#8220;<br \/>\n8.11.2025<br \/>\n<a href=\"https:\/\/x.com\/DomMaxReichert\/status\/1987174345697824859\">https:\/\/x.com\/DomMaxReichert\/status\/1987174345697824859<\/a><br \/>\n<a href=\"https:\/\/t.me\/EvaHermanOffiziell\/209246\">https:\/\/t.me\/EvaHermanOffiziell\/209246<\/a><br \/>\n.<br \/>\n.<\/p>\n<p><strong>(6) Linke demonstrieren mit steuerfinanziertem veganen Mettigel gegen alternative Buchmesse \u201eSeitenwechsel\u201c<\/strong><br \/>\n&#8230;<br \/>\nAuf der erstmalig stattfinden Buchmesse \u201eSeitenwechsel\u201c sind insbesondere konservative und rechte Verlage anwesend &#8211; zum Beispiel die Junge Freiheit oder Tichys Einblick, Jung Europa oder Antaios. Unterst\u00fctzer des \u201eWir-Festival\u201c sind neben ortsans\u00e4ssigen linken L\u00e4den, K\u00fcnstlern und Fakult\u00e4ten der Universit\u00e4t auch gro\u00dfe steuerfinanzierte Stiftungen wie die Amadeu Antonio Stiftung und die Gr\u00fcnen-Stiftung Heinrich B\u00f6ll. Wie viel Steuermittel genau in dem Festival stecken, das an diversen \u00d6rtlichkeiten der Stadt stattfindet, l\u00e4sst sich schwer ermitteln, weil die Stiftungen nicht auskunftspflichtig sind. Die Amadeu Antonio Stiftung erhielt 2024 laut Lobbyregistereintrag knapp sieben Millionen Euro Steuergeld, Heinrich B\u00f6ll im Rahmen des Stiftungshaushalts \u00fcber 86 Millionen Euro.<br \/>\n&#8230;<br \/>\nStimmung auf \u201eSeitenwechsel\u201c hervorragend<br \/>\nDie Veranstaltungen der Linken waren eher schlecht besucht, der Protest vor \u201eSeitenwechsel\u201c scheiterte g\u00e4nzlich und wurde, wohl auch weil man den niederen Temperaturen nicht standhielt, fr\u00fchzeitig eingestellt. Auf der Buchmesse scherzte man, man m\u00fcsse den Linken fast wieder etwas unter die Arme greifen, so traurig w\u00e4re das.<br \/>\n&#8230; Alles vom 9.11.2025 bitte lesen auf<br \/>\n<a href=\"https:\/\/www.nius.de\/gesellschaft\/news\/linke-steuerfinanziert-mettigel-rechte-buchmesse\/5f6185da-e371-4ad4-81bb-d86c99b98c2b\">https:\/\/www.nius.de\/gesellschaft\/news\/linke-steuerfinanziert-mettigel-rechte-buchmesse\/5f6185da-e371-4ad4-81bb-d86c99b98c2b<\/a><br \/>\n.<\/p>\n<p><strong>(7) &#8222;Kein sch\u00f6ner Land&#8220;<\/strong><br \/>\nIn Halle treffen sich rechte Verlage zu einer eigenen Buchmesse. Gauland, K\u00f6ppel, Matussek, Tichy \u2013 die komplette Szene-Prominenz ist da. Wir gehen auch rein.<br \/>\n9.11.2025, <a href=\"https:\/\/www.zeit.de\/kultur\/literatur\/2025-11\/buchmesse-seitenwechsel-halle-rechtsextremismus-verlage-antaios-compact\">https:\/\/www.zeit.de\/kultur\/literatur\/2025-11\/buchmesse-seitenwechsel-halle-rechtsextremismus-verlage-antaios-compact<\/a><br \/>\n.<br \/>\n.<br \/>\n<strong>(8) \u201eSo viele Leute, das k\u00f6nnen sie ja nicht mehr leugnen\u201c \u2013 ein Besuch auf der rechten Buchmesse<br \/>\n<\/strong>&#8230;<br \/>\nAm Samstagmittag rockt F\u00fcrstin Gloria von Thurn und Taxis die Hauptb\u00fchne, vor der sich rund 200 Zuschauer versammelt haben, um S\u00e4tze wie \u201aDie Linken sch\u00e4digen unser Land\u2018 mit tosendem Applaus zu belohnen. Unl\u00e4ngst hat die F\u00fcrstin das Buch \u201aLieber unerh\u00f6rt als ungeh\u00f6rt\u2018 ver\u00f6ffentlicht, und der Titel klingt wie ein Lebensgef\u00fchl, das Tausende Messeg\u00e4ste mitgebracht haben. \u201aSo viele Leute, das k\u00f6nnen sie ja nicht mehr leugnen\u2018, sagt eine Besucherin, und wer immer \u201asie\u2018 sein sollen \u2013 es klingt nach Genugtuung. Es k\u00fcndet von der Erfahrung, sich von der \u00f6ffentlichen und ver\u00f6ffentlichten Meinung nicht mehr hinreichend repr\u00e4sentiert zu f\u00fchlen. &#8230;<br \/>\nWer mit Besuchern spricht, sei es in der Catering-Schlange oder am S-Bahnsteig, bekommt mehr als einmal zu h\u00f6ren, dass viele Anwesende von den \u00f6ffentlich-rechtlichen Medien entt\u00e4uscht sind, von der Politik, von tonangebenden linken Milieus, die Deutschland bis in die \u00c4mter hinein beherrschen. Auch davon, dass viele Medien bestimmte Themen seit Jahren ungen\u00fcgend adressieren<br \/>\n&#8230; Alles vom 9.11.2025 von Marc Reichwein bitte lesen auf <a href=\"https:\/\/www.welt.de\/kultur\/literarischewelt\/plus690dbab80166cd59ef997bce\/seitenwechsel-so-viele-leute-das-koennen-sie-ja-nicht-mehr-leugnen-ein-besuch-auf-der-rechten-buchmesse.html\">https:\/\/www.welt.de\/kultur\/literarischewelt\/plus690dbab80166cd59ef997bce\/seitenwechsel-so-viele-leute-das-koennen-sie-ja-nicht-mehr-leugnen-ein-besuch-auf-der-rechten-buchmesse.html<\/a><br \/>\n.<br \/>\n.<br \/>\n<strong>(9) Livestream zur Buchmesse Seitenwechsel &#8211; \u00fcber 4 Stunden<\/strong><br \/>\nmit Uwe Steimle u.v.a Halle Saale &#8211; Alternative Messe zum Mainstream<br \/>\nUtopia TV Deutschland &#8211;<br \/>\nAb 1:44 bis 1:52: Interview mit Susanne Dagen, auch zum Attacke auf Roland Tichy<br \/>\n9.11.2025<br \/>\n<a href=\"https:\/\/www.youtube.com\/live\/YPDZST-vA2I\">https:\/\/www.youtube.com\/live\/YPDZST-vA2I<\/a><br \/>\n.<br \/>\n.<br \/>\n<strong>(10) Preis f\u00fcr zivilgesellschaftliches Engagement an Susanne Dagen<\/strong><br \/>\nEs liegt in der Natur der Sache, dass diesmal zu Halle eine im politischen Sinne ziemlich homogene Klientel vertreten war, sowohl was die Aussteller als auch was die Besucher betrifft \u2013 wobei die Rechte nicht im Ansatz so homogen ist wie die Linke, und viele der dort Versammelten sich selbst nicht zwingend als politisch rechts verorten w\u00fcrden \u2013, obwohl die Veranstalterin Susanne Dagen auch alle Publikumsverlage eingeladen und bis zuletzt versucht hatte, den einen oder anderen linken Autor f\u00fcr eines der Podiumsgespr\u00e4che zu gewinnen; vergeblich, wie sich zeigte. Das fand ich bedauerlich, und keineswegs nur ich. Aber da muss wohl erst steter Tropfen den Stein (nicht den Dieter Stein) h\u00f6hlen. Es d\u00fcrfte genug Kandidaten geben, die gekommen w\u00e4ren, aber sich wegen der ausgerufenen intellektuellen Quarant\u00e4ne nicht trauten; sie w\u00e4ren ja sonst pl\u00f6tzlich kontaktschuldig und somit selber umstritten.<br \/>\n&#8230;<br \/>\nEinen Preis f\u00fcr zivilgesellschaftliches oder literarisches und auch wirtschaftliches Engagement h\u00e4tte nat\u00fcrlich als erste Susanne Dagen verdient (bzw. sie und ihr Lebensgef\u00e4hrte); die Messe ist ihr Werk. Keiner ihrer sogenannten Kritiker bek\u00e4me etwas Vergleichbares auf die Beine, vor allem w\u00fcrden diese staatsfrommen wohlfeilen G\u00e4uche beim ersten Gegenwind vulgo Gegenprotest einknicken wie ein Schachtelhalm unter einem Springerstiefel. Russenstiefel? Overknee.<br \/>\n&#8230;<br \/>\nEs war also wieder einmal entz\u00fcckend zu beobachten, wie nahezu s\u00e4mtliche Medien die Dagensche B\u00fcchermesse in notdurftsnaher Zwanghaftigkeit und klebriger Eintracht schlimm, anr\u00fcchig und verurteilenswert fanden und sich jedes wohlwollenden Wortes entrieten. Einzelne Gazetten verstiegen sich darauf, den quantitativen Vergleich zur Frankfurter Buchmesse zu ziehen, also eine seit Jahrzehnten etablierte, wohlgelittene, von allen m\u00f6glichen Institutionen gef\u00f6rderte, in einer mehr als dreimal so gro\u00dfen, viel wohlhabenderen und zentraler gelegenen Stadt veranstaltete Schau mit einer vom Establishment boykottierten, samisdatartigen Deb\u00fctveranstaltung in der mitteldeutschen Provinz in Relation zu setzen.<br \/>\nEs gibt noch einen Unterschied. Die Frankfurter Buchmesse finanziert sich zwar haupts\u00e4chlich \u00fcber die Standgeb\u00fchren f\u00fcr die Aussteller, den Kartenverkauf sowie via Sponsoring, sie erh\u00e4lt aber zus\u00e4tzlich staatliche Unterst\u00fctzung von Bund und Land. Die Messe \u201eSeitenWechsel\u201d ist v\u00f6llig unabh\u00e4ngig und finanziert sich ausschlie\u00dflich selbst.<br \/>\n&#8230; Alles vom 10.11.2025 bitte lesen auf<br \/>\n<a href=\"https:\/\/www.klonovsky.de\/2025\/11\/10-november-2025\/\">https:\/\/www.klonovsky.de\/2025\/11\/10-november-2025\/<\/a><br \/>\n.<br \/>\n<strong>.<\/strong><br \/>\n<strong>(11) Literatur ohne Cancel Culture und fast ohne Linke: So war es auf der ersten konservativen Buchmesse Deutschlands<\/strong><br \/>\nEs ist eine Stimmung, wie man sie selten erlebt. Die alternative Buchmesse \u201eSeitenwechsel\u201c bringt die Koordinaten des deutschen Kulturbetriebs ins Wanken. Die Halle ist proppenvoll, Literaturmessen gibt es nun auch ohne Linke \u2013 ein Bericht.<br \/>\n&#8230;<br \/>\nDie Frankfurter Buchmesse unterst\u00fctzt ironischerweise den linken Gegenprotest zum \u201eSeitenwechsel\u201c. Weil den auch steuerfinanzierte Stiftungen wie Heinrich B\u00f6ll oder Amadeu Antonio tragen, bl\u00e4st die Frankfurter Buchmesse so mit ihren fast 240.000 Besuchern steuerfinanziert zum Kampf gegen eine 6.000-Besucher-Konkurrenz. Das ist alles schon sehr peinlich.<br \/>\n.<br \/>\nEndlich keine Frankfurter Mumien mehr<br \/>\nDas Verstaubte, Mumifizierte, die Leichenreden Frankfurts sind in Halle Geschichte. Jeder Tweed-tragende alte Herr auf der \u201eSeitenwechsel\u201c-Messe ist fitter als der marode Torsten Casimir, Pressesprecher in Frankfurt, oder der zusehends verdaddelte Kulturstaatsminister Weimer, der dieses Jahr am Main den Kulturkampf gegen den Faschismus ausrief.<br \/>\nAm meisten im Nazi-Klischee h\u00e4ngen geblieben sind auch in Halle die Linken. Jens Balzer von der Zeit ging, wie er schrieb, extra in Bomberjacke auf die Messe. Um nicht verpr\u00fcgelt zu werden oder aufzufallen, oder warum auch immer. Die Einzigen, die ihn f\u00fcr einen Nazi hielten, waren dann die Antifas vor der Halle.<br \/>\n&#8230; Alles vom 11.11.2025 bitte lesen auf<br \/>\n<a href=\"https:\/\/www.nius.de\/kommentar\/news\/ersten-konservativen-buchmesse-deutschlands\/8a01de6d-5429-4848-a7d4-81a6ea9d1bdf\">https:\/\/www.nius.de\/kommentar\/news\/ersten-konservativen-buchmesse-deutschlands\/8a01de6d-5429-4848-a7d4-81a6ea9d1bdf<\/a><br \/>\n.<br \/>\n<a href=\"https:\/\/www.nius.de\/gesellschaft\/news\/linke-steuerfinanziert-mettigel-rechte-buchmesse\/5f6185da-e371-4ad4-81bb-d86c99b98c2b\">https:\/\/www.nius.de\/gesellschaft\/news\/linke-steuerfinanziert-mettigel-rechte-buchmesse\/5f6185da-e371-4ad4-81bb-d86c99b98c2b<\/a><\/p>\n","protected":false},"excerpt":{"rendered":"<p>Das Buch als Kulturgut lebt. Mit jedem Seitenwechsel eines Buchs, sei es Print oder am Display,\u00a0 gibt es Neues zu entdecken. Das hat die Buchmesse &#8222;Seitenwechsel&#8220; in Halle 8.\/9.11.2025 schon am ersten Tag bewiesen (mehr hier). Bei dem erfreulich gro\u00dfen &hellip; <a href=\"https:\/\/www.freiburg-schwarzwald.de\/blog\/buchmesse-seitenwechsel-halle\/\">Weiterlesen <span class=\"meta-nav\">&rarr;<\/span><\/a><\/p>\n","protected":false},"author":2,"featured_media":0,"comment_status":"open","ping_status":"closed","sticky":false,"template":"","format":"standard","meta":{"footnotes":""},"categories":[18,100,181,36,249,13,98,80],"tags":[],"class_list":["post-141287","post","type-post","status-publish","format-standard","hentry","category-bildung","category-buch","category-buergerbeteiligung","category-engagement","category-hock","category-kultur","category-literatur","category-medien"],"_links":{"self":[{"href":"https:\/\/www.freiburg-schwarzwald.de\/blog\/wp-json\/wp\/v2\/posts\/141287","targetHints":{"allow":["GET"]}}],"collection":[{"href":"https:\/\/www.freiburg-schwarzwald.de\/blog\/wp-json\/wp\/v2\/posts"}],"about":[{"href":"https:\/\/www.freiburg-schwarzwald.de\/blog\/wp-json\/wp\/v2\/types\/post"}],"author":[{"embeddable":true,"href":"https:\/\/www.freiburg-schwarzwald.de\/blog\/wp-json\/wp\/v2\/users\/2"}],"replies":[{"embeddable":true,"href":"https:\/\/www.freiburg-schwarzwald.de\/blog\/wp-json\/wp\/v2\/comments?post=141287"}],"version-history":[{"count":5,"href":"https:\/\/www.freiburg-schwarzwald.de\/blog\/wp-json\/wp\/v2\/posts\/141287\/revisions"}],"predecessor-version":[{"id":141415,"href":"https:\/\/www.freiburg-schwarzwald.de\/blog\/wp-json\/wp\/v2\/posts\/141287\/revisions\/141415"}],"wp:attachment":[{"href":"https:\/\/www.freiburg-schwarzwald.de\/blog\/wp-json\/wp\/v2\/media?parent=141287"}],"wp:term":[{"taxonomy":"category","embeddable":true,"href":"https:\/\/www.freiburg-schwarzwald.de\/blog\/wp-json\/wp\/v2\/categories?post=141287"},{"taxonomy":"post_tag","embeddable":true,"href":"https:\/\/www.freiburg-schwarzwald.de\/blog\/wp-json\/wp\/v2\/tags?post=141287"}],"curies":[{"name":"wp","href":"https:\/\/api.w.org\/{rel}","templated":true}]}}