{"id":140162,"date":"2025-10-15T16:36:43","date_gmt":"2025-10-15T14:36:43","guid":{"rendered":"https:\/\/www.freiburg-schwarzwald.de\/blog\/?p=140162"},"modified":"2025-10-28T13:37:01","modified_gmt":"2025-10-28T12:37:01","slug":"bodo-kaiser-filmzensur-diskurs","status":"publish","type":"post","link":"https:\/\/www.freiburg-schwarzwald.de\/blog\/bodo-kaiser-filmzensur-diskurs\/","title":{"rendered":"Bodo Kaiser: Filmzensur Diskurs"},"content":{"rendered":"<p>Warum versteckt man einen Film durch <a href=\"https:\/\/www.freiburg-schwarzwald.de\/blog\/kultur\/medien\/zensur\/\">Zensur<\/a> anstatt ihn den B\u00fcrgern vorzuf\u00fchren, damit diese \u00fcber ihn <a href=\"https:\/\/www.freiburg-schwarzwald.de\/blog\/kultur\/medien\/diskussionskultur\/diskussionskultur2023\/\">diskutieren<\/a> zu k\u00f6nnen? Der Dokumentarfilmer <a href=\"https:\/\/www.freiburg-schwarzwald.de\/blog\/corona-welten-von-bodo-kaiser\/\">Bodo Kaiser<\/a> musste diese Erfahrung der <a href=\"https:\/\/www.freiburg-schwarzwald.de\/blog\/kultur\/kulturverlust\/cancelculture\/\">Cancel Culture<\/a> nun <a href=\"https:\/\/www.freiburg-schwarzwald.de\/blog\/corona-welten-von-bodo-kaiser\/\">erneut<\/a> machen. Sein <a href=\"https:\/\/www.freiburg-schwarzwald.de\/blog\/kultur\/medien\/film\/\">Film<\/a> &#8222;Himmelw\u00e4rts &#8211; zum Bewusst-Sein!&#8220; darf im Kommunalen Kino Freiburg nicht gezeigt werden. Nur vorl\u00e4ufig?<!--more--><br \/>\n.<br \/>\n(1) Das <a href=\"https:\/\/www.freiburg-schwarzwald.de\/blog\/kultur\/medien\/film\/\">Kommunale Kino<\/a> (kurz Koki, <a href=\"https:\/\/www.koki-freiburg.de\">https:\/\/www.koki-freiburg.de<\/a>) in <a href=\"https:\/\/www.freiburg-schwarzwald.de\/blog\/freiburg\">Freiburg<\/a>, dem von der Stadt R\u00e4umlichkeiten im <a href=\"https:\/\/www.freiburg-schwarzwald.de\/blog\/regio\/freiburg\/wiehre\/\">Alten Wiehrebahnhof<\/a> zur Verf\u00fcgung gestellt wurden, ist eine tolle Einrichtung. Als &#8222;Ort der Filmkultur&#8220; beteiligt sich das Koki seit 1972 \u00fcber das einfache Zeigen von Filmen hinaus &#8222;an aktuellen Diskussionen zu Kunst, Politik und Gesellschaft&#8220;. Filmkultur als Teil einer Diskussionskultur, ohne die unsere plurale Demokratie nicht funktioniert.<br \/>\n&#8222;Im Unterschied zum kommerziellen Kino stehen im Kommunalen Kino Unbekanntes und Vernachl\u00e4ssigtes, Wiederzuentdeckendes und Zukunftsweisendes im Vordergrund&#8220;.<br \/>\n.<br \/>\n(2) Die Filmauswahl liegt dezentral bei den einzelnen Filmreihen bzw. Programmformaten des Koki wie Asian Takes, Cin\u00e9 Club, Film des Monats, Freiburger Fenster, Kinderkino, Kinoavantgarde, KritischeMedizin, Mittwochskino, Ost-West Dialoge, Psychoanalytik, Reconance (Musik &amp; Film), Schulkino und Stummfilm. Um dem o.a. Anspruch von <a href=\"https:\/\/www.freiburg-schwarzwald.de\/blog\/religion\/pluralismus\/\">Pluralismus<\/a> und Diskussion zu gen\u00fcgen, gelten <a href=\"https:\/\/www.freiburg-schwarzwald.de\/blog\/kultur\/leitkultur\/multikulti\/vielfalt\/\">Vielfalt<\/a> und Toleranz als Maxime. Und hier gibt es bei der von Wolfgang Stickel betreuten Filmreihe \u201eFreiburger Fenster\u201c, die monatlich Freiburger Filmemacher*innen vorstellt, Probleme.<br \/>\n.<br \/>\n(3) Zum Ende der <a href=\"https:\/\/www.freiburg-schwarzwald.de\/blog\/business\/gesund\/corona-virus\/\">Coronazeit<\/a> wurde dem bekannten Freiburger Dokumentarfilmer Bodo Kaiser verwehrt, seinen Film \u201eCorona-Welten. Des Pudels Kern\u201c mit 20 Interviews \u00fcber das Coronajahr 2021 im &#8222;Freiburger Fenster&#8220; des Koki zu zeigen. Die Premiere am 2.10.2023 im Alten Wiehrebahnhof wurde wegen angeblicher Unausgewogenheit abgelehnt bzw. wegzensiert. Ein Skandal aus zwei Gr\u00fcnden:<br \/>\nZum einen ist Bodo Kaiser (91) ein weit \u00fcber Freiburg hinaus anerkannter Kameramann, Video-Produzent und Filmemacher.<br \/>\nZum anderen degradiert das Auff\u00fchrungsverbot die <a href=\"https:\/\/www.freiburg-schwarzwald.de\/blog\/engagement\/buerger\/\">m\u00fcndigen B\u00fcrger<\/a> zu h\u00f6rigen und <a href=\"https:\/\/www.freiburg-schwarzwald.de\/blog\/engagement\/zukunft\/demokratie\/bevormundung\/\">bevormundeten<\/a> <a href=\"https:\/\/www.freiburg-schwarzwald.de\/blog\/global\/deutschland\/gesellschaft\/untertan\/\">Untertanen<\/a>: Auch als Freiburger Bobbele haben die B\u00fcrger das Recht, einen wie auch immer umstrittenen Film anzuschauen, um sich dann in der anschlie\u00dfenden Diskussion im Abw\u00e4gen von Argument und Gegenargument ihre eigene Meinung zu bilden. Diskussion mu\u00df kontrovers sein und demokratischer Streit darf heftig sein &#8211; aber sie m\u00fcssen stattfinden k\u00f6nnen. Ganz besonders in einem nicht-kommerziellen, kommunalen Kino, das neben dem Ticketverkauf von der B\u00fcrgerschaft finanziert wird &#8211; also von Spenden, F\u00f6rdermitgliedern und Kulturzusch\u00fcssen der \u00f6ffentlichen Hand.<br \/>\nZwischenzeitlich wurde \u201eCorona-Welten. Des Pudels Kern\u201c vielfach aufgef\u00fchrt (siehe <a href=\"https:\/\/www.freiburg-schwarzwald.de\/blog\/corona-welten-von-bodo-kaiser\/\">hier<\/a>) z.B. hier und der Film regt die Besucher zum Nachdenken an &#8211; auch aus dem Grunde, da bis heute im Gegensatz zu L\u00e4ndern wie USA, Australien und Canada eine <a href=\"https:\/\/www.freiburg-schwarzwald.de\/blog\/business\/gesund\/corona-virus\/corona-aufarbeitung\/\">Aufarbeitung<\/a>, <a href=\"https:\/\/www.freiburg-schwarzwald.de\/blog\/business\/gesund\/corona-virus\/corona-rechenschaft\/\">Rechenschaft<\/a> und <a href=\"https:\/\/www.freiburg-schwarzwald.de\/blog\/business\/gesund\/corona-virus\/corona-versoehnung\/\">Vers\u00f6hnung<\/a> der Coronazeit in Deutschland immer noch nicht stattfinden darf.<br \/>\n.<br \/>\n(4) Anfang Oktober 2025 erf\u00e4hrt der Dokumentarfilmer Bodo Kaiser eine erneute Ablehnung: Auch sein j\u00fcngster neuer Film &#8222;Himmelw\u00e4rts &#8211; zum Bewusst-Sein&#8220; darf im <a href=\"https:\/\/www.freiburg-schwarzwald.de\/blog\/film\">Koki<\/a> unter dem &#8222;Moderator beim Freiburger Fenster&#8220; Wolfgang Stickel nicht gezeigt werden. Aus der Begr\u00fcndung zur Ablehnung: &#8222;&#8230; F\u00fcr mich ist das kein Film, sondern eine Aneinanderreihung von Zitaten aus Gespr\u00e4chen, die du mit den Leuten gef\u00fchrt hast. Anscheinend dreht sich alles um den Begriff &#8222;Bewu\u00dftsein&#8220;, was du selbst dazu zu sagen hast, kommt leider nicht im Film vor. Ich habe mich bei der Sichtung wirklich angestrengt und versucht, zu verstehen, was die Leute meinen, aber vieles kam mir doch etwas &#8222;wirr&#8220; vor. &#8230;&#8220;.<br \/>\nGerade weil der Film als &#8222;wirr&#8220; empfunden wird und zudem &#8222;sehr aufgeregt&#8220; hat, mu\u00df doch er doch umso dringlicher einer offenen und freien Diskussion zugef\u00fchrt werden.<\/p>\n<p>(5) Bodo Kaiser bleiben somit drei M\u00f6glichkeiten:<br \/>\n1. Film in den Schrank. 2. Auf Social Media hochladen. Oder 3. Den Saal im Alten Wiehrebahnhof vom Koki auf eigene Kosten anmieten.<br \/>\n.<br \/>\n(6) Zum Schlu\u00df sei das Eingangszitat des Koki Freiburg nochmals wiederholt, um die ganze Widerspr\u00fcchlichkeit aufzuzeigen: Als &#8222;Ort der Filmkultur&#8220; beteiligt sich das Koki seit 1972 \u00fcber das einfache Zeigen von Filmen hinaus &#8222;an aktuellen Diskussionen zu Kunst, Politik und Gesellschaft&#8220;.<br \/>\nDie <a href=\"https:\/\/www.freiburg-schwarzwald.de\/blog\/kultur\/medien\/diskussionskultur\/\">Diskussionskultur<\/a> in Deutschland ist im <a href=\"https:\/\/www.freiburg-schwarzwald.de\/blog\/business\/volkswirtschaft\/niedergang\/\">Niedergang<\/a> begriffen. Leider.<br \/>\n.<br \/>\nAnstelle eines Fazit:<br \/>\nLiebe Leute vom Koki Freiburg! &#8222;Bewu\u00dftsein&#8220; ist ein Begriff, der kaum zu fassen und &#8211; wie Sie selbst sagen &#8211; mit den Adjektiven &#8222;wirr&#8220; und &#8222;aufregend&#8220; zu belegen ist. Deshalb sollten wir alle froh sein, da\u00df Bodo Kaiser zu diesem so delikaten Begriff einen Film gemacht hat und \u201eHimmelw\u00e4rts \u2013 zum Bewusst-Sein!\u201c ins Programm des Koki aufnehmen. Dabei allerdings f\u00fcr eine anschlie\u00dfende Diskussion bitte viel Zeit einplanen, da zu erwarten ist, da\u00df diese &#8222;wirr&#8220; und &#8222;aufregend&#8220; sein wird. Vielleicht werden die Diskutanten (besser Diskutierenden) ja weniger vom Bewu\u00dfsein geleitet, sondern von Intuition? Wir werden sehen &#8230;<br \/>\n15.10.2025<br \/>\n.<br \/>\nEnde von Beitrag &#8222;Bodo Kaiser: Filmzensur Diskurs&#8220;<br \/>\n==============================================================<br \/>\nBeginn von Anlagen (1) &#8211;<\/p>\n<p>.<br \/>\n<strong>(1) Rezension zu Bodo Kaiser: &#8222;Himmelw\u00e4rts &#8211; zum Bewusst-Sein&#8220; <\/strong><br \/>\n<strong>Thematik und filmisch-k\u00fcnstlerische Gestaltung entsprechen sich<\/strong><\/p>\n<p>Im Film &#8222;Himmelw\u00e4rts &#8211; zum Bewusst-Sein&#8220; widmet sich der Freiburger Filmemacher Bodo Kaiser mit dem Bewu\u00dftsein einer Thematik, die schwierig zu fassen und kaum erkl\u00e4rbar ist. &#8222;Wirr und aufregend&#8220; &#8211; so kommentiert Wolfgang Stickel vom Koki Freiburg den Film zu recht. Diese Wirrheit will Bodo Kaiser auch gar nicht aufl\u00f6sen, sondern im Gegenteil sichtbar machen:<br \/>\nZum einen in den Meinungs\u00e4u\u00dferungen der zehn Interviewten. In der Aneinanderreihung dieser Gespr\u00e4che &#8211; zuerst die zehn Interviewten hintereinander und dann in nur scheinbar willk\u00fcrlicher Mixtur.<br \/>\nZum anderen in der filmisch-k\u00fcnstlerischen Gestaltung der \u00dcberg\u00e4nge &#8211; mit Wischtechnik, assoziativer Einblendung, abrupter Z\u00e4sur usw.<br \/>\n.<br \/>\n(1) Der Maler Harald Herrmann nennt Martin Heidegger &#8222;Bewu\u00dftsein der Menschen gibt es nicht&#8220;. Zur Coronazeit &#8222;Alle wollen gesund bleiben&#8220;: Man kann nicht \u00fcber Leute reden ohne \u00fcber den Tod. &#8222;Je beitragsloser, desto besser ist es f\u00fcr die Kunst&#8220;.<\/p>\n<p>(2) Hans-Peter Hagmann, Psychotherapeut und Sozialp\u00e4dagoge. Vom Jesuitenschlo\u00df am Sch\u00f6nberg mit Blick auf Freiburg. Er hebt die Empathie f\u00fcr Andersdenkende hervor. Statt sich individuell abzukapseln. &#8222;Wir brauchen keine neue Ideologie&#8220;.<\/p>\n<p>(3) Die Kinderp\u00e4dgogin Gabi: &#8222;Ich hatte Angst, mein Bewu\u00dftsein dr\u00e4ngte mich zur Coronazeit auf die Strasse, auf Demos&#8220; . Es galt, das eigene Bewu\u00dftsein auf andere zu \u00fcbertragen bzw. in anderen zu entdecken, sich zu vernetzen. Was mu\u00df sich \u00e4ndern &#8211; der Mensch selber mu\u00df in sich gehen.<\/p>\n<p>(4) Thomas, der Soziologe, zu den acht Milliarden Menschen auf der Erde: &#8222;Das Bewu\u00dftsein soll die Ziele vorgeben&#8220; ist fraglich.<br \/>\nAls \u00dcbergang marschiert die Gruppe &#8222;Schwarze Wahrheiten&#8220; auf der Fu\u00dfg\u00e4ngerbr\u00fccke im Stadtgarten auf &#8211; im Hintergrund das Freiburger M\u00fcnster.<\/p>\n<p>(5) Die Krishna Reiki Meisterin: Die Natur reagiert auf und und wir m\u00fcssen diese wahrnehmen. Das Bewu\u00dftsein, da\u00df wir in st\u00e4ndiger Verbundenheit mit ihr leben, m\u00fcssen wir durchkommen lassen. Der weibliche Aspekt des Heilenwollens. Das Motto &#8222;einfach Freude haben&#8220;. Aus dem 3-j\u00e4hrigen Corona- Krisenmodus endlich herausgehen. Gemeinsames Bewu\u00dftsein als Energiefeld bilden. &#8222;Sich austauschen, um so abweichende Meinungen zu respektieren&#8220;. Energiemedizin.<\/p>\n<p>6) Bobby Glatz im Caf\u00e9 im Vauban: &#8222;We are peace&#8220;. Der Reiz\u00fcberflutung bewu\u00dft werden. Ausklingen mehrmals am Tag. &#8222;Wir f\u00fchlen uns machtlos, ist deswegen Selbstbewu\u00dftsein so wichtig?&#8220;.<\/p>\n<p>(7) Die Lehrerin und Malerin Sabine: &#8222;Ich habe ein inneres Bild und versuche dem nahzugehen&#8220;. Zum Beispiel der Geschichte meines Gro\u00dfvaters, als Kommunist des Hochverrats angeklagt, Moorsoldaten, Emslandlager. &#8222;Wir sind die Moorsoldaten, und ziehen mit dem Spaten, ins Moor&#8220; &#8211; immet wieder. An Veletzungen und Wunden Anteilnahme erzeugen. &#8222;Ich \u00fcbe, Menschen zu betrachten&#8220;<\/p>\n<p>\u00dcbergang: Der CSD zieht mit seiner Demo 2017 durch Freiburg.<br \/>\n.<br \/>\n(8) F\u00fcr Computerfachmann Jotho herrscht derzeit das Bewu\u00dftsein vor, alles zu diskutieren, was wir NICHT haben wollen. In Erwartung von Katastrophen. Verantwortung hat mit Antwort zu tun.<\/p>\n<p>\u00dcberg\u00e4nge: Eine gro\u00dfe G\u00e4nseschar schnattert daher.<br \/>\nDie Gedenkst\u00e4tte auf dem Platz der Alten Synagoge.<\/p>\n<p>(9) Rebecca Metzger alias Carla Fuchs aus Villingen: Der Zeitenwandel sp\u00fclt Frage nach der Orientierung heraus. Unterricht, Musik, Malerei, Filme &#8211; diese Vielfalt macht jeweils neue Perspektive bewu\u00dft. Compassion, mit mir im Einklang sei und dann auf andere Leute zugehen<\/p>\n<p>\u00dcbergang: Die Tanzperformance Tipping Point vor dem Altar im M\u00fcnster, von der Kanzel aus herunter gefilmt. Update: \u00dcbergang entfernt.<\/p>\n<p>(10) Unternehmensberater Hans-J\u00fcrgen mahnt an, ein Buddha-Bewu\u00dfsein zu erwerben. Zur inneren Freiheit. Ich will immer mehr &#8211; verursacht nur Leid. Quellenbewu\u00dftsein: Wie k\u00f6nnen wir beantworten, aus welcher inneren Quelle heraus ein Maler sein Bild malt?<\/p>\n<p>\u00dcbergang: das Freiburger M\u00fcnster, unversehrt, inmitten der Tr\u00fcmmerlandschaft 1944. Innen heile, aussen Tr\u00fcmmer. Dann das Verarbeiten von Tr\u00fcmmern und Schutt zu Sand. Baufahrzeug, Recycling.<\/p>\n<p>(1 nochmals) Die Innerlichkeit geht verloren, sie wird versch\u00fcttet.<\/p>\n<p>\u00dcbergang: Die stillgelegte S\u00fcdzucker-Fabrik bei Karlsruhe: Tr\u00fcmmer, aber neue Pflanzen wachsen.<\/p>\n<p>(5) In der Informationsflut nicht untergehen: Welche Information lasse ich rein und welche gebe ich raus &#8211; ohne krank zu werden und Angst zu machen?<\/p>\n<p>(1) Die Menschen tauschen sich kaum mehr aus, sondern sie stempeln sich gegenseitig ab &#8211; das ist <a href=\"https:\/\/www.freiburg-schwarzwald.de\/blog\/faschismus-ist-nicht-nur-rechts\/\">kryptofaschistisch<\/a>. Sich b\u00fcndeln, um Einzelpersonen fertig zu machen. Die Programmierer der KI sind die modernen Faschisten. <a href=\"https:\/\/www.freiburg-schwarzwald.de\/blog\/bildung\/wissenschaft\/informatik\/kuenstliche-intelligenz\/\">K\u00fcnstliche Intelligenz<\/a> nein. K\u00fcnstlerische Intelligenz ja.<\/p>\n<p>(10) Die Verlockungen des Materialismus machen nie satt. Wohl aber das Bewu\u00dftsein des inneren Wachstums, die Herzensw\u00e4rme.<\/p>\n<p>\u00dcbergang: Vom kollektiven Bewu\u00dftsein &#8222;Krieg, Ukraine, Gaza&#8220; zur <a href=\"https:\/\/www.freiburg-schwarzwald.de\/blog\/religion\/kirchen\/kapellen\/ohmenkapelle\/\">Ohmenkapelle<\/a> bei St. M\u00e4rgen, die fr\u00fcher ein keltischer Kurort war. Danksagungen und Bilder zu &#8222;Maria hat geholfen&#8220;. Ein gewichtiger Einschnitt &#8211; Gibt es ein zweites Leben? Den Streit mit Nachbarn im jetzigen Leben belassen.<br \/>\nUpdate: Ohmenkapelle ersetzt durch <a href=\"https:\/\/www.freiburg-schwarzwald.de\/blog\/kultur\/friedhoefe\/alterfriedhof\/\">Alten Friedhof Freiburg.<\/a><\/p>\n<p>(1) Es geht \u00fcberhaupt nicht um das Bewu\u00dftsein, sondern um Potentiale und Intuition. &#8222;Jeder Mensch ist voll von Intuition, die nicht begreifbar ist.&#8220; Intuition leitet unsere Handlungen.<\/p>\n<p>Als Intro und zum Ende des Films spielen zwei Streichmusiker.<br \/>\n.<br \/>\nF\u00fcr die Mehrzahl der Interviewten ist der Begriff &#8222;Bewu\u00dftsein&#8220; \u00fcberhaupt nicht zu erfassen, er wirkt im Unterbewu\u00dftsein und schimmert ab und zu durch. Auch Bodo Kaiser lehnt ihn ab bzw. will ihn durch &#8222;Intuition&#8220; ersetzen: Wir handeln intuitiv.<\/p>\n<p>Das Gro\u00dfartige am Film &#8222;Himmelw\u00e4rts &#8211; zum Bewusst-Sein&#8220; ist, da\u00df er &#8222;Bewu\u00dftsein&#8220; nicht zu erkl\u00e4ren bzw. entwirren versucht, sondern im Gegenteil die Wirrheit dieses Begriffs sowohl in den Gespr\u00e4chen als auch in den \u00dcberg\u00e4ngen zwischen den Interviews sichtbar zu machen vermag. Wenn der Film vom <a href=\"https:\/\/www.freiburg-schwarzwald.de\/blog\/film\">Kommunalen Kino (Koki) Freiburg<\/a> als &#8222;wirr und aufregend&#8220; bezeichnet wird, dann ist das OK. Wenn er dann aber gerade aus diesem Grunde, also wegen &#8222;wirr und aufregend&#8220;, abgelehnt bzw. wegzensiert wird, dann wird dadurch ein Anachronismus wie auch Armutszeugnis sichtbar.<\/p>\n<p>Bodo Kaiser schafft mit &#8222;Himmelw\u00e4rts &#8211; zum Bewusst-Sein &#8220; einen wertvollen und sehenswerten F\u00edlm, in dem sich Thematik (Bewu\u00dftsein) und filmisch-k\u00fcnstlerische Gestaltung entsprechen &#8211; beide &#8222;wirr&#8220;.<\/p>\n<p>Der Film mag die Zuschauer &#8222;wirr und aufgeregt&#8220; zur\u00fccklassen. Deshalb sollte im Anschlu\u00df an die Filmvorf\u00fchrung gen\u00fcgend Zeit zur sicher hochinteressanten <a href=\"https:\/\/www.freiburg-schwarzwald.de\/blog\/kultur\/medien\/diskussionskultur\/diskussionskultur2023\/\">Diskussion<\/a> einger\u00e4umt werden.<br \/>\nWir brauchen Filme, die zur Diskussion anregen. Wir brauchen <a href=\"https:\/\/www.freiburg-schwarzwald.de\/blog\/kultur\/medien\/diskussionskultur\/\">Diskussionskultur<\/a>.<br \/>\n20.10.2025, E.K.<\/p>\n","protected":false},"excerpt":{"rendered":"<p>Warum versteckt man einen Film durch Zensur anstatt ihn den B\u00fcrgern vorzuf\u00fchren, damit diese \u00fcber ihn diskutieren zu k\u00f6nnen? Der Dokumentarfilmer Bodo Kaiser musste diese Erfahrung der Cancel Culture nun erneut machen. Sein Film &#8222;Himmelw\u00e4rts &#8211; zum Bewusst-Sein!&#8220; darf im &hellip; <a href=\"https:\/\/www.freiburg-schwarzwald.de\/blog\/bodo-kaiser-filmzensur-diskurs\/\">Weiterlesen <span class=\"meta-nav\">&rarr;<\/span><\/a><\/p>\n","protected":false},"author":2,"featured_media":0,"comment_status":"open","ping_status":"closed","sticky":false,"template":"","format":"standard","meta":{"footnotes":""},"categories":[18,49,13,119,80],"tags":[825,700,633,749,594,301,838],"class_list":["post-140162","post","type-post","status-publish","format-standard","hentry","category-bildung","category-freiburg","category-kultur","category-kunst","category-medien","tag-cancel","tag-corona","tag-demokratie","tag-diskussionskultur","tag-film","tag-culture","tag-pluralismus"],"_links":{"self":[{"href":"https:\/\/www.freiburg-schwarzwald.de\/blog\/wp-json\/wp\/v2\/posts\/140162","targetHints":{"allow":["GET"]}}],"collection":[{"href":"https:\/\/www.freiburg-schwarzwald.de\/blog\/wp-json\/wp\/v2\/posts"}],"about":[{"href":"https:\/\/www.freiburg-schwarzwald.de\/blog\/wp-json\/wp\/v2\/types\/post"}],"author":[{"embeddable":true,"href":"https:\/\/www.freiburg-schwarzwald.de\/blog\/wp-json\/wp\/v2\/users\/2"}],"replies":[{"embeddable":true,"href":"https:\/\/www.freiburg-schwarzwald.de\/blog\/wp-json\/wp\/v2\/comments?post=140162"}],"version-history":[{"count":5,"href":"https:\/\/www.freiburg-schwarzwald.de\/blog\/wp-json\/wp\/v2\/posts\/140162\/revisions"}],"predecessor-version":[{"id":140794,"href":"https:\/\/www.freiburg-schwarzwald.de\/blog\/wp-json\/wp\/v2\/posts\/140162\/revisions\/140794"}],"wp:attachment":[{"href":"https:\/\/www.freiburg-schwarzwald.de\/blog\/wp-json\/wp\/v2\/media?parent=140162"}],"wp:term":[{"taxonomy":"category","embeddable":true,"href":"https:\/\/www.freiburg-schwarzwald.de\/blog\/wp-json\/wp\/v2\/categories?post=140162"},{"taxonomy":"post_tag","embeddable":true,"href":"https:\/\/www.freiburg-schwarzwald.de\/blog\/wp-json\/wp\/v2\/tags?post=140162"}],"curies":[{"name":"wp","href":"https:\/\/api.w.org\/{rel}","templated":true}]}}