{"id":139950,"date":"2025-10-08T21:12:35","date_gmt":"2025-10-08T19:12:35","guid":{"rendered":"https:\/\/www.freiburg-schwarzwald.de\/blog\/?p=139950"},"modified":"2025-10-10T10:23:58","modified_gmt":"2025-10-10T08:23:58","slug":"wolffsohn-frieden-in-nahost","status":"publish","type":"post","link":"https:\/\/www.freiburg-schwarzwald.de\/blog\/wolffsohn-frieden-in-nahost\/","title":{"rendered":"Wolffsohn: Frieden in Nahost"},"content":{"rendered":"<p>Es besteht Hoffnung, da\u00df der Krieg in <a href=\"https:\/\/www.freiburg-schwarzwald.de\/blog\/global\/israel\/\">Israel<\/a>, <a href=\"https:\/\/www.freiburg-schwarzwald.de\/blog\/global\/israel\/palaestina\/\">Pal\u00e4stina<\/a> und <a href=\"https:\/\/www.freiburg-schwarzwald.de\/blog\/global\/israel\/gaza\/\">Gaza<\/a> beendet werden kann. Der Historiker Prof. Michael Wolffsohn, der in M\u00fcnchen lehrte und in seiner Jugend selbst in der israelischen Armee gedient hatte, wagt und begr\u00fcndet im Interview mit Ralf Schuler (1) <a href=\"https:\/\/www.youtube.com\/watch?v=7EMWPXf-LEA\">https:\/\/www.youtube.com\/watch?v=7EMWPXf-LEA<\/a> eine Prognose:<!--more--><\/p>\n<p>Alle islamisch-arabischen Staaten und selbst Katar als <a href=\"https:\/\/www.freiburg-schwarzwald.de\/blog\/global\/israel\/palaestina\/hamas\/\">Hamas<\/a>-Proteg\u00e9 erkennen den Staat Israel als Partner an. Dies hat sich bei den derzeitigen Friedensverhandlungen in Kairo gezeigt. Daraus ergibt sich diese neue L\u00f6sungsm\u00f6glichkeit:<br \/>\n<em><strong>Der Staat Jordanien wird neu gebildet mit den zwei autonomen Kantonen Gaza und Westjordanland.<\/strong> <\/em>Derzeit sind 4\/5 von Jordaniens Einwohner Pal\u00e4stinenser. Die 800.000 j\u00fcdischen Siedler im Westjordan k\u00f6nnen wohnen bleiben.<br \/>\n.<br \/>\nEinige Statements von Prof. Wolffsohn:<br \/>\n&#8222;Deutsche Waffen spielen f\u00fcr Israel \u00fcberhaupt keine Rolle&#8220;<br \/>\n&#8222;Wir erleben in D derzeit eine v\u00f6llige Wehrlosigkeit gegen Drohnen und sind zur Drohnenabwehr auf die Hilfe von Israel und der Ukraine angewiesen&#8220;.<br \/>\n&#8222;D hat keine einsatzf\u00e4hige Armee&#8220;<br \/>\n&#8222;Die deutsche Aussenpolitik war vor 1990 reine Deutschlandpolitik und nach 1990 ein Desaster&#8220;.<br \/>\n&#8222;Der Krieg der Hamas ist ein Guerilla- bzw. Partisanenkrieg. Das hei\u00dft der Tod des eigenen Zivils wird in Kauf genommen.&#8220;<br \/>\n&#8222;Die Pal\u00e4stinenser werden so oder so get\u00f6tet: Entweder von der Hamas, wenn sie sich gegen ihre Rolle als menschliche Schutzschilde bzw. Kanonenfutter widersetzen, oder aber von der Armee Israels&#8220;.<br \/>\n&#8222;Die seit Monaten t\u00e4gliche TV-Berichterstattung in D zu den leidenden Menschen im Gazastreifen ist Propaganda, die die Gef\u00fchle anspricht. Es wird ignoriert bzw. unsichtbar gelassen, dass die Hamas gleichzeitig Lebensmittel raubt und das eigene Zivil brutal unterdr\u00fcckt.&#8220;<br \/>\n&#8222;Die Trag\u00f6die der Pal\u00e4stinenser ist, dass sie als Volk von der Hamas verraten worden sind&#8220;.<br \/>\n&#8222;Die Medienleute haben von der Psychologie des Partisanenkriegs keine Ahnung&#8220;.<br \/>\n&#8222;Die Lebensqualit\u00e4t der Juden in Europa und vor allem in D hat sich seit dem 7. Oktober 2023 dramatisch verschlechtert&#8220;.<br \/>\n&#8222;Seit dem 7.10.2023 hat sich gezeigt, da\u00df h\u00f6here Bildung nicht zu mehr Menschlichkeit f\u00fchrt. An den Unis wird sichtbar, da\u00df vor allem Professoren und die Intelligenzia beim Antisemitismus mitmachen. Bildung f\u00fchrt nicht zwangsl\u00e4ufig zu Herzensbildung&#8220;.<br \/>\n.<br \/>\n1) &#8222;Wir haben eine v\u00f6llig neue strategische Situation: Alle islamisch-arabischen Staaten und selbst Katar als Hamas-Proteg\u00e9 erkennen Israel als Partner an.&#8220;<br \/>\n&#8222;Iran spielt milit\u00e4risch f\u00fcr Isrel derzeit keine Rolle mehr. Auch die Hamas wird &#8211; ausser Partisanen-Attacken &#8211; keine Rolle mehr spielen&#8220;.<br \/>\n2) &#8222;D hat einen Krieg angefangen und verloren und danach eine Chance auf Neuanfang bekommen. Auch Pal\u00e4stina wird n\u00fan eine solche Chance bekommen.&#8220;<br \/>\n&#8222;Wer Krieg anf\u00e4ngt und ihn verliert, mu\u00df damit rechnen, da\u00df er die Macht verliert. Das ging Deutschland nach 1945 so und nun auch Pal\u00e4stina. D hatte eine Chance auf Neuanfang bekommen und nun auch Pal\u00e4stina&#8220;.<br \/>\n3) &#8222;Die Zwei-Staaten-L\u00f6sung ist unrealistisch, da 800.000 Siedler niemals das Westjordanland verlassen werden. 80 % der in Jordanien lebenden Menschen sind Pal\u00e4stinenser. Deshalb wird ein neues Jordanien gebildet mit den beiden Kantonen Gaza und Westjordanland.&#8220;<br \/>\n4) &#8222;Netanjahu hat Israel in die Anerkennung durch die arabischen Staaten gef\u00fchrt. Das ist sein Verdienst. Weshalb er bei den Wahlen in 2026 st\u00e4rkste politische Kraft werden wird.&#8220;<br \/>\n5) &#8222;\u00dcber Israel wird viel geredet, zumeist dummes Zeug, und wenig geforscht. In D gibt es keine einzige Professur f\u00fcr Israelstudien.&#8220;<br \/>\n6) &#8222;Trump, dessen Betragen mir mi\u00dff\u00e4llt, hat den Friedensnobelpreis mehr verdient als alle seine Vorg\u00e4nger, zuv\u00f6rderst Obama. Wegen der Abraham-Abkommen in seiner ersten Amtszeit und jetzt wegen der hoffentlich anstehenden Friedensl\u00f6sung im Nahen Osten.&#8220;<br \/>\nEnde Statements<br \/>\n8.10.2025<br \/>\nNachtrag 9.10.2025: Israel und Hamas einig \u00fcber Geisel-Freilassung (2).<br \/>\n.<br \/>\nEnde von Beitrag &#8222;Wolffsohn: Frieden in Nahost&#8220;<br \/>\n=============================================================<br \/>\nBeginn von Anlagen (1) &#8211; (2)<br \/>\n.<\/p>\n<p><strong>(1) Historiker Prof. Wolffsohn \u00fcber deutsche Israel-Position: Um Drohnen betteln, aber keine Waffen liefern \u2013 ein \u201eabsurdes Theater\u201c<\/strong><br \/>\nWie ehrlich ist die deutsche Au\u00dfenpolitik gegen\u00fcber Israel? Der Historiker und Publizist Prof. Michael Wolffsohn rechnet im Gespr\u00e4ch mit NIUS-Politikchef Ralf Schuler mit der deutschen Israel-Politik ab. Dabei geht er auch auf historische Politikfehler der Vergangenheit unter Kanzlerin Angela Merkel ein.<br \/>\nIm Gespr\u00e4ch anl\u00e4sslich des Jahrestags des brutalen Massakers auf Juden vom 7. Oktober benennt Wolffsohn knallhart die Konsequenzen eines Krieges: \u201eWer Krieg anf\u00e4ngt und ihn verliert, muss damit rechnen, dass er entmachtet wird\u201c. Und er zeigt sich unzufrieden mit Deutschlands Umgang mit dem israelischen Staat. Schlie\u00dflich habe Merkel im Jahr 2008 noch laut die Staatsr\u00e4son im Knesset betont. Diese Versprechung entpuppte sich jedoch im Laufe der Zeit als leere Worte, analysiert der Experte. \u201eIch w\u00fcrde sagen, dass die deutsche Regierung sich nicht anders verhalten hat und verhalten konnte als vorher. Sie bildet sich ein, egal welche Koalition Deutschland regiert, ein ernsthafter Akteur im Nahen Osten zu sein. Das ist pures Wunschdenken. Gleiches gilt auch f\u00fcr die Europ\u00e4ische Union. Der einzige Akteur auf der internationalen B\u00fchne, der wirklich z\u00e4hlt und Gewicht hat, das sind die USA, egal wie der Pr\u00e4sident dort hei\u00dft.\u201c<br \/>\nWas der Historiker \u00fcber die Tr\u00e4nen-Rede von Merz in der M\u00fcnchener Synagoge denkt, erfahren Sie in dieser Sonder-Ausgabe von \u201eSchuler! Fragen, was ist&#8220;.<br \/>\n&#8230; Alles vom 7.10.2025 bitte lesen auf <a href=\"https:\/\/www.nius.de\/episodes\/historiker-prof-wolffsohn-ueber-deutsche-israel-position-um-drohnen-betteln-aber-keine-waffen-liefern-ein-absurdes-theater\/04df3c08-4e78-4458-9879-6797d6159e0e\">https:\/\/www.nius.de\/episodes\/historiker-prof-wolffsohn-ueber-deutsche-israel-position-um-drohnen-betteln-aber-keine-waffen-liefern-ein-absurdes-theater\/04df3c08-4e78-4458-9879-6797d6159e0e<\/a><br \/>\noder<br \/>\n<a href=\"https:\/\/www.youtube.com\/watch?v=7EMWPXf-LEA\">https:\/\/www.youtube.com\/watch?v=7EMWPXf-LEA<\/a><br \/>\n.<br \/>\n.<br \/>\n<strong>(2) Gaza-Krieg: Waffenruhe, Freilassung der Geiseln: Israel und die Hamas einigen sich auf erste Phase von Trumps Friedensplan<\/strong><br \/>\nWie US-Pr\u00e4sident Donald Trump am Mittwochabend amerikanischer Zeit angek\u00fcndigt hat, hat auch die Terrormiliz Hamas nun der ersten Phase von seinem Friedensplan zugestimmt, wie Israel bereits seit Tagen. Sowohl Israel als auch die Hamas best\u00e4tigten die Einigung daraufhin.<br \/>\n\u201eDas bedeutet, dass alle Geiseln sehr bald freigelassen werden und Israel seine Truppen auf eine vereinbarte Linie zur\u00fcckziehen wird, als erste Schritte hin zu einem starken, dauerhaften und ewigen Frieden\u201c, schrieb der Pr\u00e4sident auf Truth Social. Dar\u00fcber hinaus dankte er auch den Unterh\u00e4ndlern aus \u00c4gypten, der T\u00fcrkei und Katar.<br \/>\n&#8230; Alles vom 9.10.2025 bitte lesen auf<br \/>\n<a href=\"https:\/\/apollo-news.net\/waffenruhe-freilassung-der-geiseln-israel-und-die-hamas-einigen-sich-auf-erste-phase-von-trumps-friedensplan\/\">https:\/\/apollo-news.net\/waffenruhe-freilassung-der-geiseln-israel-und-die-hamas-einigen-sich-auf-erste-phase-von-trumps-friedensplan\/<\/a><\/p>\n","protected":false},"excerpt":{"rendered":"<p>Es besteht Hoffnung, da\u00df der Krieg in Israel, Pal\u00e4stina und Gaza beendet werden kann. Der Historiker Prof. Michael Wolffsohn, der in M\u00fcnchen lehrte und in seiner Jugend selbst in der israelischen Armee gedient hatte, wagt und begr\u00fcndet im Interview mit &hellip; <a href=\"https:\/\/www.freiburg-schwarzwald.de\/blog\/wolffsohn-frieden-in-nahost\/\">Weiterlesen <span class=\"meta-nav\">&rarr;<\/span><\/a><\/p>\n","protected":false},"author":2,"featured_media":0,"comment_status":"open","ping_status":"closed","sticky":false,"template":"","format":"standard","meta":{"footnotes":""},"categories":[210,14,63,19],"tags":[602,520,421,84,420],"class_list":["post-139950","post","type-post","status-publish","format-standard","hentry","category-gewalt","category-global","category-krise","category-religion","tag-afrika","tag-frieden","tag-islam","tag-israel","tag-juden"],"_links":{"self":[{"href":"https:\/\/www.freiburg-schwarzwald.de\/blog\/wp-json\/wp\/v2\/posts\/139950","targetHints":{"allow":["GET"]}}],"collection":[{"href":"https:\/\/www.freiburg-schwarzwald.de\/blog\/wp-json\/wp\/v2\/posts"}],"about":[{"href":"https:\/\/www.freiburg-schwarzwald.de\/blog\/wp-json\/wp\/v2\/types\/post"}],"author":[{"embeddable":true,"href":"https:\/\/www.freiburg-schwarzwald.de\/blog\/wp-json\/wp\/v2\/users\/2"}],"replies":[{"embeddable":true,"href":"https:\/\/www.freiburg-schwarzwald.de\/blog\/wp-json\/wp\/v2\/comments?post=139950"}],"version-history":[{"count":5,"href":"https:\/\/www.freiburg-schwarzwald.de\/blog\/wp-json\/wp\/v2\/posts\/139950\/revisions"}],"predecessor-version":[{"id":140059,"href":"https:\/\/www.freiburg-schwarzwald.de\/blog\/wp-json\/wp\/v2\/posts\/139950\/revisions\/140059"}],"wp:attachment":[{"href":"https:\/\/www.freiburg-schwarzwald.de\/blog\/wp-json\/wp\/v2\/media?parent=139950"}],"wp:term":[{"taxonomy":"category","embeddable":true,"href":"https:\/\/www.freiburg-schwarzwald.de\/blog\/wp-json\/wp\/v2\/categories?post=139950"},{"taxonomy":"post_tag","embeddable":true,"href":"https:\/\/www.freiburg-schwarzwald.de\/blog\/wp-json\/wp\/v2\/tags?post=139950"}],"curies":[{"name":"wp","href":"https:\/\/api.w.org\/{rel}","templated":true}]}}