{"id":139311,"date":"2025-09-24T14:45:06","date_gmt":"2025-09-24T12:45:06","guid":{"rendered":"https:\/\/www.freiburg-schwarzwald.de\/blog\/?p=139311"},"modified":"2025-09-25T11:32:52","modified_gmt":"2025-09-25T09:32:52","slug":"26-fuer-gewalt-gegen-rechts","status":"publish","type":"post","link":"https:\/\/www.freiburg-schwarzwald.de\/blog\/26-fuer-gewalt-gegen-rechts\/","title":{"rendered":"26 % f\u00fcr Gewalt gegen Rechts"},"content":{"rendered":"<p>Laut einer INSA-Umfrage sehen 37 % der <a href=\"https:\/\/www.freiburg-schwarzwald.de\/blog\/engagement\/zukunft\/demokratie\/gruen-links\/\">politischen Linken<\/a> den Mord an <a href=\"https:\/\/www.freiburg-schwarzwald.de\/blog\/global\/usa\/kirk\/\">Charlie Kirk<\/a> als nicht bedauernswert an und 26 % bejahen Gewalt <a href=\"https:\/\/www.freiburg-schwarzwald.de\/blog\/engagement\/zukunft\/demokratie\/gegen-rechts\/\">gegen Recht<\/a>s generell (1). Ein erschreckender Befund, besagt er doch: Mit <a href=\"https:\/\/www.freiburg-schwarzwald.de\/blog\/engagement\/zukunft\/demokratie\/rechts\/rechts-oder-links\/\">Rechten<\/a> (definiert als nicht zur &#8222;linken Mitte&#8220; Geh\u00f6rende) kann und soll man nicht <a href=\"https:\/\/www.freiburg-schwarzwald.de\/blog\/kultur\/medien\/diskussionskultur\/diskussionskultur2023\/\">diskutieren<\/a>, <!--more-->sondern da hilft nur Gewalt. Wie kommen so viele B\u00fcrger zu dieser traurigen Einstellung? Es ist die <a href=\"https:\/\/www.freiburg-schwarzwald.de\/blog\/kultur\/medien\/desinformation\/\">Desinformation<\/a> durch die<a href=\"https:\/\/www.freiburg-schwarzwald.de\/blog\/medienkampagne\/\"> Medien<\/a>, die zu dieser Quasi-Legitimierung von Gewalt f\u00fchrt. Am Beispiel der <a href=\"https:\/\/www.freiburg-schwarzwald.de\/blog\/kultur\/medien\/mainstream\/\">Berichterstattung<\/a> zu Charlie Kirk l\u00e4\u00dft sich dies verdeutlichen:<\/p>\n<p>Die Fakten:<br \/>\nA) Charlie Kirk gilt als christlicher, rechter Influencer, der vor allem eins ist: &#8222;crazy about discussion&#8220; bzw. &#8222;verr\u00fcckt nach Diskussion&#8220;. Er wagt sich in die links dominierten US-Universit\u00e4ten, um seinem Slogan <a href=\"https:\/\/www.freiburg-schwarzwald.de\/blog\/charlie-kirk-an-uni-erschossen\/\">&#8222;Prove me wrong\u201c<\/a> bzw. \u201eBeweise, dass ich falsch liege\u201c gem\u00e4\u00df mit den Studenten zu reden. Friedlich. Kirk ruft niemals zu Gewalt auf und respektiert die <a href=\"https:\/\/www.freiburg-schwarzwald.de\/blog\/engagement\/zukunft\/demokratie\/freiheit\/abweichende-meinung\/\">andere Meinung<\/a>. Bei einer solchen Diskussion wird er durch einen Schu\u00df in die Hals ermordet. T\u00e4ter und Opfer kannten sich nicht.<br \/>\nB) Erika Kirk vergibt dem T\u00e4ter zehn Tage nach dem furchtbaren Attentat als Witwe zweier Kinder (1 und 3 Jahre) sogar \u00f6ffentlich mit den Worten &#8222;Dieser junge Mann, ich vergebe ihm&#8220;.<\/p>\n<p>Zu diesen beiden Fakten A) und B) \u00fcber das Opfer von brutaler Gewalt an Charlie Kirk und seine Frau Erika wird von den <a href=\"https:\/\/www.freiburg-schwarzwald.de\/blog\/kultur\/medien\/mainstream\/\">reichweitenstarken Medien<\/a> in Deutschland entweder nur am Rande berichtet oder gar geschwiegen. Diese nackten Tatsachen A) und B), bei denen es als Realit\u00e4t \u00fcberhaupt nichts zu bewerten und zu deuteln gibt, bleiben au\u00dfen vor. B\u00fcrger, die sich nur einseitig z.B. \u00fcber den \u00d6RR mit ARD und ZDF informieren, erfahren die Realit\u00e4t von A) und B) nicht.<\/p>\n<p>Stattdessen wird in den Medien <a href=\"https:\/\/www.freiburg-schwarzwald.de\/blog\/kultur\/medien\/instrumentalisierung\/\">instrumentalisiert<\/a>, interpretiert und auch gelogen. Charlie Kirk sei ein rechtsextremistischer Verschw\u00f6rungstheoretiker und habe gesagt, &#8222;dass Homosexuelle gesteinigt werden m\u00fcssten\u201c (Elmar Thevesen, ARD). Deshalb: \u201eMan muss kein Mitgef\u00fchl und kein Mitleid haben\u201c (Dunja Hayali, ZDF). Der Mord geht laut \u00d6RR somit in Ordnung. Und Erika Kirk ginge es prim\u00e4r nur um Publicity und Karriere. Sie profitiere nun vom Mord. All dies verk\u00fcndet der \u00f6ffentlich-rechtliche Rundfunk seit dem 10.9.2025 tagt\u00e4glich. Derlei <a href=\"https:\/\/www.freiburg-schwarzwald.de\/blog\/kultur\/medien\/desinformation\/\">Desinformation<\/a> erfahren die B\u00fcrger im <a href=\"https:\/\/www.freiburg-schwarzwald.de\/blog\/kultur\/medien\/oerr\/\">\u00d6RR<\/a>, dem sie von fr\u00fcher her voll vertrauen.<\/p>\n<p>Nat\u00fcrlich nutzen zahlreiche Kreise diese furchtbare Ermordung zu \u00fcbler Instrumentalisierung &#8211; dazu z\u00e4hlen gewi\u00df auch <a href=\"https:\/\/www.freiburg-schwarzwald.de\/blog\/global\/usa\/usa-trump\/\">Donald Trump<\/a>, sein Politikberater Stephen Miller usw. Aber darum geht es in diesem Beitrag nicht.<\/p>\n<p>Hier geht es zum Problem, dass die Mainstreammedien gro\u00dfenteils nicht bereit sind, die B\u00fcrger \u00fcber &#8222;Fakten, Fakten, Fakten&#8220; (Helmut Markwort, Focus) zu informieren, sondern dem <a href=\"https:\/\/www.freiburg-schwarzwald.de\/blog\/kultur\/medien\/journalismus\/haltungsjournalismus\/\">Haltungsjournalismus<\/a> gem\u00e4\u00df die Berichterstattung der linken Sichtweise anpassen und mit <a href=\"https:\/\/www.freiburg-schwarzwald.de\/blog\/kultur\/medien\/manipulation\/\">Mutma\u00dfungen<\/a> \u00fcberf\u00fcttern. Dies wiederum f\u00fchrt zur Desinformation der B\u00fcrger und zum erschreckenden Befund, da\u00df 37 % die Ermordung eines Menschen nicht bedauern, also gut hei\u00dfen. Und da\u00df ein Viertel die <a href=\"https:\/\/www.freiburg-schwarzwald.de\/blog\/selbsthilfe\/krise\/gewalt\/linke-gewalt\/\">Gewalt begr\u00fc\u00dfen<\/a>, wenn sie gegen Nicht-Linke gerichtet ist.<\/p>\n<p>Eine traurige Verrohung der Gesellschaft, die daraus resultiert, da\u00df die Linke der Rechten gegen\u00fcber im Zuge der Errichtung einer demokratiefeindlichen <a href=\"https:\/\/www.freiburg-schwarzwald.de\/blog\/vereine\/partei\/cdu\/brandmauer\/\">Brandmauer<\/a> den <a href=\"https:\/\/www.freiburg-schwarzwald.de\/blog\/engagement\/zukunft\/demokratie\/debatte\/\">Diskurs<\/a> verweigert und somit die <a href=\"https:\/\/www.freiburg-schwarzwald.de\/blog\/kultur\/medien\/diskussionskultur\/\">Diskussionskultur<\/a> zerst\u00f6rt. Der Kommunikationswissenschaftler Norbert Bolz formuliert es im Beitrag &#8222;Der kulturelle B\u00fcrgerkrieg ist hier&#8220; so: \u201eDem politischen Gegner wird die <a href=\"https:\/\/www.freiburg-schwarzwald.de\/blog\/engagement\/zukunft\/demokratie\/diskursverweigerung\/\">Diskursf\u00e4higkeit<\/a> abgesprochen und er wird als Unmensch behandelt, den man liquidieren kann bzw. \u00fcber dessen Tod man sich dann freuen kann&#8220; &#8211; mehr dazu <a href=\"https:\/\/www.freiburg-schwarzwald.de\/blog\/kirk-nachrufe-diskussion-gebet\/\">hier<\/a>.<br \/>\n.<br \/>\n&#8222;Eine <a href=\"https:\/\/www.freiburg-schwarzwald.de\/blog\/engagement\/zukunft\/demokratie\/mitte\/\">linke Mitte<\/a> wird von rechter Radikalisierung bedroht&#8220; &#8211; wobei links als <a href=\"https:\/\/www.freiburg-schwarzwald.de\/blog\/kultur\/kulturverlust\/woke\/\">woke<\/a> und rechts als <a href=\"https:\/\/www.freiburg-schwarzwald.de\/blog\/engagement\/zukunft\/demokratie\/extremismus\/\">extremistisch<\/a> gilt. Solange diese von <a href=\"https:\/\/www.freiburg-schwarzwald.de\/blog\/kultur\/medien\/medien-politik\/\">Politik und Medien<\/a> ver\u00f6ffentlichte Verdrehung von einer schweigenden Mehrheit der B\u00fcrger hingenommen wird, kann sich eine freie und offene Diskussionskultur nicht (wieder) etablieren. Und ohne Diskussionskultur kann ein plurales bzw. demokratisches System nicht funktionieren.<br \/>\n24.9.2025<br \/>\n.<br \/>\nEnde von Beitrag &#8222;26 % f\u00fcr Gewalt gegen Rechts&#8220;<br \/>\n===========================================================<br \/>\nBeginn von Anlagen (1) &#8211; (2)<br \/>\n.<br \/>\n.<br \/>\n<strong>(1) Diese Umfrage zeigt den ganzen Hass von Links<\/strong><br \/>\nWas wird alles erz\u00e4hlt: Zerst\u00f6rung des Diskurses, die Spaltung der Gesellschaft, die Entgrenzung der Sprache \u2013 all das soll allein von rechts kommen. Deutsche Medien sind vor allem dabei, eine rechte \u00dcberreaktion in Amerika auf den Mord an Charlie Kirk herbeizuprognostizieren und herbeizufantasieren \u2013 man hat manchmal das Gef\u00fchl: herbeizusehnen. Diese in Deutschland dominante Analyse vom rechten Kulturkampf liegt vollkommen daneben. Der Kulturkampf geht eben nicht von Donald Trump aus \u2013 Trump ist nur die radikale, aber eher sp\u00e4te Gegenreaktion auf den Kampf um eine gesamtgesellschaftliche Transformation, der gnadenlos von Links er\u00f6ffnet wurde. Und in der Radikalisierung ist man links der Rechten voraus.<\/p>\n<p>Eine neue INSA-Umfrage im Auftrag von Apollo News zeigt das jetzt: Ganze 26 Prozent der politischen Linken bef\u00fcrworten mittlerweile politische Gewalt, deutlich mehr als auf rechter Seite. Gleichzeitig h\u00e4lt eine Mehrheit von ganzen 37 Prozent der Linken den Mord an Charlie Kirk f\u00fcr nicht bedauernswert. So weit sind wir gekommen \u2013 \u00fcberraschen kann das aber kaum.<\/p>\n<p>Wenn selbst die vermeintlich gem\u00e4\u00dfigte Presse vor allem damit besch\u00e4ftigt ist, h\u00e4nderingend nach Argumenten zu suchen, ein noch nicht einmal beerdigtes Opfer eines politischen Mords zu diskreditieren, dann braucht man sich nicht zu wundern. Wenn S\u00e4tze wie \u201eMan muss kein Mitleid mit dem Toten haben\u201c zum ganz normalen, zum guten Ton der Medien\u00f6ffentlichkeit geh\u00f6ren, dann braucht man sich nicht zu wundern. Wenn Jette Nietzard ohne harte Reaktion der Parteif\u00fchrung dar\u00fcber sinnieren kann, Waffengewalt gegen eine AfD-Regierung einzusetzen, dann braucht man sich nicht zu wundern. Wenn \u201eNazis aufs Maul\u201c, die einzige hohle Lehre dieses Landes aus dem Nationalsozialismus ist und selbst Hendrik W\u00fcst die AfD gebetsm\u00fchlenartig als \u201eNazis\u201c bezeichnet, dann braucht man sich nicht zu wundern.<br \/>\n&#8230; Alles vom 24.9.2025 von Max Mannhart bitte lesen auf<br \/>\n<a href=\"https:\/\/apollo-news.net\/diese-umfrage-zeigt-den-ganzen-hass-von-links\/\">https:\/\/apollo-news.net\/diese-umfrage-zeigt-den-ganzen-hass-von-links\/<\/a><br \/>\n.<\/p>\n<h5><a href=\"https:\/\/www.freiburg-schwarzwald.de\/blog\/wp-content\/uploads\/2025\/09\/kirk-this-is-what-they-hate250910.jpg\"><img loading=\"lazy\" decoding=\"async\" class=\"alignnone size-thumbnail wp-image-139038\" src=\"https:\/\/www.freiburg-schwarzwald.de\/blog\/wp-content\/uploads\/2025\/09\/kirk-this-is-what-they-hate250910-166x180.jpg\" alt=\"\" width=\"166\" height=\"180\" srcset=\"https:\/\/www.freiburg-schwarzwald.de\/blog\/wp-content\/uploads\/2025\/09\/kirk-this-is-what-they-hate250910-166x180.jpg 166w, https:\/\/www.freiburg-schwarzwald.de\/blog\/wp-content\/uploads\/2025\/09\/kirk-this-is-what-they-hate250910.jpg 492w\" sizes=\"auto, (max-width: 166px) 100vw, 166px\" \/><\/a>\u00a0 \u00a0\u201eThis is what they hate\u201c \u2013 Kirk-Family: 1. Geburtstag des Sohnes<\/h5>\n<p>.<br \/>\n<strong>(2) Desinformation der Medien wirkt &#8230;<\/strong><br \/>\nDie jugendliche Tochter von Freunden, deren Eltern politisch \u00e4hnlich denken wie ich, sagte heute, es sei gut, dass Charlie Kirk (32) in den USA erschossen wurde \u2013 schlie\u00dflich sei er ja f\u00fcr Trump, und deshalb b\u00f6se.<\/p>\n<p>Wie viele deutsche Schulen junge Menschen ideologisch vergiften, ist geradezu kriminell. Selbst die 20-Uhr-Tagesschau: Da hie\u00df es, es sei unklar, ob es ein politisches Motiv f\u00fcr den Mord gebe. Die Niedertracht und die Verkommenheit der selbsternannten \u201eMoralischen\u201c sind widerlich.<br \/>\nKirk, der 9,5 Millionen Follower auf Instagram hatte, hinterl\u00e4sst seine Ehefrau Erika Frantzve und zwei kleine Kinder. Das Bild hat er auf Instagram gepostet, es zeigt den ersten Geburtstag seines Sohnes.<br \/>\n15.9.2025<\/p>\n","protected":false},"excerpt":{"rendered":"<p>Laut einer INSA-Umfrage sehen 37 % der politischen Linken den Mord an Charlie Kirk als nicht bedauernswert an und 26 % bejahen Gewalt gegen Rechts generell (1). Ein erschreckender Befund, besagt er doch: Mit Rechten (definiert als nicht zur &#8222;linken &hellip; <a href=\"https:\/\/www.freiburg-schwarzwald.de\/blog\/26-fuer-gewalt-gegen-rechts\/\">Weiterlesen <span class=\"meta-nav\">&rarr;<\/span><\/a><\/p>\n","protected":false},"author":2,"featured_media":0,"comment_status":"open","ping_status":"closed","sticky":false,"template":"","format":"standard","meta":{"footnotes":""},"categories":[18,181,36,210,14,162,60,63,13,80],"tags":[766,749,732,439,649,720,29,338],"class_list":["post-139311","post","type-post","status-publish","format-standard","hentry","category-bildung","category-buergerbeteiligung","category-engagement","category-gewalt","category-global","category-internet","category-jugend","category-krise","category-kultur","category-medien","tag-buerger","tag-diskussionskultur","tag-gewalt","tag-journalist","tag-links","tag-medien","tag-student","tag-uni"],"_links":{"self":[{"href":"https:\/\/www.freiburg-schwarzwald.de\/blog\/wp-json\/wp\/v2\/posts\/139311","targetHints":{"allow":["GET"]}}],"collection":[{"href":"https:\/\/www.freiburg-schwarzwald.de\/blog\/wp-json\/wp\/v2\/posts"}],"about":[{"href":"https:\/\/www.freiburg-schwarzwald.de\/blog\/wp-json\/wp\/v2\/types\/post"}],"author":[{"embeddable":true,"href":"https:\/\/www.freiburg-schwarzwald.de\/blog\/wp-json\/wp\/v2\/users\/2"}],"replies":[{"embeddable":true,"href":"https:\/\/www.freiburg-schwarzwald.de\/blog\/wp-json\/wp\/v2\/comments?post=139311"}],"version-history":[{"count":5,"href":"https:\/\/www.freiburg-schwarzwald.de\/blog\/wp-json\/wp\/v2\/posts\/139311\/revisions"}],"predecessor-version":[{"id":139328,"href":"https:\/\/www.freiburg-schwarzwald.de\/blog\/wp-json\/wp\/v2\/posts\/139311\/revisions\/139328"}],"wp:attachment":[{"href":"https:\/\/www.freiburg-schwarzwald.de\/blog\/wp-json\/wp\/v2\/media?parent=139311"}],"wp:term":[{"taxonomy":"category","embeddable":true,"href":"https:\/\/www.freiburg-schwarzwald.de\/blog\/wp-json\/wp\/v2\/categories?post=139311"},{"taxonomy":"post_tag","embeddable":true,"href":"https:\/\/www.freiburg-schwarzwald.de\/blog\/wp-json\/wp\/v2\/tags?post=139311"}],"curies":[{"name":"wp","href":"https:\/\/api.w.org\/{rel}","templated":true}]}}