{"id":139299,"date":"2025-09-23T10:30:14","date_gmt":"2025-09-23T08:30:14","guid":{"rendered":"https:\/\/www.freiburg-schwarzwald.de\/blog\/?p=139299"},"modified":"2025-09-24T10:39:43","modified_gmt":"2025-09-24T08:39:43","slug":"kaufhold-bverfg-richterin-nein","status":"publish","type":"post","link":"https:\/\/www.freiburg-schwarzwald.de\/blog\/kaufhold-bverfg-richterin-nein\/","title":{"rendered":"Kaufhold BVerfG-Richterin: Nein"},"content":{"rendered":"<p>Die Bedenken gegen eine Berufung von Prof Ann-Katrin Kaufhold zur Richterin am <a href=\"https:\/\/www.freiburg-schwarzwald.de\/blog\/engagement\/zukunft\/demokratie\/verfassung\/bundesverfassungsgericht\/\">Bundesverfassungsgericht<\/a> (<a href=\"https:\/\/www.freiburg-schwarzwald.de\/blog\/engagement\/zukunft\/demokratie\/verfassung\/bverfg-links\/\">BVerfG<\/a>) sind nach wie vor gro\u00df. &#8222;Ann-Katrin Kaufhold will vom Richtertisch aus <a href=\"https:\/\/www.freiburg-schwarzwald.de\/blog\/selbsthilfe\/soziales\/justiz\/justiz-politik\/\">Politik machen<\/a> und tr\u00e4umt von einer ungew\u00e4hlten &#8222;Systemaufsicht&#8220;, die im Grunde die <a href=\"https:\/\/www.freiburg-schwarzwald.de\/blog\/engagement\/zukunft\/demokratie\/democracy\/\">Demokratie<\/a> aushebeln w\u00fcrde. <!--more-->@cducsubt, stimmen Sie am Donnerstag gegen diese Kandidatin!&#8220; (1). CitizenGo fordert zu einer Mail-Aktion an die CDU\/CSU-<a href=\"https:\/\/www.freiburg-schwarzwald.de\/blog\/engagement\/zukunft\/demokratie\/parlament\/abgeordnete\/\">Abgeordneten<\/a> auf. Die Zeit dr\u00e4ngt, da die Abstimmung bereits am 25.9. im Bundestag stattfindet.<br \/>\n23.9.2025<br \/>\n.<br \/>\nEnde von Beitrag &#8222;Kaufhold BVerfG-Richterin: Nein&#8220;<br \/>\n============================================================<br \/>\nBeginn von Anlagen (1) &#8211;<br \/>\n.<br \/>\n.<br \/>\n<strong>(1) Eilmail: Bundestagsabstimmung schon 25.9.!! Ann-Katrin Kaufhold darf nicht Verfassungsrichterin werden!<\/strong><br \/>\nAktion per Petition, Tel an CDU-MdBs (MdB-B\u00fcros) , Facebook, Twitter&#8230;.<br \/>\nDas Folgende sind Hinweise, bildet Euch \/bilden Sie sich eine Meinung, und ggf. agieren, siehe Vorzeile + s.u.<br \/>\n.<br \/>\nWelche Abgeordneten f\u00fcr Ihren Wahlkreis zust\u00e4ndig sind: <a href=\"https:\/\/www.bundestag.de\/abgeordnete\">https:\/\/www.bundestag.de\/abgeordnete<\/a><br \/>\nAlle Abgeordneten der Union in alphabetischer Reihenfolge: <a href=\"https:\/\/www.cducsu.de\/abgeordnete\">https:\/\/www.cducsu.de\/abgeordnete<\/a><br \/>\nListe aller Unionsabgeordneten<br \/>\n<a href=\"https:\/\/www.bundestag.de\/abgeordnete\">https:\/\/www.bundestag.de\/abgeordnete<\/a><br \/>\n.<br \/>\nCitizengo schrieb dazu:<br \/>\n&#8220; Rufen Sie einen an, rufen Sie zwei oder drei an. Sie werden nicht die Abgeordneten pers\u00f6nlich ans Telefon bekommen, sondern deren Mitarbeiter. Bitten Sie diese, eine Nachricht weiterzugeben: Ann-Katrin Kaufhold darf auf keinen Fall Verfassungsrichterin werden. Das w\u00e4re eine Katastrophe f\u00fcr die Demokratie. (&#8230;) Bitte rufen Sie deshalb gleich heute noch an!&#8220;<br \/>\nGesendet: Dienstag, 23. September 2025 um 18:49<br \/>\nChristina Widmann&#8220; &lt;<a href=\"mailto:petitionen@citizengo.org\">petitionen@citizengo.org<\/a>&gt;<br \/>\nBetreff: \u00dcberfluten wir das Internet: Ann-Katrin Kaufhold darf nicht Verfassungsrichterin werden!<br \/>\nDie Abgeordneten von CDU und CSU haben noch nicht bemerkt, was f\u00fcr eine radikale Antidemokratin die SPD mit Ann-Katrin Kaufhold ans Bundesverfassungsgericht bringen will. Senden Sie deshalb gleich jetzt einen Tweet: &#8222;Ann-Katrin Kaufhold will vom Richtertisch aus Politik machen und tr\u00e4umt von einer ungew\u00e4hlten &#8222;Systemaufsicht&#8220;, die im Grunde die Demokratie aushebeln w\u00fcrde. @cducsubt, stimmen Sie am Donnerstag gegen diese Kandidatin!&#8220;<br \/>\n.<br \/>\nG\u00fc\u00df Gott und Guten Tag, (..)<br \/>\neine dringende Bitte: Wir m\u00fcssen noch mehr Druck auf die Abgeordneten von CDU und CSU aus\u00fcben, sonst bekommen wir \u00fcbermorgen ((morgen))) eine radikale linke Antidemokratin als Richterin am Bundesverfassungsgericht.<br \/>\nDie SPD-Kandidatin Ann-Katrin Kaufhold tr\u00e4umt von einer Weltregierung. Das hei\u00dft, sie nennt es eine \u201cSystemaufsicht\u201d. In einem Vortrag im Jahr 2018 breitete Kaufhold diese Idee in allen Einzelheiten aus: Neben den existierenden Strukturen (Regierungen, Parlamente), soll es eine unabh\u00e4ngige \u201cSystemaufsicht\u201d geben, die im Zweifelsfall s\u00e4mtliche Macht an sich ziehen und s\u00e4mtliche Entscheidungen treffen soll. Das w\u00e4re, kurz gesagt, eine ungew\u00e4hlte Weltregierung.<br \/>\nEine Frau, die so etwas f\u00fcr w\u00fcnschenswert h\u00e4lt, soll Verfassungsrichterin werden?<br \/>\nKein einziger Abgeordneter von CDU und CSU hat bis jetzt ein Wort gegen Kaufhold gesagt. Es sieht so aus, als ob die meisten Abgeordneten noch nicht begriffen haben, was f\u00fcr eine Kandidatin ihnen die SPD da untergejubelt hat.<br \/>\nVerschaffen wir uns deshalb Geh\u00f6r: Senden Sie gleich jetzt einen Tweet und fordern Sie die Abgeordneten von CDU und CSU auf, \u00fcbermorgen gegen Ann-Katrin Kaufhold zu stimmen!<br \/>\nDie Abstimmung ist \u00fcbermorgen ((Morgen 25.9.)) . Uns bleibt nur wenig Zeit. \u00dcberfluten wir deshalb heute Abend das Internet mit einer Warnung, die die Abgeordneten nicht \u00fcbersehen k\u00f6nnen. Twittern Sie, teilen Sie die Petition auf Facebook, sagen Sie es weiter: Ann-Katrin Kaufhold darf auf keinen Fall Verfassungsrichterin werden.<br \/>\nSenden Sie gleich jetzt einen Tweet und fordern Sie die Abgeordneten von CDU und CSU auf, \u00fcbermorgen gegen Ann-Katrin Kaufhold zu stimmen!<\/p>\n<p>Falls Sie Twitter nicht nutzen, klicken Sie bitte hier und teilen Sie die Petition gegen Kaufhold noch einmal auf Facebook!<br \/>\n<a href=\"https:\/\/www.facebook.com\/sharer\/sharer.php?u=https%3A%2F%2Fcitizengo.org%2Fde%2Flf%2F16311-keine-radikale-linke-aktivistin-ans-bundesverfassungsgericht--stimmen-sie-gegen-ann-katrin-kaufhold-&amp;mkt_tok=OTA3LU9EWS0wNTEAAAGdFnOgsbwrdH_YRVcHkbm6iVUU30Q4G9xpnuXqFp9j3hDbaEsyZ-yvBLl4iEUxDV5Q7nlw4V1LJ9ul_WU3xtEBXUnlixOZgVxBdl6ys0hqSzv7453_Ey2w\">https:\/\/www.facebook.com\/sharer\/sharer.php?u=https%3A%2F%2Fcitizengo.org%2Fde%2Flf%2F16311-keine-radikale-linke-aktivistin-ans-bundesverfassungsgericht&#8211;stimmen-sie-gegen-ann-katrin-kaufhold-&amp;mkt_tok=OTA3LU9EWS0wNTEAAAGdFnOgsbwrdH_YRVcHkbm6iVUU30Q4G9xpnuXqFp9j3hDbaEsyZ-yvBLl4iEUxDV5Q7nlw4V1LJ9ul_WU3xtEBXUnlixOZgVxBdl6ys0hqSzv7453_Ey2w<\/a><br \/>\n.<br \/>\nJetzt Tweet senden:<br \/>\n<a href=\"https:\/\/x.com\/intent\/post?text=Ann-Katrin%20Kaufhold%20will%20vom%20Richtertisch%20aus%20Politik%20machen%20und%20tr%C3%A4umt%20von%20einer%20ungew%C3%A4hlten%20%22Systemaufsicht%22%2C%20die%20im%20Grunde%20die%20Demokratie%20aushebeln%20w%C3%BCrde.%20%0A%40cducsubt%2C%20stimmen%20Sie%20am%20Donnerstag%20gegen%20diese%20Kandidatin!&amp;mkt_tok=OTA3LU9EWS0wNTEAAAGdFnOgsYWzIgA2WO2GIIjKM9t2eOVOiV3f9MqxiMLa3zA3z-YOK5FRAYTty_0jXyoBnXbBmrf4fFR41wkOl5ORBGC85sWGiNwM4bt_JtJer9vsVw4md4TL\">https:\/\/x.com\/intent\/post?text=Ann-Katrin%20Kaufhold%20will%20vom%20Richtertisch%20aus%20Politik%20machen%20und%20tr%C3%A4umt%20von%20einer%20ungew%C3%A4hlten%20%22Systemaufsicht%22%2C%20die%20im%20Grunde%20die%20Demokratie%20aushebeln%20w%C3%BCrde.%20%0A%40cducsubt%2C%20stimmen%20Sie%20am%20Donnerstag%20gegen%20diese%20Kandidatin!&amp;mkt_tok=OTA3LU9EWS0wNTEAAAGdFnOgsYWzIgA2WO2GIIjKM9t2eOVOiV3f9MqxiMLa3zA3z-YOK5FRAYTty_0jXyoBnXbBmrf4fFR41wkOl5ORBGC85sWGiNwM4bt_JtJer9vsVw4md4TL<\/a><br \/>\n.<br \/>\nVielen herzlichen Dank Ihre Christina Widmann und das gesamte Team von CitizenGO<br \/>\n23.9.2025<br \/>\n<a href=\"https:\/\/www.citizengo.org\">https:\/\/www.citizengo.org<\/a><br \/>\n.<br \/>\n<a href=\"https:\/\/www.citizengo.org\/de\/lf\/15853-keine-radikale-lebensfeindin-ins-bundesverfassungsgericht:-stimmen-sie-gegen-frauke-brosius-gersdorf!\">https:\/\/www.citizengo.org\/de\/lf\/15853-keine-radikale-lebensfeindin-ins-bundesverfassungsgericht:-stimmen-sie-gegen-frauke-brosius-gersdorf!<\/a><\/p>\n","protected":false},"excerpt":{"rendered":"<p>Die Bedenken gegen eine Berufung von Prof Ann-Katrin Kaufhold zur Richterin am Bundesverfassungsgericht (BVerfG) sind nach wie vor gro\u00df. &#8222;Ann-Katrin Kaufhold will vom Richtertisch aus Politik machen und tr\u00e4umt von einer ungew\u00e4hlten &#8222;Systemaufsicht&#8220;, die im Grunde die Demokratie aushebeln w\u00fcrde.<\/p>\n","protected":false},"author":2,"featured_media":0,"comment_status":"open","ping_status":"closed","sticky":false,"template":"","format":"standard","meta":{"footnotes":""},"categories":[18,181,36,13,9,172],"tags":[827,633,682,824],"class_list":["post-139299","post","type-post","status-publish","format-standard","hentry","category-bildung","category-buergerbeteiligung","category-engagement","category-kultur","category-soziales","category-zukunft","tag-bundestag","tag-demokratie","tag-freiheit","tag-parlament"],"_links":{"self":[{"href":"https:\/\/www.freiburg-schwarzwald.de\/blog\/wp-json\/wp\/v2\/posts\/139299","targetHints":{"allow":["GET"]}}],"collection":[{"href":"https:\/\/www.freiburg-schwarzwald.de\/blog\/wp-json\/wp\/v2\/posts"}],"about":[{"href":"https:\/\/www.freiburg-schwarzwald.de\/blog\/wp-json\/wp\/v2\/types\/post"}],"author":[{"embeddable":true,"href":"https:\/\/www.freiburg-schwarzwald.de\/blog\/wp-json\/wp\/v2\/users\/2"}],"replies":[{"embeddable":true,"href":"https:\/\/www.freiburg-schwarzwald.de\/blog\/wp-json\/wp\/v2\/comments?post=139299"}],"version-history":[{"count":3,"href":"https:\/\/www.freiburg-schwarzwald.de\/blog\/wp-json\/wp\/v2\/posts\/139299\/revisions"}],"predecessor-version":[{"id":139302,"href":"https:\/\/www.freiburg-schwarzwald.de\/blog\/wp-json\/wp\/v2\/posts\/139299\/revisions\/139302"}],"wp:attachment":[{"href":"https:\/\/www.freiburg-schwarzwald.de\/blog\/wp-json\/wp\/v2\/media?parent=139299"}],"wp:term":[{"taxonomy":"category","embeddable":true,"href":"https:\/\/www.freiburg-schwarzwald.de\/blog\/wp-json\/wp\/v2\/categories?post=139299"},{"taxonomy":"post_tag","embeddable":true,"href":"https:\/\/www.freiburg-schwarzwald.de\/blog\/wp-json\/wp\/v2\/tags?post=139299"}],"curies":[{"name":"wp","href":"https:\/\/api.w.org\/{rel}","templated":true}]}}