{"id":139213,"date":"2025-09-20T16:54:01","date_gmt":"2025-09-20T14:54:01","guid":{"rendered":"https:\/\/www.freiburg-schwarzwald.de\/blog\/?p=139213"},"modified":"2025-09-21T08:34:11","modified_gmt":"2025-09-21T06:34:11","slug":"nyt-erklaert-klimawahn-beendet","status":"publish","type":"post","link":"https:\/\/www.freiburg-schwarzwald.de\/blog\/nyt-erklaert-klimawahn-beendet\/","title":{"rendered":"NYT erkl\u00e4rt Klimawahn beendet"},"content":{"rendered":"<p>Laut zahlreicher Studien wie z.B. der R+V-Versicherung (3) geht die <a href=\"https:\/\/www.freiburg-schwarzwald.de\/blog\/natur\/klima\/klima-angst\/\">Angst<\/a>\u00a0 um das Klima in Deutschland zur\u00fcck, sie rangiert auf Platz 16 mit 36%, weit hinter den Kosten zur Lebenshaltung auf Platz 1 mit 52% und der <a href=\"https:\/\/www.freiburg-schwarzwald.de\/blog\/global\/migration\/migration-messer\/\">Migration<\/a> auf Platz 2 mit 49%. Vergessen sind <a href=\"https:\/\/www.freiburg-schwarzwald.de\/blog\/natur\/klima\/greta\/\">Greta&#8217;s<\/a> Angstmachereien &#8222;How dare you&#8220; und &#8222;I want you to panic&#8220;.<!--more--><br \/>\n.<br \/>\nDie Menschen werden permanent mit vielf\u00e4ltigen <a href=\"https:\/\/www.freiburg-schwarzwald.de\/blog\/selbsthilfe\/krise\/krisenpolitik\/\">Krisen<\/a> konfrontiert &#8211; dies hat sie\u00a0 &#8222;krisenm\u00fcde\u201c (3) gemacht. Sie haben genug von der <a href=\"https:\/\/www.freiburg-schwarzwald.de\/blog\/natur\/klima\/klimapolitik\/\">Klimapolitik<\/a> und den <a href=\"https:\/\/www.freiburg-schwarzwald.de\/blog\/natur\/klima\/apokalypse\/\">apokalypse<\/a>-drohenden Klimakampagnen. Zudem sickert immer mehr die Einsicht durch, da\u00df es &#8222;DIE EINE Wissenschaft&#8220;, welche die Theorie des <a href=\"https:\/\/www.freiburg-schwarzwald.de\/blog\/natur\/klima\/co2\/\">CO2<\/a>-induzierten, <a href=\"https:\/\/www.freiburg-schwarzwald.de\/blog\/natur\/klima\/menschengemacht\/\">menschengemachten<\/a> Klimawandels untermauern soll, gar nicht gibt. Wissenschaft ist nur im Plural zu haben, mit immer neuen Hypothesen und Widerlegungsversuchen. Und die <a href=\"https:\/\/www.freiburg-schwarzwald.de\/blog\/kultur\/medien\/mainstream\/\">Mainstream<\/a>-Medien sind allm\u00e4hlich bereit, auch \u00fcber solche <a href=\"https:\/\/www.freiburg-schwarzwald.de\/blog\/natur\/klima\/klima-forschung\/klimawissenschaft\/\">Wissenschaftler<\/a> zu informieren, die kritische und die <a href=\"https:\/\/www.freiburg-schwarzwald.de\/blog\/natur\/klima\/co2\/co2-klimaluege\/\">CO2-Prognosemodelle<\/a> falsifizierende Forschungsergebnisse liefern.<\/p>\n<p>Nun berichtet <a href=\"https:\/\/www.freiburg-schwarzwald.de\/blog\/vahrenholt-drei-klima-maerchen\/\">Fritz Vahrenholt<\/a> (1) \u00fcber die New York Times (NYT), die in einem vielbeachteten Beitrag mit dem Titel <strong><em>\u201eEs sind nicht nur die USA. Die ganze Welt hat genug von der Klimapolitik\u201c<\/em><\/strong> das Ende der Klimapolitik einl\u00e4utet. Erstaunlich, galt doch die NYT als die mediale Nr. 1 der Welt bei der Verk\u00fcndung der Wahrheiten der Klimabewegung mit menschengemachtem CO2-Klimagift, <a href=\"https:\/\/www.freiburg-schwarzwald.de\/blog\/natur\/klima\/hitze\/\">\u00dcberhitzung<\/a> und <a href=\"https:\/\/www.freiburg-schwarzwald.de\/blog\/natur\/klima\/apokalypse\/\">Apokalypse<\/a> (2). Laut NYT ist das Pariser Klimaabkommen 2015 zur Weltrettung obsolet geworden: \u201eVor zehn Jahren, im Herbst, versammelten sich Wissenschaftler und Diplomaten aus 195 L\u00e4ndern in Le Bourget, n\u00f6rdlich von Paris, und schmiedeten einen Plan zur Rettung der Welt\u201c. Jetzt mu\u00df man einr\u00e4umen, dass \u201efast keines dieser Versprechen eingehalten wurde\u201c, auch weil die Menschen \u201enicht bereit waren, daf\u00fcr Opfer zu bringen\u201c &#8211; keine Opfer f\u00fcr Ideologie und dogmenartige Versprechungen, die einerseits f\u00fcr den B\u00fcrger nur Verzicht und Kosten bringen und andererseits den <a href=\"https:\/\/www.freiburg-schwarzwald.de\/blog\/natur\/klima\/klimawandel\/\">Klimawandel<\/a> nicht merklich beeinflussen k\u00f6nnen.<\/p>\n<p>USA, Kanada, Staaten Mittel- und S\u00fcdamerika, <a href=\"https:\/\/www.freiburg-schwarzwald.de\/blog\/global\/globalisierung\/brics\/\">BRICS<\/a>, ASEA, COP29, &#8230; immer mehr L\u00e4nder erkennen <a href=\"https:\/\/www.freiburg-schwarzwald.de\/blog\/engagement\/verbraucher\/steuern\/co2-steuer\/\">CO2-Steuern<\/a> als politischen und wirtschaftlichen Selbstmord und verweigern sich der hysterie-geleiteten Klimapolitik. Aber Deutschland macht noch nicht mit und beharrt weiter auf seiner Politik der <a href=\"https:\/\/www.freiburg-schwarzwald.de\/blog\/engagement\/zukunft\/groessenwahn\/\">gr\u00f6\u00dfenwahnsinnigen<\/a> <a href=\"https:\/\/www.freiburg-schwarzwald.de\/blog\/global\/deutschland\/klimarettung\/\">Klimarettung<\/a>, <a href=\"https:\/\/www.freiburg-schwarzwald.de\/blog\/engagement\/verbraucher\/steuern\/co2-steuer\/\">CO2-Besteuerung<\/a>, h\u00f6chsten Energiepreise und <a href=\"https:\/\/www.freiburg-schwarzwald.de\/blog\/business\/industrie\/deindustrialisierung\/\">Deindustrialisierung<\/a>.<br \/>\n.<br \/>\nHier die Rangliste zur o.a. Angst-Studie:<br \/>\n1) Steigende Lebenshaltungskosten &#8211; 52% haben der B\u00fcrger in D haben Angst<br \/>\n2) \u00dcberforderung des Staates durch Gefl\u00fcchtete &#8211; 49%<br \/>\n3) Steuererh\u00f6hungen &#8211; 49%<br \/>\n4) Wohnen unbezahlbar &#8211; 48%<br \/>\n5) Weltweit autorit\u00e4re Herrscher &#8211; 47%<br \/>\n6) Trumps Politik &#8211; 45%<br \/>\n7) Spannungen durch Zuzug aus Ausland &#8211; 45%<br \/>\n8) \u00dcberforderung der Politiker &#8211; 42%<br \/>\n9) Krieg mit deutscher Beteiligung &#8211; 41%<br \/>\n10) Schlechte Wirtschaftslage &#8211; 41%<br \/>\n&#8230;<br \/>\n15) Naturkatastrophen &#8211; 36%<br \/>\n16) Klimawandel &#8211; 36%<br \/>\n.<br \/>\n&#8222;Die Trauerarbeit ist beendet. Die Klimapolitik ist tot, nur in Berlin und Br\u00fcssel hofft man weiter auf ein Wunder, das den Leichnam wieder ins Leben zur\u00fcckbringen m\u00f6ge&#8220; (2).<br \/>\n&#8222;Wunder gibt es immer wieder?&#8220; &#8211; aber nur als Schlager in der Musik.<br \/>\n20.9.2025<br \/>\n.<br \/>\nEnde von Beitrag &#8222;NYT erkl\u00e4rt Klimawahn beendet&#8220;<br \/>\n==========================================================<br \/>\nbeginn von Anlagen (1) &#8211; (4)<br \/>\n.<br \/>\n.<br \/>\n<strong>(1) Fritz Vahrenholt: Die NYT hat das Ende der Klimapolitik eingel\u00e4utet<\/strong><br \/>\nDie New York Times hat das Ende der Klimapolitik mit einer langen Klage mit dem Titel \u201eEs sind nicht nur die USA. Die ganze Welt hat genug von der Klimapolitik\u201c eingel\u00e4utet. <a href=\"https:\/\/nytimes.com\/2025\/09\/16\/magazine\/climate-politics-us-world-paris-agreement.html\">https:\/\/nytimes.com\/2025\/09\/16\/magazine\/climate-politics-us-world-paris-agreement.html<\/a><br \/>\nDer Artikel wirkt er wie ein unbeabsichtigtes Eingest\u00e4ndnis, dass die \u00c4ra des Pariser Abkommens vorbei ist.<br \/>\n\u201eVor zehn Jahren, im Herbst, versammelten sich Wissenschaftler und Diplomaten aus 195 L\u00e4ndern in Le Bourget, n\u00f6rdlich von Paris, und schmiedeten einen Plan zur Rettung der Welt. Sie nannten ihn schlicht \u201ePariser Abkommen\u201d, aber es war offensichtlich ein Meilenstein der Klimapolitik: eine fast universelle globale Verpflichtung, einen katastrophalen Temperaturanstieg zu verhindern und eine lebenswertere Zukunft f\u00fcr alle zu sichern.<br \/>\nBarack Obama lobte das Abkommen als Pr\u00e4sident und erkl\u00e4rte, Paris sei \u201edie beste Chance, die wir haben, um den einzigen Planeten zu retten, den wir haben.\u201c Ein Jahrzehnt sp\u00e4ter r\u00e4umt die Times ein, dass fast keines dieser Versprechen eingehalten wurde und dass die W\u00e4hler auch nicht bereit waren, daf\u00fcr Opfer zu bringen.<br \/>\n.<br \/>\n\u201eAuf der letztj\u00e4hrigen UN-Klimakonferenz (COP29) lobte der Pr\u00e4sident des Gastgeberlandes, Ilham Aliyev aus Aserbaidschan, \u00d6l und Gas als \u201eGeschenke Gottes\u201c, und obwohl die j\u00e4hrlichen Konferenzen seit Paris oft hochkar\u00e4tige, mit Stars besetzte Veranstaltungen waren, waren diesmal nur wenige Staats- und Regierungschefs aus aller Welt anwesend. Joseph R. Biden, damals noch Pr\u00e4sident, erschien nicht. Ebenso wenig wie Vizepr\u00e4sidentin Kamala Harris, Chinas Pr\u00e4sident Xi Jinping oder die Pr\u00e4sidentin der Europ\u00e4ischen Kommission, Ursula von der Leyen. Auch Frankreichs Pr\u00e4sident Emmanuel Macron war nicht dabei &#8230; Im Vorfeld der Konferenz erkl\u00e4rte ein offizieller UN-Bericht, dass im vergangenen Jahr keinerlei Fortschritte im Klimabereich erzielt worden seien.\u201c<\/p>\n<p>\u201eDie diesj\u00e4hrige Konferenz, die im November in Brasilien stattfindet, soll bedeutender sein: Die COP30 markiert den 10. Jahrestag von Paris, und alle 195 Vertragsparteien &#8230; sollen mit aktualisierten Dekarbonisierungspl\u00e4nen anreisen. Als jedoch im Februar dieses Jahres eine formelle Frist ablief, hatten nur 15 L\u00e4nder \u2013 gerade einmal 8 Prozent \u2013 die Aufgabe erf\u00fcllt. Monate sp\u00e4ter sind weitere Pl\u00e4ne eingegangen, aber wohl nur einer davon ist tats\u00e4chlich mit den Zielen des Pariser Abkommens vereinbar &#8230; und mehr als die H\u00e4lfte davon stellen R\u00fcckschritte dar.\u201c<\/p>\n<p>Fristen werden ignoriert, Versprechen verw\u00e4ssert und \u201eR\u00fcckschritte\u201c sind die Norm.<\/p>\n<p>\u201eIm Norden wurde der ehemalige Zentralbanker Mark Carney \u2026 im M\u00e4rz Premierminister von Kanada und hob als erste Amtshandlung die Kohlenstoffsteuer des Landes auf, bevor er bei den Wahlen im April einen erdrutschartigen Sieg errang. Im S\u00fcden hat die mexikanische Pr\u00e4sidentin Claudia Sheinbaum, eine ehemalige Klimawissenschaftlerin, das Prinzip der \u201eEnergiesouver\u00e4nit\u00e4t\u201c geltend gemacht und sich mit der boomenden \u00d6l- und Gasproduktion ihres Landes ger\u00fchmt \u2013 und genie\u00dft eine der h\u00f6chsten Zustimmungsraten aller gew\u00e4hlten Staatschefs weltweit.\u201c<\/p>\n<p>Wenn Politiker, die sich f\u00fcr \u00d6l und Gas einsetzen, Erdrutschsiege erringen, w\u00e4hrend Kohlenstoffsteuern politischer Selbstmord sind, muss auch die New York Times eingestehen, dass die globale Klimapolitik gescheitert ist.<\/p>\n<p>Die Times gibt sogar zu, was Klimaskeptiker seit Jahrzehnten betonen:<br \/>\n\u201eUmfragen zeigen, dass die W\u00e4hler der Dekarbonisierung keine Priorit\u00e4t einr\u00e4umen und vor allem nicht bereit sind, viel daf\u00fcr zu bezahlen.\u201c<br \/>\n<em><strong>Nur die europ\u00e4ischen politischen Eliten sowie die deutsche Bundesregierung haben das noch nicht geschnallt.<\/strong><\/em><br \/>\nDas Zeitalter globaler Versprechen ist vorbei. Vorbei sind die auch \u201eletzten Chancen\u201c und \u201eletzten Warnungen\u201c. An ihre Stelle tritt die m\u00fcde Erkenntnis, dass das gro\u00dfartige Projekt von Paris unter seinem eigenen Gewicht zusammengebrochen ist. (Charles Rotter, <a href=\"https:\/\/wattsupwiththat.com\/2025\/09\/17\/new-york-times-reaches-acceptance-stage\/\">https:\/\/wattsupwiththat.com\/2025\/09\/17\/new-york-times-reaches-acceptance-stage\/<\/a><br \/>\nDie Welt kommt zur Vernunft.<br \/>\n&#8230; Alles vom 19.9.2025 von Fritz Vahrenholt bitte lesen auf<br \/>\n<a href=\"https:\/\/x.com\/FritzVahrenholt\/status\/1968812068863107501\">https:\/\/x.com\/FritzVahrenholt\/status\/1968812068863107501<\/a><br \/>\n.<br \/>\n.<br \/>\n<strong>(2) Das Ende des Klimawahns \u2013 Ein Nachruf der New York Times<\/strong><br \/>\nSelbst die New York Times erkl\u00e4rt die Klimapolitik f\u00fcr tot. Das Pariser Abkommen ist Geschichte, nur Berlin und Br\u00fcssel marschieren blindlings weiter in Deindustrialisierung und Verarmung.<br \/>\n&#8230;<br \/>\nGeisterkonferenzen und \u201eR\u00fcckschritte\u201c<br \/>\nAuch die Symbolpolitik br\u00f6ckelt. Schon der letzten COP29 in Baku blieben Joe Biden, Kamala Harris, Xi Jinping, Emmanuel Macron und Ursula von der Leyen fern. Gastgeber Ilham Aliyev feierte \u00d6l und Gas hingegen sogar als Geschenke Gottes. Ein offizieller UN-Bericht stellte danach n\u00fcchtern fest, dass es im vergangenen Jahr keinerlei Fortschritte gegeben h\u00e4tte.<br \/>\nZur n\u00e4chsten COP30, die das Jubil\u00e4um von Paris markieren soll, haben nur 15 Staaten \u2013 gerade einmal acht Prozent \u2013 eigene Dekarbonisierungspl\u00e4ne eingereicht. Und die H\u00e4lfte dieser eingereichten Pl\u00e4ne bedeuten R\u00fcckschritt.<br \/>\nDie New York Times fragt nicht einmal mehr, wie das Projekt gerettet werden k\u00f6nnte. Sie beschreibt nur noch das \u2013 f\u00fcr jeden der es sehen will \u2013 absehbare Ende. Politischer Selbstmord durch CO2-Steuern<br \/>\n&#8230; Alles vom 19.9.2025 von Thomas Punzmann bitte lesen auf<br \/>\n<a href=\"https:\/\/www.tichyseinblick.de\/meinungen\/ende-des-klimawahns-nachruf-der-new-york-times\/\">https:\/\/www.tichyseinblick.de\/meinungen\/ende-des-klimawahns-nachruf-der-new-york-times\/<\/a><br \/>\n.<br \/>\nEinige Kommentare<br \/>\nFalls die Taeter den Klimawahn tarsaechlich beenden sollten, in Schland eher nicht, was kein Zufall ist, dann nur, weil es einr neue Option gibt. Ob das die medizinisch\/ chemische ist, unter massgeblicher Mitwirkung der WHO, in verbesserter Fortsetzung und Erweiterung vom Corona, die Schaffung eines Narrativs fuer Experimente zur Finalisierung der Transformation , wird man sehen. Es spricht einiges daf\u00fcr. Die zweite Alternative zum Klimanarrativ betrifft nat\u00fcrlich Putin und den von ihm geplanten \u00dcberfall auf Europa. Auch damit laesst sich transformatorisch arbeiten. Dass die Taeter registrierten, dass der Klimawahn nur noch in Schland zieht, ist richtig . Das ist fuer die Ziele des WEF resp der in ihm versammelten Taeter zu wenig. Ein paar weitere Europ\u00e4er sollten es schon noch sein. rainer erich<br \/>\n.<br \/>\n\u201eDer moderne Mensch wird in einem T\u00e4tigkeitstaumel gehalten, damit er nicht zum Nachdenken \u00fcber den Sinn seines Lebens und der Welt kommt.\u201e (Albert Schweitzer, deutscher evangelischer Theologe, Musiker, Arzt und Philosoph, Friedensnobelpreis (1952) 14.01.1875 \u2013 04.09.1965).<br \/>\n\u201eWir bauen auf und rei\u00dfen nieder. So ha\u2019m wir Arbeit immer wieder.\u201c Quelle: dt. Arbeiter, vermutlich vor 1945. Feli von Pommern<br \/>\n.<br \/>\nF\u00fcr mich ist die Klimal\u00fcge der gr\u00f6\u00dfte organisierte Betrug in der Menschheitsgeschichte. Noch nie wurde soviel Geld von den Menschen erpresst und von unten nach oben umgeschichtet und unglaubliche \u201eGewinne\u201c realisiert. Geld f\u00fcr Projekte verpulvert die jeden richtigen Physiker und Chemiker bla\u00df werden lie\u00dfen. Immer noch will die CO\u00b2 Mafia Wasserstoff als Energietr\u00e4ger nutzen obwohl der Wirkungsgrad j\u00e4mmerlich ist. Die Sch\u00e4den die durch die Reichswindm\u00fchlen entstehen sind nicht zu beziffern von den Solarfarmen will ich gar nicht erst reden.<br \/>\nWerden wir jetzt die CO\u00b2 Steuern los? Wird in der EU das Verbrenner-Aus gecancelt, werden die ganzen Subventionen f\u00fcr die \u201eerneuerbaren\u201c Energie eingestellt? Diese ganze mafi\u00f6se Industrie und ihre politischen Unterst\u00fctzer sind m\u00e4chtig geworden und ich denke, hier in DL mu\u00df erst wirklich das Licht ausgehen damit sich was \u00e4ndert. Aber der Anfang ist getan vielleicht gibt es doch noch Hoffnung. H.Priess<br \/>\n.<br \/>\nEndg\u00fcltig als unhinterfragbares Dogma etabliert wurde der sogenannte Klimaschutz nach meiner Erinnerung durch eine Rede von Greta Thunberg vor der UNO, die sich aufgrund des gigantischen weltweiten Medienechos in mein Ged\u00e4chtnis eingebrannt hat: \u201eI want you to panic\u201c, \u201eHow dare you\u201c. Es war die bei weitem absto\u00dfendste Instrumentalisierung einer Minderj\u00e4hrigen durch politische Machthaber auf allerh\u00f6chster Ebene, die ich bis dahin erlebt hatte. Wie lange das schon her ist \u2013 ich musste nachschlagen, es war ein halbes Jahr vor Ausbruch des globalen Corona-Terrors. Im R\u00fcckblick ist es aufschlussreich, sich das alles noch einmal vor Augen zu f\u00fchren. Laut Wikipedia geh\u00f6rte zu den begeistertsten Bewunderern von Greta Rede damals der australische Moralphilosoph, Euthanasie-Bef\u00fcrworter, \u201eTierrechte\u201c-Ethiker, \u201eSpeziesismus\u201c-Erfinder und bekennende Atheist Peter Singer. Wie doch immer alles zusammenpasst \u2026 Salvian<br \/>\n.<br \/>\nBei dem Klimawandel, bei der Migration und auch bei der Corona, haben sich Nutzniesser diese Propaganda zusammen geschlossen. Da es viel Geld geflossen und fliesst weiter, wurden sie immer mehr. Es geht nicht um Klima oder Migration, noch ging es bei der Corona um die Gesundheit, es geht nur um GELD. diesen Nutzniesser sind die Menschen egal, haupsache sie verdienen. Jetzt ist das gleiche mit Ukraine. Man findet immer irgenwas, damit man das Volk erpressen kann und die \u00d6R und \u201eQualit\u00e4tsjournalie\u201c sind immer als erste dabei. prague<br \/>\n.<br \/>\n\u201eDas Pariser Abkommen ist Geschichte, nur Berlin und Br\u00fcssel marschieren blindlings weiter in Deindustrialisierung und Verarmung.\u201c Deutsche glauben an die Wunderwaffe. Es ist nicht das erste Mal. Manchmal unterwerfen sie sich auch in Gesten, denen ebenfalls Hochmut anheftet, der Hochmut dessen, der sich der vorbildhaften Unterwerfung gewiss ist. Warum gibt es nur in diesem Volk keinen Mittelweg? Marcel Seiler<br \/>\nEnde Kommentare<br \/>\n.<br \/>\n.<br \/>\n<strong>(3) \u201eAngst essen Seele auf\u201c<\/strong><br \/>\n&#8230;<br \/>\nDas ist eine gute Nachricht, denn Angst ist nie ein guter Ratgeber. Noch 36% der Befragten der f\u00fcr Deutschland repr\u00e4sentativen Studie z\u00e4hlten \u201eKlimawandel\u201c zu ihren \u00c4ngsten, das war 2018 noch anders: 48%.<br \/>\n&#8230;<br \/>\nDennoch wurde und wird noch immer \u201eKlima-Angst\u201c gesch\u00fcrt, nur kommt das kaum noch an bei den Empf\u00e4ngern. Der Grund wurde in der aktuellen Angst- Studie auch verraten <a href=\"https:\/\/www.tichyseinblick.de\/meinungen\/ende-des-klimawahns-nachruf-der-new-york-times\/\">https:\/\/www.tagesschau.de\/inland\/gesellschaft-studie-sorgen-der-deutschen-100.html<\/a> : \u201eDie Menschen werden st\u00e4ndig mit multiplen Krisen konfrontiert, denen sie ohnm\u00e4chtig gegen\u00fcberstehen. Die Deutschen haben sich an diesen Zustand gew\u00f6hnt, sie sind krisenm\u00fcde\u201c, erkl\u00e4rte Politikwissenschaftlerin Isabelle Borucki, die die Studie als Beraterin begleitet.\u201c<br \/>\nMan k\u00f6nnte es auch anders formulieren: Da ist eine S\u00e4ttigung eingetreten. Das fortgesetzte \u201eBombardieren\u201c hilft nicht viel. Die \u201eKlimaangst\u201c ist zurecht auf dem R\u00fcckzug: Weil die Menschen kaum Rationales dagegen tun k\u00f6nnen. Die andauernde Angstmache isst Seele auf, sie verstellt den Blick auf das, was wirklich gestaltbar ist. Beim Klima w\u00e4re das in Deutschland z.B.: endlich eine real CO2-arme Energieerzeugung nach den Ratschl\u00e4gen des IPCC AR6- Erneuerbare Energien plus Kernkraftnutzung plus Kohlenstoffabscheidung (CCS). Das ist ein Thema vor allem der Politik, es dem auf diesem Feld sehr erfolgreichem Frankreich nachzutun, nicht ein Thema f\u00fcr \u201cindividuelle \u00c4ngste\u201d. Ihr Nachlassen ist daher eine gute Entwicklung, denn es geht um L\u00f6sungen und die erreicht man nicht, wenn man Angst hat. Die l\u00e4hmt n\u00e4mlich das Denken auf die Dauer.<br \/>\nVielleicht w\u00e4re es auch an der Zeit \u00fcber eine bestimmte Wortwahl zu sprechen, die die Menschen offenbar so erm\u00fcdet. Wie Axel Bojanowski ja treffend in einem Video <a href=\"https:\/\/klimanachrichten.de\/2025\/09\/04\/wohin-mit-dem-schrott\/\">https:\/\/klimanachrichten.de\/2025\/09\/04\/wohin-mit-dem-schrott\/<\/a> anmerkte, ist schon das Wort \u201cKlimakrise\u201d eine denkbar ung\u00fcnstige Formulierung. Eine Krise kommt und geht.<br \/>\nDie \u00c4nderung des Klimas ist aber fortlaufend, sie wird es auch immer bleiben. Eine Dutzende Jahre anhaltende \u201cKrise\u201d ist jedoch ein Widerspruch in sich. Es wird auch Zeit, \u00fcber das physikalische Unwort \u201cErhitzung\u201d nachzudenken, das ist stets eine Erw\u00e4rmung, in Deutschland eine um ca. 2\u00b0C in den letzten 50 Jahren.<br \/>\nDa die Klima-Angstmache damit offensichtlich nicht funktioniert hat (das Abrutschen in der Angst-Hitliste legt ein beredtes Zeugnis ab) w\u00e4re das doch eine gute Anwendung sinnvoller Fehlerkorrektur? Wir sind gespannt!<br \/>\n&#8230; Alles vom 18.9.2025 bitte lesen auf<br \/>\n<a href=\"https:\/\/klimanachrichten.de\/2025\/09\/20\/angst-essen-seele-auf\/\">https:\/\/klimanachrichten.de\/2025\/09\/20\/angst-essen-seele-auf\/<\/a><br \/>\n.<br \/>\n.<br \/>\n<strong>(4) Studie &#8222;\u00c4ngste der Deutschen 2025&#8220;: Viele \u00c4ngste lassen nach<\/strong><br \/>\nMutlos, z\u00f6gerlich und sehr vorsichtig. Dazu extrem auf Sicherheit bedacht, plus eine geh\u00f6rige Portion Furcht vor der Zukunft &#8211; das ist es, was man international unter &#8222;German Angst&#8220; versteht. Dazu passt, dass zahlreiche Studien zur Angst nur in Deutschland durchgef\u00fchrt werden.<br \/>\nDas gilt auch f\u00fcr die Studie &#8222;Die \u00c4ngste der Deutschen 2025&#8220; des Infocenters der R+V Versicherung, die zum 34. Mal die Sorgen der deutschen Bev\u00f6lkerung genauer unter die Lupe nimmt. <a href=\"https:\/\/www.ruv.de\/newsroom\/themenspezial-die-aengste-der-deutschen\">https:\/\/www.ruv.de\/newsroom\/themenspezial-die-aengste-der-deutschen<\/a> Das erstaunliche Ergebnis der aktuellen Befragung, an der 2.400 Menschen teilgenommen haben: Die \u00c4ngste der Deutschen sinken &#8211; und das trotz weltweiter Krisen und einer angespannten \u00f6konomischen Lage.<br \/>\nDie Politikwissenschaftlerin und Professorin an der Philipps-Universit\u00e4t Marburg, Isabelle Borucki, begleitet die Studie als Beraterin. Sie sagt der DW: &#8222;Dies kann eine Art Aufatmen nach vielen Krisenjahren bedeuten. Zudem liegt der Fokus der Menschen momentan auch weniger auf Zukunfts\u00e4ngsten, sondern vielmehr im Hier und Jetzt. Zwar sind die \u00c4ngste in Bezug auf die Wirtschaftslage oder die Lebenshaltungskosten nach wie vor hoch, aber die Menschen f\u00fchlen sich nicht mehr so betroffen wie zuvor.&#8220;<br \/>\n&#8230;<br \/>\nMigration macht weiter vielen Angst &#8211; vor allem im Osten<br \/>\nZwischen den finanziellen \u00c4ngsten (steigende Lebenshaltungskosten macht 52% Angst) auf Platz Zwei: die Furcht vor einer \u00dcberforderung des Staates durch Gefl\u00fcchtete, vor allem im Osten Deutschlands (\u00dcberforderung des Staates durch Gefl\u00fcchtete macht 49% Angst) .<br \/>\n&#8230;<br \/>\nAngst vor Klimawandel hat trotz Naturkatastrophen an Schrecken verloren<br \/>\nBei den \u00c4ngsten nur noch unter ferner liefen rangieren dagegen die Sorgen vor Naturkatastrophen und dem Klimawandel auf den Pl\u00e4tzen 15 und 16 (machen jeweils 36% Angst) &#8211; und das trotz der weltweit steigenden Zahl an Naturkatastrophen, \u00dcberflutungen, Waldbr\u00e4nde und D\u00fcrren. Doch im bundesdeutschen Wahlkampf spielte der Klimaschutz nur eine Nebenrolle und hat zudem bei der neuen Regierung nicht unbedingt Priorit\u00e4t.<br \/>\nDas Umweltthema sei aus der politischen Agenda Deutschlands verdr\u00e4ngt worden und habe etwas an Mobilisierungskraft verloren, auch weil die Gr\u00fcnen nicht mehr in der Regierung seien, konstatiert Borucki.<\/p>\n<p>&#8230; Alles vom 18.9.2025 bitte lesen auf<br \/>\n<a href=\"https:\/\/www.dw.com\/de\/studie-%C3%A4ngste-der-deutschen-2025-viele-%C3%A4ngste-lassen-nach\/a-74029828\">https:\/\/www.dw.com\/de\/studie-%C3%A4ngste-der-deutschen-2025-viele-%C3%A4ngste-lassen-nach\/a-74029828<\/a><\/p>\n","protected":false},"excerpt":{"rendered":"<p>Laut zahlreicher Studien wie z.B. der R+V-Versicherung (3) geht die Angst\u00a0 um das Klima in Deutschland zur\u00fcck, sie rangiert auf Platz 16 mit 36%, weit hinter den Kosten zur Lebenshaltung auf Platz 1 mit 52% und der Migration auf Platz &hellip; <a href=\"https:\/\/www.freiburg-schwarzwald.de\/blog\/nyt-erklaert-klimawahn-beendet\/\">Weiterlesen <span class=\"meta-nav\">&rarr;<\/span><\/a><\/p>\n","protected":false},"author":2,"featured_media":0,"comment_status":"open","ping_status":"closed","sticky":false,"template":"","format":"standard","meta":{"footnotes":""},"categories":[18,5,135,14,40,141],"tags":[709,42,715,720,797,705,438],"class_list":["post-139213","post","type-post","status-publish","format-standard","hentry","category-bildung","category-energie","category-energiepolitik","category-global","category-klima","category-nachhaltigkeit","tag-angst","tag-co2","tag-klima","tag-medien","tag-protest","tag-usa","tag-zeitung"],"_links":{"self":[{"href":"https:\/\/www.freiburg-schwarzwald.de\/blog\/wp-json\/wp\/v2\/posts\/139213","targetHints":{"allow":["GET"]}}],"collection":[{"href":"https:\/\/www.freiburg-schwarzwald.de\/blog\/wp-json\/wp\/v2\/posts"}],"about":[{"href":"https:\/\/www.freiburg-schwarzwald.de\/blog\/wp-json\/wp\/v2\/types\/post"}],"author":[{"embeddable":true,"href":"https:\/\/www.freiburg-schwarzwald.de\/blog\/wp-json\/wp\/v2\/users\/2"}],"replies":[{"embeddable":true,"href":"https:\/\/www.freiburg-schwarzwald.de\/blog\/wp-json\/wp\/v2\/comments?post=139213"}],"version-history":[{"count":5,"href":"https:\/\/www.freiburg-schwarzwald.de\/blog\/wp-json\/wp\/v2\/posts\/139213\/revisions"}],"predecessor-version":[{"id":139253,"href":"https:\/\/www.freiburg-schwarzwald.de\/blog\/wp-json\/wp\/v2\/posts\/139213\/revisions\/139253"}],"wp:attachment":[{"href":"https:\/\/www.freiburg-schwarzwald.de\/blog\/wp-json\/wp\/v2\/media?parent=139213"}],"wp:term":[{"taxonomy":"category","embeddable":true,"href":"https:\/\/www.freiburg-schwarzwald.de\/blog\/wp-json\/wp\/v2\/categories?post=139213"},{"taxonomy":"post_tag","embeddable":true,"href":"https:\/\/www.freiburg-schwarzwald.de\/blog\/wp-json\/wp\/v2\/tags?post=139213"}],"curies":[{"name":"wp","href":"https:\/\/api.w.org\/{rel}","templated":true}]}}