{"id":139005,"date":"2025-09-09T20:03:41","date_gmt":"2025-09-09T18:03:41","guid":{"rendered":"https:\/\/www.freiburg-schwarzwald.de\/blog\/?p=139005"},"modified":"2026-02-04T21:36:11","modified_gmt":"2026-02-04T20:36:11","slug":"rassismus-floyd-iryna-liana","status":"publish","type":"post","link":"https:\/\/www.freiburg-schwarzwald.de\/blog\/rassismus-floyd-iryna-liana\/","title":{"rendered":"Rassismus: Floyd &#8211; Iryna &#8211; Liana"},"content":{"rendered":"<p><a href=\"https:\/\/www.freiburg-schwarzwald.de\/blog\/engagement\/rassismus\/\">Rassismus<\/a> ist schlimm und zu verurteilen. Menschen d\u00fcrfen nicht wegen Behinderung, Ethnie, Geschlecht, Hautfarbe, Herkunft, Partei, Religion, Weltanschauung oder was auch immer <a href=\"https:\/\/www.freiburg-schwarzwald.de\/blog\/kultur\/medien\/diskriminierung\/\">diskriminiert<\/a> werden. Artikel 1 <a href=\"https:\/\/www.freiburg-schwarzwald.de\/blog\/engagement\/zukunft\/demokratie\/grundgesetz\/\">Grundgesetz<\/a> &#8222;die W\u00fcrde des Menschen ist unantastbar&#8220; gilt f\u00fcr alle.<!--more--><br \/>\n.<br \/>\nAls der schwarze George Floyd am 25.5.2020 in Minneapolis\/USA von einem wei\u00dfen Polizisten ermordet wurde, erhob sich ein weltweit Protest &#8211; zu recht.<\/p>\n<p>Als die 23-j\u00e4hrige Iryna Zarutska am 22.8.2025 in Charlotte\/USA von einem Schwarzen in der Tram mit dem Messer erstochen wurde (1), ignorierten dies die Medien weitgehend.<\/p>\n<p>Als die weisse 16-j\u00e4hrige Liana K. in Friedland\/D von einem Iraker (vermutlich) vor den Zug in den Tod gestsossen wurde, endete der Versuch, dies zu vertuschen, erst nach ca zwei Wochen &#8211; mehr <a href=\"https:\/\/www.freiburg-schwarzwald.de\/blog\/iraker-stoesst-16-jaehrige-vor-zug\/\">hier<\/a>.<br \/>\n.<br \/>\nDrei furchtbare Verbrechen.<br \/>\nAls der <a href=\"https:\/\/www.freiburg-schwarzwald.de\/blog\/engagement\/rassismus\/antirassismus\/\">schwarze<\/a> Amerikaner ermordet wurde, war der Vorwurf des Rassismus in aller Munde. Nach den Morden an den beiden <a href=\"https:\/\/www.freiburg-schwarzwald.de\/blog\/engagement\/rassismus\/antiweisser-rassismus\/\">weissen<\/a> Ukrainerinnen in den USA und in D gilt Rassismus pl\u00f6tzlich als <a href=\"https:\/\/www.freiburg-schwarzwald.de\/blog\/engagement\/zukunft\/demokratie\/tabu\/\">tabu<\/a>. Mehr noch: Ein dr\u00f6hnendes mediales Schweigen macht sich breit. Dabei ist jede Form von <a href=\"https:\/\/www.freiburg-schwarzwald.de\/blog\/rassismus-gegen-migranten\/\">Rassismus<\/a> anzuprangern und zu verfolgen.<br \/>\n9.9.2025<br \/>\n.<br \/>\nEnde von Beitrag &#8222;Rassismus: Floyd &#8211; Iryna &#8211; Liana&#8220;<br \/>\n============================================================<br \/>\nBeginn von Anlagen (1) &#8211; (3)<br \/>\n.<br \/>\n.<br \/>\n<strong>(1) Medien schweigen \u00fcber Mord an Ukrainerin \u2013 Spenden gesammelt f\u00fcr polizeibekannten Kriminellen<\/strong><br \/>\nEine wei\u00dfe Ukrainerin, umstandslos in der Tram erstochen von einem Schwarzen \u2013 das ist kaum zu verarbeiten f\u00fcr viele Medienmacher. Ein Aktivist wollte sogar Spenden f\u00fcr den T\u00e4ter sammeln, der \u201evom Justizsystem und den psychiatrischen Diensten grunds\u00e4tzlich im Stich gelassen worden\u201c sei.<br \/>\n.<br \/>\nSie hatte keine \u00dcberlebenschance. So muss man diesen Fall \u00f6ffentlich ausge\u00fcbter Gewalt zusammenfassen. Und viele Medien verschweigen dieses Faktum. Sie schweigen freilich \u00fcber den ganzen Fall von Iryna Zarutska. Die 23-j\u00e4hrige Ukrainerin hatte j\u00fcngst in Charlotte, der gr\u00f6\u00dften Fast-Millionen-Stadt im Bundesstaat North Carolina, ein neues Leben begonnen \u2013 und es nun auf vollkommen unerwartete Weise verloren.<br \/>\nIhr Ungl\u00fcck war, dass sie am Abend des 22. August die Stadtbahn von Charlotte nutzte und sich auf einen Sitz vor einem vorbestraften, mehrfach r\u00fcckf\u00e4lligen Straft\u00e4ter setzte. Aus noch unbekanntem Motiv z\u00fcckte der, nachdem er sein Opfer gemustert hatte, ein Taschenmesser, erhob sich und stach unvermittelt auf die zierliche, blonde Frau ein. Die \u00dcberwachungskamera der Bahn hat den Vorfall in voller L\u00e4nge festgehalten. Iryna Zarutska hatte keine Chance, sie brach blut\u00fcberstr\u00f6mt auf dem Boden der Bahn zusammen. Vermutlich hatte Zarutska gerade ihre Schicht beendet, worauf ihr Arbeitsoutfit hindeutet.<br \/>\nDer 34-j\u00e4hrige Decarlos Brown, ein Schwarzer mit Dreadlocks im roten Kapuzenpullover, ist ein polizeibekannter Obdachloser, der die Bahn gar nicht h\u00e4tte benutzen d\u00fcrfen. Denn er fuhr nat\u00fcrlich schwarz. Immer wieder hatte er wegen Gewalttaten im Gef\u00e4ngnis gesessen. Laut Berichten war Brown mehr als ein Dutzend Mal verhaftet worden, mit je einem Mugshot. Laut Daily Mail war Brown auf Bew\u00e4hrung frei und wartete auf seinen n\u00e4chsten Prozess. https:\/\/www.dailymail.co.uk\/news\/article-15075239\/Fundraiser-Decarlos-Brown-Charlotte-Iryna-Zarutska.html<br \/>\nVom Tatort konnte er zun\u00e4chst fl\u00fcchten, wurde aber sp\u00e4ter verhaftet.<br \/>\n.<br \/>\nIn Deutschland ist es freilich dasselbe: Die \u00f6ffentlich-rechtlichen Sender, aber auch viele andere gro\u00dfe Medien vermeiden das Geschehnis, das die Themen Ukraine und rassistische Gewalt gegen Wei\u00dfe in eine Nachricht zwingen w\u00fcrde. Denn Opfer und T\u00e4ter kannten sich nicht. In Erinnerung bleibt die Gezieltheit, mit der Brown ausgerechnet gegen die junge, wei\u00dfe Frau vorging, das Fehlen jedes Skrupels.<br \/>\n.<br \/>\n<em>Julian Adrat<\/em><br \/>\n<em>ARD: Schweigen<\/em><br \/>\n<em>ZDF: Schweigen<\/em><br \/>\n<em>FAZ: Schweigen<\/em><br \/>\n<em>ZEIT: Schweigen<\/em><br \/>\n<em>Spiegel: Schweigen<\/em><br \/>\n<em>BILD: Schweigen<\/em><br \/>\n<em>Tagesspiegel: Schweigen<\/em><br \/>\n<em>S\u00fcddeutsche: Schweigen<\/em><br \/>\n<em>WELT: Schweigen<\/em><br \/>\n<em>ntv: Schweigen<\/em><br \/>\n<em>taz: Schweigen<\/em><br \/>\n<em>Deutschlandfunk: Schweigen<\/em><br \/>\n<em>MDR: Schweigen<\/em><br \/>\n<em>NDR: Schweigen<\/em><br \/>\n<em>RBB: Schweigen<\/em><br \/>\n<em>SWR: Schweigen<\/em><br \/>\n<em>ORF: Schweigen<\/em><br \/>\n<em>SRF: Schweigen<\/em><br \/>\n<em>Wir vergessen nicht. Ruhe in Frieden. Iryna Zarutska <a href=\"https:\/\/x.com\/JulianAdrat\/status\/1964683218143051863\">https:\/\/x.com\/JulianAdrat\/status\/1964683218143051863<\/a><\/em><br \/>\n&#8230;<br \/>\nAuch Vergleiche mit dem Medienkult um den bei einer Festnahme ums Leben gekommenen Straft\u00e4ter George Floyd, von dem es inzwischen sogar eine ehrende Statue gibt, kommen auf. Aber wenn das Geschehen im Jahr 2020 rassistische Gewalt gegen einen Schwarzen gewesen sein sollte, was stellt dann der neue Fall dar? Vielleicht handelt es sich \u2013 mangels eines erkennbaren pers\u00f6nlichen Motivs \u2013 doch um die rassistische Mordtat eines Schwarzen an einer wei\u00dfen, blonden Frau.<br \/>\n.<\/p>\n<div id=\"attachment_139009\" style=\"width: 577px\" class=\"wp-caption alignnone\"><a href=\"https:\/\/www.freiburg-schwarzwald.de\/blog\/wp-content\/uploads\/2025\/09\/rassismus-floyd-zarutska-pan250907.jpg\"><img loading=\"lazy\" decoding=\"async\" aria-describedby=\"caption-attachment-139009\" class=\"size-full wp-image-139009\" src=\"https:\/\/www.freiburg-schwarzwald.de\/blog\/wp-content\/uploads\/2025\/09\/rassismus-floyd-zarutska-pan250907.jpg\" alt=\"\" width=\"567\" height=\"316\" srcset=\"https:\/\/www.freiburg-schwarzwald.de\/blog\/wp-content\/uploads\/2025\/09\/rassismus-floyd-zarutska-pan250907.jpg 567w, https:\/\/www.freiburg-schwarzwald.de\/blog\/wp-content\/uploads\/2025\/09\/rassismus-floyd-zarutska-pan250907-180x100.jpg 180w\" sizes=\"auto, (max-width: 567px) 100vw, 567px\" \/><\/a><p id=\"caption-attachment-139009\" class=\"wp-caption-text\">Rassismus in den USA: Iryna Zarutska und George Floyd<\/p><\/div>\n<p><em>TaraBull<\/em><br \/>\n<em>When will a memorial statue be erected for Iryna Zartuska?<\/em><br \/>\n<em>Or do they only do that for criminals like George Floyd?<\/em><br \/>\n<em>8.9.2025<\/em><br \/>\n<em><a href=\"https:\/\/x.com\/TaraBull808\/status\/1964832621265092883\">https:\/\/x.com\/TaraBull808\/status\/1964832621265092883<\/a><\/em><br \/>\n.<\/p>\n<p><a href=\"https:\/\/www.freiburg-schwarzwald.de\/blog\/wp-content\/uploads\/2025\/09\/rassismus-floyd-zarutska250907.jpg\"><img loading=\"lazy\" decoding=\"async\" class=\"alignnone size-thumbnail wp-image-139010\" src=\"https:\/\/www.freiburg-schwarzwald.de\/blog\/wp-content\/uploads\/2025\/09\/rassismus-floyd-zarutska250907-180x145.jpg\" alt=\"\" width=\"180\" height=\"145\" srcset=\"https:\/\/www.freiburg-schwarzwald.de\/blog\/wp-content\/uploads\/2025\/09\/rassismus-floyd-zarutska250907-180x145.jpg 180w, https:\/\/www.freiburg-schwarzwald.de\/blog\/wp-content\/uploads\/2025\/09\/rassismus-floyd-zarutska250907-640x517.jpg 640w, https:\/\/www.freiburg-schwarzwald.de\/blog\/wp-content\/uploads\/2025\/09\/rassismus-floyd-zarutska250907.jpg 680w\" sizes=\"auto, (max-width: 180px) 100vw, 180px\" \/><\/a><br \/>\n<em>End Wokeness<\/em><br \/>\n<em>74,221 AP articles about George Floyd<\/em><br \/>\n<em>0 AP articles about Iryna Zarutska<\/em><br \/>\n<em>7.9.2025<\/em><br \/>\n<em><a href=\"https:\/\/x.com\/EndWokeness\/status\/1964743583866761280\">https:\/\/x.com\/EndWokeness\/status\/1964743583866761280<\/a><\/em><\/p>\n<p>&#8230; Alles vom 8.9.2025 bitte lesen auf<br \/>\n<a href=\"https:\/\/www.freiburg-schwarzwald.de\/blog\/kultur\/medien\/diskriminierung\/\">https:\/\/www.tichyseinblick.de\/kolumnen\/aus-aller-welt\/usa-charlotte-mord-an-ukrainerin-medien-schweigen\/<\/a><br \/>\n.<br \/>\n.<br \/>\n<strong>(2) &#8230; Messermord in der Stadtbahn &#8211; Iryna Zarutska (23)<\/strong><br \/>\nSicher kennen Sie die alte Volksweisheit, nach der ein Arzt vor einer angemessenen Therapie, die zur Gesundung des Patienten f\u00fchrt, erst einmal der Frage nachgehen muss, was \u00fcberhaupt der Grund f\u00fcr dessen Erkrankung ist. Erst also Begutachtung des Patienten, dann Diagnose, dann Therapie und am Schluss im besten Fall die L\u00f6sung, die wir als Heilung bezeichnen. Dieses Vorgehen ist nicht nur f\u00fcr einen Arzt sinnvoll, sondern auch in der Demokratie. Erst m\u00fcssen wir das Problem und seine Ursachen verstehen, dann k\u00f6nnen wir das Problem auch l\u00f6sen. Im Fall des dr\u00e4ngendsten Problems unserer Zeit wird dieses System bewusst und gewollt au\u00dfer Kraft gesetzt \u2013 von Politik, Exekutive und den Massenmedien. Mit schrecklichen Folgen.<br \/>\n&#8230;<br \/>\nIch f\u00fcrchte, viele von Ihnen werden in den vergangenen 48 Stunden irgendwo im Internet den Mord an einer jungen Frau in einer Stadtbahn in Charlotte (940.000 Einwohner) im US-Bundesstaat North-Carolina gesehen haben. Iryna Zarutska (23) hei\u00dft das Opfer eines bestialischen Messerangriffs, eine junge Frau, aus der Ukraine, die im Sommer 2022 in die Vereinigten Staaten fl\u00fcchten konnte, nachdem russische Truppen in ihr Heimatland eingefallen waren.<br \/>\nIn Amerika erhofft sich die bildh\u00fcbsche Frau eine Zukunft, eine Perspektive f\u00fcr ein gl\u00fcckliches Leben. Aber Iryna war leider zur falschen Zeit am falschen Ort. Denn hinter ihr hatte der dunkelh\u00e4utige Decarlos Brown Jr. (34) platzgenommen, ein polizeibekannte Obdachloser, der immer wieder wegen Gewalttaten im Gef\u00e4ngnis eingesessen hatte. Bilder der \u00dcberwachungskamera zeigen, dass der Mann mit den Dreadlocks nach etwa vier Minuten ohne jeden Anlass ein Messer aufklappt und von seinem Sitz aufspringt. Von hinten sticht er immer wieder auf die ahnungslose Frau ein, die keine Chance hatte. Die junge Ukrainerin bricht blut\u00fcberstr\u00f6mt zusammen und stirbt noch in der Bahn, die sie bestiegen hatte, um einfach nach Hause zu fahren.<\/p>\n<p>Es war das Portal NIUS von Julian Reichelt, das nach unserer Recherche in Deutschland als erstes \u00fcber den Fall berichtete. Inzwischen sind BILD, WELT und Berliner Zeitung nachgezogen, die freien Medien inzwischen nahezu alle.<br \/>\nAber der Mainstream sonst?<br \/>\n<em><strong>Die S\u00fcddeutsche Zeitung, der SPIEGEL, die ARD-Tagesschau? Sie alle schweigen.<\/strong> <\/em>Weil sie nicht wollen, dass solche verst\u00f6renden Bilder die Bev\u00f6lkerung weiter so verunsichern k\u00f6nnten, dass sie immer mehr die AfD w\u00e4hlen. Und sie begreifen nicht, dass es genau diese Art der medialen Vertuschung der Realit\u00e4t ist, die immer mehr Menschen zu der \u00dcberzeugung bringen, dass hier etwas gewaltig schief l\u00e4uft in Deutschland\u2026und anderswo.<\/p>\n<p>Denn auch in den USA, wo linke Meinungsf\u00fchrer wie CNN, \u201eNew York Times\u201c und \u201eWashington Post\u201c sonst jeden Fleck auf einer Krawatte des republikanischen Pr\u00e4sidenten Donald Trump zu einem nationalen Skandal aufblasen, herrscht Stille. Kein Wort zum bestialischen Mord an der jungen Frau. Es war einfach der falsche T\u00e4ter, um fair berichten zu d\u00fcrfen.<br \/>\nBeten wir f\u00fcr Iryna, dass sie ein besseres Leben hat, dort, wo sie jetzt ist!<br \/>\n&#8230; Alles vom 9.9.2025 von Klaus Kelle bitte lesen auf<br \/>\n<a href=\"https:\/\/denken-erwuenscht.com\/vergewaltigung-im-freibad-messermord-in-der-stadtbahn\/\">https:\/\/denken-erwuenscht.com\/vergewaltigung-im-freibad-messermord-in-der-stadtbahn\/<\/a><\/p>\n","protected":false},"excerpt":{"rendered":"<p>Rassismus ist schlimm und zu verurteilen. Menschen d\u00fcrfen nicht wegen Behinderung, Ethnie, Geschlecht, Hautfarbe, Herkunft, Partei, Religion, Weltanschauung oder was auch immer diskriminiert werden. Artikel 1 Grundgesetz &#8222;die W\u00fcrde des Menschen ist unantastbar&#8220; gilt f\u00fcr alle.<\/p>\n","protected":false},"author":2,"featured_media":0,"comment_status":"open","ping_status":"closed","sticky":false,"template":"","format":"standard","meta":{"footnotes":""},"categories":[210,14,155,60,63,157],"tags":[732,795,823,622,526],"class_list":["post-139005","post","type-post","status-publish","format-standard","hentry","category-gewalt","category-global","category-integration","category-jugend","category-krise","category-oeffentlicher-raum","tag-gewalt","tag-menschen","tag-messer","tag-migration","tag-rassismus"],"_links":{"self":[{"href":"https:\/\/www.freiburg-schwarzwald.de\/blog\/wp-json\/wp\/v2\/posts\/139005","targetHints":{"allow":["GET"]}}],"collection":[{"href":"https:\/\/www.freiburg-schwarzwald.de\/blog\/wp-json\/wp\/v2\/posts"}],"about":[{"href":"https:\/\/www.freiburg-schwarzwald.de\/blog\/wp-json\/wp\/v2\/types\/post"}],"author":[{"embeddable":true,"href":"https:\/\/www.freiburg-schwarzwald.de\/blog\/wp-json\/wp\/v2\/users\/2"}],"replies":[{"embeddable":true,"href":"https:\/\/www.freiburg-schwarzwald.de\/blog\/wp-json\/wp\/v2\/comments?post=139005"}],"version-history":[{"count":5,"href":"https:\/\/www.freiburg-schwarzwald.de\/blog\/wp-json\/wp\/v2\/posts\/139005\/revisions"}],"predecessor-version":[{"id":145344,"href":"https:\/\/www.freiburg-schwarzwald.de\/blog\/wp-json\/wp\/v2\/posts\/139005\/revisions\/145344"}],"wp:attachment":[{"href":"https:\/\/www.freiburg-schwarzwald.de\/blog\/wp-json\/wp\/v2\/media?parent=139005"}],"wp:term":[{"taxonomy":"category","embeddable":true,"href":"https:\/\/www.freiburg-schwarzwald.de\/blog\/wp-json\/wp\/v2\/categories?post=139005"},{"taxonomy":"post_tag","embeddable":true,"href":"https:\/\/www.freiburg-schwarzwald.de\/blog\/wp-json\/wp\/v2\/tags?post=139005"}],"curies":[{"name":"wp","href":"https:\/\/api.w.org\/{rel}","templated":true}]}}