{"id":138808,"date":"2025-09-06T19:03:39","date_gmt":"2025-09-06T17:03:39","guid":{"rendered":"https:\/\/www.freiburg-schwarzwald.de\/blog\/?p=138808"},"modified":"2025-09-28T09:45:00","modified_gmt":"2025-09-28T07:45:00","slug":"catholics-for-catholics-usa-d","status":"publish","type":"post","link":"https:\/\/www.freiburg-schwarzwald.de\/blog\/catholics-for-catholics-usa-d\/","title":{"rendered":"Catholics for Catholics: USA!, D?"},"content":{"rendered":"<p>Die 2022 gegr\u00fcndeten &#8222;Catholics for Catholics\u201c <a href=\"https:\/\/www.CforC.com\">https:\/\/www.CforC.com<\/a> als die am schnellsten wachsende <a href=\"https:\/\/www.freiburg-schwarzwald.de\/blog\/religion\/katholisch\/\">katholische<\/a> Basisbewegung in den <a href=\"https:\/\/www.freiburg-schwarzwald.de\/blog\/global\/usa\/usa-trump\/\">USA<\/a> fordert <a href=\"https:\/\/www.freiburg-schwarzwald.de\/blog\/religion\/katholisch\/papst\/\">Papst Leo XIV<\/a> und alle Kirchenf\u00fcrsten auf, da\u00df sie sich bei den katholischen Laien daf\u00fcr entschuldigen, da\u00df sie zur <a href=\"https:\/\/www.freiburg-schwarzwald.de\/blog\/business\/gesund\/corona-virus\/\">Coronazeit<\/a> <!--more-->deren Gesundheit und Leben durch <a href=\"https:\/\/www.freiburg-schwarzwald.de\/blog\/business\/gesund\/corona-virus\/impfung\/\">Impfzwang,<\/a>\u00a0 <a href=\"https:\/\/www.freiburg-schwarzwald.de\/blog\/business\/gesund\/corona-virus\/lockdown\/\">Lockdowns<\/a> und Einschr\u00e4nkungen ihrer <a href=\"https:\/\/www.freiburg-schwarzwald.de\/blog\/religion\/religionsfreiheit\/\">Religionsfreiheit<\/a> gef\u00e4hrdet haben.<br \/>\n.<br \/>\n<a href=\"https:\/\/www.freiburg-schwarzwald.de\/blog\/global\/usa\/usa-christen\/\">CforC<\/a> as a \u201creligious version of a rapid response commando, ready to defend their faith.\u201d<br \/>\nKatholiken f\u00fcr <a href=\"https:\/\/www.freiburg-schwarzwald.de\/blog\/religion\/katholisch\/katholizismus\/\">Katholiken<\/a> als &#8222;religi\u00f6se Version eines schnellen Eingreiftrupps, der bereit ist, seinen Glauben zu verteidigen\u201c.<\/p>\n<p>In ihrem Aufruf auf X fordern die CforC: &#8222;\u201eDie katholischen Gl\u00e4ubigen verdienen eine Entschuldigung. So viele Leben wurden dauerhaft gesch\u00e4digt. Wir vergeben euch, aber liebe Bisch\u00f6fe, bitte entschuldigt euch f\u00fcr das, was ihr uns w\u00e4hrend Covid angetan habt. Ihr habt uns die Sakramente genommen und uns dann gesagt, wir h\u00e4tten eine \u201emoralische Pflicht\u201c, diesen sch\u00e4dlichen Impfstoff zu nehmen.\u201c<\/p>\n<p><em>Catholics for Catholics @CforCatholics<\/em><br \/>\n<em>The Lay Catholic Faithful truly deserve an apology. So many lives were permanently damaged. We forgive you, but dear Bishops please apologize for what you did to us during Covid. You took away our Sacraments and then told us we had a &#8222;moral duty&#8220; to take this harmful vaccine.<\/em><br \/>\n<em><a href=\"https:\/\/x.com\/CforCatholics\/status\/1962717974466637932\">https:\/\/x.com\/CforCatholics\/status\/1962717974466637932<\/a><\/em><br \/>\n.<br \/>\nPapst Benedikt VI hat den <a href=\"https:\/\/www.freiburg-schwarzwald.de\/blog\/zollitsch-sexueller-missbrauch\/\">Missbrauchsopfern<\/a> der katholischen Kirche \u00f6ffentlich um Vergebung und Entschuldigung gebeten. Eine entsprechende Geste fordern die &#8222;Catholics for Catholics&#8220; nun von Papst Leo XIV f\u00fcr das in der Coronazeit 2020-2022 an den Katholiken erwiesenerma\u00dfen begangene Unrecht.<br \/>\n6.9.2025<br \/>\n.<br \/>\nEnde von Beitrag &#8222;Catholics for Catholics: USA!, D?&#8220;<br \/>\n===========================================================<br \/>\nBeginn von Anlagen (1) &#8211; (3)<br \/>\n.<br \/>\n.<br \/>\n<strong>(1) NEW YORK POST: \u201cMeet America\u2019s New Leading Warrior Catholics\u201d<\/strong><br \/>\nThe renowned newspaper New York Post published an article this Easter Sunday titled \u201cMeet America\u2019s new \u2018MAGA Catholics\u2019 fighting the religion\u2019s rising wokeness,\u201d highlighting the rise of a determined and active Catholicism in the United States that seeks not only to defend its faith but also to promote the Christian values \u200b\u200bthat founded this great American nation. Catholics for Catholics was one of the organizations highlighted in this publication, given its evangelization and public advocacy work nationwide. The New York Post defines CforC as a \u201creligious version of a rapid response commando, ready to defend their faith.\u201d Here we share the full article, written by New York Post contributor Jose Trevino:<br \/>\n&#8230;. Alles vom 20.4.2025 bitte lesen auf<br \/>\n<a href=\"https:\/\/cforc.com\/2025\/04\/new-york-post-meet-americas-new-leading-warrior-catholics\/\">https:\/\/cforc.com\/2025\/04\/new-york-post-meet-americas-new-leading-warrior-catholics\/<\/a><br \/>\n<a href=\"https:\/\/corc.com\">https:\/\/corc.com<\/a><br \/>\n.<br \/>\n.<br \/>\n<strong>(2) Corona: Papst und Bisch\u00f6fe m\u00fcssen sich bei Katholiken entschuldigen!<\/strong><br \/>\nDie katholische Laienbewegung \u201eCatholics for Catholics\u201c fordert angesichts des Versagens der katholischen Bisch\u00f6fe und von Papst Franziskus in der Corona-Zeit eine Entschuldigung<br \/>\n&#8230;<br \/>\nAngesichts der Tatsache, dass die katholischen Bisch\u00f6fe in Deutschland den Gl\u00e4ubigen in dieser Zeit noch viel \u00fcbler mitgespielt und der Glaubw\u00fcrdigkeit der Kirche nachhaltiger geschadet haben als durch alle Missbrauchsskandale zusammen genommen, w\u00e4re ein solcher Aufruf auch in Deutschland dringend n\u00f6tig.<br \/>\nEine Bitte um Vergebung durch die deutsche Bischofskonferenz w\u00e4re freilich nur der Anfang. Zu lange agiert diese Institution (von wenigen Bisch\u00f6fen als Ausnahmeerscheinung) auch in anderen Fragen schon gegen die Interessen der katholischen Gl\u00e4ubigen.<br \/>\nDies wurde am deutlichsten als nahezu alle Bisch\u00f6fe \u2013 meist sogar in vorauseilendem Gehorsam \u2013 das Weihwasser gegen Desinfektionsmittel und die heilige Kommunion gegen eine lebensgef\u00e4hrliche \u201eImpfung\u201c ausgetauscht haben. Ungeimpfte Gl\u00e4ubige wurden gnadenlos ausgeschlossen, ja \u2013 entgegen der gesamten katholischen Tradition \u2013 wie Auss\u00e4tzige durch diese Kleriker verfolgt.<br \/>\nW\u00e4hrend man an Ostern die Kirchen zur Feier der heiligen Geheimnisse verschloss, \u00f6ffnete man kurz danach eben diese Kirchen um dort \u201eImpfstra\u00dfen\u201c einzurichten. Damit haben die Verantwortlichen eine himmelschreiende Schuld auf sich geladen, die nicht einfach durch ein paar Nebens\u00e4tze aus der Welt zu r\u00e4umen sein wird.<br \/>\n&#8230; Alles vom 3.9.2025 bitte lesen auf<br \/>\n<a href=\"https:\/\/philosophia-perennis.com\/2025\/09\/03\/corona-papst-und-bischoefe-muessen-sich-bei-katholiken-entschuldigen\/\">https:\/\/philosophia-perennis.com\/2025\/09\/03\/corona-papst-und-bischoefe-muessen-sich-bei-katholiken-entschuldigen\/<\/a><br \/>\n.<br \/>\n.<br \/>\n<strong>(3) Mit Papst Leo hat ein Prozess der Heilung begonnen<\/strong><br \/>\n&#8230; unser Leserbrief des Monats:<br \/>\n\u201eWelche gottlose Verkommenheit!\u201c \u2013 Das fasst die Lage dieser Jahre sehr gut zusammen. Das Problem ist: der Fisch stinkt vom Kopf her. Mit Bergoglio hatten wir zum Beispiel einen, der von der Impfung als Akt der Liebe gesprochen hat. Alle Angestellten des Vatikans wurden zur Impfung gezwungen. Die wenigen, die dies nicht getan haben, haben ihren Job verloren, entweder sofort, oder im Laufe jener Zeit. Der Corona-Skandal ist ja nur ein kleiner Teil eines gro\u00dfen Skandals, der zw\u00f6lf Jahre umfasst. \u201eWelche gottlose Verkommenheit!\u201c: diese Verkommenheit wurde auf allen Ebenen und in allen Bereichen gefeiert.<\/p>\n<p>1,4 Milliarden Katholiken zw\u00f6lf Jahre lang plagiiert und get\u00e4uscht<br \/>\nLeider wird man es sich nicht erwarten k\u00f6nnen, dass der Papst jetzt ein njet sprechen wird. Denn es ist sehr schwierig zu erkl\u00e4ren, wie es m\u00f6glich war, dass 1,4 Milliarden Katholiken zw\u00f6lf Jahre lang plagiiert und get\u00e4uscht wurden. Myterium iniquitatis. Wie ich es schon einmal sagte: wir haben erlebt, wie es ist, wenn der Antichrist herrscht. Und keiner hatte den Mut etwas dagegen zu tun, denn die b\u00f6sen M\u00e4chte hatten, die Wirklichkeit mit einem Narrativ ersetzt.<br \/>\nWas mit Leo begonnen hat, ist meines Erachtens ein Prozess der Heilung. Und jeder Prozess der Heilung ist notwendigerweise langsam und nicht spektakul\u00e4r, wenn er wirksam sein soll.<br \/>\nIch vergleiche f\u00fcr mich die jetzige Situation gerne mit der Lage nach dem Ende des 1000-j\u00e4hrigen Reiches. Wie im Nationalsozialismus wurde in den letzten zw\u00f6lf Jahren gerne von \u201eUnumkehrbarkeit\u201c der \u201eReformen di Francesco\u201c gesprochen. Das Dritte Reich wurde von au\u00dfen zerst\u00f6rt und hat sich von Innen durch seine totale moralische Abgr\u00fcndigkeit zersetzt. Dennoch blieben nach dem Ende die Leute, die mitgespielt und es gewollt haben.<br \/>\nUnd die dies auch nach dem Fall weiter getan haben. Dazu kam das Volk in seiner dummen Vermassung. Hier sehe ich eine Analogie. Nur dass die Una Sancta nicht von au\u00dfen zerst\u00f6rt werden kann. Auch eine Disruption in Trumpscher Manier ist nicht drin. Darum ist es halt umso schwerer, sich zu entgiften, das teuflische Gift wieder auszusto\u00dfen. Wie es der Papst gerade dieser Tage gesagt hatte: die Leute h\u00e4tten es bisweilen gerne, dass etwas schnell funktioniert und schnell geht. Aber das entspricht nicht dem logos, der anspruchsvoller ist. Aber ich warte nat\u00fcrlich auch auf etwas. Irgendetwas Konkretes und Sichtbares muss passieren!<br \/>\n&#8230; Alles vom 5.9.2025 bitte lesen auf<br \/>\n<a href=\"https:\/\/philosophia-perennis.com\/2025\/09\/04\/mit-papst-leo-hat-ein-prozess-der-heilung-begonnen\/\">https:\/\/philosophia-perennis.com\/2025\/09\/04\/mit-papst-leo-hat-ein-prozess-der-heilung-begonnen\/<\/a><\/p>\n","protected":false},"excerpt":{"rendered":"<p>Die 2022 gegr\u00fcndeten &#8222;Catholics for Catholics\u201c https:\/\/www.CforC.com als die am schnellsten wachsende katholische Basisbewegung in den USA fordert Papst Leo XIV und alle Kirchenf\u00fcrsten auf, da\u00df sie sich bei den katholischen Laien daf\u00fcr entschuldigen, da\u00df sie zur Coronazeit<\/p>\n","protected":false},"author":2,"featured_media":0,"comment_status":"open","ping_status":"closed","sticky":false,"template":"","format":"standard","meta":{"footnotes":""},"categories":[36,14,261,63,13,19],"tags":[775,700,765,503,832],"class_list":["post-138808","post","type-post","status-publish","format-standard","hentry","category-engagement","category-global","category-katholisch","category-krise","category-kultur","category-religion","tag-christ","tag-corona","tag-kath","tag-church","tag-religion"],"_links":{"self":[{"href":"https:\/\/www.freiburg-schwarzwald.de\/blog\/wp-json\/wp\/v2\/posts\/138808","targetHints":{"allow":["GET"]}}],"collection":[{"href":"https:\/\/www.freiburg-schwarzwald.de\/blog\/wp-json\/wp\/v2\/posts"}],"about":[{"href":"https:\/\/www.freiburg-schwarzwald.de\/blog\/wp-json\/wp\/v2\/types\/post"}],"author":[{"embeddable":true,"href":"https:\/\/www.freiburg-schwarzwald.de\/blog\/wp-json\/wp\/v2\/users\/2"}],"replies":[{"embeddable":true,"href":"https:\/\/www.freiburg-schwarzwald.de\/blog\/wp-json\/wp\/v2\/comments?post=138808"}],"version-history":[{"count":6,"href":"https:\/\/www.freiburg-schwarzwald.de\/blog\/wp-json\/wp\/v2\/posts\/138808\/revisions"}],"predecessor-version":[{"id":139472,"href":"https:\/\/www.freiburg-schwarzwald.de\/blog\/wp-json\/wp\/v2\/posts\/138808\/revisions\/139472"}],"wp:attachment":[{"href":"https:\/\/www.freiburg-schwarzwald.de\/blog\/wp-json\/wp\/v2\/media?parent=138808"}],"wp:term":[{"taxonomy":"category","embeddable":true,"href":"https:\/\/www.freiburg-schwarzwald.de\/blog\/wp-json\/wp\/v2\/categories?post=138808"},{"taxonomy":"post_tag","embeddable":true,"href":"https:\/\/www.freiburg-schwarzwald.de\/blog\/wp-json\/wp\/v2\/tags?post=138808"}],"curies":[{"name":"wp","href":"https:\/\/api.w.org\/{rel}","templated":true}]}}