{"id":138761,"date":"2025-09-05T12:39:33","date_gmt":"2025-09-05T10:39:33","guid":{"rendered":"https:\/\/www.freiburg-schwarzwald.de\/blog\/?p=138761"},"modified":"2025-09-05T12:42:45","modified_gmt":"2025-09-05T10:42:45","slug":"messer-schnittfeste-uniformen","status":"publish","type":"post","link":"https:\/\/www.freiburg-schwarzwald.de\/blog\/messer-schnittfeste-uniformen\/","title":{"rendered":"Messer &#8211; schnittfeste Uniformen"},"content":{"rendered":"<p>&#8222;<a href=\"https:\/\/www.freiburg-schwarzwald.de\/blog\/selbsthilfe\/soziales\/justiz\/polizei\/polizeibeamte\/\">Kolleginnen und Kollegen<\/a> im Streifendienst berichten zunehmend von einer deutlich gestiegenen Wahrnehmung von Gefahren durch <a href=\"https:\/\/www.freiburg-schwarzwald.de\/blog\/selbsthilfe\/soziales\/justiz\/messerstecher\/\">Messerangriffe<\/a>&#8220; &#8211; so der GdP-Landesvizevorsitzender Thomas Mohr (1). Deshalb werden die <a href=\"https:\/\/www.freiburg-schwarzwald.de\/blog\/selbsthilfe\/soziales\/justiz\/polizei\/polizei-hilflos\/\">Polizisten<\/a> in BW nun laut Innenminister Thomas Strobl (<a href=\"https:\/\/www.freiburg-schwarzwald.de\/blog\/vereine\/partei\/cduspdgruene\/\">CDU<\/a>) mit &#8222;schnittfesten&#8220; Westen ausgestattet. Gut\u00a0so.<!--more--><br \/>\n.<br \/>\nLaut Sicherheitsbericht Baden-W\u00fcrttemberg (BW) <a href=\"https:\/\/lka.polizei-bw.de\/wp-content\/uploads\/sites\/14\/2024\/05\/Sicherheitsbericht_Baden_Wuerttemberg_2023-komprimiert-1.pdf\">https:\/\/lka.polizei-bw.de\/wp-content\/uploads\/sites\/14\/2024\/05\/Sicherheitsbericht_Baden_Wuerttemberg_2023-komprimiert-1.pdf<\/a> hat es in 2023 in BW 3104 Messerangriffe gegeben, 13,8 % mehr als im Vorjahr. &#8222;Fast jeder zweite Tatverd\u00e4chtige (49,2 Prozent) hatte keinen deutschen Pass&#8220;. Ber\u00fccksichtigt man die Doppelstaatler, so liegt der Anteil der T\u00e4ter mit <a href=\"https:\/\/www.freiburg-schwarzwald.de\/blog\/global\/migration\/migrationshintergrund\/\">Migrationshintergrund<\/a> weit \u00fcber 50 Prozent. Die <a href=\"https:\/\/www.freiburg-schwarzwald.de\/blog\/pks-79-messerangriffe-pro-tag\/\">PKS<\/a>-Zahlen best\u00e4tigen dies,<br \/>\n.<br \/>\nAngesichts solcher Zahlen fragt sich, warum das Prinzip von &#8222;<a href=\"https:\/\/www.freiburg-schwarzwald.de\/blog\/gewoehnung-an-den-niedergangan-niedergang\/\">Ursache und Wirkung<\/a>&#8220; weiterhin als <a href=\"https:\/\/www.freiburg-schwarzwald.de\/blog\/engagement\/zukunft\/demokratie\/tabu\/\">Tabu<\/a> behandelt bzw. durch das Prinzip &#8222;Es hat alles<a href=\"https:\/\/www.freiburg-schwarzwald.de\/blog\/engagement\/zukunft\/demokratie\/nix-mit-nix-zu-tun\/\"> nix mit nix zu tun<\/a>&#8220; \u00fcberlagert wird.<br \/>\nWarum r\u00fcstet man nicht auch die B\u00fcrger mit schnittfester Kleidung aus? Oder wenigstens die <a href=\"https:\/\/www.freiburg-schwarzwald.de\/blog\/selbsthilfe\/frauen\/frauen-freiheit\/\">Frauen<\/a> und Kinder &#8211; schlie\u00dflich sind doch gerade junge Frauen und Kids am meisten von der Messerkriminalit\u00e4t bedroht.?<br \/>\nWarum nimmt die Polizei auch in <a href=\"https:\/\/www.freiburg-schwarzwald.de\/blog\/selbsthilfe\/soziales\/justiz\/messerstecher\/messer\/\">Messerverbotszonen<\/a> Frauen bei der \u00dcberpr\u00fcfung ihrer Handtaschen den Pfefferspray weg und belegt sie zus\u00e4tzlich mit Bu\u00dfgeld?<br \/>\nWarum die Symptome kurieren anstatt die Ursachen abstellen?<br \/>\nWarum unterbindet man nicht &#8211; wie alle <a href=\"https:\/\/www.freiburg-schwarzwald.de\/blog\/engagement\/zukunft\/demokratie\/einwanderungsland\/\">Einwanderungsl\u00e4nder<\/a> es tun &#8211; die Einwanderung <a href=\"https:\/\/www.freiburg-schwarzwald.de\/blog\/global\/migration\/migration-messer\/\">von Messerstechern<\/a> durch kontrollierte Grenzen und eine der Bedrohung angepasste neue Asyl-\/Migrationspolitik?<br \/>\n.<br \/>\nGestern am 4.9.2025 <a href=\"https:\/\/www.freiburg-schwarzwald.de\/blog\/global\/deutschland\/grenzoeffnung2015\/offene-grenzen-10-jahre\/\">j\u00e4hrte<\/a> sich die <a href=\"https:\/\/www.freiburg-schwarzwald.de\/blog\/global\/deutschland\/grenzoeffnung2015\/\">Grenz\u00f6ffnung in Budapest<\/a> zum <a href=\"https:\/\/www.freiburg-schwarzwald.de\/blog\/global\/deutschland\/grenzoeffnung2015\/offene-grenzen-10-jahre\/\">zehnten Mal<\/a>. &#8222;10 years of &#8222;We can do it&#8220;: Broder&#8217;s review&#8220; <a href=\"https:\/\/www.youtube.com\/watch?v=bMN3C7SRC2s&amp;t=1s\">https:\/\/www.youtube.com\/watch?v=bMN3C7SRC2s&amp;t=1s<\/a> einfach mal anh\u00f6ren. Der beste R\u00fcckblick zu 10 Jahre &#8222;Wir schaffen das&#8220; (siehe Anlage (3) unten). Seit dem 4.9.2015 nimmt das Messerstechen in Deutschland kontinuierlich zu. Wie lange noch?<br \/>\n5.9.2025<br \/>\n.<br \/>\nEnde von Beitrag &#8222;Messer &#8211; schnittfeste Uniformen&#8220;<br \/>\n==============================================================<br \/>\nBeginn von Anlagen (1) &#8211; (3)<br \/>\n.<br \/>\n.<br \/>\n<strong>(1) Mehr Messerangriffe: Polizisten im Land bekommen stichsichere Uniformen<\/strong><br \/>\nWegen der vielen Messerangriffe auf Polizisten in Baden-W\u00fcrttemberg<br \/>\n<a href=\"https:\/\/www.swr.de\/swraktuell\/baden-wuerttemberg\/zahl-messerangriffe-oeffentlichkeit-kriminalitaetsstatistik-100.html\">https:\/\/www.swr.de\/swraktuell\/baden-wuerttemberg\/zahl-messerangriffe-oeffentlichkeit-kriminalitaetsstatistik-100.html<\/a><br \/>\nbekommen die Beamten eine neue Uniform, die besser gegen Stichverletzungen sch\u00fctzen soll. Das k\u00fcndigte Innenminister Thomas Strobl (CDU) am Mittwochabend im SWR im Rahmen seines Besuches an der Polizei-Hochschule in Herrenberg im Kreis B\u00f6blingen an. Die neuen Uniformen sollen schnittfeste Elemente besitzen, so Strobl. Sie zu durchstechen ist laut einem Polizeisprecher immer noch m\u00f6glich, aber es ist schwerer.<br \/>\n&#8230;<br \/>\n&#8222;Kolleginnen und Kollegen im Streifendienst berichten zunehmend von einer deutlich gestiegenen Wahrnehmung von Gefahren durch Messerangriffe&#8220;, sagte GdP-Landesvizevorsitzender Thomas Mohr. Denn Messer seien jederzeit verf\u00fcgbar, k\u00f6nnten verdeckt getragen werden und seien innerhalb von Sekunden lebensgef\u00e4hrlich einsetzbar. Das belaste Einsatzkr\u00e4fte und wirke sich auf ihr Sicherheitsgef\u00fchl aus, so Mohr: &#8222;Viele Beamte schildern, dass sie sich im t\u00e4glichen Dienst verletzbarer f\u00fchlen, gerade weil eine reale Bedrohung durch Messerangriffe in der Praxis immer wieder vorkommt.&#8220;<br \/>\n&#8230; Alles vom 4.9.2025 bitte lesen auf<br \/>\n<a href=\"https:\/\/www.tagesschau.de\/inland\/regional\/badenwuerttemberg\/swr-mehr-messerangriffe-bw-polizeigewerkschaft-fordert-stichschutzwesten-100.html\">https:\/\/www.tagesschau.de\/inland\/regional\/badenwuerttemberg\/swr-mehr-messerangriffe-bw-polizeigewerkschaft-fordert-stichschutzwesten-100.html<\/a><br \/>\n.<\/p>\n<p><strong>(2) Immer mehr Messerangriffe \u2013 Baden-W\u00fcrttemberg r\u00fcstet Polizei mit schnittfesten Uniformen aus<\/strong><br \/>\nIn Baden-W\u00fcrttemberg sollen Polizisten k\u00fcnftig Uniformen mit schnittfesten Elementen tragen. Damit reagiert das Land auf die Zunahme von Messerangriffen und die Forderungen der Polizeigewerkschaft nach besserem Schutz.<br \/>\n&#8230; Alles vom 4.9.2025 bitt lesen auf<br \/>\n<a href=\"https:\/\/apollo-news.net\/immer-mehr-messerangriffe-baden-wuerttemberg-ruestet-polizei-mit-schnittfesten-uniformen-aus\/\">https:\/\/apollo-news.net\/immer-mehr-messerangriffe-baden-wuerttemberg-ruestet-polizei-mit-schnittfesten-uniformen-aus\/<\/a><br \/>\n.<br \/>\nEinige Kommentare<br \/>\nBin z.Zt. in Ungarn. Budapest 04.09.2025. Keine Islamisten, keine Messerstecher. keine Trauben arabischer junger M\u00e4nner, alles tip top sauber, wie hier in Du..land vor 2015. Einfach gut. Leicht angezogene Frauen allein auf dem Hauptplatz bis zur Donau. Einfach super. Hoffe, das ich 2026 dazugeh\u00f6re. Sch\u00f6ne Gr\u00fc\u00dfe an Du..land. Emil<br \/>\n.<br \/>\nUnd wieder wird lediglich an den Symptomen herumgedoktert, anstatt gegen die Ursache vorzugehen. Wie soll sich eigentlich der gemeine B\u00fcrger in Zukunft sch\u00fctzen? Als Frau bekommt man bspw. bei einer Taschenkontrolle im Frankfurter\/Main Bahnhof das Pfefferspray (Waffenverbotszone) abgenommen und muss noch Bu\u00dfgeld zahlen). Dann bitte die Bev\u00f6lkerung auch mit stichfester Kleidung ausr\u00fcsten (gibt es schon f\u00fcr teuer Geld). &#8230; Stern<br \/>\n.<br \/>\nMan muss den K\u00f6rper sch\u00fctzen, weil man selbiges bei Landesgrenzen nicht kann oder nicht will. Gruselige Zeiten. Rechtsabbieger<br \/>\n.<br \/>\nDas beste w\u00e4re, die Polizei und alle B\u00fcrger w\u00fcrden mit Kettenhemden nur noch aus dem haus gehen, wie im Mittelalter die Ritter. aky<br \/>\n.<br \/>\nMan doktort an den Symptomen rum anstatt die Ursachen zu bek\u00e4mpfen! Wie \u00fcberall in Deutschland! Freigabe<br \/>\n.<br \/>\nBekommen meine Tochter und ich auch schnittfeste Kleidung? Ahikar<br \/>\n.<br \/>\nGeschichte wiederholt sich. In Venedig zur Renaissancezeit wurde auch viel gemessert, daraufhin trug man einen dickeren Lederwams unter der Oberbekleidung. Das wiederum etablierte das Stilett weil es m\u00fchelos auch durch stichfeste Kleider dringt. (Ein Stilett (von lateinisch Stilus: metallischer Griffel, Schreibstift; auch Stiletto aus dem Italienischen entlehnt) ist eine Stichwaffe aus der Familie der Dolche mit schlanker, sehr d\u00fcnner und spitzer Klinge, nicht selten mit einem drei- oder viereckigen Querschnitt. In seinem Ursprungsland Italien nannte man diese Waffe auch \u201eMisericordia\u201c (lat. \u201eBarmherzigkeit\u201c), im deutschen Sprachraum \u201eGnadengeber\u201c, \u201eGnadenbringer\u201c oder \u201eGnadgott\u201c.<br \/>\nPS. w\u00e4rs es nicht einfacher die Messerstecher nicht mehr zu importieren bzw auszuschaffen? Rainer<br \/>\n.<br \/>\nF\u00fcr Politiker Personenschutz, f\u00fcr Polizisten stichfeste Weste, f\u00fcr den, der das ganze finanziert, eine Handbreit Abstand (OB Reker K\u00f6ln) oder Tiki rufen. Old white Man<br \/>\n.<br \/>\nDem Polizisten in Mannheim h\u00e4tte das nicht geholfen, oder ? Denen im Saarland auch nicht. Wann bekommen denn a l l e Einwohner solche schnittfesten Westen ?<br \/>\nSind nur Polizisten erstochen worden, sonst niemand ?<br \/>\nSind nicht die meisten Toten und Verletzten nach wie vor einfache B\u00fcrger und nicht Polizisten ?<br \/>\nWann kriegen denn die zweij\u00e4hrigen Kinder in Aschaffenburg die schnittfesten Westen, die bei k\u00fcnftigen Angriffen Leben retten k\u00f6nnen ?<br \/>\nWarum hat man den drei erstochenen Frauen von W\u00fcrzburg nicht rechtzeitig derartige Westen zur Verf\u00fcgung gestellt?<br \/>\nWer Messerm\u00e4nner einfliegt, einreisen l\u00e4sst, hier bleiben l\u00e4sst, der muss auch alle B\u00fcrger darin schulen, sich wirksam zu verteidigen. Da schon zweij\u00e4hrige Kindern erstochen werden, muss der Staat auch sie so schulen, dass sie sich vor den gewaltt\u00e4tigen Migranten zu sch\u00fctzen lernen. Fairtrial<br \/>\n.<br \/>\nDie Polizei f\u00fchlt sich also nicht mehr sicher, obwohl sie auch in Messerverbotszonen mit Schusswaffe und Pfefferspray ausgestattet ist. Hat sich jemand schonmal gefragt, wie Frauen sich f\u00fchlen, denen am Bahnhof sogar das Pfefferspray von eben dieser ver\u00e4ngstigten Polizei abgenommen wird? Sigrid<br \/>\nEnde Kommentare<br \/>\n.<br \/>\n.<br \/>\n<strong>(3) 10 Jahre \u201eWir schaffen das\u201c: Broders Bilanz<\/strong><br \/>\nHeute vor zehn Jahren trat die damalige Bundeskanzlerin Angela Merkel vor die Bundespressekonferenz, um ihren verheerenden Dreiwortsatz zu verk\u00fcnden. An einem solchen Gedenktag sollte man sich eine kurze Bilanz g\u00f6nnen.<br \/>\n10 years of &#8222;We can do it&#8220;: Broder&#8217;s review<br \/>\n<a href=\"https:\/\/www.youtube.com\/watch?v=bMN3C7SRC2s&amp;t=1s\">https:\/\/www.youtube.com\/watch?v=bMN3C7SRC2s&amp;t=1s<\/a><br \/>\n&#8230; Alles vom 31.8.2025 von Henrk M. Broder bitte lesen auf<br \/>\n<a href=\"https:\/\/www.achgut.com\/artikel\/broders_bilanz\">https:\/\/www.achgut.com\/artikel\/broders_bilanz<\/a><br \/>\n.<br \/>\nEinige Stichworte zu Broder&#8217;s 10-Jahre-R\u00fcckblick:<br \/>\nWer ist mit &#8222;wir&#8220; gemeint bei &#8222;Wir schaffen das ?&#8220; Nur die Politiker &#8211; dann haben Sie es tats\u00e4chlich geschafft.<br \/>\nDer k\u00fcrzeste Satz mit den l\u00e4ngsten und schwersten Konsequenzen.<br \/>\nWir brauchten 10 Jahre, um zu sagen d\u00fcrfen, dass die Kriminalit\u00e4t doch in einer gewissen Relation steht zur Einwanderung.<br \/>\nWenn Leute in den IC einsteigen und sich umschauen, wer wo sitzt, und danach entscheiden, wohin man sich hinsetzt, dann ist die individuelle Sicherheit der B\u00fcrger vom Staat nicht mehr gew\u00e4hrleistet.<br \/>\nJeder vierte Viertkl\u00e4ssler kann nicht richtig lesen und schreiben.<br \/>\nSPD-Politikerin \u00d6zoguz &#8222;Wir werden unser Zusammenleben t\u00e4glich neu aushandeln m\u00fcssen&#8220;. Ja so ist es. Aber keine Gesellschaft kann so leben.<br \/>\nIch habe bereits im Jahr 2014 \u00fcber den &#8222;importierten Antisemitismus&#8220; gesprochen. 11 Jahre hat Hass und Hetze gegen alle angedauert, die dies sagten. Auch Leute wie Sarrazin.<br \/>\nDer Zusammenhang zwischen Zuwanderung und Kriminalit\u00e4t besteht. Aber dass man dies sagt, ist in D immer noch ein Frevel.<br \/>\nDa wird ein P\u00e4rchen in der Bahn erstochen und bereits am n\u00e4chsten Tag gibt es die Demo gegen rechts. Was f\u00fcr eine irre Logik ist das.<br \/>\nEs ist eine absurde Idee, Leute, die hergekommen sind mit aller Macht wieder abzuschieben. Anstatt zu verhindern, dass sie \u00fcberhaupt herkommen. Die Pullfaktoren m\u00fcssen weg.&#8216;<br \/>\nDiese Zuwanderung ist keine Hilfe f\u00fcr die Zuwanderer.<br \/>\nEnde Stichworte.<br \/>\n.<br \/>\nEinige Kommentare:<br \/>\nBeste Zusammenfassung der letzten 10 Jahre! Herr Broder bringt es mit wenigen S\u00e4tzen auf den Punkt! Ronken<br \/>\n.<br \/>\nSie benennen die Probleme. Danke f\u00fcr Ihre treffenden Kommentare. Danke f\u00fcr Ihren Sarkasmus und Humor. Sie haben meinen h\u00f6chsten Respekt. Ihnen alles erdenklich Gute Herr Broder. Art5gg<br \/>\n.<br \/>\nVielen Dank Herr Broder, sachlich, fundiert, wie immer und das stets mit Format.. Ich stimme Ihnen zu.. Deutschland ist im freien Fall, Justiz- und totales Politikerversagen.. nirgendwo Pers\u00f6nlichkeiten mit Stil, Format und einer Perspektive&#8230; Michael<br \/>\n.<br \/>\nWie viele Menschen haben diese Ungeheuerlichkeit mit dem Leben bezahlt ? Wie viele Menschen sind k\u00f6rperlich und seelisch gesch\u00e4digt f\u00fcr den Rest ihres Lebens? Es ist ein nicht enden wollender Horror&#8230;.diese t\u00e4gliche Angst um meine Kinder. sieer<br \/>\nEnde Kommentare<\/p>\n","protected":false},"excerpt":{"rendered":"<p>&#8222;Kolleginnen und Kollegen im Streifendienst berichten zunehmend von einer deutlich gestiegenen Wahrnehmung von Gefahren durch Messerangriffe&#8220; &#8211; so der GdP-Landesvizevorsitzender Thomas Mohr (1). Deshalb werden die Polizisten in BW nun laut Innenminister Thomas Strobl (CDU) mit &#8222;schnittfesten&#8220; Westen ausgestattet. Gut\u00a0so.<\/p>\n","protected":false},"author":2,"featured_media":0,"comment_status":"open","ping_status":"closed","sticky":false,"template":"","format":"standard","meta":{"footnotes":""},"categories":[52,59,210,155,60,61,63,13,157],"tags":[840,485,329,823,622,525],"class_list":["post-138761","post","type-post","status-publish","format-standard","hentry","category-einewelt","category-frauen","category-gewalt","category-integration","category-jugend","category-kinder","category-krise","category-kultur","category-oeffentlicher-raum","tag-antis","tag-refugee","tag-jubilaeum","tag-messer","tag-migration","tag-politik"],"_links":{"self":[{"href":"https:\/\/www.freiburg-schwarzwald.de\/blog\/wp-json\/wp\/v2\/posts\/138761","targetHints":{"allow":["GET"]}}],"collection":[{"href":"https:\/\/www.freiburg-schwarzwald.de\/blog\/wp-json\/wp\/v2\/posts"}],"about":[{"href":"https:\/\/www.freiburg-schwarzwald.de\/blog\/wp-json\/wp\/v2\/types\/post"}],"author":[{"embeddable":true,"href":"https:\/\/www.freiburg-schwarzwald.de\/blog\/wp-json\/wp\/v2\/users\/2"}],"replies":[{"embeddable":true,"href":"https:\/\/www.freiburg-schwarzwald.de\/blog\/wp-json\/wp\/v2\/comments?post=138761"}],"version-history":[{"count":4,"href":"https:\/\/www.freiburg-schwarzwald.de\/blog\/wp-json\/wp\/v2\/posts\/138761\/revisions"}],"predecessor-version":[{"id":138765,"href":"https:\/\/www.freiburg-schwarzwald.de\/blog\/wp-json\/wp\/v2\/posts\/138761\/revisions\/138765"}],"wp:attachment":[{"href":"https:\/\/www.freiburg-schwarzwald.de\/blog\/wp-json\/wp\/v2\/media?parent=138761"}],"wp:term":[{"taxonomy":"category","embeddable":true,"href":"https:\/\/www.freiburg-schwarzwald.de\/blog\/wp-json\/wp\/v2\/categories?post=138761"},{"taxonomy":"post_tag","embeddable":true,"href":"https:\/\/www.freiburg-schwarzwald.de\/blog\/wp-json\/wp\/v2\/tags?post=138761"}],"curies":[{"name":"wp","href":"https:\/\/api.w.org\/{rel}","templated":true}]}}