{"id":138731,"date":"2025-09-04T18:45:31","date_gmt":"2025-09-04T16:45:31","guid":{"rendered":"https:\/\/www.freiburg-schwarzwald.de\/blog\/?p=138731"},"modified":"2025-09-17T19:45:46","modified_gmt":"2025-09-17T17:45:46","slug":"sommer-2025-reiche-ernte","status":"publish","type":"post","link":"https:\/\/www.freiburg-schwarzwald.de\/blog\/sommer-2025-reiche-ernte\/","title":{"rendered":"Sommer 2025, reiche Ernte"},"content":{"rendered":"<p>Der vorhergesagte <a href=\"https:\/\/www.freiburg-schwarzwald.de\/blog\/natur\/klima\/hitze\/\">Hitzesommer<\/a> ist wieder mal ausgefallen. Der mit 21,7 Grad Durchschnittstemperatur w\u00e4rmste August 2003 seit Beginn der Wetteraufzeichnungen bleibt unangefochten Spitzenreiter, wir liegen in 2025 mit 18,3 Grad abgeschlagen etwa auf Rang 10.<!--more--><\/p>\n<p>Die Sensationsmeldungen von <a href=\"https:\/\/www.freiburg-schwarzwald.de\/blog\/kultur\/medien\/mainstream\/\">Medien<\/a> und Experten in Sachen <a href=\"https:\/\/www.freiburg-schwarzwald.de\/blog\/natur\/wald\/wetterbuche\/\">Wetter<\/a> bzw. <a href=\"https:\/\/www.freiburg-schwarzwald.de\/blog\/natur\/klima\/klima-system\/\">Klima<\/a> langweilen die B\u00fcrger zunehmend. Sie beginnen zu durchschauen, da\u00df all die Meldungen bzw. Warnungen in erster Linie dazu dienen, die Bev\u00f6lkerung in <a href=\"https:\/\/www.freiburg-schwarzwald.de\/blog\/engagement\/zukunft\/angst\/angstmachen\/\">Angst<\/a> und <a href=\"https:\/\/www.freiburg-schwarzwald.de\/blog\/natur\/klima\/klima-angst\/\">Panik<\/a> zu versetzen. Stets nach dem selben Muster: Irgendwo auf der Welt ereignet sich eine neue Katastrophe wie <a href=\"https:\/\/www.freiburg-schwarzwald.de\/blog\/natur\/klima\/ueberflutung\/\">\u00dcberschwemmung<\/a>, D\u00fcrre, Erdrutsch, Vulkanausbruch, Regenperiode, Tsunami, Sturm usw. Diese wird hochgejazzt, in Sondersendungen von TV und <a href=\"https:\/\/www.freiburg-schwarzwald.de\/blog\/kultur\/medien\/social-media\/\">Social Media<\/a> von lokal zu global gepusht und zum Beweis erkl\u00e4rt, da\u00df der durch <a href=\"https:\/\/www.freiburg-schwarzwald.de\/blog\/natur\/klima\/menschengemacht\/\">menschlichen<\/a> <a href=\"https:\/\/www.freiburg-schwarzwald.de\/blog\/natur\/klima\/co2\/\">CO2<\/a>-Aussto\u00df verursachte <a href=\"https:\/\/www.freiburg-schwarzwald.de\/blog\/natur\/klima\/klimawandel\/\">Klimawandel<\/a> wieder mal am Werk ist. Beweisf\u00fchrende sind Wissenschaftler, die vorgeben, DIE EINE <a href=\"https:\/\/www.freiburg-schwarzwald.de\/blog\/natur\/klima\/klima-forschung\/klimawissenschaft\/\">Wissenschaft<\/a> zu vertreten. Die es aber nicht gibt. Es gibt immer MEHRERE wissenschaftliche Meinungen bzw. Hypothesen. Fortschritt\u00a0 als Prozess des Falsifizierens von Hypothesen.<\/p>\n<p>Der Sommer 2025 war in Deutschland ein ganz normaler Sommer &#8211; in vielen Regionen sogar ein wunderbarer Sommer. Der super \u201eSummer in the City\u201c f\u00fchrte zu proppevollen Strassencaf\u00e9s (1). <a href=\"https:\/\/www.freiburg-schwarzwald.de\/blog\/sport\/baeder\/freibad\/\">Freib\u00e4der<\/a> verzeichnen guten Besuch. <a href=\"https:\/\/www.freiburg-schwarzwald.de\/blog\/natur\/landwirt\/\">Bauernverb\u00e4nde<\/a> berichten von guten bis sehr guten Ernten bei Getreide und Obst (2).<br \/>\nWenn das Wasser des Mittelmeers zu warm war (3), dann gibt es daf\u00fcr wissenschaftliche Erkl\u00e4rungen abseits vom <a href=\"https:\/\/www.freiburg-schwarzwald.de\/blog\/natur\/klima\/co2\/co2-klimaluege\/\">b\u00f6sen CO2<\/a>.<br \/>\nDie <a href=\"https:\/\/www.freiburg-schwarzwald.de\/blog\/natur\/wald\/\">W\u00e4lder<\/a> haben sich von den vergangenen Trockenperioden erholt, &#8222;Dem Schwarzwald geht es so gut wie seit Jahren nicht&#8220;, titelt die Badische Zeitung am 2.9.2025 (4).<\/p>\n<h5><a href=\"https:\/\/www.freiburg-schwarzwald.de\/blog\/wp-content\/uploads\/2012\/08\/getreide-dreisamtal130715.jpg\"><img loading=\"lazy\" decoding=\"async\" class=\"alignnone size-thumbnail wp-image-34898\" src=\"https:\/\/www.freiburg-schwarzwald.de\/blog\/wp-content\/uploads\/2012\/08\/getreide-dreisamtal130715-180x135.jpg\" alt=\"\" width=\"180\" height=\"135\" srcset=\"https:\/\/www.freiburg-schwarzwald.de\/blog\/wp-content\/uploads\/2012\/08\/getreide-dreisamtal130715-180x135.jpg 180w, https:\/\/www.freiburg-schwarzwald.de\/blog\/wp-content\/uploads\/2012\/08\/getreide-dreisamtal130715.jpg 640w\" sizes=\"auto, (max-width: 180px) 100vw, 180px\" \/><\/a>\u00a0 \u00a0 \u00a0 \u00a0 <a href=\"https:\/\/www.freiburg-schwarzwald.de\/blog\/wp-content\/uploads\/2025\/07\/weizen-ernte1dreisamtal250718.jpg\"><img loading=\"lazy\" decoding=\"async\" class=\"alignnone size-thumbnail wp-image-136798\" src=\"https:\/\/www.freiburg-schwarzwald.de\/blog\/wp-content\/uploads\/2025\/07\/weizen-ernte1dreisamtal250718-180x135.jpg\" alt=\"\" width=\"180\" height=\"135\" srcset=\"https:\/\/www.freiburg-schwarzwald.de\/blog\/wp-content\/uploads\/2025\/07\/weizen-ernte1dreisamtal250718-180x135.jpg 180w, https:\/\/www.freiburg-schwarzwald.de\/blog\/wp-content\/uploads\/2025\/07\/weizen-ernte1dreisamtal250718-640x480.jpg 640w, https:\/\/www.freiburg-schwarzwald.de\/blog\/wp-content\/uploads\/2025\/07\/weizen-ernte1dreisamtal250718-768x576.jpg 768w, https:\/\/www.freiburg-schwarzwald.de\/blog\/wp-content\/uploads\/2025\/07\/weizen-ernte1dreisamtal250718.jpg 800w\" sizes=\"auto, (max-width: 180px) 100vw, 180px\" \/><\/a><br \/>\nErnte 2025: Getreide<\/h5>\n<p>Das Klima wandelt sich und wird es weiter tun. Da hilft kein Ruf der Klimasch\u00fctzer nach mehr Klimaschutz. Denn \u201eKlimaschutz ist Umweltschutz ist Naturschutz und nichts sonst\u201c so die Liedermacherin Julia Neigel (mehr <a href=\"https:\/\/www.freiburg-schwarzwald.de\/blog\/klimaschutz-umweltschutz\/\">hier<\/a>). Schlie\u00dflich macht der Begriff \u201eKlimaschutz\u201c f\u00fcr sich alleine genommen \u00fcbehaupt keinen Sinn. Das Klima selbst kann nicht gesch\u00fctzt werden, es unterliegt seit Jahrmillionen einem stetigen Wandel, unbeeinflu\u00dfbar von menschlichem Zutun. Wir k\u00f6nnen uns dem Klimawandel aber <a href=\"https:\/\/www.freiburg-schwarzwald.de\/blog\/natur\/klima\/klimaanpassung\/\">anpassen<\/a> (durch Knowhow, Technologie, Grips).<\/p>\n<h5><a href=\"https:\/\/www.freiburg-schwarzwald.de\/blog\/wp-content\/uploads\/2025\/09\/ernte-feigen-trauben250831.jpg\"><img loading=\"lazy\" decoding=\"async\" class=\"alignnone size-thumbnail wp-image-138750\" src=\"https:\/\/www.freiburg-schwarzwald.de\/blog\/wp-content\/uploads\/2025\/09\/ernte-feigen-trauben250831-180x135.jpg\" alt=\"\" width=\"180\" height=\"135\" srcset=\"https:\/\/www.freiburg-schwarzwald.de\/blog\/wp-content\/uploads\/2025\/09\/ernte-feigen-trauben250831-180x135.jpg 180w, https:\/\/www.freiburg-schwarzwald.de\/blog\/wp-content\/uploads\/2025\/09\/ernte-feigen-trauben250831-640x480.jpg 640w, https:\/\/www.freiburg-schwarzwald.de\/blog\/wp-content\/uploads\/2025\/09\/ernte-feigen-trauben250831-1024x768.jpg 1024w, https:\/\/www.freiburg-schwarzwald.de\/blog\/wp-content\/uploads\/2025\/09\/ernte-feigen-trauben250831-768x576.jpg 768w, https:\/\/www.freiburg-schwarzwald.de\/blog\/wp-content\/uploads\/2025\/09\/ernte-feigen-trauben250831.jpg 1085w\" sizes=\"auto, (max-width: 180px) 100vw, 180px\" \/><\/a>\u00a0 \u00a0 \u00a0 \u00a0 <a href=\"https:\/\/www.freiburg-schwarzwald.de\/blog\/wp-content\/uploads\/2025\/09\/ernte-apfel-rot250902.jpg\"><img loading=\"lazy\" decoding=\"async\" class=\"alignnone size-thumbnail wp-image-138751\" src=\"https:\/\/www.freiburg-schwarzwald.de\/blog\/wp-content\/uploads\/2025\/09\/ernte-apfel-rot250902-135x180.jpg\" alt=\"\" width=\"135\" height=\"180\" srcset=\"https:\/\/www.freiburg-schwarzwald.de\/blog\/wp-content\/uploads\/2025\/09\/ernte-apfel-rot250902-135x180.jpg 135w, https:\/\/www.freiburg-schwarzwald.de\/blog\/wp-content\/uploads\/2025\/09\/ernte-apfel-rot250902-481x640.jpg 481w, https:\/\/www.freiburg-schwarzwald.de\/blog\/wp-content\/uploads\/2025\/09\/ernte-apfel-rot250902.jpg 600w\" sizes=\"auto, (max-width: 135px) 100vw, 135px\" \/><\/a>\u00a0 \u00a0 \u00a0 <a href=\"https:\/\/www.freiburg-schwarzwald.de\/blog\/wp-content\/uploads\/2025\/09\/ernte-feigen250901.jpg\"><img loading=\"lazy\" decoding=\"async\" class=\"alignnone size-thumbnail wp-image-138754\" src=\"https:\/\/www.freiburg-schwarzwald.de\/blog\/wp-content\/uploads\/2025\/09\/ernte-feigen250901-180x135.jpg\" alt=\"\" width=\"180\" height=\"135\" srcset=\"https:\/\/www.freiburg-schwarzwald.de\/blog\/wp-content\/uploads\/2025\/09\/ernte-feigen250901-180x135.jpg 180w, https:\/\/www.freiburg-schwarzwald.de\/blog\/wp-content\/uploads\/2025\/09\/ernte-feigen250901-640x480.jpg 640w, https:\/\/www.freiburg-schwarzwald.de\/blog\/wp-content\/uploads\/2025\/09\/ernte-feigen250901-1024x768.jpg 1024w, https:\/\/www.freiburg-schwarzwald.de\/blog\/wp-content\/uploads\/2025\/09\/ernte-feigen250901-768x576.jpg 768w, https:\/\/www.freiburg-schwarzwald.de\/blog\/wp-content\/uploads\/2025\/09\/ernte-feigen250901.jpg 1085w\" sizes=\"auto, (max-width: 180px) 100vw, 180px\" \/><\/a><br \/>\nErnte 2025: Trauben, Feigen, Pfirsiche, \u00c4pfel\u00a0 reichlich<\/h5>\n<p>Warum wagt kein <a href=\"https:\/\/www.freiburg-schwarzwald.de\/blog\/kultur\/medien\/journalismus\/haltungsjournalismus\/\">Journalist<\/a> die Titelzeile <em>&#8222;Dank Klimawandel im Sommer 2025 gute Obst- und Getreideernte, sonniges Badewetter und steigender Grundwasserstand&#8220;<\/em>? Weil das auch f\u00fcr Journalisten karrieref\u00f6rdernde Narrativ von <a href=\"https:\/\/www.freiburg-schwarzwald.de\/blog\/natur\/klima\/apokalypse\/\">Apokalypse<\/a> und <a href=\"https:\/\/www.freiburg-schwarzwald.de\/blog\/natur\/klima\/erderwaermung\/\">Erd\u00fcberhitzung<\/a> bedient werden mu\u00df.<br \/>\n4.9.2025<br \/>\n.<br \/>\nEnde von Beitrag &#8222;Sommer 2025 &#8211; reiche Ernte&#8220;<br \/>\n==============================================================<br \/>\nBeginn von Anlagen (1) &#8211; (5)<br \/>\n.<br \/>\n.<br \/>\n<strong>(1) Der Sommer in Deutschland und \u201eSummer in the City\u201c<\/strong><br \/>\nDie erreichten 18,3\u00b0C sind schon warm: Nur 9 Jahre gab es vorher, die h\u00f6here Werte verzeichneten, davon nur eines (1947 mit 18,5\u00b0C) vor 1980. Der Anstieg danach ist offenkundig. Vom Rekord (2003, noch 1,4\u00b0C w\u00e4rmer) war 2025 jedoch geh\u00f6rig weit entfernt.)<br \/>\n&#8230;<br \/>\nBeim Niederschlag kann man sich k\u00fcrzer fassen: In 75 Vorjahren war es feuchter, in 25 also trockener. Der Regen war in Summe \u201estinknormal\u201c mit rund 219 mm. Die Ernte war recht gut https:\/\/www.agravis.de\/de\/unsere-leistungen\/themen-und-kampagnen\/ernte, im Gegensatz zu Bef\u00fcrchtungen im Fr\u00fchjahr, zum Teil recht dramatisch formuliert: \u201eDeutschland trocknet aus\u201c <a href=\"https:\/\/www.tagesspiegel.de\/wissen\/deutschland-trocknet-aus-wo-bauern-jetzt-um-ihre-ernte-kampfen-13688716.html\">https:\/\/www.tagesspiegel.de\/wissen\/deutschland-trocknet-aus-wo-bauern-jetzt-um-ihre-ernte-kampfen-13688716.html<\/a>. Manch einer rief wohl verfr\u00fcht nach Subventionen f\u00fcr die Landwirtschaft? Der eine oder andere muss auch noch lernen <a href=\"https:\/\/wfd.de\/themen\/wasserfussabdruck-von-fleisch\/\">https:\/\/wfd.de\/themen\/wasserfussabdruck-von-fleisch\/<\/a> , dass Wasser in einem Kreislauf ist und nicht \u201everbraucht\u201c wird. Was verdunstet wird, f\u00e4llt anderswo fr\u00fcher oder sp\u00e4ter als Niederschlag wieder zur Erde. Ein echter Langzeittrend ist beim Niederschlag auch nicht zu verzeichnen, der 30-j\u00e4hrig gegl\u00e4ttete Verlauf weist wohl noch bergab am Ende durch die wirklich niedrigen Werte von 2018 (129 mm) und 2022 (143 mm).<br \/>\n&#8230;<br \/>\nSo ist der Sommer 2025 definitionsgem\u00e4\u00df zu Ende. Summa Summarum: Im Kontext der letzten 30 Jahre keineswegs allzu warm oder zu trocken. Ob einige Medien daraus lernen, wenn wieder \u201eForecasts\u201c mit dicken Schlagzeilen (=Clickbaits) produziert werden, genutzt f\u00fcr apokalyptische Aussagen? Der n\u00e4chste Winter ist nicht weit und der Countdown f\u00fcr irres Zeug zum Wetter l\u00e4uft schon.<br \/>\n&#8230;. Alles vom 3.9.2025 bitte lesen auf<br \/>\n<a href=\"https:\/\/klimanachrichten.de\/2025\/09\/03\/der-sommer-in-deutschland-und-summer-in-the-city\/\">https:\/\/klimanachrichten.de\/2025\/09\/03\/der-sommer-in-deutschland-und-summer-in-the-city\/<\/a><br \/>\n.<\/p>\n<div id=\"attachment_136778\" style=\"width: 651px\" class=\"wp-caption alignnone\"><a href=\"https:\/\/www.freiburg-schwarzwald.de\/blog\/wp-content\/uploads\/2025\/07\/weizen-ernte2dreisamtal-pan250718.jpg\"><img loading=\"lazy\" decoding=\"async\" aria-describedby=\"caption-attachment-136778\" class=\"size-full wp-image-136778\" src=\"https:\/\/www.freiburg-schwarzwald.de\/blog\/wp-content\/uploads\/2025\/07\/weizen-ernte2dreisamtal-pan250718.jpg\" alt=\"\" width=\"641\" height=\"357\" srcset=\"https:\/\/www.freiburg-schwarzwald.de\/blog\/wp-content\/uploads\/2025\/07\/weizen-ernte2dreisamtal-pan250718.jpg 641w, https:\/\/www.freiburg-schwarzwald.de\/blog\/wp-content\/uploads\/2025\/07\/weizen-ernte2dreisamtal-pan250718-180x100.jpg 180w\" sizes=\"auto, (max-width: 641px) 100vw, 641px\" \/><\/a><p id=\"caption-attachment-136778\" class=\"wp-caption-text\">Weizenernte im Dreisamtal bei Freiburg 18.7.2025<\/p><\/div>\n<p><strong>(2) BLHV: Trotz herausfordernden Wetters wider Erwarten gute Ertr\u00e4ge, aber Preise lassen zu w\u00fcnschen \u00fcbrig<\/strong><br \/>\nTrotz wechselhafter Witterung und langanhaltender Regenphasen zeigt sich der Badische Landwirtschaftliche Hauptverband (BLHV) mit der diesj\u00e4hrigen Ernte grunds\u00e4tzlich zufrieden. \u201eWir haben insgesamt bisher eine relativ gute Ernte eingefahren\u201c, erkl\u00e4rt BLHV-Pr\u00e4sident Bernhard Bolkart<br \/>\n&#8230;<br \/>\nGetreide: Guter Ertrag, teils schlechte Qualit\u00e4ten<br \/>\nDie<a href=\"https:\/\/www.freiburg-schwarzwald.de\/blog\/natur\/ernaehrung\/getreide\/\"> Gerstenernte<\/a> ist abgeschlossen. Mit Ertr\u00e4gen zwischen 6 und 8 Tonnen je Hektar liegt sie im langj\u00e4hrigen Mittel. &#8230; Beim Weizen melden viele Betriebe gute Ertr\u00e4ge zwischen 8 und 9 Tonnen pro Hektar.<br \/>\n&#8230;.<br \/>\nDer Raps zeigt sich widerstandsf\u00e4hig und liefert mit 3 bis 4 Tonnen pro Hektar solide Ertr\u00e4ge \u2013 am Bodensee stellenweise sogar bis 5 Tonnen. ..<br \/>\nDie Mais- und Sojabest\u00e4nde pr\u00e4sentieren sich derzeit sehr ordentlich.<br \/>\n&#8230; Alles vom 25.8.2025 bitte lesen auf<br \/>\n<a href=\"https:\/\/www.blhv.de\/blhv-trotz-herausfordernden-wetters-wider-erwarten-gute-ertraege-aber-preise-lassen-zu-wuenschen-uebrig\">https:\/\/www.blhv.de\/blhv-trotz-herausfordernden-wetters-wider-erwarten-gute-ertraege-aber-preise-lassen-zu-wuenschen-uebrig<\/a><br \/>\n.<br \/>\n.<br \/>\n<strong>(3) August 2025: Bei uns normal &#8211; nur das Mittelmeer zu warm<\/strong><br \/>\nWir nehmen die Analyse des Deutschen Wetter Dienstes schon mal etwas vorweg. Der August 2025 war nicht der von einigen prognostizierte H\u00f6llensommer &#8230; Dabei kann man fast t\u00e4glich in den Medien lesen, dass es immer schlimmer wird von Jahr zu Jahr. Die Zahlen sagen etwas anderes aus. &#8230;<br \/>\nEindeutig zu warm ist das Mittelmeer dieses Jahr. Das kann, wie das letzte Jahr gezeigt, extreme Auswirkungen haben. Im September 2024 gab es heftige Regenf\u00e4lle in \u00d6sterreich, Tschechien und Polen, die auf das warme Mittelmeer zur\u00fcckgef\u00fchrt wurden. In der Welt <a href=\"https:\/\/www.welt.de\/wissenschaft\/article689f049cb7e38d4fabb23ffe\/Klima-Rekordhitze-im-Mittelmeer-Was-steigende-Wassertemperaturen-ausloesen-koennen.html\">https:\/\/www.welt.de\/wissenschaft\/article689f049cb7e38d4fabb23ffe\/Klima-Rekordhitze-im-Mittelmeer-Was-steigende-Wassertemperaturen-ausloesen-koennen.html<\/a> geht es um die Ursachen der Erw\u00e4rmung des Mittelmeers.<br \/>\n&#8222;Von den vielen Meereshitzewellen in dem 40-Jahres-Zeitraum w\u00e4hrend der Monate Mai bis August konzentrierten sich die Forscher auf 123 Ereignisse, die ein Meeresgebiet von mehr als 100.000 Quadratkilometer betrafen. Das entspricht etwas mehr als der Fl\u00e4che von Ungarn (93.000 Quadratkilometer).Dabei fanden sie auff\u00e4llig oft einen Zusammenhang mit einem lang gestreckten Hochdrucksystem, das hei\u00dfe Luft aus Afrika brachte. Ein solcher subtropischer Hochdruckr\u00fccken bildet sich recht h\u00e4ufig \u00fcber dem Mittelmeer <a href=\"https:\/\/www.welt.de\/wissenschaft\/article6883517fc1ef6365168b9d82\/Klimawandel-Wie-das-Mittelmeer-zu-Europas-Waermepumpe-werden-koennte.html\">https:\/\/www.welt.de\/wissenschaft\/article6883517fc1ef6365168b9d82\/Klimawandel-Wie-das-Mittelmeer-zu-Europas-Waermepumpe-werden-koennte.html<\/a>. Wenn er sich jedoch mehrere Tage h\u00e4lt, bringt er die oft starken Winde \u00fcber dem Meer weitgehend zum Erliegen. Dann wird kaum noch W\u00e4rme aus dem Wasser in die Atmosph\u00e4re abgef\u00fchrt, stattdessen heizt sich das Meerwasser auf.&#8220;<br \/>\n&#8230;<br \/>\nEiner, der ebenfalls den Blues singt gerade, ist Professor Volker Quaschning. Er hat von den Problemen, dass der Dachsolarstrom ungeregelt ist, offenbar noch nichts mitbekommen und dass die Energieversorger vor dem weiteren Ausbau warnen auch nicht. &#8230;<br \/>\n<a href=\"https:\/\/www.fr.de\/politik\/experte-einspeiseverguetung-klimapolitik-friedrich-merz-solar-erdgas-reiche-kohle-93902326.html\">https:\/\/www.fr.de\/politik\/experte-einspeiseverguetung-klimapolitik-friedrich-merz-solar-erdgas-reiche-kohle-93902326.html<\/a><br \/>\nUnd wer h\u00e4tte gedacht, dass Quaschning ein Kohle-Fan ist? Eine andere teure Baustelle ist die Vorsorge gegen Dunkelflauten, also Zeiten mit wenig Solar- und Windenergie.<br \/>\nDerzeit gibt es f\u00fcr die Dunkelflaute noch ausreichend fossile Kraftwerke. Ersatz brauchen wir erst, wenn wir weitere fossile Kraftwerke abschalten. Ber\u00fccksichtigt man die Methanleckagen, die bei Frackinggas besonders hoch sind, ist die Klimabilanz von Erdgaskraftwerken nur unwesentlich besser als die von Kohlekraftwerken. Darum ist es sogar sinnvoller, Kohlekraftwerke weiterlaufen zu lassen, als Unsummen an Subventionen f\u00fcr klimasch\u00e4dliche Erdgaskraftwerke zu verbrennen. Das Geld k\u00f6nnen wir effektiver einsetzen. Zuerst brauchen wir intelligente Netze mit einem viel schnelleren Smart-Meter-Rollout. Andere L\u00e4nder sind da schon fertig und wir fangen erst an. So kann der Strom genau dann verbraucht werden <a href=\"https:\/\/www.fr.de\/zukunft\/storys\/klima\/studie-zur-energiewende-mahnt-strom-wegwerfen-geht-nicht-93878459.html\">https:\/\/www.fr.de\/zukunft\/storys\/klima\/studie-zur-energiewende-mahnt-strom-wegwerfen-geht-nicht-93878459.html<\/a> , wenn wir viel Solar- und Windstrom haben<br \/>\n&#8230; Alles vom 28.8.2025 bitte lesen auf<br \/>\n<a href=\"https:\/\/klimanachrichten.de\/2025\/08\/28\/august-2025\/\">https:\/\/klimanachrichten.de\/2025\/08\/28\/august-2025\/<\/a><br \/>\n.<\/p>\n<p><strong>(4) Waldzustand 2025: Dem Schwarzwald geht es so gut wie seit Jahren nicht<\/strong><br \/>\nDem Wald im Hochschwarzwald geht es so gut wie seit Jahren nicht mehr. Das teilt der Forstbezirk Hochschwarzwald mit. Zwar sei der Sommer 2025 deutlich zu warm gewesen, daf\u00fcr habe es ausreichend Niederschl\u00e4ge gegeben. &#8222;Es gab keine l\u00e4ngeren Trockenphasen, so dass die B\u00f6den immer einen guten Wasservorrat hatten, der dann den B\u00e4umen bei hohen Temperaturen zur Verf\u00fcgung stand&#8220;, schreibt Hans-Ulrich Hayn, der Leiter des Forstbezirks, der sich von Freiburg bis Villingen erstreckt.<br \/>\nAuch in anderen Forstbezirken sieht es \u00e4hnlich aus. Der Wald erscheine &#8222;gr\u00fcn und fit&#8220;, sagt Georg L\u00f6ffler, der Leiter des Forstbezirks Hochrhein, der sich von Laufenburg \u00fcber L\u00f6rrach bis nach Bad Krozingen erstreckt. Sch\u00e4den, etwa durch Borkenk\u00e4fer oder D\u00fcrre, seien deutlich geringer als in den D\u00fcrrejahren bis 2023. &#8222;Schon im letzten Jahr hatten wir weniger als die H\u00e4lfte der Vorjahre und in diesem Jahr wurde der Wert nochmals halbiert&#8220;, so L\u00f6ffler.<br \/>\n&#8230; Alles vom 2.9.2025 bitte lesen auf<br \/>\n<a href=\"https:\/\/www.badische-zeitung.de\/dem-schwarzwald-geht-es-so-gut-wie-seit-jahren-nicht\">https:\/\/www.badische-zeitung.de\/dem-schwarzwald-geht-es-so-gut-wie-seit-jahren-nicht<\/a><br \/>\n.<br \/>\n.<br \/>\n<strong>(5) Das Erntejahr 2025<\/strong><br \/>\nDas Erntejahr 2025 ist noch nicht zu Ende, der Deutsche Wetterdienst zieht aber schon mal Bilanz. <a href=\"https:\/\/www.dwd.de\/DE\/wetter\/thema_des_tages\/2025\/9\/11.html\">https:\/\/www.dwd.de\/DE\/wetter\/thema_des_tages\/2025\/9\/11.html<\/a> Diese passt nicht zum Narrativ, dass es immer schlimmer wird.<br \/>\nDie Vorgeschichte f\u00fcr das Erntejahr 2025 sieht hingegen viel besser aus. Bereits im Herbst 2024 konnte eine positive klimatische Wasserbilanz verzeichnet werden, was vereinfacht gesagt bedeutet, dass den Pflanzen ausreichend Wasser zur Verf\u00fcgung stand. Dies spiegelte sich auch in der Bodenfeuchte wider, die gebietsweise sogar \u00fcberdurchschnittlich war.<br \/>\nDer Winter 2024\/25 war dann vergleichsweise warm bis sehr warm, aber bis Februar zumindest zeitweise auch von Tiefdruckeinfluss mit Regenf\u00e4llen gepr\u00e4gt, bevor es durch Hochdruck l\u00e4ngere Zeit abtrocknete und die Bodenfeuchte (leicht) unterdurchschnittliche Werte annahm. Mit h\u00e4ufigen Fr\u00f6sten herrschte jedoch sowieso allgemeine Vegetationsruhe.<br \/>\nDies \u00e4nderte sich im M\u00e4rz, als es langsam w\u00e4rmer wurde. Hier setzte der Vegetationsbeginn sp\u00e4ter ein als in den letzten drei Jahren, was das Risiko von Frostsch\u00e4den zur Bl\u00fctezeit bereits minimierte. Im April und Mai gab es, p\u00fcnktlich zum Austrieb der Pflanzen, wenigstens zeit- und gebietsweise Niederschl\u00e4ge sowie k\u00fchlere Temperaturen, sodass sich die Auswirkungen trotz eines deutlich zu trockenen Fr\u00fchjahrs in Grenzen hielten. Viele Pflanzen konnten zudem noch von der Feuchtigkeit der Vergangenheit zehren. Lediglich das Sommergetreide hatte etwa im Nordosten zun\u00e4chst Probleme zu keimen, da der Oberboden zu trocken war.<br \/>\nVon entscheidender Bedeutung war, dass in diesem Zeitraum kaum noch Nachtfrost mehr aufgetreten ist, der die Pflanzen h\u00e4tte sch\u00e4digen k\u00f6nnen und daher zu Einbu\u00dfen in der Ernte gef\u00fchrt h\u00e4tte. Lediglich im Osten und S\u00fcdosten gab es am 23. und 24. Mai nochmals Frost, der teils zu Sch\u00e4den an der Vegetation f\u00fchrte.<br \/>\nDer Sommer 2025 startet zun\u00e4chst sonnig und niederschlagsarm, was vermeintlich erstmal darauf schlie\u00dfen lie\u00df, dass es bedingt durch anhaltende Trockenheit zu Ernteausf\u00e4llen kommen k\u00f6nnte. Im Juli jedoch \u00e4nderte sich die Gro\u00dfwetterlage grundlegend. Es wurde unbest\u00e4ndiger und somit fiel der Juli deutlich nasser aus als die Vormonate. Zwar verz\u00f6gerte sich teilweise die Ernte des reifen Getreides, meist lief sie dann aber ohne gr\u00f6\u00dfere Komplikationen ab. Obstb\u00e4ume profitierten ebenso von der Witterung, was nun im Herbst zu einer \u00fcppigen Ernte f\u00fchrt und f\u00fchrte.<br \/>\n&#8230; Alles vom 14.9.2025 bitte lesen auf<br \/>\n<a href=\"https:\/\/klimanachrichten.de\/2025\/09\/14\/das-erntejahr-2025\/\">https:\/\/klimanachrichten.de\/2025\/09\/14\/das-erntejahr-2025\/<\/a><\/p>\n","protected":false},"excerpt":{"rendered":"<p>Der vorhergesagte Hitzesommer ist wieder mal ausgefallen. Der mit 21,7 Grad Durchschnittstemperatur w\u00e4rmste August 2003 seit Beginn der Wetteraufzeichnungen bleibt unangefochten Spitzenreiter, wir liegen in 2025 mit 18,3 Grad abgeschlagen etwa auf Rang 10.<\/p>\n","protected":false},"author":2,"featured_media":0,"comment_status":"open","ping_status":"closed","sticky":false,"template":"","format":"standard","meta":{"footnotes":""},"categories":[18,52,136,40,201,12,245,242],"tags":[277,42,415,419,834,715,735,835],"class_list":["post-138731","post","type-post","status-publish","format-standard","hentry","category-bildung","category-einewelt","category-flora","category-klima","category-landwirt","category-natur","category-obst","category-wasser","tag-bauer","tag-co2","tag-ernte","tag-getreide","tag-hitze","tag-klima","tag-obst","tag-wetter"],"_links":{"self":[{"href":"https:\/\/www.freiburg-schwarzwald.de\/blog\/wp-json\/wp\/v2\/posts\/138731","targetHints":{"allow":["GET"]}}],"collection":[{"href":"https:\/\/www.freiburg-schwarzwald.de\/blog\/wp-json\/wp\/v2\/posts"}],"about":[{"href":"https:\/\/www.freiburg-schwarzwald.de\/blog\/wp-json\/wp\/v2\/types\/post"}],"author":[{"embeddable":true,"href":"https:\/\/www.freiburg-schwarzwald.de\/blog\/wp-json\/wp\/v2\/users\/2"}],"replies":[{"embeddable":true,"href":"https:\/\/www.freiburg-schwarzwald.de\/blog\/wp-json\/wp\/v2\/comments?post=138731"}],"version-history":[{"count":5,"href":"https:\/\/www.freiburg-schwarzwald.de\/blog\/wp-json\/wp\/v2\/posts\/138731\/revisions"}],"predecessor-version":[{"id":139141,"href":"https:\/\/www.freiburg-schwarzwald.de\/blog\/wp-json\/wp\/v2\/posts\/138731\/revisions\/139141"}],"wp:attachment":[{"href":"https:\/\/www.freiburg-schwarzwald.de\/blog\/wp-json\/wp\/v2\/media?parent=138731"}],"wp:term":[{"taxonomy":"category","embeddable":true,"href":"https:\/\/www.freiburg-schwarzwald.de\/blog\/wp-json\/wp\/v2\/categories?post=138731"},{"taxonomy":"post_tag","embeddable":true,"href":"https:\/\/www.freiburg-schwarzwald.de\/blog\/wp-json\/wp\/v2\/tags?post=138731"}],"curies":[{"name":"wp","href":"https:\/\/api.w.org\/{rel}","templated":true}]}}