{"id":138250,"date":"2025-08-24T21:51:39","date_gmt":"2025-08-24T19:51:39","guid":{"rendered":"https:\/\/www.freiburg-schwarzwald.de\/blog\/?p=138250"},"modified":"2025-08-24T22:02:45","modified_gmt":"2025-08-24T20:02:45","slug":"kirchen-vandalismus","status":"publish","type":"post","link":"https:\/\/www.freiburg-schwarzwald.de\/blog\/kirchen-vandalismus\/","title":{"rendered":"Kirchen-Vandalismus"},"content":{"rendered":"<p>Die <a href=\"https:\/\/www.freiburg-schwarzwald.de\/blog\/religion\/katholisch\/katholizismus\/\">Deutsche Bischofskonferenz<\/a> hat ihr Schweigen zum <a href=\"https:\/\/www.freiburg-schwarzwald.de\/blog\/religion\/kirchen\/kirchenschaendung\/\">Vandalismus<\/a> in <a href=\"https:\/\/www.freiburg-schwarzwald.de\/blog\/religion\/katholisch\/\">katholischen Kirchen<\/a> endlich gebrochen und ist mit dem Statement &#8222;seit etwa 2015 haben wir es mit einer versch\u00e4rften Dimension zu tun&#8220; an die \u00d6ffentlichkeit gegangen (siehe Anlage (1) unten). Was war 2015? <!--more-->Welche Gr\u00fcnde f\u00fchren zu dieser schlimmen Sch\u00e4ndung christlicher Kirchen?<br \/>\nDazu der Kultur- und <a href=\"https:\/\/www.freiburg-schwarzwald.de\/blog\/religion\/\">Religionssoziologe<\/a> Detlef Pollack: &#8222;Das h\u00e4ngt wahrscheinlich mit den Missbrauchsf\u00e4llen, dem kirchlichen Umgang mit ihnen und ihrer medialen Diskussion zusammen&#8220;. Demnach hat der <a href=\"https:\/\/www.freiburg-schwarzwald.de\/blog\/selbsthilfe\/krise\/sexuellermissbrauch\/\">sexuelle Missbrauch<\/a> von Kindern durch <a href=\"https:\/\/www.freiburg-schwarzwald.de\/blog\/zollitsch-sexueller-missbrauch\/\">Kirchenmitglieder<\/a> die Menschen derart w\u00fctend gemacht, da\u00df sie sich nun quasi aus Rache in den Gottesh\u00e4usern wie die <a href=\"https:\/\/www.freiburg-schwarzwald.de\/blog\/religion\/kirchen\/kirchenschaendung\/\">Vandalen<\/a> austoben.<br \/>\n.<br \/>\n<a href=\"https:\/\/www.freiburg-schwarzwald.de\/blog\/kultur\/dichter\/klonovsky\/\">Michael Klonovsky<\/a> (2) bezeichnet eine derlei unsinnige Begr\u00fcndung treffend als &#8222;L\u00fcgenalpinistik&#8220;, zumal Pollack keinerlei Beweise vorlegt. Die dahinterstehende Logik ist <a href=\"https:\/\/www.freiburg-schwarzwald.de\/blog\/religion\/christen\/christentum\/\">unchristlich<\/a>: Denn sie unterstellt, dass die so tief verletzten Mi\u00dfbrauchsopfer imstande seien, ihre Peiniger dadurch zu strafen, indem sie deren Kirchen verw\u00fcsten. Erst mi\u00dfbraucht man, dann bezichtigt man die Opfer noch als T\u00e4ter &#8211; das macht sprachlos.<br \/>\n.<br \/>\nNein, hier hilft ein Blick auf unseren westlichen Nachbarn, der anzeigt, was Deutschland noch bevorsteht: In <a href=\"https:\/\/www.freiburg-schwarzwald.de\/blog\/global\/france\/frankreich2022\/\">Frankreich<\/a> werden <a href=\"https:\/\/www.freiburg-schwarzwald.de\/blog\/religion\/kirchen\/kirchenschaendung\/\">laut Domradio.de<\/a> jedes Jahr <a href=\"https:\/\/www.freiburg-schwarzwald.de\/blog\/global\/france\/frankreich-islam\/\">eintausend Kirchen<\/a> gesch\u00e4ndet, wobei Konsens herrscht, da\u00df die T\u00e4ter \u00fcberwiegend <a href=\"https:\/\/www.freiburg-schwarzwald.de\/blog\/religion\/islam\/islamismus\/\">islamistische Fanatiker<\/a> sind. Und auf Sachbesch\u00e4digungen Anschl\u00e4ge folgen lassen: Am 26.7.2016 den Priester <a href=\"https:\/\/www.freiburg-schwarzwald.de\/blog\/engagement\/zukunft\/demokratie\/rouen26july2016\/\">Jacques Hamel<\/a> in seiner Kirche in Rouen \u00e9gorger (Kehle durchschneiden). Am 19.7.2020 Brandanschlag durch Migrant aus Ruanda auf Kathedrale von Nantes. Am16.10.2020 <a href=\"https:\/\/www.freiburg-schwarzwald.de\/blog\/bildung\/schulen\/schulen-islam\/\">Samuel Paty<\/a> den Kopf abtrennen. Am 29.10.2020 in der Kathedrale <a href=\"https:\/\/www.freiburg-schwarzwald.de\/blog\/global\/france\/nizza29-10-2020\/\">Notre-Dame in Nizza<\/a> drei Betende erstechen und sechs weitere verletzen. Der Brand der <a href=\"https:\/\/www.freiburg-schwarzwald.de\/blog\/engagement\/zukunft\/demokratie\/paris13nov2015\/\">Kathedrale Notre Dame von Paris<\/a> ist weiter ungekl\u00e4rt.<\/p>\n<p>In Frankreich ist die Lage bez\u00fcglich Kirchensch\u00e4ndungen \u00e4u\u00dferst angespannt. Obwohl die dortige strenge Trennung von Kirche und Staat (<a href=\"https:\/\/www.freiburg-schwarzwald.de\/blog\/engagement\/zukunft\/demokratie\/laizismus\/\">Laizismus<\/a>) dem inneren Frieden eigentlich dienlich ist.<\/p>\n<p>Im Zuge der <a href=\"https:\/\/www.freiburg-schwarzwald.de\/blog\/global\/deutschland\/grenzoeffnung2015\/\">Grenz\u00f6ffnung 9\/2015<\/a> kamen weit \u00fcber eine Million Migranten <a href=\"https:\/\/www.freiburg-schwarzwald.de\/blog\/global\/migration\/kontrollierte-grenzen\/\">unkontrolliert<\/a> nach Deutschland &#8211; darunter zwei Drittel junge, alleinstehende <a href=\"https:\/\/www.freiburg-schwarzwald.de\/blog\/global\/migration\/migration-maenner\/\">Muslime<\/a>, vorwiegend aus Syrien, Irak und Afghanistan. 17 % bzw. 187.000 von ihnen haben inzwischen die deutsche <a href=\"https:\/\/www.freiburg-schwarzwald.de\/blog\/engagement\/zukunft\/demokratie\/staatsbuergerschaft\/\">Staatsangeh\u00f6rigkeit<\/a>, tauchen in den Statistiken also nicht mehr als Migranten auf.<\/p>\n<p>Im Unterschied zu Frankreich wird das Problem von Islamisten bzw. <a href=\"https:\/\/www.freiburg-schwarzwald.de\/blog\/religion\/islam\/islamismus\/\">Islamismus<\/a> hierzulande kaum diskutiert. Es gilt als Tabu &#8211; wie die o.a. Presseverlautbarungen der Deutschen Bischofskonferenz deutlich machen (2).<br \/>\nNiemand darf unter Generalverdacht gestellt werden. Aber es mu\u00df klar differenziert werden zwischen der Vielzahl hier friedlich lebender Muslime einerseits, die einem eher liberalen Islam nachgehen, und den Islamisten als Anh\u00e4nger des <a href=\"https:\/\/www.freiburg-schwarzwald.de\/blog\/religion\/islam\/islam-politik\/\">politischen<\/a> <a href=\"https:\/\/www.freiburg-schwarzwald.de\/blog\/religion\/islam\/patriarchat\/\">fundamentalistischen<\/a> Islam andererseits, die Andersgl\u00e4ubige wie Christen und Juden als Feinde betrachten.<br \/>\n24.8.2025<br \/>\n.<br \/>\nEnde von Beitrag &#8222;Kirchen-Vandalismus &#8220;<br \/>\n==============================================================<br \/>\nBeginn von Anlagen (1) &#8211; (3)<br \/>\n.<br \/>\n.<br \/>\n<strong>(1) \u201eOffene Feindseligkeit gegen\u00fcber Christentum\u201c \u2013 Kirche beklagt \u201eversch\u00e4rfte Dimension seit 2015\u201c<\/strong><br \/>\n<strong>Brutaler Vandalismus<\/strong><br \/>\nAufgebrochene Opferst\u00f6cke waren einmal: Seit 2015 sind Vandalismus und Angriffe auf Kirchen laut Bischofskonferenz geradezu feindselig. Es gehe dabei um pure Zerst\u00f6rung. Ein Sprecher nennt ersch\u00fctternde Beispiele.<br \/>\nDie katholische Kirche beklagt einen \u201ezunehmend tabulosen\u201c Vandalismus in Gottesh\u00e4usern. Zwar sei die Zahl der Delikte in den vergangenen Jahren nur leicht angestiegen, doch gingen die T\u00e4ter immer brutaler und r\u00fccksichtsloser vor, sagte der Sprecher der Deutschen Bischofskonferenz, Matthias Kopp. Aus ihrem Verhalten spreche teils \u201eoffene Feindseligkeit gegen\u00fcber dem Christentum\u201c.<br \/>\n\u201eAufgebrochene Opferst\u00f6cke und umgesto\u00dfene, auseinandergebrochene Kerzen waren immer \u00e4rgerlich, aber seit etwa 2015 haben wir es mit einer versch\u00e4rften Dimension zu tun\u201c, so Kopp. Als Beispiele nannte er \u201eExkremente in Weihwasserbecken und Beichtst\u00fchlen, enthauptete Christus- und Heiligenstatuen, Zigarettenstummel und anderer Unrat vor Andachtsbildern, besch\u00e4digte Gebet- und Gesangb\u00fccher, umgesto\u00dfene Kirchenb\u00e4nke, Altarbilder und ganze Alt\u00e4re vernichtet durch Brandstiftung\u201c.<br \/>\n&#8230;<br \/>\nDer Religionssoziologe Detlef Pollack sagte der Deutschen Presse-Agentur, antikirchliche und antireligi\u00f6se Tendenzen h\u00e4tten in Deutschland seit den 2010er Jahren stark zugenommen. \u201eDas h\u00e4ngt wahrscheinlich mit den Missbrauchsf\u00e4llen, dem kirchlichen Umgang mit ihnen und ihrer medialen Diskussion zusammen\u201c, vermutet Pollack.<br \/>\n&#8230; Alles vom 22.8.2025 bitte lesen auf<br \/>\n<a href=\"https:\/\/www.welt.de\/politik\/deutschland\/article68a955588c33b226bcae506b\/Kirche-beklagt-brutalen-Vandalismus-Offene-Feindseligkeit-gegenueber-Christentum.html\">https:\/\/www.welt.de\/politik\/deutschland\/article68a955588c33b226bcae506b\/Kirche-beklagt-brutalen-Vandalismus-Offene-Feindseligkeit-gegenueber-Christentum.html<\/a><br \/>\n.<br \/>\n.<br \/>\n<strong>(2) Der Gipfel der Verlogenheit ist erklommen!<\/strong><br \/>\nDiese Meisterleistung der L\u00fcgenalpinistik vollbrachte \u00fcberraschenderweise der \u201eReligions- und Kultursoziologe\u201d Detlef Pollack, der bislang in schwerem Gel\u00e4nde nicht aufgefallen oder nur unbemerkt umhergestiegen ist. Nun gelang es ihm, den Verlogenheitsgipfel des VIII. Schwierigkeitsgrades \u2013 f\u00fcr dessen Beschreibung gibt es kein verbindliches Vokabular mehr \u2013 in einer akrobatischen Soloaktion zu bezwingen.<br \/>\nEine katholische Seilschaft hatte ihm das Basislager bereitet.<br \/>\n&#8222;Offene Feindseligkeit gegen\u00fcber Christentum&#8220; &#8211; Kirche beklagt &#8222;versch\u00e4rfte Dimension seit 2015&#8220;<br \/>\n&#8230;<br \/>\nNun also Pollack solo: \u201eDer Religionssoziologe sagte der Deutschen Presse-Agentur, antikirchliche und antireligi\u00f6se Tendenzen h\u00e4tten in Deutschland seit den 2010er Jahren stark zugenommen. \u201aDas h\u00e4ngt wahrscheinlich mit den Missbrauchsf\u00e4llen, dem kirchlichen Umgang mit ihnen und ihrer medialen Diskussion zusammen\u2019, vermutet Pollack.\u201d<br \/>\nDa im Islam und gerade bei arabischen Muslimen der sexuelle Missbrauch von Minderj\u00e4hrigen schon seit dem 7. Jahrhundert ein Tabu ist, dessen Brechung u.a. mit der Enthauptung christlicher Heiligenstatuen geahndet wird, stellte Pollack statt eines Gipfelkreuzes einen Gipfelhalbmond auf.<br \/>\n&#8230; Alles vom 23.8.2025 bitte lesen auf<br \/>\n<a href=\"https:\/\/www.klonovsky.de\/2025\/08\/der-gipfel-der-verlogenheit-ist-erklommen\">https:\/\/www.klonovsky.de\/2025\/08\/der-gipfel-der-verlogenheit-ist-erklommen<\/a><br \/>\n.<br \/>\n.<br \/>\n<strong>(3) Bischofskonferenz beklagt Angriffe auf Kirchen seit 2015<\/strong><br \/>\nJahre lang haben die deutschen Bisch\u00f6fe \u2013 im Rahmen ihrer Gleichschaltung mit einem antichristlichen Regime \u2013 versch\u00e4mt dar\u00fcber geschwiegen. Nun ist der Druck so gro\u00df geworden, dass sie es nicht mehr unter den Gebetsteppich ihres Islam-Appeasements kehren k\u00f6nnen: Die Deutsche Bischofskonferenz beklagt zunehmenden Vandalismus in Kirchen seit 2015.<br \/>\n&#8230;<br \/>\nSeit \u201eetwa 2015\u201c habe man es mit einer \u201eversch\u00e4rften Dimension\u201c und \u201eoffener Feindseligkeit gegen\u00fcber dem Christentum\u201c zu tun. Und um blo\u00df nicht zu erw\u00e4hnen, wof\u00fcr das Jahr 2015 in der deutschen Geschichte steht, l\u00e4sst man einen Religionssoziologen auflaufen, der den rosa Elefanten im Raum dadurch unsichtbar machen soll, dass er den Katholiken sozusagen sagt: Selbst Schuld! Indem er die Missbrauchsf\u00e4lle und den kirchliche Umgang mit ihnen f\u00fcr die neue Christenverfolgung verantwortlich macht.<br \/>\n.<br \/>\nIslamisierung<br \/>\nDass das Jahr 2015 f\u00fcr die offenen Grenzen Merkels und damit eine immer rascher zunehmende, immer aggressiver vorgehende Islamisierung unseres Landes steht, wird ganz bewusst verschwiegen. Ebenso wie verschwiegen wird, dass der real existierende Islam die Koranstellen, die zum Hass und zur Vernichtung nicht nur von Juden, sondern auch von Christen aufrufen, sehr ernst nimmt.<br \/>\n&#8230;<br \/>\nDabei ist hier vielleicht eine weitere Ursache f\u00fcr den Hass auf die Kirchen zu sehen, denn diese Gleichschaltung mit dem Corona-Regime hat der Amtskirche mehr an Vertrauens- und Glaubw\u00fcrdigkeitsverlust eingebracht als alle Missbrauchsf\u00e4lle zusammen genommen. Warum, so k\u00f6nnte man b\u00f6sartig fragen, regen sich diese Geistlichen auf, wenn im Weihwasser Zigarettenstummel schwimmen \u2013 in dem Weihwasser, das sie selbst in der Coronazeit gegen Desinfektionsmittel austauschen lie\u00dfen und damit zeigten, dass sie nicht an die Macht des \u00dcbernat\u00fcrlichen mehr glaubten.<br \/>\n&#8230;<br \/>\nAber auch der Missbrauch des Kirchenasyls, mit dem die Kirchen nicht selten das Bleiben ihrer eigenen Feinde erm\u00f6glichen und zudem ihren Kirchensteuerzahlern enormen Schaden zuf\u00fcgen, darf hier nicht unerw\u00e4hnt bleiben. Das k\u00f6nnte durchaus zu einer selbst geschaffenen Ver\u00e4rgerung f\u00fchren, die sich dann auch inad\u00e4quate Weise entl\u00e4dt.<br \/>\nGanz abgesehen davon, dass die Missbrauchsopfer ein weiteres mal missbraucht werden, diesmal um die Gefahr, die von der Islamisierung unseres Landes ausgeht, zu verschleiern. Aber das geh\u00f6rt in denn Bereich \u201egefallene Tabus\u201c, den die Bischofskonferenz in ihrem Papier zurecht beklagt.<br \/>\n&#8230; Alles vom 23.8.2025 bitte lesen auf<br \/>\n<a href=\"https:\/\/philosophia-perennis.com\/2025\/08\/23\/bischofskonferenz-beklagt-angriffe-auf-kirchen-seit-2015\/\">https:\/\/philosophia-perennis.com\/2025\/08\/23\/bischofskonferenz-beklagt-angriffe-auf-kirchen-seit-2015\/<\/a><\/p>\n<p><a href=\"https:\/\/www.berliner-zeitung.de\/news\/offene-feindseligkeit-katholische-kirche-beklagt-vandalismus-li.2351327\">https:\/\/www.berliner-zeitung.de\/news\/offene-feindseligkeit-katholische-kirche-beklagt-vandalismus-li.2351327<\/a><\/p>\n","protected":false},"excerpt":{"rendered":"<p>Die Deutsche Bischofskonferenz hat ihr Schweigen zum Vandalismus in katholischen Kirchen endlich gebrochen und ist mit dem Statement &#8222;seit etwa 2015 haben wir es mit einer versch\u00e4rften Dimension zu tun&#8220; an die \u00d6ffentlichkeit gegangen (siehe Anlage (1) unten). Was war &hellip; <a href=\"https:\/\/www.freiburg-schwarzwald.de\/blog\/kirchen-vandalismus\/\">Weiterlesen <span class=\"meta-nav\">&rarr;<\/span><\/a><\/p>\n","protected":false},"author":2,"featured_media":0,"comment_status":"open","ping_status":"closed","sticky":false,"template":"","format":"standard","meta":{"footnotes":""},"categories":[210,155,261,89,63,13,157,19],"tags":[732,421,765,503,622,832],"class_list":["post-138250","post","type-post","status-publish","format-standard","hentry","category-gewalt","category-integration","category-katholisch","category-kirchen","category-krise","category-kultur","category-oeffentlicher-raum","category-religion","tag-gewalt","tag-islam","tag-kath","tag-church","tag-migration","tag-religion"],"_links":{"self":[{"href":"https:\/\/www.freiburg-schwarzwald.de\/blog\/wp-json\/wp\/v2\/posts\/138250","targetHints":{"allow":["GET"]}}],"collection":[{"href":"https:\/\/www.freiburg-schwarzwald.de\/blog\/wp-json\/wp\/v2\/posts"}],"about":[{"href":"https:\/\/www.freiburg-schwarzwald.de\/blog\/wp-json\/wp\/v2\/types\/post"}],"author":[{"embeddable":true,"href":"https:\/\/www.freiburg-schwarzwald.de\/blog\/wp-json\/wp\/v2\/users\/2"}],"replies":[{"embeddable":true,"href":"https:\/\/www.freiburg-schwarzwald.de\/blog\/wp-json\/wp\/v2\/comments?post=138250"}],"version-history":[{"count":4,"href":"https:\/\/www.freiburg-schwarzwald.de\/blog\/wp-json\/wp\/v2\/posts\/138250\/revisions"}],"predecessor-version":[{"id":138254,"href":"https:\/\/www.freiburg-schwarzwald.de\/blog\/wp-json\/wp\/v2\/posts\/138250\/revisions\/138254"}],"wp:attachment":[{"href":"https:\/\/www.freiburg-schwarzwald.de\/blog\/wp-json\/wp\/v2\/media?parent=138250"}],"wp:term":[{"taxonomy":"category","embeddable":true,"href":"https:\/\/www.freiburg-schwarzwald.de\/blog\/wp-json\/wp\/v2\/categories?post=138250"},{"taxonomy":"post_tag","embeddable":true,"href":"https:\/\/www.freiburg-schwarzwald.de\/blog\/wp-json\/wp\/v2\/tags?post=138250"}],"curies":[{"name":"wp","href":"https:\/\/api.w.org\/{rel}","templated":true}]}}