{"id":13777,"date":"2012-10-26T11:19:19","date_gmt":"2012-10-26T09:19:19","guid":{"rendered":"https:\/\/www.freiburg-schwarzwald.de\/blog\/?p=13777"},"modified":"2012-10-27T09:34:58","modified_gmt":"2012-10-27T07:34:58","slug":"heiliggeistgemeinde-kirchzarten","status":"publish","type":"post","link":"https:\/\/www.freiburg-schwarzwald.de\/blog\/heiliggeistgemeinde-kirchzarten\/","title":{"rendered":"Heiliggeistgemeinde Kirchzarten"},"content":{"rendered":"<p>Pfarrer Stefan Boldt feierlich in der Evangelischen Heiliggeistgemeinde eingef\u00fchrt. \u201eJetzt ist wieder Leben im Pfarrhaus, denn die Zeit der Vakanz ist vorbei\u201c, freute sich Kirchen\u00e4lteste Susanne Thomas, als sie zum <a title=\"Kirchen\" href=\"https:\/\/www.freiburg-schwarzwald.de\/blog\/religion\/kirchen\/\">Einf\u00fchrungsgottesdienst<\/a> von Pfarrer Stefan Boldt viele G\u00e4ste, darunter Dekan Hans-Joachim Zobel, die B\u00fcrgermeister Andreas Hall (<a title=\"Kirchzarten\" href=\"https:\/\/www.freiburg-schwarzwald.de\/blog\/regio\/orte\/kirchzarten\/\">Kirchzarten<\/a>) und Franz-Josef Winterhalter (<a title=\"Oberried\" href=\"https:\/\/www.freiburg-schwarzwald.de\/blog\/regio\/orte\/oberried\/\">Oberried<\/a>) sowie den neuen katholischen Pfarrer Werner M\u00fchlherr, begr\u00fc\u00dfte. <!--more-->Dekan Zobel verlas dann die offizielle Berufungsurkunde der Evangelischen Landeskirche Baden und stellte fest: \u201eDiese Pfarrstelle ist nach dem Weggang von Pfarrer Wolff vor drei Monaten mit einem Geschwindigkeitsrekord wieder neu besetzt worden.\u201c Drei Leitgedanken gab er Boldt mit auf den Weg in die neue Gemeinde: \u201eRecht \u00fcben, Freundlichkeit lieben und aufrecht mit Gott gehen.\u201c Der Pfarrer sei gefragt, wenn das Recht von Menschen, z.B. bei Asylbewerbern, beschnitten werde. Auch im anstrengenden Alltag m\u00fcsse er den Menschen freundlich begegnen und sie \u201emit den Augen der Liebe anschauen\u201c. Dann sei es m\u00f6glich, aufmerksam \u201ein der Spur Gottes zu gehen\u201c. Gemeinsam mit den Kirchen\u00e4ltesten f\u00fchrte Zobel den neuen Pfarrer mit Handauflegung und Segen ins neue Amt ein. Stefan Boldt hielt dann \u2013 nach dem Vorstellungsgottesdienst vor einigen Wochen \u2013 seine zweite Predigt in Kirchzarten, die viel von seiner Energie erahnen lie\u00df. Darin verglich er die Dachkonstruktion der evangelischen Kirche mit zum Himmel erhobenen Armen: \u201ePacken wir das Irdische mit dem nach oben offenen Herzen an.\u201c<\/p>\n<p>Stefan Boldt ist vor 51 Jahren in Karlsruhe geboren, wuchs in Pfinztal-S\u00f6llingen auf und machte am Karlsruher Friedrich-List-Wirtschaftsgymnasium Abitur. Nach Wehrdienst und Praktikum in einer Karlsruher Klinik studierte er in Heidelberg und Montpellier Theologie. Nach dem Vikariat in Hoffenheim baute Boldt als Kreisschulpfarrer in Pasewalk den Religionsunterricht in Mecklenburg-Vorpommern mit auf. Es folgten drei Jahre als Schul- und Internatspfarrer an den Zinsendorfschulen in K\u00f6nigsfeld. Zuletzt war er zehn Jahre Gemeindepfarrer in K\u00f6nigsfeld-Buchenberg und k\u00fcmmerte sich als Regionalbeauftragter um den Kirchlichen Dienst auf dem Land f\u00fcr die Region Schwarzwald-Baar und Bodensee. Ehrenamtlich wirkte Pfarrer Boldt im Ortschaftsrat in Buchenberg und in verschiedenen Vereinen wie Fu\u00dfballclub, Geschichtsverein, Trachtenkapelle und Theatergruppe mit. Der evangelische Theologe ist verheiratet und hat zwei T\u00f6chter. Ehefrau Christine arbeitet als Religionslehrerin an der \u201eRealschule am Giersberg\u201c.<br \/>\nNach dem Gottesdienst, der von der Kantorei und dem Kammerorchester der Kirchengemeinde Kirchzarten-Stegen unter Leitung von Gwendolyn Wellmann und Friderike Martens sowie Gospels mit Adrienne (Gesang) und Marco Morgan Hammond (Klavier) musikalisch begleitet wurde, gab es viele pers\u00f6nliche Gru\u00dfworte. B\u00fcrgermeister Andreas Hall hie\u00df den neuen Pfarrer \u2013 auch im Namen von B\u00fcrgermeister Winterhalter \u2013 herzlich willkommen und versprach ein gutes \u201eHand in Hand von Kirche und politischer Gemeinde\u201c: \u201eGemeinsam m\u00fcssen wir den B\u00fcrgern Heimat geben.\u201c Der eine Woche zuvor eingef\u00fchrte neue <a title=\"Werner Muehlherr neuer Pfarrer in Kirchzarten\" href=\"https:\/\/www.freiburg-schwarzwald.de\/blog\/werner-muehlherr-neuer-pfarrer-in-kirchzarten\/\">katholische Pfarrer Werner M\u00fchlherr<\/a>, der mit fast allen Mitgliedern des Seelsorgeteams und dem Pfarrgemeinderatsvorsitzenden J\u00fcrgen Kromer gekommen war, hatte eine \u00dcberraschung parat. Stefan Boldt hatte bei M\u00fchlherrs Einf\u00fchrung von einer gemeinsamen Tandemfahrt durch die Gemeinden gesprochen und prompt pr\u00e4sentierte M\u00fchlherr jetzt zu Boldts Einf\u00fchrung dieses Gef\u00e4hrt und versprach: \u201eWir wollen gemeinsam tun was wir k\u00f6nnen.\u201c PGR-Vorsitzender Kromer hofft, dass sich in \u00f6kumenischer Eintracht \u201eeiner auf den anderen verlassen kann\u201c.<br \/>\nF\u00fcr den \u201eTheologischen Kreis Dreisamtal\u201c erwartet Professor Michael Bachmann gro\u00dfe Unterst\u00fctzung und Isabell Holtz von der Vers\u00f6hnungsgemeinde Stegen stellte fest, dass \u201egelingende Gemeinde nur aus dem Miteinander entstehen kann\u201c. Gemeinsam mit Barbara Kamke schenkte sie Pfarrer Boldt eine Kutschfahrt durchs Dreisamtal. Von all den vielen guten W\u00fcnschen beeindruckt, machte Stefan Boldt deutlich, dass man ihm jetzt einfach Zeit f\u00fcrs Ankommen lassen solle. \u201eErst einmal den Ball flach halten\u201c, brachte es der Fu\u00dfballer auf den Punkt. Erfreulich war f\u00fcr ihn, dass auch vier Gemeindemitglieder aus Buchenberg zur Einf\u00fchrung nach Kirchzarten gekommen waren. Beim Empfang im Gemeindesaal konnten dann viele G\u00e4ste erste Kontakte zum neuen Pfarrer und seiner Ehefrau kn\u00fcpfen.<\/p>\n<div id=\"attachment_13864\" style=\"width: 177px\" class=\"wp-caption alignnone\"><a href=\"https:\/\/www.freiburg-schwarzwald.de\/blog\/heiliggeistgemeinde-kirchzarten\/pfarrer-tandem1210\/\" rel=\"attachment wp-att-13864\"><img loading=\"lazy\" decoding=\"async\" aria-describedby=\"caption-attachment-13864\" class=\"size-thumbnail wp-image-13864 \" title=\"pfarrer-tandem1210\" src=\"https:\/\/www.freiburg-schwarzwald.de\/blog\/wp-content\/uploads\/2012\/10\/pfarrer-tandem1210-167x180.jpg\" alt=\"\" width=\"167\" height=\"180\" srcset=\"https:\/\/www.freiburg-schwarzwald.de\/blog\/wp-content\/uploads\/2012\/10\/pfarrer-tandem1210-167x180.jpg 167w, https:\/\/www.freiburg-schwarzwald.de\/blog\/wp-content\/uploads\/2012\/10\/pfarrer-tandem1210.jpg 583w\" sizes=\"auto, (max-width: 167px) 100vw, 167px\" \/><\/a><p id=\"caption-attachment-13864\" class=\"wp-caption-text\">Pfarrer in Kirchzarten 10\/2012: Stefan Boldt (ev, links) und Werner M\u00fchlherr (kath) - \u00d6kumene auf dem Tandem<\/p><\/div>\n<p>Gemeinsam auf dem Tandem wollen die neuen Pfarrer in Kirchzarten, Stefan Boldt und Werner M\u00fchlherr (v.l.), ihre Gemeinden kennenlernen. \u2013 B\u00fcrgermeister Andreas Hall \u00fcberreichte Pfarrer Boldt die Kirchzartener Chronik, damit er schnell heimisch w\u00fcrde.\u00a0Foto: Gerhard L\u00fcck<\/p>\n<p>25.10.2012, Gerhard L\u00fcck, <a href=\"https:\/\/www.dreisamtaeler.de\">www.dreisamtaeler.de<\/a><\/p>\n<p>&nbsp;<\/p>\n<p><strong>Kinderbibeltage \u2013 &#8222;tierisch gut\u201c<\/strong><br \/>\nUnter dem Thema \u201eKinderbibeltage \u2013 tierisch gut\u201c finden am 23. und 24. November wieder \u00f6kumenische Kinderbibeltage im Evangelischen Gemeindezentrum Kirchzarten f\u00fcr Kinder von 4 bis 13 Jahren statt. Dabei lernen die Kinder spannende biblische Geschichten kennen, in denen es viel mitzuerleben und zu entdecken gibt. Dazu wird gebastelt, gesungen und gespielt. Die Kinder treffen sich am Freitag von 15 bis 18 Uhr und am Samstag von 9:30 bis 17 Uhr. Zwischendurch gibt es ein Mittagessen. Um 16 Uhr f\u00e4ngt der Abschlussgottesdienst an. Anmeldungen ab sofort an das Ev. Pfarramt Kirchzarten, Tel. 07661 62010 oder per eMail an <a href=\"mailto:eki-kirchzarten@t-online.de\">eki-kirchzarten@t-online.de<\/a> \u00a0mit Angabe des Alters des Kindes, der Schulklasse, der Anschrift und Telefonnummer. Die Teilnehmerzahl ist begrenzt. Anmeldeschluss ist am 15. November. Kosten von f\u00fcnf Euro entstehen f\u00fcr jedes Kind.<br \/>\n25.10.2012, Gerhard L\u00fcck<\/p>\n","protected":false},"excerpt":{"rendered":"<p>Pfarrer Stefan Boldt feierlich in der Evangelischen Heiliggeistgemeinde eingef\u00fchrt. \u201eJetzt ist wieder Leben im Pfarrhaus, denn die Zeit der Vakanz ist vorbei\u201c, freute sich Kirchen\u00e4lteste Susanne Thomas, als sie zum Einf\u00fchrungsgottesdienst von Pfarrer Stefan Boldt viele G\u00e4ste, darunter Dekan Hans-Joachim &hellip; <a href=\"https:\/\/www.freiburg-schwarzwald.de\/blog\/heiliggeistgemeinde-kirchzarten\/\">Weiterlesen <span class=\"meta-nav\">&rarr;<\/span><\/a><\/p>\n","protected":false},"author":4,"featured_media":0,"comment_status":"open","ping_status":"closed","sticky":false,"template":"","format":"standard","meta":{"footnotes":""},"categories":[50,89],"tags":[],"class_list":["post-13777","post","type-post","status-publish","format-standard","hentry","category-dreisamtal","category-kirchen"],"_links":{"self":[{"href":"https:\/\/www.freiburg-schwarzwald.de\/blog\/wp-json\/wp\/v2\/posts\/13777","targetHints":{"allow":["GET"]}}],"collection":[{"href":"https:\/\/www.freiburg-schwarzwald.de\/blog\/wp-json\/wp\/v2\/posts"}],"about":[{"href":"https:\/\/www.freiburg-schwarzwald.de\/blog\/wp-json\/wp\/v2\/types\/post"}],"author":[{"embeddable":true,"href":"https:\/\/www.freiburg-schwarzwald.de\/blog\/wp-json\/wp\/v2\/users\/4"}],"replies":[{"embeddable":true,"href":"https:\/\/www.freiburg-schwarzwald.de\/blog\/wp-json\/wp\/v2\/comments?post=13777"}],"version-history":[{"count":0,"href":"https:\/\/www.freiburg-schwarzwald.de\/blog\/wp-json\/wp\/v2\/posts\/13777\/revisions"}],"wp:attachment":[{"href":"https:\/\/www.freiburg-schwarzwald.de\/blog\/wp-json\/wp\/v2\/media?parent=13777"}],"wp:term":[{"taxonomy":"category","embeddable":true,"href":"https:\/\/www.freiburg-schwarzwald.de\/blog\/wp-json\/wp\/v2\/categories?post=13777"},{"taxonomy":"post_tag","embeddable":true,"href":"https:\/\/www.freiburg-schwarzwald.de\/blog\/wp-json\/wp\/v2\/tags?post=13777"}],"curies":[{"name":"wp","href":"https:\/\/api.w.org\/{rel}","templated":true}]}}