{"id":137742,"date":"2025-08-12T19:51:34","date_gmt":"2025-08-12T17:51:34","guid":{"rendered":"https:\/\/www.freiburg-schwarzwald.de\/blog\/?p=137742"},"modified":"2025-08-12T21:37:51","modified_gmt":"2025-08-12T19:37:51","slug":"afd-26-vor-cdu-csu-24","status":"publish","type":"post","link":"https:\/\/www.freiburg-schwarzwald.de\/blog\/afd-26-vor-cdu-csu-24\/","title":{"rendered":"AfD 26% vor CDU\/CSU 24%"},"content":{"rendered":"<p>Laut repr\u00e4sentativer Forsa-Umfrage (1) w\u00e4hlen die <a href=\"https:\/\/www.freiburg-schwarzwald.de\/blog\/engagement\/buerger\/\">B\u00fcrger<\/a> am Sonntag so: <a href=\"https:\/\/www.freiburg-schwarzwald.de\/blog\/vereine\/partei\/afd\/afd-opposition\/\">AfD<\/a> 26%, <a href=\"https:\/\/www.freiburg-schwarzwald.de\/blog\/vereine\/partei\/cdu\/cdu-ende\/\">CDU\/CSU<\/a> 24%, <a href=\"https:\/\/www.freiburg-schwarzwald.de\/blog\/vereine\/partei\/spd\/\">SPD<\/a> 13%, <a href=\"https:\/\/www.freiburg-schwarzwald.de\/blog\/vereine\/partei\/gruene\/\">Gr\u00fcne<\/a> 13%, <a href=\"https:\/\/www.freiburg-schwarzwald.de\/blog\/engagement\/zukunft\/demokratie\/linke\/\">Linke<\/a> 11%, <a href=\"https:\/\/www.freiburg-schwarzwald.de\/blog\/engagement\/zukunft\/demokratie\/links\/wagenknecht\/\">BSW<\/a> 4% und <a href=\"https:\/\/www.freiburg-schwarzwald.de\/blog\/vereine\/partei\/fdp\/\">FDP<\/a> 3%. <a href=\"https:\/\/www.freiburg-schwarzwald.de\/blog\/engagement\/zukunft\/demokratie\/regierung2025\/\">Regierung<\/a> und Medien melden dies eher im kleingedruckten. Die Politik verharrt im Stillstand und entspricht damit dem Desinteresse der B\u00fcrger. <!--more-->Denn <a href=\"https:\/\/www.freiburg-schwarzwald.de\/blog\/business\/schrumpfung\/\">Schrumpfung<\/a> der Volkswirtschaft und <a href=\"https:\/\/www.freiburg-schwarzwald.de\/blog\/business\/industrie\/deindustrialisierung\/\">Deindustrialisierung<\/a> werden hingenommen, solange <a href=\"https:\/\/www.freiburg-schwarzwald.de\/blog\/selbsthilfe\/soziales\/arbeit\/rente\/\">Rente<\/a>, <a href=\"https:\/\/www.freiburg-schwarzwald.de\/blog\/selbsthilfe\/soziales\/arbeit\/buergergeld\/\">B\u00fcrgergeld<\/a> und Transferzahlungen noch geleistet werden und solange von dem in den vergangenen <a href=\"https:\/\/www.freiburg-schwarzwald.de\/blog\/engagement\/zukunft\/marktwirtschaft\/soziale-marktwirtschaft\/\">80 Jahren Geschaffenen<\/a> noch etwas zu holen ist. Deutschland lebt von der Substanz und verschiebt Probleml\u00f6sungen \u00fcber zus\u00e4tzliche Schulden bzw. Sonderverm\u00f6gen von mehr als eine Billion Euro an die nachfolgende Generation.<\/p>\n<p>&#8222;AfD 26% vor CDU\/CSU 24%&#8220; &#8211; diese Headline m\u00fcsste erschrecken, aufr\u00fctteln und zu einem sofortigen Umdenken bzw. Politikwechsel bei <a href=\"https:\/\/www.freiburg-schwarzwald.de\/blog\/vereine\/partei\/cduspdgruene\/\">CDU-CSU-SPD-Gr\u00fcne<\/a> f\u00fchren. Schlie\u00dflich haben diese Parteien den <a href=\"https:\/\/www.freiburg-schwarzwald.de\/blog\/business\/volkswirtschaft\/niedergang\/\">Niedergang<\/a> zu verantworten und nicht etwa das <a href=\"https:\/\/www.freiburg-schwarzwald.de\/blog\/natur\/klima\/klima-system\/\">Klima<\/a>, das Schicksal, die <a href=\"https:\/\/www.freiburg-schwarzwald.de\/blog\/vereine\/partei\/afd\/afd-opposition\/\">AfD<\/a>, <a href=\"https:\/\/www.freiburg-schwarzwald.de\/blog\/global\/usa\/usa-trump\/\">Trump<\/a>, <a href=\"https:\/\/www.freiburg-schwarzwald.de\/blog\/global\/russland\/putin\/\">Putin<\/a> oder welcher \u00e4u\u00dfere Feind auch immer. Der <a href=\"https:\/\/www.freiburg-schwarzwald.de\/blog\/business\/volkswirtschaft\/niedergang\/\">Niedergang<\/a> ist menschen- bzw. selbstgemacht. Wer den <a href=\"https:\/\/www.freiburg-schwarzwald.de\/blog\/business\/volkswirtschaft\/\">volkswirtschaftlichen<\/a> und gesellschaftlichen Niedergang <a href=\"https:\/\/www.freiburg-schwarzwald.de\/blog\/kultur\/medien\/kritik\/\">kritisiert<\/a> und dazu konstruktive Verbesserungsvorschl\u00e4ge unterbreitet, darf nicht wie bislang als Nazi aus jeglicher Diskussion <a href=\"https:\/\/www.freiburg-schwarzwald.de\/blog\/engagement\/zukunft\/demokratie\/denunziation\/ausgrenzung\/\">ausgegrenzt<\/a> werden, sondern mu\u00df als besorgter B\u00fcrger ernst genommen und in die <a href=\"https:\/\/www.freiburg-schwarzwald.de\/blog\/kultur\/medien\/diskussionskultur\/diskussionskultur2023\/\">Sachdiskussion<\/a> einbezogen werden.<br \/>\n&#8222;AfD 26% vor CDU\/CSU 24%&#8220; &#8211; gewi\u00df ist jede Umfrage mit Vorsicht zu genie\u00dfen. Auch diese. Entscheidend aber ist &#8211; wie auch auf dem Aktienmarkt &#8211; der Trend. Und der zeigt f\u00fcr die sog. Altparteien kontinuierlich nach unten.<br \/>\n12.8.2025<br \/>\n.<br \/>\nEnde von Beitrag &#8222;AfD 26% vor CDU\/CSU 24%&#8220;<br \/>\n=============================================================<br \/>\nBeginn von Anlagen (1) &#8211; (4)<br \/>\n.<br \/>\n.<br \/>\n<strong>(1) AfD erreicht in Umfrage Rekordwert \u2013 Schwarz-Rot auf neuem Tiefpunkt<\/strong><br \/>\nPaukenschlag bei der Sonntagsfrage: Die Union verliert, die AfD legt zu und liegt mit zwei Punkten vor CDU\/CSU. Schwarz-Rot kommt nur noch auf 37 Prozent. Die Gr\u00fcnen sind mittlerweile mit der SPD auf Augenh\u00f6he.<br \/>\n&#8230;<br \/>\nMit einer Verbesserung der Wirtschaftslage rechnen nur noch 14 Prozent der B\u00fcrger \u2013 vier Punkte weniger als vor einer Woche. Es ist der bislang niedrigste ermittelte Wert in diesem Jahr. Deutlich mehr Menschen \u2013 n\u00e4mlich 62 Prozent \u2013 rechnen mit einer Verschlechterung.<br \/>\n&#8230; Alles vom 12.8.2025 bitte lesen auf<br \/>\n<a href=\"https:\/\/www.welt.de\/politik\/deutschland\/article689b12ceb7e38d4fabb20857\/Umfrage-AfD-erreicht-in-Umfrage-Rekordwert-Schwarz-Rot-auf-neuem-Tiefpunkt.html\">https:\/\/www.welt.de\/politik\/deutschland\/article689b12ceb7e38d4fabb20857\/Umfrage-AfD-erreicht-in-Umfrage-Rekordwert-Schwarz-Rot-auf-neuem-Tiefpunkt.html<\/a><br \/>\n.<br \/>\n.<br \/>\n<strong>(2) AfD h\u00e4ngt CDU\/CSU ab und SPD versinkt<\/strong><br \/>\nDie neueste Umfrage von RTL\/nt-v ist eine Sensation. Die AfD ist st\u00e4rkste Partei. Und jetzt, liebe Verlierer-Parteien?<br \/>\n&#8230;<br \/>\nEs scheint sich jetzt zu beschleunigen, was sich lange angedeutet hat: Das fr\u00fcher stabile Parteiensystem erodiert, wie fr\u00fcher schon in Italien, und heute auch in Gro\u00dfbritannien und Frankreich.<br \/>\n&#8230;<br \/>\nWas also nun, Herr Merz?<br \/>\nEr wolle diese Partei halbieren, damit ist er angetreten.<br \/>\nBislang hat er die AfD glatt verdoppelt.<br \/>\nHalbiert hat er nur die CDU.<br \/>\n&#8230; Alles vom 12.8.2025 von Roland Tichy bitte lesen auf<br \/>\n<a href=\"https:\/\/www.tichyseinblick.de\/daili-es-sentials\/afd-haengt-cdu-csu-ab-und-spd-versinkt\/\">https:\/\/www.tichyseinblick.de\/daili-es-sentials\/afd-haengt-cdu-csu-ab-und-spd-versinkt\/<\/a><br \/>\n.<br \/>\n.<br \/>\n<strong>(3) AfD vor CDU\/CSU<\/strong><br \/>\n&#8230; Was ja durchaus mal eine Ansage zum Zustand unserer Politik ist, und es nebenbei auch eigentlich ziemlich l\u00e4cherlich erscheinen l\u00e4sst, wenn SPD und Gr\u00fcne (beide bei 13%) die inzwischen st\u00e4rkste Partei verbieten wollen, die so viel hat, wie beide zusammen.<br \/>\nEs wirft au\u00dferdem Fragen auf, warum etwa die SPD das Vorschlagsrecht f\u00fcr zwei Verfassungsrichter hat, die derzeit doppelt so starke AfD aber gar keines.<br \/>\nOder warum die SPD einen gr\u00f6\u00dferen Raum im Bundestag hat, als die AfD.<br \/>\nUnd das nun wieder wirft die Folgefrage nach der demokratischen Legitimation des Bundesverfassungsgerichts und auch des Bundestages selbst auf, der ja alles blockiert und aussperrt, was mit der AfD zu tun hat.<br \/>\n&#8230; Alles vom 12.8.2025 bitte lesen auf<br \/>\n<a href=\"https:\/\/www.danisch.de\/blog\/2025\/08\/12\/afd-vor-cdu-csu\/\">https:\/\/www.danisch.de\/blog\/2025\/08\/12\/afd-vor-cdu-csu\/<\/a><br \/>\n.<br \/>\n.<br \/>\n<strong>(4) AfD mit 26 Prozent vor Union mit 24 \u2013 Rotgr\u00fcnrot kommt auf 37 Prozent<\/strong><br \/>\nDie Wirkung ist leider nur Schlagzeilen-relevant. Das Messinstrument Umfragen zeigt im Verh\u00e4ltnis zu dem t\u00e4glichen politischen Geschehen und Nichtgeschehen so gut wie nichts. Dem Politik-Stillstand bei den wirklichen Problemen der B\u00fcrger entspricht ihr Desinteresse.<br \/>\n..<br \/>\nDeutschland h\u00e4ngt technologisch 10 Jahre zur\u00fcck und ist abh\u00e4ngig von den USA und Taiwan (war ja klar) \u2013 aber auch von Israel. Und der neue Minister tut nix.<\/p>\n<p>&#8230; Alles vom 12.8.2025 von Fritz Goergen bitte lesen auf<br \/>\n<a href=\"https:\/\/www.tichyseinblick.de\/feuilleton\/medien\/afd-mit-26-prozent-vor-union-mit-24-rotruenrot-kommt-auf-37-prozent\/\">https:\/\/www.tichyseinblick.de\/feuilleton\/medien\/afd-mit-26-prozent-vor-union-mit-24-rotruenrot-kommt-auf-37-prozent\/<\/a><br \/>\n.<br \/>\nEinige Kommentare:<br \/>\n\u00bbDem Politik-Stillstand bei den wirklichen Problemen der B\u00fcrger entspricht ihr Desinteresse.\u00ab<br \/>\nJa klar, die transatlantischen Medien und der \u00d6RR leisten ganze Arbeit. Immer dreister und radikaler halten sie die Deutschen dumm und desinformiert. Es darf halt auf keinen Fall passieren, dass sie am Ende noch Politiker w\u00e4hlen die deutsche Interessen bzw. die der Deutschen vertreten. Auch die Transatlantiker wie Friedrich Merz und andere Besatzerliebchen werden dies niemals zulassen \u2013 denn es k\u00f6nnte die vor kurzem erst spektakul\u00e4r eingeleitete Pl\u00fcnderung Deutschlands zugunsten Blackrock und anderer US-Oligarchen gef\u00e4hrden. Insofern gibt es \u00fcbrigens auch keinen \u00bbStillstand\u00ab in Deutschland. Im Gegenteil, es l\u00e4uft. Juergen Schmidt<br \/>\n.<br \/>\nEin Staat mit unserer Staatsquote ist verloren. Da gibt es keine Korrekturm\u00f6glichkeit. Die Steuer Transferempf\u00e4nger w\u00e4hlen die Steuer transferierenden Parteien. Haben die Steuerschmarotzer die Wahlzettelmajorit\u00e4t, geben alle Parteien ihnen alles, was sie fordern (schlie\u00dflich bedienen sie sich ja selber sattsam an den Steuergaben). Die immer weiter schrumpfende Zahl der Nettosteuerzahler hat irgendwann die Schnauze voll und arbeitet entweder selber nicht mehr oder zieht Leine. Grundvern\u00fcnftige Verhaltensweisen. So gehts dahin Montesquieu<br \/>\n.<br \/>\nDie AfD braucht wenigstens 47 % (am Wahltag), dann kann es was werden. Aber bis dahin ist unser Land ruiniert und die B\u00fcrger sind bettelarm und es k\u00f6nnten Zust\u00e4nde wie bei Mad Max herrschen. Wie kann dieser schwarzgr\u00fcnlinke Irrsinn immer noch auf 37 % kommen? H\u00e4tten wir 1989 im Osten besser unser eigenes Ding gemacht. Dietrich<br \/>\n.<br \/>\nMan kann es nicht anders formulieren: trotz allen Gemurres, trotz der immer verheerenderen Entwicklung: die B\u00fcrger sind\u00b4s anscheinend zufrieden, wollen keine Ver\u00e4nderung. 37% der B\u00fcrger w\u00e4hlen stramm links, also Parteien, die f\u00fcr Massenzuwanderung, Islamisierung, Deindustrialisierung, Verarmung, staatliche Bevormundung und Denunziantentum, Verlust der Meinungsfreiheit etc. stehen. Die Union ist im Prinzip nicht viel anders; trotzdem und obwohl Merz nun wirklich s\u00e4mtliche Versprechen gebrochen hat, gibt es kaum eine substantielle \u00c4nderung. Trotz aller Erfolge kann die AfD nur ein Viertel der B\u00fcrger \u00fcberzeugen und dieses Viertel hat bis auf weiteres keinen politischen Einflu\u00df. Trotz des Unmutes in der Union \u00fcber Merz\u00b4einsamen Israel-Beschlu\u00df ist nicht erkennbar, wer dort einen Wechsel herbeif\u00fchren k\u00f6nnte. Das Stimmverhalten stagniert, die Entwicklung hingegen ist sehr dynamisch, direkt in den Abgrund f\u00fchrend. imapact<br \/>\n.<br \/>\nBevor nicht die gro\u00dfe Mehrheit der apathischen B\u00fcrger massive Einschr\u00e4nkungen im privaten Bereich erlebt, wird sich das Wahlverhalten wenig \u00e4ndern. Juergen P.Schneider<br \/>\nEnde Kommentare<\/p>\n","protected":false},"excerpt":{"rendered":"<p>Laut repr\u00e4sentativer Forsa-Umfrage (1) w\u00e4hlen die B\u00fcrger am Sonntag so: AfD 26%, CDU\/CSU 24%, SPD 13%, Gr\u00fcne 13%, Linke 11%, BSW 4% und FDP 3%. Regierung und Medien melden dies eher im kleingedruckten. Die Politik verharrt im Stillstand und entspricht &hellip; <a href=\"https:\/\/www.freiburg-schwarzwald.de\/blog\/afd-26-vor-cdu-csu-24\/\">Weiterlesen <span class=\"meta-nav\">&rarr;<\/span><\/a><\/p>\n","protected":false},"author":2,"featured_media":0,"comment_status":"open","ping_status":"closed","sticky":false,"template":"","format":"standard","meta":{"footnotes":""},"categories":[18,36,13],"tags":[633,749,626,525,500,745],"class_list":["post-137742","post","type-post","status-publish","format-standard","hentry","category-bildung","category-engagement","category-kultur","tag-demokratie","tag-diskussionskultur","tag-partei","tag-politik","tag-wahl","tag-wirtschaft"],"_links":{"self":[{"href":"https:\/\/www.freiburg-schwarzwald.de\/blog\/wp-json\/wp\/v2\/posts\/137742","targetHints":{"allow":["GET"]}}],"collection":[{"href":"https:\/\/www.freiburg-schwarzwald.de\/blog\/wp-json\/wp\/v2\/posts"}],"about":[{"href":"https:\/\/www.freiburg-schwarzwald.de\/blog\/wp-json\/wp\/v2\/types\/post"}],"author":[{"embeddable":true,"href":"https:\/\/www.freiburg-schwarzwald.de\/blog\/wp-json\/wp\/v2\/users\/2"}],"replies":[{"embeddable":true,"href":"https:\/\/www.freiburg-schwarzwald.de\/blog\/wp-json\/wp\/v2\/comments?post=137742"}],"version-history":[{"count":5,"href":"https:\/\/www.freiburg-schwarzwald.de\/blog\/wp-json\/wp\/v2\/posts\/137742\/revisions"}],"predecessor-version":[{"id":137760,"href":"https:\/\/www.freiburg-schwarzwald.de\/blog\/wp-json\/wp\/v2\/posts\/137742\/revisions\/137760"}],"wp:attachment":[{"href":"https:\/\/www.freiburg-schwarzwald.de\/blog\/wp-json\/wp\/v2\/media?parent=137742"}],"wp:term":[{"taxonomy":"category","embeddable":true,"href":"https:\/\/www.freiburg-schwarzwald.de\/blog\/wp-json\/wp\/v2\/categories?post=137742"},{"taxonomy":"post_tag","embeddable":true,"href":"https:\/\/www.freiburg-schwarzwald.de\/blog\/wp-json\/wp\/v2\/tags?post=137742"}],"curies":[{"name":"wp","href":"https:\/\/api.w.org\/{rel}","templated":true}]}}