{"id":137424,"date":"2025-08-05T18:23:58","date_gmt":"2025-08-05T16:23:58","guid":{"rendered":"https:\/\/www.freiburg-schwarzwald.de\/blog\/?p=137424"},"modified":"2025-08-05T21:05:33","modified_gmt":"2025-08-05T19:05:33","slug":"deutschland-ist-ersetzbar","status":"publish","type":"post","link":"https:\/\/www.freiburg-schwarzwald.de\/blog\/deutschland-ist-ersetzbar\/","title":{"rendered":"Deutschland ist ersetzbar"},"content":{"rendered":"<p>Man stelle sich vor, ein <a href=\"https:\/\/www.freiburg-schwarzwald.de\/blog\/global\/polen\/\">polnischer<\/a> Politker sagt im polnischen Staatsfernsehen &#8222;Polen ist ersetzbar&#8220;. Oder sein <a href=\"https:\/\/www.freiburg-schwarzwald.de\/blog\/global\/griechenland\/\">griechischer<\/a> Kollege &#8222;Griechenland ist ersetzbar&#8220;. Oder Jean-Luc M\u00e9lenchon, Chef der Linkspartei &#8222;La France insoumise&#8220; sagt auf TV5Monde &#8222;<a href=\"https:\/\/www.freiburg-schwarzwald.de\/blog\/global\/france\/\">la France<\/a> peut etre remplac\u00e9e&#8220;. Alle diese Politiker w\u00e4ren sofort &#8222;weg vom Fenster&#8220;<!--more-->, sie w\u00fcrden umgehend ersetzt. Selbst der ultralinke M\u00e9lenchon wird sich h\u00fcten, irgend etwas gegen den <a href=\"https:\/\/www.freiburg-schwarzwald.de\/blog\/engagement\/zukunft\/demokratie\/nationalstolz\/\">Nationalstolz<\/a> und die <a href=\"https:\/\/www.freiburg-schwarzwald.de\/blog\/global\/eu\/europa-der-vaterlaender\/\">Vaterlandsliebe<\/a> der Franzosen zu \u00e4u\u00dfern.<\/p>\n<p>Nicht so in Deutschland, wo der <a href=\"https:\/\/www.freiburg-schwarzwald.de\/blog\/vereine\/partei\/gruene\/gruene2021\/\">Gr\u00fcnen<\/a>-Vorsitzende Felix Banaszak f\u00fcr sein im <a href=\"https:\/\/www.freiburg-schwarzwald.de\/blog\/kultur\/medien\/sommerinterview\/\">ARD-Sommerinterview<\/a> get\u00e4tigtes Statement &#8222;Deutschland ist ersetzbar&#8220; von den Medien gefeiert wurde.<br \/>\nWarum haben die Franzosen trotzdem ein so gro\u00dfes Mi\u00dftrauen gegen Deutschland? Weil sie bef\u00fcrchten, da\u00df die Deutschen in ihrem <a href=\"https:\/\/www.freiburg-schwarzwald.de\/blog\/engagement\/zukunft\/selbsthass\/\">Selbsthass<\/a> auf das Eigene die EU als Ersatznation betrachten und damit zum Hegemon \u00fcber die anderen Mitgliedsl\u00e4nder werden k\u00f6nnten. Dabei mu\u00df man jedoch unterscheiden: D ist als wirtschaftliche Macht beliebt (da Nettozahler der EU), nicht aber als Land mit gro\u00dfem <a href=\"https:\/\/www.freiburg-schwarzwald.de\/blog\/global\/deutschland\/nationalstaat\/\">Nationalbewu\u00dftsein<\/a>.<\/p>\n<p>Eins mu\u00df man Felix Banaszak zugute halten: &#8222;Deutschland ist ersetzbar&#8220; klingt weniger derb als die Selbsthass-Parolen &#8222;Deutschland fand ich immer schon zum Kotzen&#8220; und &#8222;Deutschland, Du mieses St\u00fcck Schei\u00dfe&#8220; seiner Gr\u00fcnen-Kollegen <a href=\"https:\/\/www.freiburg-schwarzwald.de\/blog\/habeck-gegen-meinungsfreiheit\/\">Robert Habeck<\/a> und <a href=\"https:\/\/www.freiburg-schwarzwald.de\/blog\/juedische-jugend-buht-roth-aus\/\">Claudia Roth<\/a>.<br \/>\nDennoch hat Banaszak alle seine Deutschlandschm\u00e4hungen nach dem Sommerinterview, das im Gegensatz zu dem von <a href=\"https:\/\/www.freiburg-schwarzwald.de\/blog\/sommerinterview-afd-stoerung\/\">Alice Weidel<\/a> nicht gest\u00f6rt worden ist,\u00a0 im Internet l\u00f6schen lassen (1). Sind z.B. der Moselradweg oder die Kreidefelsen auf R\u00fcgen vielleicht doch nicht ganz so einfach zu ersetzen? Oder ist er dem Rat der Demoskopen gefolgt? Oder ist der Krieg schuld? Nach der Wandlung der Gr\u00fcnen zur Kriegspartei macht es wenig Sinn, die Jugend zur <a href=\"https:\/\/www.freiburg-schwarzwald.de\/blog\/engagement\/zukunft\/krieg\/kriegstuechtig\/\">Kriegst\u00fcchtigkeit<\/a> und Verteidigung des Landes aufzurufen und gleichzeitig dieses Land zu hassen (4) &#8211; deshalb mu\u00df der Hass gel\u00f6scht werden.<br \/>\nWie auch immer &#8211; Herr Banaszak selbst ist ersetzbar.<br \/>\n5.8.2025<br \/>\n.<br \/>\nEnde von Beitrag &#8222;Deutschland ist ersetzbar&#8220;<br \/>\n=============================================================<br \/>\nBeginn von Anlagen (1) &#8211; (4)<br \/>\n.<br \/>\n.<br \/>\n<strong>(1) Felix Banaszak l\u00f6scht alte Hetzbeitr\u00e4ge \u00fcber Deutschland &#8211; Panik bei den Gr\u00fcnen<\/strong><br \/>\nDie ARD hat Felix Banaszak mit der Frage nach der Heimatliebe auf dem falschen Fu\u00df erwischt. Nun l\u00e4sst der Chef der Gr\u00fcnen alte Beitr\u00e4ge l\u00f6schen, in denen er \u00fcber Deutschland hetzte. Das gebrochene Verh\u00e4ltnis zu seinem Land spiegelt sein gebrochenes Verh\u00e4ltnis zu sich selbst wider.<br \/>\n&#8230;<br \/>\nBanaszak liebt Duisburg. Sagt er. Aber Duisburg liebt ihn nicht. In seinem Wahlkreis erhielt er weniger als 7 Prozent. Weniger als die Linken. Nicht einmal ein Drittel von dem, was die AfD erreichte. Auch regionaler Heimatsstolz muss gef\u00fchlt sein \u2013 muss echt sein.<br \/>\n&#8230; alles vom 5.8.2025 von Mario Thurnes bitte lesen auf<br \/>\n<a href=\"https:\/\/www.tichyseinblick.de\/meinungen\/banaszak-loescht-hetzbeitraege-ueber-deutschland\/\">https:\/\/www.tichyseinblick.de\/meinungen\/banaszak-loescht-hetzbeitraege-ueber-deutschland\/<\/a><br \/>\n.<\/p>\n<p><strong>(2) \u201eDeutschland ist ersetzbar\u201c \u2013 so sprach Felix Banaszak \u00fcber das Land, das er regieren m\u00f6chte<\/strong><br \/>\nIm Sommerinterview zappelte Felix Banaszak unklar herum, bis er erkl\u00e4rte, Deutschland sei zu \u201eabstrakt\u201c, um es zu lieben. Fr\u00fcher war er in seiner Haltung deutlich klarer &#8211; \u201eIch bin ja gegen Deutschland\u201c. Auch erkl\u00e4rte er im Namen der Gr\u00fcnen Jugend: \u201eDeutschland ist ersetzbar\u201c.<br \/>\nLieben Sie Deutschland? Auf diese Frage wollte Gr\u00fcnen-Chef Felix Banaszak keine richtige Antwort geben und versuchte, sich aus der Frage herauszuwinden. Hilflos stammelte Banaszak und hob die H\u00e4nde, erkl\u00e4rte dann: \u201eIch liebe Duisburg, ich liebe mein konkretes Umfeld und ich habe ein gutes Verh\u00e4ltnis zu diesem Land, zu unserem Land\u201c, sagte Banaszak im ARD-Sommerinterview. Ich kann mit dem Begriff ,Liebe\u2018 f\u00fcr so etwas abstraktes \u2013 aber das soll jeder f\u00fcr sich entscheiden\u201c, brach der Gr\u00fcnen-Vorsitzende dann ab.<br \/>\n&#8230;<br \/>\nFr\u00fcher wurde Banaszak in der Sache noch sehr viel deutlicher: &#8230;<br \/>\n\u201eDeutschland ist kein Grund zum Feiern\u201c &#8230;<br \/>\nWeitergehend stellte er sogar klar, dass ein Deutschland als Nation in seinem Sinne gar keine legitime Existenz vorzuweisen habe: \u201e,Wieder\u2018vereinigung klingt so, als h\u00e4tte es dieses ,Deutschland\u2018 vorher schon mal legitimerweise gegeben\u201c, schrieb er noch unter sein Posting. Das war zu einer Zeit, als \u201eNie wieder Deutschland\u201c ganz offen hoch im Kurs bei der Gr\u00fcnen Jugend stand \u2013 und auch in der Mutterpartei. &#8230;<br \/>\n\u201eDeutschland\u201c sei auch \u201eersetzbar\u201c, befand der damalige Gr\u00fcne-Jugend-Chef, der davon sprach, eine \u201eDeutschland-ist-ersetzbar-Tour\u201c mit seinem Bundesvorstand veranstalten zu wollen.<br \/>\n&#8230; Alles vom 4.8.2025 von Max Roland bitte lesen auf<br \/>\n<a href=\"https:\/\/apollo-news.net\/deutschland-ist-ersetzbar-so-sprach-felix-banaszak-ueber-das-land-das-er-regieren-moechte\/\">https:\/\/apollo-news.net\/deutschland-ist-ersetzbar-so-sprach-felix-banaszak-ueber-das-land-das-er-regieren-moechte\/<\/a><br \/>\n.<br \/>\nEinige Kommentare<br \/>\nEs gibt viele L\u00e4nder in Europa, aber auch weltweit, da w\u00e4ren solche Aussagen eines \u201eSpitzen\u201cpolitikers das absolute AUS f\u00fcr die weitere Karriere. &#8230;<br \/>\nAuch, wenn ich ihr nicht in all dem was sie sagt oder tut zustimme. In diesem Punkt hat Sahra Wagenknecht meine absolute (!) Zustimmung: \u201eDie Gr\u00fcnen sind die gef\u00e4hrlichste Partei in Deutschland!\u201c<br \/>\n\u00dcbrigens auch im Fall Ballweg \u2013 meiner Meinung nach einer der gr\u00f6\u00dften Justizskandale der BRDeutschland \u2013 haben auffallend viele Gr\u00fcne ihre H\u00e4nde mit im Spiel. Lindblom<br \/>\n.<br \/>\nEin Systemleugner, ein Staatsleugner, ein Geschichtsleugner. Mehr Umsturzgedanken kann man kaum von sich geben. Deutsche W\u00e4hler, Regierungsgeld, die deutsche B\u00fchne, sind jedoch genehm. Wann also beginnt ein Verfacht zur erkl\u00e4rten Feindlichkeit? I.AI.<br \/>\n.<br \/>\nDeutschland ist, ob er es nun will oder nicht, ein Teil von ihm. Wenn er meint, dass ein Teil von ihm ersetzbar ist, also herausgerissen werden kann und durch irgendwas anderes ersetzt werden kann, was vielleicht gar nicht in seinen K\u00f6rper und seine Seele passt, ja, das ist naiv. Oder man stelle sich vor, seine Elteren h\u00e4tten zu ihm gesagt: \u201eFelix, Du bist f\u00fcr uns ersetzbar, wir m\u00f6gen Dich einfach nicht. Wir holen uns jetzt ein Kind aus x, sieh zu wo Du bleibst!\u201c Wie w\u00e4re das wohl bei ihm angekommen?<br \/>\nWer schon mal jemals ins Ausland gegangen ist, und durch eine Krise dort wieder zur\u00fcckkommen musste, in ein Land wie Deutschland, welches unfreundlich und egoistisch geworden ist und extrem ideologisch, aber trotzdem er\/sie in dem Land seine Heimat sieht, der ist wohl mehr beheimatet in Deutschland, als diese Gr\u00fcnen. Wer sollte dann vielleicht woanders eine neue Heimat suchen? Und wie behandelt man soviel Selbsthass solcher Personen, der das ganze Land extrem sch\u00e4digt? da war<br \/>\n.<br \/>\nAls deutscher Politiker lann man offen sagen; dass dir Volk und Land (= Arbeitgeber) genau gar nichts bedeuten. <a href=\"https:\/\/www.dushanwegner.com\/der-gruene-liebt-sein-land-nicht\/\">https:\/\/www.dushanwegner.com\/der-gruene-liebt-sein-land-nicht\/<\/a> Horty<br \/>\n.<br \/>\nWir haben die D\u00fcmmsten und unmoralischsten Menschen soweit nach oben kommen lassen, dass diese sich jetzt voller Narzissmus und Selbstbeweihr\u00e4ucherung als die einzig Guten und einzig Wissenden vorkommen. Und dennoch erkennen sie nicht, dass sie selbst nicht nur verzichtbar sind, sondern maximal destruktiv f\u00fcr das Land. Josef Schwarz<br \/>\nEnde Kommentare<br \/>\n.<br \/>\n.<br \/>\n<strong>(3) Der Gr\u00fcne liebt sein Land nicht<\/strong><br \/>\nDer neue Gr\u00fcnen-Chef hei\u00dft Felix Banaszak und man kennt ihn vom Versuch, seinem Vorg\u00e4nger Robert Habeck zu \u00e4hneln. &#8230;<br \/>\nIn seinem Versuch, nach Kr\u00e4ften den Robert zu klonen, scheint Herr Banaszak aber nicht nur die Vorliebe f\u00fcrs Sitzen aufm dreckigen Boden zu kopieren. Da w\u00e4re noch etwas, und das ist, sagen wir mal: bezeichnend.<br \/>\nWieder \u00bbstets zum Kotzen\u00ab<br \/>\nEs gibt da dieses Zitat, mit dem sich Habecks \u00c4gide als Minister und der Geist der Gr\u00fcnen und eigentlich die deutsche Politik seit Merkel zusammenfassen l\u00e4sst. &#8222;Patriotismus, Vaterlandsliebe also, fand ich stets zum Kotzen. Ich wusste mit Deutschland nichts anzufangen und wei\u00df es bis heute nicht.&#8220; (Robert Habeck) Die Liebe zu seinem Land \u00bbzum Kotzen\u00ab zu finden ist nicht nur eine Momentaufnahme in Habecks Entwicklung; es ist exemplarisch. Von Gr\u00fcnen und ihrem linksradikalen Umfeld h\u00f6rt man regelm\u00e4\u00dfige Widerw\u00e4rtiges wie: \u00bbNie wieder Deutschland\u00ab (hubertus-knabe.de, 30.9.2020 <a href=\"https:\/\/www.dushanwegner.com\/der-gruene-liebt-sein-land-nicht\/\">https:\/\/hubertus-knabe.de\/gruene-und-wiedervereinigung\/<\/a>), \u00bbZuwanderung bis zum Volkstod\u00ab (sueddeutsche.de, 27.9.2019 <a href=\"https:\/\/www.sueddeutsche.de\/politik\/magdeburg-gruenen-abgeordneter-darf-in-kontrollkommission-bleiben-dpa.urn-newsml-dpa-com-20090101-190927-99-63832\">https:\/\/www.sueddeutsche.de\/politik\/magdeburg-gruenen-abgeordneter-darf-in-kontrollkommission-bleiben-dpa.urn-newsml-dpa-com-20090101-190927-99-63832<\/a> ), \u00bbDeutschland, du mieses St\u00fcck Schei\u00dfe\u00ab (ndr.de, 03.10.2023 <a href=\"https:\/\/www.ndr.de\/nachrichten\/hamburg\/Linke-Szene-demonstriert-gegen-Einheitsfeier-in-Hamburg,demo3876.htm\">https:\/\/www.ndr.de\/nachrichten\/hamburg\/Linke-Szene-demonstriert-gegen-Einheitsfeier-in-Hamburg,demo3876.htm<\/a> ), und noch vulg\u00e4reren Hass auf Deutschland, den ich hier nicht zitieren will.<br \/>\nUm spannender ist, dass Banaszak im Sommerinterview mit dem deutschen Staatsfunk tats\u00e4chlich eine Frage gestellt wurde, die auf den ersten Blick als eine PR-Falle gedeutet werden k\u00f6nnte. &#8230; Der Staatsfunker fragt nach: \u00bbAber \u203aIch liebe Deutschland\u2039 sagen Sie nicht?\u00ab Banaszak wedelt ratlos mit den Armen, schnauft, und stammelt wieder, wieder seine relevanten Strukturen aufz\u00e4hlend: \u00bbIch liebe Duisburg. Ich liebe mein konkretes Umfeld.\u00ab Banaszak merkt vermutlich nicht, dass er seine Moral hier auf die Moral von Tieren und Kleinkindern reduziert: Nur zu lieben, was einem unmittelbar nahe ist, das ist verst\u00e4ndlich und menschlich, doch allein f\u00fcr sich eben auch animalisch, primitiv und vorzivilisatorisch.<br \/>\n&#8230;.<br \/>\nIch kann das Entsetzen \u00fcber Banaszaks offene und vermutlich ehrliche Emotionslosigkeit gegen\u00fcber Deutschland verstehen. ch kann auch die \u00dcberraschung und spontane Freude verstehen, wenn der Gr\u00fcne von den Staatsfunkern darin vorgef\u00fchrt wird. ertun wir uns nicht: Die plausibelste Erkl\u00e4rung ist vermutlich, dass diese \u00f6ffentliche Dem\u00fctigung tats\u00e4chlich Teil einer Vorbereitung auf den Krieg ist.<br \/>\n&#8230; Alles vom 4.8.2025 bitte lesen auf<br \/>\n<a href=\"https:\/\/www.dushanwegner.com\/der-gruene-liebt-sein-land-nicht\/\">https:\/\/www.dushanwegner.com\/der-gruene-liebt-sein-land-nicht\/<\/a><br \/>\n.<br \/>\n.<br \/>\n<strong>(4) Panik bei den Gr\u00fcnen: Felix Banaszak l\u00f6scht alte Hetzbeitr\u00e4ge \u00fcber Deutschland<\/strong><br \/>\nDie ARD hat in ihrem Sommerinterview den Vorsitzenden der Gr\u00fcnen, Felix Banaszak, nach seinem Verh\u00e4ltnis zu Deutschland gefragt. Diese Frage hat Banaszak ins Schwimmen gebracht. Die Gr\u00fcnen sind schon die Partei der Verbote und des Weltuntergangs, da w\u00fcrde Selbsthass nicht wirklich aus dem Umfragetief helfen. Au\u00dferdem hat sich die einstige Friedenspartei zum Klassenstreber in Sachen Kriegsbereitschaft verwandelt. Und Banaszak ist klug genug, zu wissen, dass es kaum funktioniert, die Jugend aufzurufen, ihr eigenes Land zu hassen und es trotzdem mit dem eigenen Leben zu verteidigen.<br \/>\nDie Konservativen greifen Banaszak nach dem Interview an. Er wird panisch. Sein Team und er l\u00f6schen alte Beitr\u00e4ge auf X, die seine politischen Gegner am Montag mit Freude wieder nach oben gesp\u00fclt haben. Dass er \u201eja gegen Deutschland\u201c oder dass Deutschland \u201ekein Grund zum Feiern\u201c sei, wie er an einem 3. Oktober vor gut zehn Jahren schrieb.<br \/>\n&#8230;<br \/>\nZwei Eigenschaften sind der Schl\u00fcssel zum Umgang mit der Liebe zum eigenen Land. Die eine Eigenschaft hei\u00dft: Steh zu dir selbst. Ein Deutscher hat gute Gr\u00fcnde, auf seine Geschichte stolz zu sein: etwa den Buchdruck, die Reformation oder die Aufkl\u00e4rung, Pers\u00f6nlichkeiten wie Martin Luther, Heinrich Heine oder Konrad Adenauer. Aber er kauft Hitler und den Nationalsozialismus halt mit. Deutschsein gibt es nur im Paket.<\/p>\n<p>Die andere Eigenschaft ist das Verh\u00e4ltnis zu sich selbst. Jesus sagt: Liebe deinen N\u00e4chsten wie dich selbst. Das \u201ewie dich selbst\u201c ist das eigentlich konstituierende Moment. Wer sich selbst hasst und die anderen so liebt wie sich selbst, der hasst die anderen. Nicht weniges an den Gr\u00fcnen, was auf Au\u00dfenstehende unverst\u00e4ndlich bis gruselig wirkt, l\u00e4sst sich aus diesem Selbsthass leicht erkl\u00e4ren.<\/p>\n<p>Etwa die Idee, ein 85-Millionen-Volk die Bohnen und Kartoffeln von Hand pfl\u00fccken und ohne Schutzmittel wachsen zu lassen, um in 100 Jahren vielleicht die Temperatur senken zu k\u00f6nnen \u2013 eine solche Idee kann nur in einem gr\u00fcnen Umfeld des Selbsthasses wachsen.<br \/>\n&#8230; Alles vom 5.8.2025 im Newsletter lesen auf <a href=\"https:\/\/tichyseinblick.de\">https:\/\/tichyseinblick.de<\/a><\/p>\n","protected":false},"excerpt":{"rendered":"<p>Man stelle sich vor, ein polnischer Politker sagt im polnischen Staatsfernsehen &#8222;Polen ist ersetzbar&#8220;. Oder sein griechischer Kollege &#8222;Griechenland ist ersetzbar&#8220;. Oder Jean-Luc M\u00e9lenchon, Chef der Linkspartei &#8222;La France insoumise&#8220; sagt auf TV5Monde &#8222;la France peut etre remplac\u00e9e&#8220;. Alle diese &hellip; <a href=\"https:\/\/www.freiburg-schwarzwald.de\/blog\/deutschland-ist-ersetzbar\/\">Weiterlesen <span class=\"meta-nav\">&rarr;<\/span><\/a><\/p>\n","protected":false},"author":2,"featured_media":0,"comment_status":"open","ping_status":"closed","sticky":false,"template":"","format":"standard","meta":{"footnotes":""},"categories":[18,13],"tags":[26,489,805,525],"class_list":["post-137424","post","type-post","status-publish","format-standard","hentry","category-bildung","category-kultur","tag-deutsch","tag-european-union","tag-nation","tag-politik"],"_links":{"self":[{"href":"https:\/\/www.freiburg-schwarzwald.de\/blog\/wp-json\/wp\/v2\/posts\/137424","targetHints":{"allow":["GET"]}}],"collection":[{"href":"https:\/\/www.freiburg-schwarzwald.de\/blog\/wp-json\/wp\/v2\/posts"}],"about":[{"href":"https:\/\/www.freiburg-schwarzwald.de\/blog\/wp-json\/wp\/v2\/types\/post"}],"author":[{"embeddable":true,"href":"https:\/\/www.freiburg-schwarzwald.de\/blog\/wp-json\/wp\/v2\/users\/2"}],"replies":[{"embeddable":true,"href":"https:\/\/www.freiburg-schwarzwald.de\/blog\/wp-json\/wp\/v2\/comments?post=137424"}],"version-history":[{"count":4,"href":"https:\/\/www.freiburg-schwarzwald.de\/blog\/wp-json\/wp\/v2\/posts\/137424\/revisions"}],"predecessor-version":[{"id":137444,"href":"https:\/\/www.freiburg-schwarzwald.de\/blog\/wp-json\/wp\/v2\/posts\/137424\/revisions\/137444"}],"wp:attachment":[{"href":"https:\/\/www.freiburg-schwarzwald.de\/blog\/wp-json\/wp\/v2\/media?parent=137424"}],"wp:term":[{"taxonomy":"category","embeddable":true,"href":"https:\/\/www.freiburg-schwarzwald.de\/blog\/wp-json\/wp\/v2\/categories?post=137424"},{"taxonomy":"post_tag","embeddable":true,"href":"https:\/\/www.freiburg-schwarzwald.de\/blog\/wp-json\/wp\/v2\/tags?post=137424"}],"curies":[{"name":"wp","href":"https:\/\/api.w.org\/{rel}","templated":true}]}}