{"id":136115,"date":"2025-07-08T13:36:53","date_gmt":"2025-07-08T11:36:53","guid":{"rendered":"https:\/\/www.freiburg-schwarzwald.de\/blog\/?p=136115"},"modified":"2025-07-08T13:41:30","modified_gmt":"2025-07-08T11:41:30","slug":"elsass-soll-grand-est-verlassen","status":"publish","type":"post","link":"https:\/\/www.freiburg-schwarzwald.de\/blog\/elsass-soll-grand-est-verlassen\/","title":{"rendered":"Elsass soll Grand Est verlassen?"},"content":{"rendered":"<p>Seit dem Jahr 2016 ist das <a href=\"https:\/\/www.freiburg-schwarzwald.de\/blog\/regio\/elsass\/\">Elsass<\/a> Teil der Region <a href=\"https:\/\/www.freiburg-schwarzwald.de\/blog\/elsass-statt-grand-est-alsexit\/\">Grand Est<\/a>, einer der zw\u00f6lf Regionen von <a href=\"https:\/\/www.freiburg-schwarzwald.de\/blog\/global\/france\/\">Frankreich<\/a>. Nach einer Meinungsumfrage von Ifop im Juni 2025 pl\u00e4dieren 72 Prozent der Els\u00e4sser ein <a href=\"https:\/\/www.freiburg-schwarzwald.de\/blog\/regio\/elsass\/elsass-zweisprachig\/\">selbst\u00e4ndiges<\/a> Elsass. Auftraggeber waren die drei Verb\u00e4nde MPA, CPA und ICA. <!--more-->Als Reaktion darauf ver\u00f6ffentlichte das Demoskopie-Institut OpinionWay Ende Juni 2025, da\u00df 83 Prozent der Els\u00e4sser f\u00fcr den Verbleib in der Region Grand Est stimmen.<\/p>\n<p>72 Prozent daf\u00fcr und 83 Prozent dagegen? Wie k\u00f6nnen zwei Meinungsumfragen zum gleichen Thema zu solch gegens\u00e4tzlichen Ergebnissen f\u00fchren? &#8222;Les sondages, c\u2019est comme beaucoup de choses : le diable est dans les d\u00e9tails&#8220; (1). Irgendetwas kann da nicht stimmen. Oder ist der Widerspruch gar gewollt?<br \/>\n8.7.2025<br \/>\n.<br \/>\nEnde von Beitrag &#8222;Elsass soll Grand Est verlassen?&#8220;<br \/>\n==============================================================<br \/>\nBeginn von Anlagen (1) &#8211; (3)<br \/>\n.<\/p>\n<p><strong>(1) Sondage : le Grand Est contre-attaque\u2026 avec des cadeaux aux sond\u00e9s<\/strong><br \/>\nApr\u00e8s avoir mis en doute la port\u00e9e du sondage des associations alsaciennes, le Pr\u00e9sident du Grand Est Franck Leroy contre-attaque\u2026 avec son propre sondage \u00ab cadeau \u00bb.<br \/>\nLe sondage Ifop des associations alsaciennes d\u00e9voil\u00e9 d\u00e9but juin 2025 donnait 72% des Alsaciens pour la sortie du Grand Est. En r\u00e9plique, le Grand Est a organis\u00e9 avec OpinionWay et publi\u00e9 fin juin 2025 son propre sondage, avec 83% de satisfaits de l\u2019action de la r\u00e9gion Grand Est. Sans donner de r\u00e9partition g\u00e9ographique de ces 83%, bien s\u00fbr.<br \/>\n<em><strong>Alors, un sondage partout, balle au centre?<\/strong><\/em> Pas tout \u00e0 fait, car les deux sondages diff\u00e8rent nettement notamment au niveau de la m\u00e9thodologie. Les sondages, c\u2019est comme beaucoup de choses : le diable est dans les d\u00e9tails\u2026<br \/>\n&#8230;.<br \/>\nEn r\u00e9sum\u00e9, cette enqu\u00eate OpinionWay pour le Grand Est est \u00e0 la fois <em><strong>mal con\u00e7ue<\/strong><\/em> (trop longue, trop de questions diverses), <em><strong>ambig\u00fce<\/strong><\/em> (les questions de satisfaction parlent de \u00ab r\u00e9gion \u00bb tour \u00e0 tour comme territoire ou comme institution politique, ce qui permet \u00e0 cette derni\u00e8re d\u2019optimiser ses scores; pas de r\u00e9partition des r\u00e9ponses suivant l\u2019\u00e2ge, le sexe ou la g\u00e9ographie) et <em><strong>volontairement biais\u00e9e<\/strong><\/em> en attirant les r\u00e9pondants avec un \u00ab cadeau \u00bb.<br \/>\n&#8230; Alles vom 4.7.2025 von Benoit Kuhn bitte lesen auf<br \/>\n<a href=\"https:\/\/alsace.news\/sondage-le-grand-est-contre-attaque-avec-des-cadeaux-aux-sondes\/\">https:\/\/alsace.news\/sondage-le-grand-est-contre-attaque-avec-des-cadeaux-aux-sondes\/<\/a><br \/>\n.<\/p>\n<p><strong>(2) Les \u00e9lus alsaciens donnent de la voix\u2026 enfin !<\/strong><br \/>\nRiche s\u00e9quence politique pour l\u2019Alsace depuis un mois. Rappelons cette suite d\u2019\u00e9v\u00e8nements que nous vous d\u00e9taillons par ailleurs dans les articles list\u00e9s dans cette newsletter. D\u00e9but juin, publication d\u2019un sondage Ifop command\u00e9 par les associations alsaciennes MPA, CPA et ICA, et dans lequel 72% des Alsaciennes et Alsaciens d\u00e9clarent voter pour le retour d\u2019une r\u00e9gion Alsace en cas de r\u00e9f\u00e9rendum sur le sujet.<\/p>\n<p>L\u2019\u00e9conomiste Jean-Philippe Atzenhoffer d\u00e9montre \u00e0 l\u2019appui que, si la Collectivit\u00e9 europ\u00e9enne d\u2019Alsace devenait \u00e9galement r\u00e9gion, on \u00e9conomiserait 100 millions d\u2019euros par an rien qu\u2019en supprimant les doublons, sans porter atteinte aux services publics.<br \/>\nLa premi\u00e8re r\u00e9action de Franck Leroy, pr\u00e9sident du Grand Est, a \u00e9t\u00e9 comme d\u2019habitude m\u00e9prisante et insultante pour la volont\u00e9 du peuple alsacien. Il a balay\u00e9 le r\u00e9sultat du sondage car, selon ses dires, personne n\u2019\u00e9voque jamais le sujet devant lui lors ses visites sur le terrain depuis deux ans et demi, et qu\u2019il y a d\u2019autres sujets bien plus importants. En bref, si ses affid\u00e9s subventionn\u00e9s ne lui en parlent pas, c\u2019est que \u00e7a n\u2019existe pas. Bonjour la d\u00e9mocratie\u2026<br \/>\nConscient que cet argument ne suffisait plus, Franck Leroy a publi\u00e9 fin juin son propre sondage o\u00f9 83% des \u00ab grandestiens \u00bb se d\u00e9clarent satisfaits de l\u2019action de la r\u00e9gion Grand Est. Apparemment, nous sommes le seul m\u00e9dia \u00e0 relever que ce sondage a \u00e9t\u00e9 effectu\u00e9 en r\u00e9mun\u00e9rant les sond\u00e9s, ce qui en relativise le r\u00e9sultat (euph\u00e9misme).<br \/>\nEt, pour une fois, nos \u00e9lus alsaciens ont saisi la balle au bond. Les 3 anciens ministres alsaciens Olivier Becht, Patrick Hetzel et Brigitte Klinkert ont publi\u00e9 le 3 juillet une tribune intitul\u00e9e \u00ab Il est temps de faire de l\u2019Alsace une r\u00e9gion \u00e0 part enti\u00e8re \u00bb dans le journal Le Figaro, en demandant express\u00e9ment au gouvernement de d\u00e9poser un projet de loi en ce sens. On vous en conseille la lecture, ce texte est \u00e0 la fois clair et complet. Juste avant, Fr\u00e9d\u00e9ric Bierry et 12 parlementaires alsaciens centristes ont sign\u00e9 et envoy\u00e9 fin juin au Pr\u00e9sident de la R\u00e9publique une lettre exprimant la m\u00eame demande.<br \/>\nSo what ? diront les sceptiques, le gouvernement et le Parlement, emp\u00eatr\u00e9s dans leurs impuissances respectives, vont-ils agir ? M\u00eame s\u2019ils restent inertes, cette s\u00e9quence aura produit deux r\u00e9sultats positifs. D\u2019abord, prouver que la question alsacienne reste d\u2019actualit\u00e9, n\u2019en d\u00e9plaise \u00e0 Franck Leroy et aux partisans du Grand Est. Ensuite et surtout, des \u00e9lus alsaciens se sont mobilis\u00e9s \u2013 enfin &#8211; pour interpeler \u00e0 voix haute les Pouvoirs publics \u00e0 Paris. Se faire entendre jusqu\u2019\u00e0 Paris, c\u2019est la cl\u00e9 d\u2019un futur succ\u00e8s.<br \/>\nBeno\u00eet Kuhn, \u00c9diteur<\/p>\n<p>PS : les d\u00e9put\u00e9s de la majorit\u00e9 n\u2019ayant pas sign\u00e9 la lettre de Fr\u00e9d\u00e9ric Bierry : Fran\u00e7oise Buffet, Louise Morel, Vincent Thi\u00e9baut dans le Bas-Rhin, Didier Lemaire dans le Haut-Rhin. Gardons-les en m\u00e9moire pour les prochaines \u00e9lections.<br \/>\n7.7.2025, contact@alsace.news , <a href=\"mailto:richard.weiss68000@gmail.com\">richard.weiss68000@gmail.com<\/a><br \/>\n.<\/p>\n<p><strong>(3) Umfrage: Elsass pocht weiter auf Eigenst\u00e4ndigkeit &#8211; Austritt aus Gro\u00dfregion<\/strong><br \/>\n&#8230;<br \/>\nIm Elsass gibt es bei vielen Menschen laut einer Umfrage weiter den Wunsch nach mehr Eigenst\u00e4ndigkeit. Wie eine in Paris vorgestellte Befragung des Meinungsforschungsinstitut Ifop ergab, w\u00fcnschen sich 70 Prozent der Menschen, dass das 2016 in der Region Grand Est aufgegangene Elsass wieder selbstst\u00e4ndig wird. Bei einem Referendum zu dieser Frage w\u00fcrden laut der Befragung 72 Prozent der Menschen daf\u00fcr stimmen. Auftraggeber f\u00fcr die Umfrage waren drei Verb\u00e4nde, die f\u00fcr mehr Selbstst\u00e4ndigkeit der franz\u00f6sischen Grenzregion k\u00e4mpfen.<br \/>\n2016 wurden die fr\u00fcheren Regionen Elsass, Lothringen und Champagne-Ardennes zur neuen R\u00e9gion Grand Est vereint. Das Elsass tauchte damit auf Verwaltungsebene praktisch nicht mehr auf, was dort auf viel Kritik stie\u00df. Daraufhin wurde 2021 die Europ\u00e4ische Gebietsk\u00f6rperschaft Elsass mit Sonderrechten, etwa in der Zusammenarbeit mit Deutschland, geschaffen. Dennoch ringen etliche Regionalpolitiker im Elsass um einen Austritt aus der R\u00e9gion Grand Est und eine neue Selbstst\u00e4ndigkeit.<br \/>\n&#8230; Alles vom 4.6.2025 bitte lesen auf<br \/>\n<a href=\"https:\/\/www.lessentiel.lu\/de\/story\/umfrage-elsass-pocht-weiter-auf-eigenstaendigkeit-103358745\">https:\/\/www.lessentiel.lu\/de\/story\/umfrage-elsass-pocht-weiter-auf-eigenstaendigkeit-103358745<\/a><\/p>\n<p>&nbsp;<\/p>\n","protected":false},"excerpt":{"rendered":"<p>Seit dem Jahr 2016 ist das Elsass Teil der Region Grand Est, einer der zw\u00f6lf Regionen von Frankreich. Nach einer Meinungsumfrage von Ifop im Juni 2025 pl\u00e4dieren 72 Prozent der Els\u00e4sser ein selbst\u00e4ndiges Elsass. Auftraggeber waren die drei Verb\u00e4nde MPA, &hellip; <a href=\"https:\/\/www.freiburg-schwarzwald.de\/blog\/elsass-soll-grand-est-verlassen\/\">Weiterlesen <span class=\"meta-nav\">&rarr;<\/span><\/a><\/p>\n","protected":false},"author":2,"featured_media":0,"comment_status":"open","ping_status":"closed","sticky":false,"template":"","format":"standard","meta":{"footnotes":""},"categories":[212,355,36,195,235,139,155,13,11],"tags":[26,729,489,682,820,432,758,836],"class_list":["post-136115","post","type-post","status-publish","format-standard","hentry","category-alemannisch","category-buergerinitiativen","category-engagement","category-eu","category-geschichte","category-heimat","category-integration","category-kultur","category-regio","tag-deutsch","tag-elsass","tag-european-union","tag-freiheit","tag-meinungsfreiheit","tag-regional","tag-selbst","tag-unabh"],"_links":{"self":[{"href":"https:\/\/www.freiburg-schwarzwald.de\/blog\/wp-json\/wp\/v2\/posts\/136115","targetHints":{"allow":["GET"]}}],"collection":[{"href":"https:\/\/www.freiburg-schwarzwald.de\/blog\/wp-json\/wp\/v2\/posts"}],"about":[{"href":"https:\/\/www.freiburg-schwarzwald.de\/blog\/wp-json\/wp\/v2\/types\/post"}],"author":[{"embeddable":true,"href":"https:\/\/www.freiburg-schwarzwald.de\/blog\/wp-json\/wp\/v2\/users\/2"}],"replies":[{"embeddable":true,"href":"https:\/\/www.freiburg-schwarzwald.de\/blog\/wp-json\/wp\/v2\/comments?post=136115"}],"version-history":[{"count":3,"href":"https:\/\/www.freiburg-schwarzwald.de\/blog\/wp-json\/wp\/v2\/posts\/136115\/revisions"}],"predecessor-version":[{"id":136118,"href":"https:\/\/www.freiburg-schwarzwald.de\/blog\/wp-json\/wp\/v2\/posts\/136115\/revisions\/136118"}],"wp:attachment":[{"href":"https:\/\/www.freiburg-schwarzwald.de\/blog\/wp-json\/wp\/v2\/media?parent=136115"}],"wp:term":[{"taxonomy":"category","embeddable":true,"href":"https:\/\/www.freiburg-schwarzwald.de\/blog\/wp-json\/wp\/v2\/categories?post=136115"},{"taxonomy":"post_tag","embeddable":true,"href":"https:\/\/www.freiburg-schwarzwald.de\/blog\/wp-json\/wp\/v2\/tags?post=136115"}],"curies":[{"name":"wp","href":"https:\/\/api.w.org\/{rel}","templated":true}]}}