{"id":135093,"date":"2025-06-12T15:17:14","date_gmt":"2025-06-12T13:17:14","guid":{"rendered":"https:\/\/www.freiburg-schwarzwald.de\/blog\/?p=135093"},"modified":"2025-06-12T15:54:26","modified_gmt":"2025-06-12T13:54:26","slug":"pmk-links-vor-pmk-rechts","status":"publish","type":"post","link":"https:\/\/www.freiburg-schwarzwald.de\/blog\/pmk-links-vor-pmk-rechts\/","title":{"rendered":"PMK links vor PMK rechts"},"content":{"rendered":"<p>Bundesinnenminister Dobrindt (CSU) hat am 10.6.2025 auf eine angeblich \u201emassive Zunahme des <a href=\"https:\/\/www.freiburg-schwarzwald.de\/blog\/engagement\/zukunft\/demokratie\/extremismus\/rechtsextremismus\/\">Rechtsextremismus<\/a> in den vergangenen zehn Jahren\u201c hingewiesen, die aus Zahlen der <a href=\"https:\/\/www.freiburg-schwarzwald.de\/blog\/kriminalstatistik-verzerrt-realitaet\/\">Kriminalstatistik f\u00fcr 2024<\/a> hervorginge. So stieg die &#8222;Politisch Motivierte Gewalt&#8220; (PMK) im <a href=\"https:\/\/www.freiburg-schwarzwald.de\/blog\/pks-79-messerangriffe-pro-tag\/\">Ph\u00e4nomenbereich<\/a> &#8222;PMK rechts&#8220; <!--more-->von 30.000 in 2023 um 43 % auf rund 43.000 Straftaten in 2024 an. Dementsprechend meldeten die reichweitenstarken Medien:<br \/>\n&#8211; &#8222;H\u00e4lfte der Vorf\u00e4lle mit rechtsextremem Hintergrund&#8220; tagesschau<br \/>\n&#8211; &#8222;Gr\u00f6\u00dfte Gefahr von Rechts&#8220; LTO.de<br \/>\n&#8211; &#8222;Verfassungsschutz: &#8222;Zahl von Rechtsextremisten erstmals \u00fcber 50.000&#8243;&#8220; Yahoo<br \/>\n&#8211; &#8222;Massive Zunahme bei rechtsextremen Straftaten\u201c Tagesspiegel<br \/>\n&#8211; &#8222;Kriminalstatistik mit Rechtsdrall&#8220; ZDF heute<br \/>\nGleichwohl: Derlei Meldungen sind irref\u00fchrend, da sie nicht der Realit\u00e4t bzw. den Statistikzahlen entsprechen. Die gr\u00f6\u00dfte Gefahr der PMK geht linksextrem- und islam-motivierter Gewalt aus, nicht aber von rechtsextremer Gewalt<br \/>\n.<br \/>\nUm nicht mi\u00dfverstanden zu werden: Rechtsextreme PMK gibt es und soll auch nicht verharmlost werden. Aber um die PMK und vor allem deren Ursachen in Deutschland bek\u00e4mpfen zu k\u00f6nnen, m\u00fcssen Statistiken klar differenzieren. Dies gilt auch f\u00fcr die &#8222;Polizeiliche Kriminal-Statistik&#8220; (PKS) von Bundeskriminalamt (BKA) und Bundesamt f\u00fcr Verfassungsschutz (BfV), die dem Bundesinnenminister unterstellt sind.<\/p>\n<p>Welche Gr\u00fcnde f\u00fchren zu dieser unrealistischen Aussage des Bundesinenministers Dobrindt?<br \/>\n<em><strong>Grund 1)<\/strong> <strong>Unklare F\u00e4lle werden stets dem Ph\u00e4nomenbereich \u201ePMK rechts\u201c zugeordnet<\/strong><\/em>, nicht aber \u201ePMK links\u201c oder \u201ePMK sonstige\u201c. Denn in der Ausf\u00fcllanleitung f\u00fcr PMK des BKA hei\u00dft es: <em>\u201eVon Unbekannt ver\u00fcbte rechte Propagandadelikte, insbesondere die Verbreitung und Verwendung verbotener nationalsozialistischer Symbole, wie z. B. Hakenkreuze und SS-Runen, sind dem Ph\u00e4nomenbereich \u201ePMK rechts\u201c zuzuordnen, wenn keine gegenteiligen Tatsachen zur T\u00e4termotivation vorliegen.\u201c<\/em><br \/>\nDer gro\u00dfe, weil ungekl\u00e4rte Rest ist also immer rechts.<\/p>\n<p><em><strong>Grund 2) Meinungs- und Gewaltdelikte nicht getrennt<\/strong><\/em><br \/>\nPropagandadelikte (z.B. Nazi-Schmierereien) und Gewaltdelikte (z.B. Messerstecher) werden nicht getrennt ver\u00f6ffentlicht, sondern auf eine Stufe gestellt bzw. vermengt. Da \u00fcber 60 % Delikte PMK-Delikte Propagandadelikte bzw. Meinungsdelikte sind, verzerrt dies die Statistik weiter.<br \/>\nWenn z.B.<a href=\"https:\/\/www.freiburg-schwarzwald.de\/blog\/engagement\/zukunft\/demokratie\/extremismus\/linksextremismus\/\"> linke Extremisten<\/a> (siehe <a href=\"https:\/\/www.freiburg-schwarzwald.de\/blog\/engagement\/zukunft\/demokratie\/chemnitz-messermord26-08-2018\/chemnitz2018-2023\/\">Chemnitz<\/a>) f\u00fcnf Hakenkreuze rumschmieren, dann erh\u00f6ht sich die &#8222;PMK rechts&#8220; um f\u00fcnf F\u00e4lle. Oder zehn rote Pal\u00e4stina-Dreiecke mit unbekannter T\u00e4terschaft werden als Zunahme der &#8222;PMK rechts&#8220; um 10 F\u00e4lle ausgewiesen.<br \/>\nDieser Automatismus in der Zuordnung verzerrt die Statistik und erschwert die Bek\u00e4mpfung der Ursachen der ausufernden Gewaltwelle im <a href=\"https:\/\/www.freiburg-schwarzwald.de\/blog\/kultur\/oeffentlicher-raum\/\">\u00f6ffentlichen Raum<\/a> in Deutschland. <a href=\"https:\/\/www.freiburg-schwarzwald.de\/blog\/engagement\/zukunft\/demokratie\/extremismus\/\">Extremismus<\/a> darf nie verharmlost werden, weder \u201ePMK rechts\u201c noch \u201ePMK links\u201c oder \u201e<a href=\"https:\/\/www.freiburg-schwarzwald.de\/blog\/religion\/islam\/islamismus\/\">PMK sonstige<\/a>\u201c. Aber nur die \u2013 durchaus m\u00f6gliche \u2013 exakte Zuordnung zu diesen drei Ph\u00e4nomenbereichen gew\u00e4hrleistet eine erfolgreiche Bek\u00e4mpfung der <a href=\"https:\/\/www.freiburg-schwarzwald.de\/blog\/engagement\/zukunft\/demokratie\/verfassung\/staatsfeinde\/\">Staatsfeinde<\/a> des Extremismus insgesamt.<\/p>\n<p>Im Gegensatz zum Bundesverfassungsschutzbericht von BKA und BfV differenziert der Berliner Verfassungsbericht 2024 realit\u00e4tsbezogen\u00a0 und weist als gr\u00f6\u00dfte Bedrohung eindeutig die links- und islam-motivierte Gewalt aus (mehr <a href=\"https:\/\/www.freiburg-schwarzwald.de\/blog\/kriminalstatistik-verzerrt-realitaet\/\">hier<\/a>):<br \/>\n1. Auslandsbezogener Extremismus: 1680 Personen (1670 in 2023)<br \/>\n2. Islamismus : 2440 Personen (2380 in 2023)<br \/>\n3. Linksextremismus: 3800 Personen (3700 in 2023)<br \/>\n4. Rechtsextremismus: 1450 Personen (1450 in 2023)<br \/>\n.<br \/>\nFakt ist: <em><strong>Die gr\u00f6\u00dfte Bedrohung geht nicht von Rechtsextremen, sondern von Islamisten und linksextremen israel- bzw. judenfeindlichen Gruppierungen aus.<\/strong><\/em> Neben dem <a href=\"https:\/\/www.freiburg-schwarzwald.de\/blog\/religion\/christen\/christentum\/\">christlichen<\/a> ist prim\u00e4r das <a href=\"https:\/\/www.freiburg-schwarzwald.de\/blog\/religion\/juden\/juedisches-leben\/\">j\u00fcdische Leben<\/a> in Deutschland bedroht. Die J\u00fcdin Shira S. gibt dazu auf X ein beeindruckendes Statement ab (siehe auch Anlage (2) unten):<\/p>\n<p><em>Ich bin J\u00fcdin. Und ich kann nur best\u00e4tigen, was bei Markus Lanz gesagt wurde:<\/em><br \/>\n<em>In \u00fcber 30 Jahren Berlin hatte ich nie Probleme mit sogenannten \u201eNazis\u201c.<\/em><br \/>\n<em>Die Gefahr kam immer aus dem linken oder <a href=\"https:\/\/www.freiburg-schwarzwald.de\/blog\/religion\/islam\/islam-antisemitismus\/\">islamistischen<\/a> Milieu.<\/em><br \/>\n<em>Nicht von rechts. \u2757\ufe0f<\/em><br \/>\n<em>Jetzt wird gro\u00df \u00fcber den RIAS-Bericht gesprochen \u2013 77 % mehr <a href=\"https:\/\/www.freiburg-schwarzwald.de\/blog\/religion\/juden\/antisemitismus\/\">antisemitische<\/a> Vorf\u00e4lle.<\/em><br \/>\n<em>Ja. Aber was verschwiegen wird:<\/em><br \/>\n<em>&#8211; Der Gro\u00dfteil dieses Hasses kommt aus den Parallelgesellschaften.<\/em><br \/>\n<em>&#8211; Aus importiertem Antisemitismus.<\/em><br \/>\n<em>&#8211; Und aus dem linken Lager, das ihn relativiert oder gar sch\u00fctzt.<\/em><br \/>\n<em>Dass in deutschen Statistiken \u201eunbekannte T\u00e4ter\u201c automatisch als rechts verbucht werden, ist ein Skandal.<\/em><br \/>\n<em>Das ist keine Statistik. Das ist politische Propaganda.<\/em><br \/>\n<em>Und sie gef\u00e4hrdet j\u00fcdisches Leben in Deutschland \u2013 durch Verharmlosung der echten Gefahr.<\/em><\/p>\n<p>Shira S. verweist dazu auf Markus Lanz, der in seiner <a href=\"https:\/\/www.freiburg-schwarzwald.de\/blog\/kultur\/medien\/talkshow\/\">TV-Talkshow<\/a> den Trick der Regierungen von <a href=\"https:\/\/www.freiburg-schwarzwald.de\/blog\/engagement\/zukunft\/demokratie\/ampel\/\">Ampel<\/a> und <a href=\"https:\/\/www.freiburg-schwarzwald.de\/blog\/engagement\/zukunft\/demokratie\/groko\/groko2025\/\">GroKo2025<\/a> verurteilt hat, ungekl\u00e4rte Gewalt als rechte Gewalt zu publizieren: &#8222;Wenn sie nicht genau wissen, wer der T\u00e4ter war, dann wird es automatisch dem rechten Milieu zugeordnet. &#8230; So l\u00fcgen wir uns in die eigene Tasche. &#8230; Wenn wir als Land bzw. als Gesellschaft nicht mal eine ser\u00f6se Diagnose stellen wollen, &#8230; weil wir Angst haben, rassistisch zu sein, dann &#8230; ist die Statistik zu antisemitischen Taten in Deutschland nicht aussagekr\u00e4ftig &#8230; &#8220; &#8211; so Markus Lanz.<br \/>\nExtremisten incl. Antisemiten toben sich im \u00f6ffentlichen Raum aus. Sie sind <a href=\"https:\/\/www.freiburg-schwarzwald.de\/blog\/engagement\/zukunft\/demokratie\/verfassung\/staatsfeinde\/\">Staatsfeinde<\/a> und d\u00fcrfen in ihrem Tun (Gewalt &#8211; wie Meinungsdelikte) nicht geduldet werden, ob sie links-, islam- oder rechts-motiviert daherkommen.<br \/>\n12.6.2025<br \/>\n.<br \/>\nEnde von Beitrag &#8222;PMK links vor PMK rechts&#8220;<br \/>\n=============================================================<br \/>\nBeginn von Anlagen (1) &#8211; (3)<br \/>\n.<\/p>\n<p><strong>(1) Verfassungsschutzbericht 2024 vorgestellt<\/strong><br \/>\n&#8230;<br \/>\nF\u00fcr das Jahr 2024 wurden insgesamt 57.701 Straftaten mit extremistischem Hintergrund ausgewiesen (2023: 39.433) \u2013 erneut ein H\u00f6chststand und eine Steigerung von mehr als 46 Prozent. Darunter waren 2.976 (2023: 2.761) Gewalttaten.<br \/>\n&#8230;<br \/>\nIm Rechtsextremismus ist das Personenpotenzial weiter stark angewachsen und liegt bei 50.250 (2023: 40.600). Der Anteil der gewaltorientierten Rechtsextremisten ist auf nunmehr 15.300 (2023: 14.500) gestiegen.<br \/>\n&#8230;<br \/>\nDas linksextremistische Personenpotenzial ist im Jahr 2024 auf insgesamt 38.000 Personen gestiegen (2023: 37.000). Mehr als jeder vierte Linksextremist ist als gewaltorientiert einzusch\u00e4tzen.<br \/>\n&#8230;<br \/>\nIm Bereich Islamismus\/islamistischer Terrorismus ist das Personenpotenzial auf 28.280 gestiegen (2023: 27.200). Das gewaltorientierte islamistische Personenpotenzial wird auf 9.540 gesch\u00e4tzt.<br \/>\n&#8230;<br \/>\nDas Personenpotenzial im auslandsbezogenen Extremismus ist im Vergleich zum Vorjahr mit 32.500 Personen (2023: 30.650) weiter angestiegen. Das gewaltorientierte Personenpotenzial in diesem Bereich umfasst 22.000 Personen.<br \/>\n&#8230; Alles vom 10.6.2025 bitte lesen auf <a href=\"https:\/\/www.bmi.bund.de\/SharedDocs\/pressemitteilungen\/DE\/2025\/06\/vsb2024.html\">https:\/\/www.bmi.bund.de\/SharedDocs\/pressemitteilungen\/DE\/2025\/06\/vsb2024.html<\/a><br \/>\nVerfassungsschutzbericht 2024<br \/>\n<a href=\"https:\/\/www.bmi.bund.de\/SharedDocs\/downloads\/DE\/publikationen\/themen\/sicherheit\/BMI25029-vsb2024.html\">https:\/\/www.bmi.bund.de\/SharedDocs\/downloads\/DE\/publikationen\/themen\/sicherheit\/BMI25029-vsb2024.html<\/a><br \/>\n<a href=\"https:\/\/www.verfassungsschutz.de\/DE\/home\/home_node.html\">https:\/\/www.verfassungsschutz.de\/DE\/home\/home_node.html<\/a><br \/>\n.<br \/>\n.<br \/>\n<strong>(2) J\u00fcdin: &#8222;Gefahr kam immer aus dem linken oder islamistischen Milieu&#8220;<br \/>\n<\/strong>Shira S, MD<br \/>\nIch bin J\u00fcdin. Und ich kann nur best\u00e4tigen, was bei Markus Lanz gesagt wurde:<br \/>\nIn \u00fcber 30 Jahren Berlin hatte ich nie Probleme mit sogenannten \u201eNazis\u201c.<br \/>\nDie Gefahr kam immer aus dem linken oder islamistischen Milieu.<br \/>\nNicht von rechts. \u2757\ufe0f<br \/>\nJetzt wird gro\u00df \u00fcber den RIAS-Bericht gesprochen \u2013 77 % mehr antisemitische Vorf\u00e4lle.<br \/>\nJa. Aber was verschwiegen wird:<br \/>\n&#8211; Der Gro\u00dfteil dieses Hasses kommt aus den Parallelgesellschaften.<br \/>\n&#8211; Aus importiertem Antisemitismus.<br \/>\n&#8211; Und aus dem linken Lager, das ihn relativiert oder gar sch\u00fctzt.<br \/>\nDass in deutschen Statistiken \u201eunbekannte T\u00e4ter\u201c automatisch als rechts verbucht werden, ist ein Skandal.<br \/>\nDas ist keine Statistik. Das ist politische Propaganda.<br \/>\nUnd sie gef\u00e4hrdet j\u00fcdisches Leben in Deutschland \u2013 durch Verharmlosung der echten Gefahr.<br \/>\n&#8230; Alles vom 10.6.2025 von Shira S bitte lesen auf<br \/>\n<a href=\"https:\/\/x.com\/RealSHIRA\/status\/1932456825045033245\">https:\/\/x.com\/RealSHIRA\/status\/1932456825045033245<\/a><br \/>\n<a href=\"https:\/\/www.tiktok.com\/@paterrick2\/video\/7300624531973033249?lang=de-DE\">https:\/\/www.tiktok.com\/@paterrick2\/video\/7300624531973033249?lang=de-DE<\/a><br \/>\n,<br \/>\nMarkus Lanz: &#8222;Wenn sie nicht genau wissen, wer der T\u00e4ter war, dann wird es automatisch dem rechten Milieu zugeordnet. &#8230; So l\u00fcgen wir uns in die eigene Tasche. &#8230; Wenn wir als Land bzw. als Gesellschaft nicht mal eine ser\u00f6se Diagnose stellen wollen, &#8230; weil wir Angst haben, rassistisch zu sein, dann &#8230; &#8220;<br \/>\n.<br \/>\n.<br \/>\n<strong>(3) Seismograph f\u00fcr eine hysterisch gewordene Gesellschaft<\/strong><br \/>\nDer neue Verfassungsschutzbericht spricht von einem Anstieg des Rechtsextremismus und rechter Straftaten. Doch wenn man sich ansieht, wie die Zahlen zustandekommen, zeigt sich: Die Lage ist keinesfalls schlimmer geworden. Die Zunahme ergibt sich allein aus dem Bereich der Meinungsdelikte.<br \/>\n&#8230; Alles vom 11.6.2025 von <a href=\"https:\/\/www.freiburg-schwarzwald.de\/blog\/bfv-radikal-oder-extremistisch\/\">Mathias Brodkorb<\/a> bitte lesen auf<br \/>\n<a href=\"https:\/\/www.cicero.de\/innenpolitik\/jahresbericht-des-verfassungsschutzes-seismograph-fur-eine-hysterisch-gewordene-gesellschaft\">https:\/\/www.cicero.de\/innenpolitik\/jahresbericht-des-verfassungsschutzes-seismograph-fur-eine-hysterisch-gewordene-gesellschaft<\/a><\/p>\n","protected":false},"excerpt":{"rendered":"<p>Bundesinnenminister Dobrindt (CSU) hat am 10.6.2025 auf eine angeblich \u201emassive Zunahme des Rechtsextremismus in den vergangenen zehn Jahren\u201c hingewiesen, die aus Zahlen der Kriminalstatistik f\u00fcr 2024 hervorginge. So stieg die &#8222;Politisch Motivierte Gewalt&#8220; (PMK) im Ph\u00e4nomenbereich &#8222;PMK rechts&#8220;<\/p>\n","protected":false},"author":2,"featured_media":0,"comment_status":"open","ping_status":"closed","sticky":false,"template":"","format":"standard","meta":{"footnotes":""},"categories":[52,36,210,155,60,63,13,80,157,172],"tags":[485,732,725,421,649,720,525,780,821],"class_list":["post-135093","post","type-post","status-publish","format-standard","hentry","category-einewelt","category-engagement","category-gewalt","category-integration","category-jugend","category-krise","category-kultur","category-medien","category-oeffentlicher-raum","category-zukunft","tag-refugee","tag-gewalt","tag-integration","tag-islam","tag-links","tag-medien","tag-politik","tag-rechts","tag-social-media"],"_links":{"self":[{"href":"https:\/\/www.freiburg-schwarzwald.de\/blog\/wp-json\/wp\/v2\/posts\/135093","targetHints":{"allow":["GET"]}}],"collection":[{"href":"https:\/\/www.freiburg-schwarzwald.de\/blog\/wp-json\/wp\/v2\/posts"}],"about":[{"href":"https:\/\/www.freiburg-schwarzwald.de\/blog\/wp-json\/wp\/v2\/types\/post"}],"author":[{"embeddable":true,"href":"https:\/\/www.freiburg-schwarzwald.de\/blog\/wp-json\/wp\/v2\/users\/2"}],"replies":[{"embeddable":true,"href":"https:\/\/www.freiburg-schwarzwald.de\/blog\/wp-json\/wp\/v2\/comments?post=135093"}],"version-history":[{"count":5,"href":"https:\/\/www.freiburg-schwarzwald.de\/blog\/wp-json\/wp\/v2\/posts\/135093\/revisions"}],"predecessor-version":[{"id":135110,"href":"https:\/\/www.freiburg-schwarzwald.de\/blog\/wp-json\/wp\/v2\/posts\/135093\/revisions\/135110"}],"wp:attachment":[{"href":"https:\/\/www.freiburg-schwarzwald.de\/blog\/wp-json\/wp\/v2\/media?parent=135093"}],"wp:term":[{"taxonomy":"category","embeddable":true,"href":"https:\/\/www.freiburg-schwarzwald.de\/blog\/wp-json\/wp\/v2\/categories?post=135093"},{"taxonomy":"post_tag","embeddable":true,"href":"https:\/\/www.freiburg-schwarzwald.de\/blog\/wp-json\/wp\/v2\/tags?post=135093"}],"curies":[{"name":"wp","href":"https:\/\/api.w.org\/{rel}","templated":true}]}}