{"id":134648,"date":"2025-05-30T10:47:07","date_gmt":"2025-05-30T08:47:07","guid":{"rendered":"https:\/\/www.freiburg-schwarzwald.de\/blog\/?p=134648"},"modified":"2025-06-01T11:04:07","modified_gmt":"2025-06-01T09:04:07","slug":"black-forest-voices-a-cappella","status":"publish","type":"post","link":"https:\/\/www.freiburg-schwarzwald.de\/blog\/black-forest-voices-a-cappella\/","title":{"rendered":"Black Forest Voices &#8211; A-cappella"},"content":{"rendered":"<p>Vom 12. bis 15 Juni 2025 findet in <a href=\"https:\/\/www.freiburg-schwarzwald.de\/blog\/regio\/tal\/dreisamtal\/\">Kirchzarten<\/a> rund um die<a href=\"https:\/\/www.freiburg-schwarzwald.de\/blog\/regio\/orte\/kirchzarten\/talvogtei\/\"> Talvogtei<\/a> das siebte A-cappella-Festival der Black Forest Voices statt. DAS Ereignis f\u00fcr alle Freunde von <a href=\"https:\/\/www.freiburg-schwarzwald.de\/blog\/vereine\/musikvereine\/gesang\/\">Gesang<\/a>, <a href=\"https:\/\/www.freiburg-schwarzwald.de\/blog\/kultur\/musik\/\">Musik<\/a> und guter Laune. Um die 70 Workshops laden die Festivalteilnehmer zum Open Singing ein: <!--more-->Tags\u00fcber auf den Workshops selbst mitsingen und abends beim Konzertbesuch die A-cappella-Delikatessen der Ch\u00f6re und Ensembles aus der Region wie auch der internationalen G\u00e4sten genie\u00dfen.<br \/>\nAlle Infos auf <a href=\"https:\/\/blackforestvoices.com\/\">https:\/\/blackforestvoices.com\/<\/a> .<br \/>\n.<br \/>\nDas Konzertprogramm startet am Donnerstag, 12. Juni, 20 Uhr, mit dem Abend &#8222;Songpoeten&#8220;, an dem Anders (Freiburg), \u00e6mber (K\u00f6ln) und Quintabulous (Bremen) auftreten. Tickets kosten 33, erm\u00e4\u00dfigt 25 Euro. Das Abendkonzert &#8222;Sound und Code&#8220; am Freitag, 13. Juni, 20 Uhr, mit Postyr (D\u00e4nemark), Lylac (Mainz) und Sistahh (Hamburg), sowie das Konzert am Samstag, 14. Juni, 20 Uhr, &#8222;Vocal Universe&#8220; mit The Real Group (Schweden) und JazzVocals (Berlin) sind bereits ausverkauft.<\/p>\n<p>Am Sonntag, 15. Juni, 12 Uhr, treten in der St. Gallus-Kirche der BFV-Festivalchor, Jassa (Berlin) und The Real Group auf. Tickets: 28, erm\u00e4\u00dfigt 20 Euro. Um 15 Uhr folgt ein Familienkonzert auf der Festivalwiese mit dem Jazzhaus Jugendorchester und Junior Jazzchor aus Freiburg. Eintritt 15, erm\u00e4\u00dfigt 7 Euro. Den Festivalabschluss &#8222;Vocal Sunset&#8220; um 19.30 Uhr bestreiten Olic\u00eda, C\u00f2ig (Niederlande) und Voice Event (Freiburg). Tickets erh\u00e4ltlich f\u00fcr 33, erm\u00e4\u00dfigt 25 Euro.<br \/>\n31.5.2025<br \/>\n<a href=\"https:\/\/blackforestvoices.com\/\">https:\/\/blackforestvoices.com\/<\/a><br \/>\n.<br \/>\nEnde von Beitrag &#8222;Black Forest Voices &#8211; A-cappella&#8220;<br \/>\n=============================================================<br \/>\nBeginn von Anlagen (1) &#8211;<br \/>\n.<\/p>\n<div id=\"attachment_33206\" style=\"width: 593px\" class=\"wp-caption alignnone\"><a href=\"https:\/\/www.freiburg-schwarzwald.de\/blog\/wp-content\/uploads\/2013\/06\/kirchzartenpan0405.jpg\"><img loading=\"lazy\" decoding=\"async\" aria-describedby=\"caption-attachment-33206\" class=\"size-full wp-image-33206\" src=\"https:\/\/www.freiburg-schwarzwald.de\/blog\/wp-content\/uploads\/2013\/06\/kirchzartenpan0405.jpg\" alt=\"\" width=\"583\" height=\"192\" srcset=\"https:\/\/www.freiburg-schwarzwald.de\/blog\/wp-content\/uploads\/2013\/06\/kirchzartenpan0405.jpg 583w, https:\/\/www.freiburg-schwarzwald.de\/blog\/wp-content\/uploads\/2013\/06\/kirchzartenpan0405-180x59.jpg 180w\" sizes=\"auto, (max-width: 583px) 100vw, 583px\" \/><\/a><p id=\"caption-attachment-33206\" class=\"wp-caption-text\">Blick nach Osten im Dreisamtal zur Talvogtei in Kirchzarten im Mai 2004<\/p><\/div>\n<p>.<br \/>\n<strong>(1) Orgachefin des A-Capella-Festivals Black Forest Voices: &#8222;Wir sind voller Vorfreude&#8220;<\/strong><br \/>\nDas A-cappella-Festival Black Forest Voices in Kirchzarten steht bevor. Im Interview spricht Orga-Leiterin Nina Ruckhaber \u00fcber das Programm, den Charakter des Festivals und finanziellen Druck<br \/>\n&#8230;<br \/>\nDie Workshops sind zentral f\u00fcr uns. Wir bieten rund 70 Workshops und Open Singings an. Die Festivalteilnehmer beginnen morgens mit einem Warm-up. Tags\u00fcber sind sie bei drei bis vier Workshops. Abends besuchen sie Konzerte. Sie sind also vier Tage lang vor Ort, singen in verschiedenen Gruppen und genie\u00dfen die Gemeinschaft. Die A-cappella-Popszene in Deutschland ist wie eine gro\u00dfe Familie, die sich untereinander kennt. Wir haben es \u00fcber die Jahre geschafft, eines der zentralen Events der Community zu werden. Das macht unser Festival aus.<\/p>\n<p>BZ: Das Festival lebt auch davon, dass es so eng mit Kirchzarten verwoben ist und der ganze Ort zur B\u00fchne wird. Was w\u00fcrden Sie jemandem ans Herz legen, der erstmals dabei ist?<br \/>\nWir haben ein kostenfreies Programm auf der Schalampi-B\u00fchne, wo Ch\u00f6re aus der Region auftreten. Es gibt ein Kinder- und Jugendprogramm in Kooperation mit dem Kinder- und Jugendb\u00fcro Kirchzarten. Es gibt einen Beatbox-Workshop und eine Klangbaustelle, auf der Kinder Instrumente aus Trash und scheinbar unn\u00fctzen Gegenst\u00e4nden basteln und eine Klangparade durch Kirchzarten machen. Das ist wahnsinnig sch\u00f6n und war letztes Jahr f\u00fcr mich einer der bewegendsten Momente des Festivals.<br \/>\nWir singen im Seniorenheim mit den Bewohnern und veranstalten die Liedertafel, bei der eine Stunde vor den Abendkonzerten gemeinsam gesungen wird. Dozenten, K\u00fcnstler und Teilnehmer begegnen sich auf Augenh\u00f6he. Bei uns gibt es keine VIP-Bereiche. Der aus Amerika angereiste Star sitzt neben dem S\u00e4nger aus der Region auf der Bierbank und isst einen Flammkuchen vom Food Truck. Auch im Team versuchen wir das so umzusetzen. Zum Beispiel mit unseren freiwilligen Helfern. 50 Menschen aus der Region helfen beim Auf- und Abbau, machen den Einlass bei den Workshops oder die Security bei den abendlichen Konzerten. Im Gegenzug k\u00f6nnen sie kostenlos bei Workshops dabei sein oder gratis zu Konzerten gehen.<br \/>\n&#8230; Alles vom 1.6.2025 bitte lesen auf<br \/>\n<a href=\"https:\/\/www.badische-zeitung.de\/orgachefin-des-a-capella-festivals-black-forest-voices-wir-sind-voller-vorfreude\">https:\/\/www.badische-zeitung.de\/orgachefin-des-a-capella-festivals-black-forest-voices-wir-sind-voller-vorfreude.<\/a><\/p>\n<p><a href=\"https:\/\/blackforestvoices.com\/\">https:\/\/blackforestvoices.com\/<\/a><\/p>\n","protected":false},"excerpt":{"rendered":"<p>Vom 12. bis 15 Juni 2025 findet in Kirchzarten rund um die Talvogtei das siebte A-cappella-Festival der Black Forest Voices statt. DAS Ereignis f\u00fcr alle Freunde von Gesang, Musik und guter Laune. Um die 70 Workshops laden die Festivalteilnehmer zum &hellip; <a href=\"https:\/\/www.freiburg-schwarzwald.de\/blog\/black-forest-voices-a-cappella\/\">Weiterlesen <span class=\"meta-nav\">&rarr;<\/span><\/a><\/p>\n","protected":false},"author":2,"featured_media":0,"comment_status":"open","ping_status":"closed","sticky":false,"template":"","format":"standard","meta":{"footnotes":""},"categories":[36,400,249,13,125,157,6],"tags":[117,638,736,301,518,432],"class_list":["post-134648","post","type-post","status-publish","format-standard","hentry","category-engagement","category-freiwillig","category-hock","category-kultur","category-musikvereine","category-oeffentlicher-raum","category-vereine","tag-dreisamuferweg","tag-event","tag-hock","tag-culture","tag-music","tag-regional"],"_links":{"self":[{"href":"https:\/\/www.freiburg-schwarzwald.de\/blog\/wp-json\/wp\/v2\/posts\/134648","targetHints":{"allow":["GET"]}}],"collection":[{"href":"https:\/\/www.freiburg-schwarzwald.de\/blog\/wp-json\/wp\/v2\/posts"}],"about":[{"href":"https:\/\/www.freiburg-schwarzwald.de\/blog\/wp-json\/wp\/v2\/types\/post"}],"author":[{"embeddable":true,"href":"https:\/\/www.freiburg-schwarzwald.de\/blog\/wp-json\/wp\/v2\/users\/2"}],"replies":[{"embeddable":true,"href":"https:\/\/www.freiburg-schwarzwald.de\/blog\/wp-json\/wp\/v2\/comments?post=134648"}],"version-history":[{"count":2,"href":"https:\/\/www.freiburg-schwarzwald.de\/blog\/wp-json\/wp\/v2\/posts\/134648\/revisions"}],"predecessor-version":[{"id":134658,"href":"https:\/\/www.freiburg-schwarzwald.de\/blog\/wp-json\/wp\/v2\/posts\/134648\/revisions\/134658"}],"wp:attachment":[{"href":"https:\/\/www.freiburg-schwarzwald.de\/blog\/wp-json\/wp\/v2\/media?parent=134648"}],"wp:term":[{"taxonomy":"category","embeddable":true,"href":"https:\/\/www.freiburg-schwarzwald.de\/blog\/wp-json\/wp\/v2\/categories?post=134648"},{"taxonomy":"post_tag","embeddable":true,"href":"https:\/\/www.freiburg-schwarzwald.de\/blog\/wp-json\/wp\/v2\/tags?post=134648"}],"curies":[{"name":"wp","href":"https:\/\/api.w.org\/{rel}","templated":true}]}}