{"id":134604,"date":"2025-05-31T10:30:37","date_gmt":"2025-05-31T08:30:37","guid":{"rendered":"https:\/\/www.freiburg-schwarzwald.de\/blog\/?p=134604"},"modified":"2025-05-31T10:40:31","modified_gmt":"2025-05-31T08:40:31","slug":"polizei-dein-freund-und-helfer","status":"publish","type":"post","link":"https:\/\/www.freiburg-schwarzwald.de\/blog\/polizei-dein-freund-und-helfer\/","title":{"rendered":"Polizei: Dein Freund und Helfer?"},"content":{"rendered":"<p>Ein Berliner <a href=\"https:\/\/www.freiburg-schwarzwald.de\/blog\/selbsthilfe\/soziales\/justiz\/polizei\/polizei-hilflos\/\">Polizist<\/a> hat in seiner Verzweiflung einen Brandbrief an die Beh\u00f6rden von <a href=\"https:\/\/www.freiburg-schwarzwald.de\/blog\/engagement\/zukunft\/demokratie\/berlin-demo29-8-2020\/\">Berlin<\/a> geschrieben, der auch nach der Ver\u00f6ffentlichung in der B.Z. (1) leider kein gro\u00dfes Echo ausgel\u00f6st hat. An einem ganz normalen Wochenende 50 verletzte <a href=\"https:\/\/www.freiburg-schwarzwald.de\/blog\/selbsthilfe\/soziales\/justiz\/polizei\/polizeibeamte\/\">Polizeibeamte<\/a>, davon 3 schwer, dieser Dauerzustand kann so nicht akzeptiert werden.<!--more--><br \/>\n.<br \/>\n<em>Brandbrief des Polizeibeamten:<\/em><br \/>\n<em>\u201eIch schreibe diese Zeilen nicht aus Zorn, sondern aus Verzweiflung. Nicht als Funktion\u00e4r (der Gewerkschaft der Polizei \u2013 Anm. der Redaktion), sondern als Mitglied und Mensch. Als Berliner Polizist. Als einer von Tausenden, die jeden Tag auf den Stra\u00dfen dieser Stadt stehen und sich fragen, wie lange sie das noch k\u00f6nnen. Wir sch\u00fctzen diese Gesellschaft \u2013 aber wer sch\u00fctzt uns?<\/em><br \/>\n<em>Ich habe meinen Beruf gew\u00e4hlt, um Menschen zu helfen, Leben zu retten, Sicherheit zu geben. Doch immer h\u00e4ufiger k\u00e4mpfe ich nicht nur f\u00fcr andere, sondern ums eigene \u00dcberleben. Mein Kollege, der in Neuk\u00f6lln mit einem Messer verletzt wurde, ist kein Ausnahmefall, sondern ein weiteres verst\u00f6rendes Kapitel in einer langen Reihe von Gewalt gegen uns Einsatzkr\u00e4fte.<\/em><\/p>\n<p><em>Silvester 2023: Raketen prasselten auf unsere Einsatzwagen. Wir wurden beschimpft, bespuckt, gejagt. 125 dokumentierte Angriffe auf Polizei und Feuerwehr in einer Nacht \u2013 das ist keine Statistik, das sind Menschen. Kollegen, die blutend in Krankenwagen lagen, manche mit bleibenden Sch\u00e4den. Beim \u201aK\u00f6pi\u2018-Einsatz flogen Pflastersteine, Flaschen, Hass. 46 Verletzte. Die k\u00f6rperlichen Wunden heilen \u2013 der Vertrauensverlust bleibt.<\/em><br \/>\n<em>Und das sind keine Ausnahmen mehr: 2023 wurden allein in Berlin \u00fcber 2600 Polizistinnen und Polizisten t\u00e4tlich angegriffen. Das sind mehrere Attacken \u2013 an jedem einzelnen Tag.<\/em><\/p>\n<p><em>Was bleibt? Betroffenheit-Bekundungen. Pressemitteilungen. Schweigen. Aber Schweigen heilt keine Wunden. Und warme Worte sch\u00fctzen keine Wirbels\u00e4ule, wenn man am Boden liegt. Wir brauchen Konsequenzen. Klare Urteile. Schnellere Verfahren. Sch\u00e4rfere Gesetze. Mehr R\u00fcckhalt. Von Politik, von Justiz \u2013 und von der Gesellschaft, f\u00fcr die wir jeden Tag den Kopf hinhalten.<\/em><br \/>\n<em>Ein Angriff auf einen Polizisten ist ein Angriff auf den Rechtsstaat. Und wenn der Staat nicht reagiert \u2013 klar, schnell und unmissverst\u00e4ndlich \u2013, dann br\u00f6ckelt das Vertrauen. Dann w\u00e4chst das Gef\u00fchl, dass wir allein sind. Im Stich gelassen. Von genau denen, die uns R\u00fcckhalt versprechen.<\/em><br \/>\n<em>Ich will nicht, dass meine Kinder mich irgendwann fragen: \u201aWarum wirst du gehasst, wenn du hilfst?\u2018 Ich will nicht, dass noch mehr Kolleginnen und Kollegen im Krankenhaus aufwachen und sich fragen: \u201aWof\u00fcr riskiere ich mein Leben, wenn sich niemand mehr sch\u00fctzend vor mich stellt?\u2018<\/em><br \/>\n<em>Wir tragen die Verantwortung \u2013 ja. Aber wir tragen sie nicht mehr still. Und nicht mehr allein.\u201c<\/em><br \/>\n<em>Ende Brandbrief.<\/em><br \/>\n.<br \/>\n.<br \/>\nDie <a href=\"https:\/\/www.freiburg-schwarzwald.de\/blog\/selbsthilfe\/soziales\/justiz\/polizei\/polizeigewalt\/\">Polizei<\/a> vom anerkannten &#8222;Freund und Helfer&#8220; zum wehrlosen Pr\u00fcgelknaben. Dabei gilt nach wie vor: <strong>Jeder Angriff auf einen Polizeibeamten ist ein Angriff auf den <a href=\"https:\/\/www.freiburg-schwarzwald.de\/blog\/selbsthilfe\/soziales\/justiz\/rechtsstaat\/\">Rechtsstaat<\/a> bzw. die <a href=\"https:\/\/www.freiburg-schwarzwald.de\/blog\/engagement\/zukunft\/demokratie\/verfassung\/fdgo\/\">FDGO<\/a>.<\/strong><br \/>\nWarum werden alle diese Angriffe toleriert (2)?<br \/>\nWarum unterst\u00fctzen so viele Politiker die eigene Polizei nicht mehr? So vertritt die <a href=\"https:\/\/www.freiburg-schwarzwald.de\/blog\/selbsthilfe\/soziales\/justiz\/polizei\/polizeibeamte\/\">Jette Nietzard als Gr\u00fcne Jugend-Vorsitzende<\/a> unwidersprochen und bejubelt die Meinung \u201eAlle Bullen sind Schweine\u201c (ACAB)?<br \/>\nWarum werden Polizeibeamte, die sich gegen diese immense Verunsicherung wehren und Kritik \u00fcben, in die <a href=\"https:\/\/www.freiburg-schwarzwald.de\/blog\/engagement\/zukunft\/demokratie\/rechts\/rechte-ecke\/\">rechts Ecke<\/a> gestellt anstatt sie ernst zu nehmen?<br \/>\nWird die FDGO von den staatlichen Institutionen und Politikern selbst als wertlos erachtet &#8211; &#8222;wert&#8220;-los im wahrsten Sinne des Wortes? Wohin sollen diese Abwertung und dieser <a href=\"https:\/\/www.freiburg-schwarzwald.de\/blog\/engagement\/zukunft\/selbsthass\/\">Selbsthass<\/a> noch f\u00fchren?<br \/>\n30.5.2025<br \/>\n.<br \/>\nEnde von Beitrag &#8222;Polizei: Dein Freund und Helfer?&#8220;<br \/>\n=============================================================<br \/>\nBeginn von Anlagen (1) &#8211; (2<\/p>\n<p>.<br \/>\n<strong>(1) \u201eWir sch\u00fctzen diese Gesellschaft \u2013 aber wer sch\u00fctzt uns?\u201c<\/strong><br \/>\nPolizeipr\u00e4sidentin Barbara Slowik Meisel sprach k\u00fcrzlich im Innenausschuss von einem \u201eschwarzen Wochenende\u201c bei der Polizei \u2013 50 verletzte Beamte, 3 davon schwer. Ein Polizist, der anonym bleiben m\u00f6chte, hat jetzt seine Gedanken \u00fcber die zunehmende Gewalt aufgeschrieben. B.Z. dokumentiert seinen Brandbrief: Ein Pl\u00e4doyer, das aufr\u00fcttelt.<br \/>\n&#8230; &#8222;Ich schreibe &#8230;<br \/>\n&#8230; Alles vom 23.5.2025 bitte lesen auf<br \/>\n<a href=\"https:\/\/www.bz-berlin.de\/polizei\/brandbrief-polizist-berlin\">https:\/\/www.bz-berlin.de\/polizei\/brandbrief-polizist-berlin<\/a><br \/>\n.<br \/>\n.<br \/>\n<strong>(2) Brandbrief eines Polizisten: &#8222;Mitleid? Ja. Aber&#8230; &#8220; &#8211; Leserantwort<\/strong><br \/>\nDass Polizisten immer h\u00e4ufiger Opfer von \u00dcbergriffen werden, ist leider l\u00e4ngst keine Ausnahme mehr \u2013 sondern Alltag. Erst vor kurzem wurde ein Polizist in Berlin Neuk\u00f6lln lebensgef\u00e4hrlich verletzt.<br \/>\n<a href=\"https:\/\/www.tagesspiegel.de\/berlin\/polizist-vor-neukollner-wache-in-hals-gestochen-tater-wieder-freigelassen--spd-politiker-hat-dafur-uberhaupt-kein-verstandnis-13708156.html\">https:\/\/www.tagesspiegel.de\/berlin\/polizist-vor-neukollner-wache-in-hals-gestochen-tater-wieder-freigelassen&#8211;spd-politiker-hat-dafur-uberhaupt-kein-verstandnis-13708156.html<\/a><br \/>\nDer T\u00e4ter? Wieder auf freiem Fu\u00df. In Kreuzberg flogen bei einer Pal\u00e4stina-Demo Flaschen \u2013 zehn verletzte Polizisten. Am 26. Mai wurden zwei weitere Beamte bei Eins\u00e4tzen attackiert. <a href=\"https:\/\/www.zeit.de\/news\/2025-05\/27\/polizisten-bei-einsaetzen-angegriffen\">https:\/\/www.zeit.de\/news\/2025-05\/27\/polizisten-bei-einsaetzen-angegriffen<\/a> Ein weiterer Polizist in Wolfenb\u00fcttel wurde ins Gesicht geschlagen. <a href=\"https:\/\/www.ndr.de\/nachrichten\/niedersachsen\/braunschweig_harz_goettingen\/Wolfenbuettel-Polizist-durch-Schlaege-ins-Gesicht-verletzt,aktuellbraunschweig15536.html\">https:\/\/www.ndr.de\/nachrichten\/niedersachsen\/braunschweig_harz_goettingen\/Wolfenbuettel-Polizist-durch-Schlaege-ins-Gesicht-verletzt,aktuellbraunschweig15536.html<\/a> Auch wir haben regelm\u00e4\u00dfig \u00fcber solche F\u00e4lle berichtet \u2013 etwa hier <a href=\"https:\/\/reitschuster.de\/post\/brandanschlag-auf-die-polizei-und-keiner-spricht-von-terror\/\">https:\/\/reitschuster.de\/post\/brandanschlag-auf-die-polizei-und-keiner-spricht-von-terror\/<\/a> und hier <a href=\"https:\/\/reitschuster.de\/post\/46-218-gewalttaten-gegen-polizisten-im-vergangenen-jahr\/\">https:\/\/reitschuster.de\/post\/46-218-gewalttaten-gegen-polizisten-im-vergangenen-jahr\/<\/a> .<br \/>\n&#8230;<br \/>\nDoch so oft wir auch \u00fcber solche Vorf\u00e4lle berichten \u2013 die Reaktionen unserer Leser zeigen: Das Vertrauen in die Polizei ist in Teilen der Bev\u00f6lkerung massiv ersch\u00fcttert. Aussagen wie \u201eMein Mitleid h\u00e4lt sich in Grenzen\u201c sind keine Ausrei\u00dfer. Sie spiegeln eine wachsende Distanz wider \u2013 gen\u00e4hrt durch eigene Erfahrungen, besonders w\u00e4hrend der Corona-Jahre. \u201eIch will nicht, dass meine Kinder mich irgendwann fragen: \u201aWarum wirst du gehasst, wenn du hilfst?\u2018\u201c, schreibt der Polizist.<br \/>\nAuf diese Frage m\u00f6chten wir eine Antwort geben. Eine Antwort eines Lesers, der sie uns anonym geschickt hat. Sie ist pers\u00f6nlich, offen und unbequem. Und ein ehrliches Zeugnis daf\u00fcr, wie tief der Graben inzwischen reicht \u2013 zwischen den Polizisten und jenen, die sich fr\u00fcher einmal von ihnen besch\u00fctzt wussten.<\/p>\n<p><em>Leserantwort:<\/em><br \/>\n<em>&#8222;Lieber Polizist, Liebe Polizeibeamten,<\/em><br \/>\n<em>heute habe ich den anonymen Brief gelesen. Ich sehe mich als einen Menschen, als einen B\u00fcrger aus der Mitte der Gesellschaft. Manche politischen Akteure hingegen, w\u00fcrden mich vermutlich als Nazi, als rechtsradikalen schwurbelnden Verschw\u00f6rungstheoretiker bezeichnen.<\/em><br \/>\n<em>Wenn ich die Angriffe auf Euch, die Feuerwehr oder sonstige Einsatzkr\u00e4fte sehe, bleibt mir das Herz stehen. Ihr wurdet von der Politik verraten und verkauft. Ich verstehe Ihre Verzweiflung und Sorge, denn ich w\u00fcnsche, dass Sie und alle anderen am Ende des Tages wohlbehalten und gesund zu Ihren Familien zur\u00fcck kehren. Und gleichzeitig sp\u00fcre ich eine Distanz zu Euch, den Polizisten. Fr\u00fcher, vor Corona, wart Ihr der \u201eFreund und Helfer\u201c. Heute seid Ihr f\u00fcr mich fast nur noch \u201eStrafverfolgungsbeh\u00f6rde\u201c. Eine Beh\u00f6rde die die willk\u00fcrlichen Befehle aus Politik und der Staatsanwaltschaft ausf\u00fchrt. Menschen \u201ejagt\u201c die unappetitliche Lieder singen, die aber vom Grundgesetz erlaubt und vom Bundesverfassungsgericht als freie Meinungs\u00e4u\u00dferung erlaubt sind.<\/em><br \/>\n<em>Ich habe noch die Bilder vor meinen Augen, als Ihre Kollegen zu Fu\u00df fliehenden Menschen mit dem Einsatzwagen hinterher gefahren sind. Verh\u00e4ltnism\u00e4\u00dfigkeit? Davon war keine Rede! Wie \u00e4ltere Menschen, als sie gegen die Corona-Ma\u00dfnahmen demonstrierten, eingekesselt wurden. Mein Vertrauen, hat die Polizei \u2013 deutschlandweit \u2013 so ziemlich verloren. Damit wir uns nicht falsch verstehen, jeder Angriff auf Euch geh\u00f6rt bestraft. Hart bestraft.&#8220;<\/em><br \/>\n<em>Ende Leserantwort<\/em><br \/>\n&#8230; Alles vom 29.5.2025 von Ekaterina Quehl bitte lesen auf<br \/>\n<a href=\"https:\/\/reitschuster.de\/post\/brandbrief-eines-polizisten-mitleid-ja-aber\/\">https:\/\/reitschuster.de\/post\/brandbrief-eines-polizisten-mitleid-ja-aber\/<\/a><\/p>\n","protected":false},"excerpt":{"rendered":"<p>Ein Berliner Polizist hat in seiner Verzweiflung einen Brandbrief an die Beh\u00f6rden von Berlin geschrieben, der auch nach der Ver\u00f6ffentlichung in der B.Z. (1) leider kein gro\u00dfes Echo ausgel\u00f6st hat. An einem ganz normalen Wochenende 50 verletzte Polizeibeamte, davon 3 &hellip; <a href=\"https:\/\/www.freiburg-schwarzwald.de\/blog\/polizei-dein-freund-und-helfer\/\">Weiterlesen <span class=\"meta-nav\">&rarr;<\/span><\/a><\/p>\n","protected":false},"author":2,"featured_media":0,"comment_status":"open","ping_status":"closed","sticky":false,"template":"","format":"standard","meta":{"footnotes":""},"categories":[36,210,63,13,80,157],"tags":[281,633,732,405,793,631],"class_list":["post-134604","post","type-post","status-publish","format-standard","hentry","category-engagement","category-gewalt","category-krise","category-kultur","category-medien","category-oeffentlicher-raum","tag-burgerinitiativen","tag-demokratie","tag-gewalt","tag-polizei","tag-rechtsstaat","tag-staat"],"_links":{"self":[{"href":"https:\/\/www.freiburg-schwarzwald.de\/blog\/wp-json\/wp\/v2\/posts\/134604","targetHints":{"allow":["GET"]}}],"collection":[{"href":"https:\/\/www.freiburg-schwarzwald.de\/blog\/wp-json\/wp\/v2\/posts"}],"about":[{"href":"https:\/\/www.freiburg-schwarzwald.de\/blog\/wp-json\/wp\/v2\/types\/post"}],"author":[{"embeddable":true,"href":"https:\/\/www.freiburg-schwarzwald.de\/blog\/wp-json\/wp\/v2\/users\/2"}],"replies":[{"embeddable":true,"href":"https:\/\/www.freiburg-schwarzwald.de\/blog\/wp-json\/wp\/v2\/comments?post=134604"}],"version-history":[{"count":5,"href":"https:\/\/www.freiburg-schwarzwald.de\/blog\/wp-json\/wp\/v2\/posts\/134604\/revisions"}],"predecessor-version":[{"id":134611,"href":"https:\/\/www.freiburg-schwarzwald.de\/blog\/wp-json\/wp\/v2\/posts\/134604\/revisions\/134611"}],"wp:attachment":[{"href":"https:\/\/www.freiburg-schwarzwald.de\/blog\/wp-json\/wp\/v2\/media?parent=134604"}],"wp:term":[{"taxonomy":"category","embeddable":true,"href":"https:\/\/www.freiburg-schwarzwald.de\/blog\/wp-json\/wp\/v2\/categories?post=134604"},{"taxonomy":"post_tag","embeddable":true,"href":"https:\/\/www.freiburg-schwarzwald.de\/blog\/wp-json\/wp\/v2\/tags?post=134604"}],"curies":[{"name":"wp","href":"https:\/\/api.w.org\/{rel}","templated":true}]}}