{"id":134321,"date":"2025-05-23T12:54:24","date_gmt":"2025-05-23T10:54:24","guid":{"rendered":"https:\/\/www.freiburg-schwarzwald.de\/blog\/?p=134321"},"modified":"2025-05-23T21:44:54","modified_gmt":"2025-05-23T19:44:54","slug":"medienluege-zu-bidens-demenz","status":"publish","type":"post","link":"https:\/\/www.freiburg-schwarzwald.de\/blog\/medienluege-zu-bidens-demenz\/","title":{"rendered":"Medienl\u00fcge zu Biden&#8217;s Demenz"},"content":{"rendered":"<p><a href=\"https:\/\/www.freiburg-schwarzwald.de\/blog\/global\/usa\/biden\/\">Joe Biden<\/a> tut mir leid. Der alte Mann wurde jahrelang von den <a href=\"https:\/\/www.freiburg-schwarzwald.de\/blog\/usa-aufbruch-ja-spaltung-nein\/\">Democrats<\/a> des eigenen Machterhalts wegen <a href=\"https:\/\/www.freiburg-schwarzwald.de\/blog\/kultur\/medien\/instrumentalisierung\/\">instrumentalisiert<\/a>. Was aufgrund seiner fortschreitenden <a href=\"https:\/\/www.freiburg-schwarzwald.de\/blog\/selbsthilfe\/chronisch\/demenz\/\">Demenz<\/a> auch klappte. Die Regierungsgesch\u00e4fte f\u00fchrten die Parteileute, er selbst diente nur als Marionette. Ein sch\u00e4ndliches Projekt, <!--more-->das dank des in den <a href=\"https:\/\/www.freiburg-schwarzwald.de\/blog\/global\/usa\/usa-trump\/\">USA<\/a> damals (noch?) funktionierenden Kartells von <a href=\"https:\/\/www.freiburg-schwarzwald.de\/blog\/kultur\/medien\/medien-politik\/\">Politik + Medien<\/a> funktionierte. Die reichweitenstarken Medien machten mit &#8211; oder waren sie gar selbst die Politikmacher?<br \/>\n.<br \/>\nErst das im April 2025 erschienene Buch von Jake Tapper und Alex Thompson &#8222;Original Sin: President Biden&#8217;s Decline, Its Cover-Up, and His Disastrous Choice to Run Again&#8220; (deutscher Titel &#8222;Hybris &#8211; Verfall, Vertuschung und Joe Bidens verh\u00e4ngnisvolle Entscheidung&#8220;) lie\u00df die mediale L\u00fcge um Joe Biden endlich platzen &#8211; in den USA wie im Ausland.<\/p>\n<p>Argonerd zeigt auf, wie die gleichen <a href=\"https:\/\/www.freiburg-schwarzwald.de\/blog\/kultur\/medien\/journalismus\/\">Journalisten<\/a> einmal so und einmal so \u00fcber Biden berichteten (4), wie es eben gerade passt. <a href=\"https:\/\/www.freiburg-schwarzwald.de\/blog\/kultur\/medien\/journalismus\/erziehungsjournalismus\/\">Erziehungsjournalismus<\/a> , <a href=\"https:\/\/www.freiburg-schwarzwald.de\/blog\/kultur\/medien\/journalismus\/staatsjournalismus\/\">Staatsjournalismus<\/a> bzw. <a href=\"https:\/\/www.freiburg-schwarzwald.de\/blog\/kultur\/medien\/journalismus\/haltungsjournalismus\/\">Gef\u00e4lligkeitsjournalismus<\/a> eben, aber kein <a href=\"https:\/\/www.freiburg-schwarzwald.de\/blog\/kultur\/medien\/vierte-gewalt\/\">Vierte Gewalt<\/a>-Journalismus, der das Zusammenspiel der drei Gewalten Legislative, Juresdiktion und Exekutive kontrolliert, nicht aber applaudiert.<\/p>\n<p>Auch Doris Simon, US-Korrespondentin des <a href=\"https:\/\/www.freiburg-schwarzwald.de\/blog\/kultur\/medien\/oerr\/\">Deutschlandfunks (DLF)<\/a>, hat jahrelang den Konsumenten des deutschen <a href=\"https:\/\/www.freiburg-schwarzwald.de\/blog\/kultur\/medien\/mainstream\/\">Qualit\u00e4tsjournalismus<\/a> von der top Fitness und dem jugendlichen Elan des Joe Biden <a href=\"https:\/\/www.freiburg-schwarzwald.de\/blog\/kultur\/medien\/desinformation\/falschmeldung\/\">berichtet<\/a>. Denn alles andere durfte nicht sein, sondern ist <a href=\"https:\/\/www.freiburg-schwarzwald.de\/blog\/kultur\/medien\/verschwoerungstheorien\/\">Verschw\u00f6rungstheorie<\/a> von irgendwelchen <a href=\"https:\/\/www.freiburg-schwarzwald.de\/blog\/engagement\/zukunft\/demokratie\/rechts\/rechts-links\/\">Rechten<\/a> und w\u00fcrde nur dem Biden&#8217;s Rivalen <a href=\"https:\/\/www.freiburg-schwarzwald.de\/blog\/global\/usa\/trump\/\">Trump<\/a> n\u00fctzen. Hier ist die billige Entschuldigung einer Journalistin, bei der jahrelang das bequeme Nachplappern die m\u00fchsame Recherche ersetzt hat: <em>\u201eIch habe mir nicht vorstellen k\u00f6nnen, dass Bidens Abbau so systematisch verheimlicht worden ist\u201d<\/em> &#8211; siehe Anlage (5) unten.<br \/>\nUnd was folgt nun? R\u00fccktritt beim DLF aus <a href=\"https:\/\/www.freiburg-schwarzwald.de\/blog\/engagement\/verantwortung\/\">Verantwortung<\/a> und Wechsel zum alternativen rechercheorientierten Journalismus der alten Schule \u00e0 la <a href=\"https:\/\/www.freiburg-schwarzwald.de\/blog\/kultur\/medien\/journalismus\/ausgewogenheit\/\">Hans Joachim Friedrichs<\/a>? Oder aber Weitermachen mit dem bequemen <a href=\"https:\/\/www.freiburg-schwarzwald.de\/blog\/kultur\/medien\/journalismus\/haltungsjournalismus\/\">Haltungsjournalismus<\/a>?<br \/>\n23.5.2025<br \/>\n.<br \/>\nEnde von Beitrag &#8222;Medienl\u00fcge zu Biden&#8217;s Demenz&#8220;<br \/>\n==============================================================<br \/>\nBeginn von Anlage (1) &#8211; (5)<br \/>\n.<\/p>\n<p><strong>(1) Die Demenz der Qualit\u00e4tspresse<\/strong><br \/>\nViele sogenannte Qualit\u00e4tsmedien stellen nach f\u00fcnf Jahren \u00fcberrascht fest, dass Joe Biden schon seit langem nicht mehr regierungsf\u00e4hig war. Das zeigt, dass sie selbst l\u00e4ngst unter Symptomen einer Wahrnehmungsst\u00f6rung leiden.<br \/>\nJetzt ist die Emp\u00f6rung gro\u00df. Jetzt, wo Joe Biden nicht mehr der Pr\u00e4sident der USA ist, titelt Die Welt voller Emp\u00f6rung \u00fcber das \u201eSystem des Verschweigens\u201c und \u00fcber die Vertuschung der Senilit\u00e4t Joe Bidens. Jetzt, wo es kaum noch zu leugnen ist, weil selbst hochrangige Demokraten hinter vorgehaltener Hand erkl\u00e4ren, dass Joe Biden kaum mehr einen zusammenh\u00e4ngenden Satz formulieren kann, will man sich bei Die Welt als Aufkl\u00e4rer inszenieren, als Warner, als Stimme der Vernunft.<br \/>\nDoch die Wahrheit ist: Die WELT,<br \/>\n<a href=\"https:\/\/www.welt.de\/politik\/ausland\/plus256139296\/Unfaehig-zum-Regieren-Das-Netzwerk-das-die-gesamte-Welt-getaeuscht-hat.html\">https:\/\/www.welt.de\/politik\/ausland\/plus256139296\/Unfaehig-zum-Regieren-Das-Netzwerk-das-die-gesamte-Welt-getaeuscht-hat.html<\/a> und mit ihr zahllose andere Medien, hat nicht nur mitgemacht bei der systematischen Verharmlosung des geistigen Zustands des US-Pr\u00e4sidenten, sie hat aktiv mitgewirkt. Sie hat jeden, der es gewagt hat, die offensichtlichen Anzeichen anzusprechen, diffamiert, l\u00e4cherlich gemacht, als Spinner, Rechter, Verschw\u00f6rungstheoretiker oder als \u201eageist\u201c beschimpft.<br \/>\n&#8230;<br \/>\nUnd die lieben Kollegen? Sie haben ihre Aufgabe verraten. Die Aufgabe der Presse besteht nicht darin, Pr\u00e4sidenten zu schonen, sondern Wahrheit ans Licht zu bringen, unabh\u00e4ngig davon, ob sie einer gew\u00fcnschten politischen Richtung entspricht oder nicht.<br \/>\nWir wurden belogen: Doch genau das ist offenbar nicht mehr die Mission von vielen Kollegen. Sie glauben, sie m\u00fcssten den Diskurs \u201ekorrigieren\u201c, gef\u00e4hrliche Gedanken \u201eneutralisieren\u201c und, wenn n\u00f6tig, Tatsachen verschweigen, um ein \u201eh\u00f6heres Ziel\u201c zu sch\u00fctzen. Sie betreiben nicht Journalismus, sondern politische Einrahmung. Sie liefern keine Informationen, sie liefern Haltungsanleitungen.<br \/>\n&#8230;<br \/>\nEs ist pervers, wie dieselben Medien, die ihn jahrelang als unangreifbar gesch\u00fctzt haben, sich nun auf ihn st\u00fcrzen, nicht mehr um ihn zu verteidigen, sondern um ihre eigene Rolle zu verschleiern. Deshalb tue ich heute das Gegenteil von dem, was diese Medien jetzt tun: Ich mache nicht mit. Ich hetze nicht nachtr\u00e4glich mit. Ich sage stattdessen: Gute Besserung, Joe Biden, und Ihrer Familie viel Kraft im gemeinsamen Kampf gegen den Krebs.<br \/>\n&#8230; Alles vom 21.5.2025 von Gerd Buurmann bitte lesen auf <a href=\"https:\/\/www.achgut.com\/artikel\/die_demenz_der_qualitaetspresse#google_vignette\">https:\/\/www.achgut.com\/artikel\/die_demenz_der_qualitaetspresse<\/a><br \/>\n.<br \/>\n.<br \/>\n<strong>(2) Joe Biden: Wie sein Gesundheitszustand systematisch vertuscht wurde<\/strong><br \/>\nHannah Arendt wusste um die Verletzbarkeit der Wahrheit im politischen Kampf: Gezielte Irref\u00fchrungen und blanke L\u00fcgen als legitime Mittel zur Erreichung politischer Zwecke kennen wir seit den Anf\u00e4ngen der \u00fcberlieferten Geschichte. Sie ging in ihren Schriften davon aus, dass die Wahrheit kein eigenes Recht besitze und oft ohnm\u00e4chtig sei \u2013 \u201eau\u00dfer dort, wo Menschen den Mut haben, sie zu sagen\u201c.<br \/>\n&#8230;<br \/>\nDer ehemalige US-Pr\u00e4sident war schon lange vor seinem Abgang zu alt, zu vergesslich, zu gebrechlich, zu unfit f\u00fcr den Job im Oval Office. Aber alle schwiegen \u2013 die Medien, das Wei\u00dfe Haus, die Demokratische Partei. Ein schwer angeschlagener Greis mit nur noch reduziertem Erinnerungsverm\u00f6gen und limitierter Auffassungsgabe stapfte durch den Wahlkampf. Erst beim Pr\u00e4sidentschaftsduell, als kein Souffleur und kein Teleprompter zur Verf\u00fcgung standen, brach die Inszenierung zusammen.<br \/>\nIn ihrem gestern erschienenen Buch \u201eHybris: Verfall, Vertuschung und Joe Bidens verh\u00e4ngnisvolle Entscheidung\u201c schildern die Journalisten Jake Tapper und Alex Thompson, wie die Medien und das Wei\u00dfe Haus gemeinsam die gro\u00dfe Vertuschungsaktion durchf\u00fchrten. Das Ganze begann schon Jahre vor dem Wahltag.<br \/>\n&#8230; Alles vom 21.5.2025 bitt lesen auf <a href=\"https:\/\/www.thepioneer.de\/originals\/thepioneer-briefing-business-class-edition\/briefings\/joe-biden-wie-sein-gesundheitszustand-systematisch-vertuscht-wurde\">https:\/\/www.thepioneer.de\/originals\/thepioneer-briefing-business-class-edition\/briefings\/joe-biden-wie-sein-gesundheitszustand-systematisch-vertuscht-wurde<\/a><br \/>\n.<br \/>\n.<br \/>\n<strong>(3) Die gro\u00dfe Biden-Vertuschung: Ein Skandal in Zeitlupe<\/strong><br \/>\n&#8230; Es war, als h\u00e4tte man eine schlechte Theaterauff\u00fchrung inszeniert und gehofft, das Publikum w\u00fcrde die offensichtlichen Patzer nicht bemerken. Nun kommt nach und nach ans Licht, wie skrupellos und professionell dabei vorgegangen wurde. Aktuelle Berichte wie etwa von \u201cBild\u201d <a href=\"https:\/\/www.bild.de\/politik\/ausland-und-internationales\/joe-biden-wie-berater-und-familie-ihn-ins-amt-druecken-wollten-682c2ed8308d433b5abe37d2\">https:\/\/www.bild.de\/politik\/ausland-und-internationales\/joe-biden-wie-berater-und-familie-ihn-ins-amt-druecken-wollten-682c2ed8308d433b5abe37d2<\/a> legen dies nun schonungslos offen und st\u00fctzen sich auf neue B\u00fccher, die enth\u00fcllen, wie Bidens Berater seinen \u201egeistigen und k\u00f6rperlichen Verfall\u201c systematisch verschleierten.<br \/>\n&#8230;<br \/>\nBei deutschen Journalisten wie etwa dem ZDF-US-Korrespondenz Elmar Theve\u00dfen fiel dieser Schwindel auf so fruchtbaren Boden, dass er die L\u00fcgen daheim gleich weiterverbreitete. Zum US-Wahlkampf vergangenes Jahr teilte er dem deutschen TV-Publikum mit, Biden sei \u201cgeistig voll da\u201d und \u201chellwach\u201d. Theve\u00dfen ernsthaft: \u201cSo erleben wir Journalisten ihn.\u201d Doch auch deutsche Politiker bereinigten sich an dieser modernen Adaption von Anderssons M\u00e4rchen des Kaisers ohne Kleider; so muss man Olaf Scholz fast bewundern f\u00fcr die Chuzpe, mit der er im Sommer 2024 nach einem USA-Besuch verk\u00fcndete, Joe Biden sei \u201etopfit\u201c. Zu diesem Zeitpunkt war Biden 81 Jahre alt, hatte einen Wahlkampf abgebrochen und k\u00e4mpfte \u00f6ffentlich mit Ged\u00e4chtnisl\u00fccken \u2013 etwa, als er verstorbene politische Weggef\u00e4hrten gr\u00fc\u00dfte, den Faden verlor oder den l\u00e4ngst verblichenen Helmut Kohl mit Angela Merkel verwechselte.<br \/>\n&#8230;<br \/>\nSchlie\u00dfen m\u00f6chte ich mit einem Tweet, den ich auf X ver\u00f6ffentlichte: \u201cDass sich der Mainstream nun \u00fcber die gro\u00dfe Biden-Vertuschung echauffiert, ist an Dreistigkeit kaum zu \u00fcberbieten, Freunde \u2026 Selbst eher konservative Bl\u00e4tter wie Bild und Welt\u201d waren an der Vertuschung federf\u00fchrend beteiligt (in Deutschland zumindest). Bereits bevor Biden zum Pr\u00e4sidenten gew\u00e4hlt wurde, gingen Videos viral, in denen er auf Wahlkampfveranstaltungen Menschen begr\u00fc\u00dfte, die l\u00e4ngst verstorben waren! Wir haben diese Videos verbreitet, drauf hingewiesen, dass der Mann schwer krank ist. Hat den Mainstream nicht interessiert. Im Gegenteil, er diffamierte Leute wie mich als Schwurbler und rechten Verschw\u00f6rungstheoretiker.\u201d<br \/>\n<a href=\"https:\/\/x.com\/oliverflesch69\/status\/1924943948570583142?s=61\">https:\/\/x.com\/oliverflesch69\/status\/1924943948570583142?s=61<\/a><br \/>\n.<br \/>\n&#8230; Alles vom 22.5.2025 von Oliver Flesch bitte lesen auf<br \/>\n<a href=\"https:\/\/ansage.org\/die-grosse-biden-vertuschung-ein-skandal-in-zeitlupe\/\">https:\/\/ansage.org\/die-grosse-biden-vertuschung-ein-skandal-in-zeitlupe\/<\/a><br \/>\n.<br \/>\n.<br \/>\n<strong>(4) Wahre Gr\u00f6\u00dfe ist m\u00f6glich (Argonerd macht\u2019s vor)<\/strong><br \/>\nWarum sind Linke so w\u00fctend auf Argonerd? Weil er ihre L\u00fcgen dokumentiert. Weil er die Geschichte der \u00bblinken\u202f\u00ab Zeit als Geschichte der L\u00fcgen schreibt \u2013 mit Originalzitaten als Beleg. Und weil er allen vor Augen f\u00fchrt, wie erb\u00e4rmlich deren Tun doch ist.<br \/>\n&#8230;<\/p>\n<div id=\"attachment_134320\" style=\"width: 810px\" class=\"wp-caption alignnone\"><a href=\"https:\/\/www.freiburg-schwarzwald.de\/blog\/wp-content\/uploads\/2025\/05\/biden2024-2025manipulation.jpg\"><img loading=\"lazy\" decoding=\"async\" aria-describedby=\"caption-attachment-134320\" class=\"size-full wp-image-134320\" src=\"https:\/\/www.freiburg-schwarzwald.de\/blog\/wp-content\/uploads\/2025\/05\/biden2024-2025manipulation.jpg\" alt=\"\" width=\"800\" height=\"745\" srcset=\"https:\/\/www.freiburg-schwarzwald.de\/blog\/wp-content\/uploads\/2025\/05\/biden2024-2025manipulation.jpg 800w, https:\/\/www.freiburg-schwarzwald.de\/blog\/wp-content\/uploads\/2025\/05\/biden2024-2025manipulation-640x596.jpg 640w, https:\/\/www.freiburg-schwarzwald.de\/blog\/wp-content\/uploads\/2025\/05\/biden2024-2025manipulation-180x168.jpg 180w, https:\/\/www.freiburg-schwarzwald.de\/blog\/wp-content\/uploads\/2025\/05\/biden2024-2025manipulation-768x715.jpg 768w\" sizes=\"auto, (max-width: 800px) 100vw, 800px\" \/><\/a><p id=\"caption-attachment-134320\" class=\"wp-caption-text\">Medien-L\u00fcge: Der arme alte Biden wurde jahrelang missbraucht<\/p><\/div>\n<p>In einigen F\u00e4llen aber wird die Arbeit des Argonerd extra brutal. Etwa heute (und der heutige Fall stie\u00df mich zu diesem Lobpreis an). Heute (@argonerd, 22.05.2025) publiziert Argonerd zwei Screenshots von welt.de. Erst welt.de, 02.02.2024: \u00bbNein, Joe Biden ist nicht senil\u00ab.<br \/>\nUnd dann welt.de, 22.05.2025: \u00bbUnter dem Jackett nichts als Knochen, der alte Mann war nur noch ein Skelett\u00ab.<br \/>\nIn beiden F\u00e4llen aber, und da wird die Angelegenheit geradezu elegant, ist der Autor dieselbe eine Person.<br \/>\n&#8230; Alles vom 22.5.2025 bitte lesen auf<br \/>\n<a href=\"https:\/\/www.dushanwegner.com\/argonerd-ist-gross\/\">https:\/\/www.dushanwegner.com\/argonerd-ist-gross\/<\/a><br \/>\n.<br \/>\n.<br \/>\n<strong>(5) \u00d6RR zu falscher Biden-Berichterstattung: Die Minute der Ehrlichkeit<\/strong><br \/>\nDoris Simon \u00fcbt im Deutschlandfunk Selbstkritik. Ihre Berichterstattung zu Joe Bidens Gesundheit sei \u201canders\u201d gewesen als die Realit\u00e4t. Verbl\u00fcffend, wer schuld daran sein soll.<br \/>\n&#8230;.<br \/>\nWarum hat die \u00f6ffentlich-rechtliche Journalistin Doris Simon so lange geschlafen? Simon arbeitet als US-Korrespondentin f\u00fcr den Deutschlandfunk. Da liegt es nahe, Donald Trump die Schuld daran zu geben \u2013 und genau das tut Simon. Trump und seine Anh\u00e4nger h\u00e4tten schon im Wahlkampf von 2020 auf Bidens offensichtliche Demenz hingewiesen \u2013 da habe es f\u00fcr sie nahegelegen, dass als Propaganda einzuordnen. Sagt Simon. Klingt nach einer schwachen Ausrede. Ist es auch \u2013 doch es ist auch eben mehr.<br \/>\n.<br \/>\nDoris Simon gibt da unfreiwillig einen Offenbarungseid des \u00f6ffentlich-rechtlichen Journalismus ab. Einen Offenbarungseid des Haltungsjournalismus. \u00dcber Jahre war das Internet voll mit Auftritten, die Bidens verst\u00e4rkte Demenz zunehmend offensichtlicher zeigten. Simon war bei einigen dieser Auftritte sogar vor Ort. Doch Brechts kirchlicher Inquisitor weigert sich auf die Sonnenflecken zu schauen, weil sie das Dogma widerlegen w\u00fcrden. Und genau so hat sich Simon geweigert, auf die offensichtliche Demenz Bidens zu schauen, weil die Erkenntnis dem von ihr so oft verschm\u00e4hten Gegenkandidaten Trump genutzt h\u00e4tte.<br \/>\nDann versucht sich Simon weiter aus ihrem journalistischen Versagen herauszureden, indem sie anderen die Schuld gibt. Doch dabei macht sie immer deutlicher, wie systematisch schlecht ihr Journalismus ist. Wie wenig Simons Treiben \u00fcberhaupt mit dem Kerngedanken des Journalismus, der Vierten Gewalt in der Demokratie, zu tun hat: Sie habe Bidens Zustand nicht erkennen k\u00f6nnen, behauptet Simon, weil in seinen Auftritten \u201calles choreografiert\u201d gewesen sei, sagt Simon: \u201eIch habe mir nicht vorstellen k\u00f6nnen, dass Bidens Abbau so systematisch verheimlicht worden ist.\u201d<br \/>\nDamit offenbart Simon ihre Haltung im Haltungsjournalismus. Da steht einerseits ein offensichtlich dementes Staatsoberhaupt. Doch dessen Apparat sagt ihr, der sei gesund. Die \u00f6ffentlich-rechtliche Journalistin hinterfragt die Aussage der Regierung nicht. Obwohl ihr das Gegenteil ins Auge sticht. Simon kontrolliert nicht als Vierte Gewalt die anderen drei Gewalten \u2013 sie dient diesen nur als Lautsprecher. Die Administration Bidens hat gesagt, er sei gesund, also war er f\u00fcr Simon gesund. Wer wei\u00df, was sie berichtet h\u00e4tte, wenn seine Leute behauptet h\u00e4tten, die Sonne dreht sich um die Erde.<br \/>\n&#8230;<br \/>\nImmer tun \u00f6ffentlich-rechtliche Journalisten das mit dem Dogma der eigenen Unfehlbarkeit. Einhergehend mit der Abkanzlung Ungl\u00e4ubiger: Wer keine stromproduzierenden Fernseher produziert, ist ein Rassist. Wer es f\u00fcr denkbar h\u00e4lt, dass das Corona-Virus einem Labor in Wuhan entsprungen ist, ist ein Verschw\u00f6rungstheoretiker. Oder wer Merkels Einwanderungspolitik hinterfragt, verbreitet Hass und Hetze. Immer sind \u00f6ffentlich-rechtliche Journalisten selbst unfehlbar. Immer sind alle schlechte Menschen, die diese Unfehlbarkeit bezweifeln oder ad absurdum f\u00fchren. Bis auf die kurze ehrliche Minute, in der die Journalisten dann eingestehen, erst sp\u00e4t aufgewacht zu sein. Aber hey. Wer h\u00e4tte die Vertuschung ahnen k\u00f6nnen, da sie die Biden-Administration doch so systematisch betrieben hat? Was Doris Simon nicht versteht: F\u00fcr eine Journalistin ist es keine Entschuldigung, sich von den M\u00e4chtigen systematisch t\u00e4uschen zu lassen \u2013 es ist der Vorwurf.<br \/>\n&#8230; Alles vom 20.5.2025 von Mario Thurnes bitte lesen auf<br \/>\n<a href=\"https:\/\/www.tichyseinblick.de\/daili-es-sentials\/oerr-falsche-biden-berichterstattung-minute-der-ehrlichkeit\/\">https:\/\/www.tichyseinblick.de\/daili-es-sentials\/oerr-falsche-biden-berichterstattung-minute-der-ehrlichkeit\/<\/a><br \/>\n.<br \/>\nEinige Kommentare:<br \/>\nDas sind die \u00d6ffentlichen Medien, die nur die \u201eUnseredemokratie\u201c und antifaschistische \u201eunwiderlegbare Fakten\u201c verbreiten. Sorry, glaube der Dame kein Wort. Warum hat sie damals keine Kritik ge\u00e4u\u00dfert? Beim n\u00e4chsten gro\u00dfen Problem f\u00e4llt sie wieder um, wie Merz. Ich sage nur \u201eHauptstrom\u201c Sabine<br \/>\n.<br \/>\nWenn man sich \u00fcberlegt , dass diese demente Tattergreis die Atomschl\u00fcssel hatte und den Ukraine Krieg ma\u00dfgeblich mit bef\u00f6rdert hat. Dazu die Korruption mit seinem drogenabh\u00e4ngigen Sohn. Hugo<br \/>\n.<br \/>\n\u201eDie US-Korrespondentin des Deutschlandfunks gibt zu, mit ihrer eigenen Berichterstattung zum Gesundheitszustand des seinerzeit amtierenden US-Pr\u00e4sidentin habe sie ein \u201csp\u00e4tes Aufwachen\u201d erlebt.\u201c Morbus Biden kann einen offenbar auch in j\u00fcngeren Jahren heimsuchen. Respekt vor so viel Mut, die eigene Behinderung \u00f6ffentlich zu machen. Mich w\u00fcrde interessieren, welches Medikament ihr da beim Aufwachen geholfen hat. Judith<br \/>\n.<br \/>\nEine gescheiterte Energiewende, eine dumme Zuwanderungspolitik, eine menschenverachtende Corona-Politik und ein vom Westen provozierter Krieg gegen Russland: Die Unf\u00e4higkeit von Journalisten wie Frau Simon vom Deutschlandfunk zur vorurteilsfreien Wahrnehmung der Realit\u00e4t zeigt sich nicht nur bei der Beurteilung der Zurechnungsf\u00e4higkeit von Politikern. Zu \u201esp\u00e4tes Aufwachen\u201c kann in den Untergang f\u00fchren \u2013 deutsche Journalisten sollten das wissen. Bei Themen wie Armut oder Wohlstand, Leben oder Tod, Gesundheit oder Krankheit und Krieg oder Frieden ist Realit\u00e4tsverlust verh\u00e4ngnisvoll. HDieckmann<br \/>\n.<br \/>\nAber Elmar Theve\u00dfen hat doch bei Lanz gesagt, dass Biden topfit sei und er wei\u00df doch immer so gut Bescheid, soll das hei\u00dfen, dass das jetzt alles nicht mehr stimmt, dass Trump vielleicht gar nicht durchgeknallt ist, dass wir das Klima gar nicht beeinflussen k\u00f6nnen, dass die AfD wom\u00f6glich gar nicht rechts extrem ist? Das ist jetzt alles zu viel f\u00fcr mich. Rehmstack<br \/>\n.<br \/>\n<em><strong>Eine Haltungsjournalistin vereint Legisative (\u201eich sage, was Gesetz ist\u201c), Judikative (\u201eich verurteile\u201c) und Exekutive (\u201emein Text sei Strafe\u201c). Ihre Haltung ist der Kaefig, in dem die Meinungsfreiheit stirbt. Die Hoheit darueber liegt bei der Propaganda.<\/strong><\/em> Little<br \/>\nEnde Kommentare<\/p>\n","protected":false},"excerpt":{"rendered":"<p>Joe Biden tut mir leid. Der alte Mann wurde jahrelang von den Democrats des eigenen Machterhalts wegen instrumentalisiert. Was aufgrund seiner fortschreitenden Demenz auch klappte. Die Regierungsgesch\u00e4fte f\u00fchrten die Parteileute, er selbst diente nur als Marionette. Ein sch\u00e4ndliches Projekt,<\/p>\n","protected":false},"author":2,"featured_media":0,"comment_status":"open","ping_status":"closed","sticky":false,"template":"","format":"standard","meta":{"footnotes":""},"categories":[21,52,162,13,98,80],"tags":[31,710,439,683,720,759,545],"class_list":["post-134321","post","type-post","status-publish","format-standard","hentry","category-dienste","category-einewelt","category-internet","category-kultur","category-literatur","category-medien","tag-fruherziehung","tag-gez","tag-journalist","tag-luege","tag-medien","tag-tv","tag-www"],"_links":{"self":[{"href":"https:\/\/www.freiburg-schwarzwald.de\/blog\/wp-json\/wp\/v2\/posts\/134321","targetHints":{"allow":["GET"]}}],"collection":[{"href":"https:\/\/www.freiburg-schwarzwald.de\/blog\/wp-json\/wp\/v2\/posts"}],"about":[{"href":"https:\/\/www.freiburg-schwarzwald.de\/blog\/wp-json\/wp\/v2\/types\/post"}],"author":[{"embeddable":true,"href":"https:\/\/www.freiburg-schwarzwald.de\/blog\/wp-json\/wp\/v2\/users\/2"}],"replies":[{"embeddable":true,"href":"https:\/\/www.freiburg-schwarzwald.de\/blog\/wp-json\/wp\/v2\/comments?post=134321"}],"version-history":[{"count":5,"href":"https:\/\/www.freiburg-schwarzwald.de\/blog\/wp-json\/wp\/v2\/posts\/134321\/revisions"}],"predecessor-version":[{"id":134337,"href":"https:\/\/www.freiburg-schwarzwald.de\/blog\/wp-json\/wp\/v2\/posts\/134321\/revisions\/134337"}],"wp:attachment":[{"href":"https:\/\/www.freiburg-schwarzwald.de\/blog\/wp-json\/wp\/v2\/media?parent=134321"}],"wp:term":[{"taxonomy":"category","embeddable":true,"href":"https:\/\/www.freiburg-schwarzwald.de\/blog\/wp-json\/wp\/v2\/categories?post=134321"},{"taxonomy":"post_tag","embeddable":true,"href":"https:\/\/www.freiburg-schwarzwald.de\/blog\/wp-json\/wp\/v2\/tags?post=134321"}],"curies":[{"name":"wp","href":"https:\/\/api.w.org\/{rel}","templated":true}]}}