{"id":134277,"date":"2025-05-22T12:09:58","date_gmt":"2025-05-22T10:09:58","guid":{"rendered":"https:\/\/www.freiburg-schwarzwald.de\/blog\/?p=134277"},"modified":"2025-05-22T12:11:44","modified_gmt":"2025-05-22T10:11:44","slug":"intoleranz-gegenueber-lehrern","status":"publish","type":"post","link":"https:\/\/www.freiburg-schwarzwald.de\/blog\/intoleranz-gegenueber-lehrern\/","title":{"rendered":"Intoleranz gegen\u00fcber Lehrern"},"content":{"rendered":"<p>Ein<a href=\"https:\/\/www.freiburg-schwarzwald.de\/blog\/bildung\/lehrer\/\"> Lehrer<\/a>, <a href=\"https:\/\/www.freiburg-schwarzwald.de\/blog\/religion\/juden\/\">Jude<\/a> mit <a href=\"https:\/\/www.freiburg-schwarzwald.de\/blog\/global\/brasilien\/\">brasilianischen<\/a> Wurzeln, outet sich an einer <a href=\"https:\/\/www.freiburg-schwarzwald.de\/blog\/bildung\/schulen\/schulen-islam\/\">Berliner Schule<\/a> als <a href=\"https:\/\/www.freiburg-schwarzwald.de\/blog\/selbsthilfe\/soziales\/homosexualitaet\/\">homosexuell<\/a> und wird daraufhin von <a href=\"https:\/\/www.freiburg-schwarzwald.de\/blog\/global\/integration\/muslime\/\">muslimischen<\/a> Sch\u00fclern und Eltern sowie Teilen des Kollegiums derart <a href=\"https:\/\/www.freiburg-schwarzwald.de\/blog\/selbsthilfe\/krise\/mobbing\/\">gemobbt<\/a>, da\u00df er den <a href=\"https:\/\/www.freiburg-schwarzwald.de\/blog\/bildung\/schulen\/schulen-deutsch\/\">Schuldienst<\/a> quittieren mu\u00df. Dabei meldete er sich vor Jahren extra an die <a href=\"https:\/\/www.freiburg-schwarzwald.de\/blog\/bildung\/schulen\/brennpunktschulen\/\">Brennpunktschule<\/a>, um benachteiligten Kindern zu helfen.<!--more--><br \/>\n.<br \/>\nGuter Wille und <a href=\"https:\/\/www.freiburg-schwarzwald.de\/blog\/engagement\/\">soziales Engagement<\/a> sind nicht m\u00f6glich bzw. werden brutal bestraft. Dies in einer Stadt <a href=\"https:\/\/www.freiburg-schwarzwald.de\/blog\/natur\/landwirt\/bauern-protest\/berlin8jan2024\/\">Berlin<\/a>, in der <a href=\"https:\/\/www.freiburg-schwarzwald.de\/blog\/engagement\/zukunft\/demokratie\/toleranz\/\">Toleranz<\/a> gegen\u00fcber <a href=\"https:\/\/www.freiburg-schwarzwald.de\/blog\/religion\/religionskrieg\/\">Andersgl\u00e4ubigen<\/a>, <a href=\"https:\/\/www.freiburg-schwarzwald.de\/blog\/kultur\/medien\/meinungsfreiheit\/\">Andersmeinenden<\/a> bzw. Andersf\u00fchlenden zunehmend als Fremdwort betrachtet wird. Wohin soll diese Politik der <a href=\"https:\/\/www.freiburg-schwarzwald.de\/blog\/engagement\/zukunft\/demokratie\/denunziation\/ausgrenzung\/\">Ausgrenzung<\/a> in Berlin noch f\u00fchren?<br \/>\n22.5.2025<br \/>\n.<br \/>\nEnde von Beitrag &#8222;Intoleranz gegen\u00fcber Lehrern&#8220;<br \/>\n============================================================<br \/>\nBeginn von Anlagen (1) &#8211; (3)<\/p>\n<p>.<\/p>\n<p><strong>(1) Ein schwuler Lehrer zerbricht \u2013 nicht trotz, sondern wegen rot-gr\u00fcner Schulpolitik<\/strong><br \/>\n<strong>Wenn Toleranz zum Bumerang wird<\/strong><br \/>\nEr wollte helfen. Die Welt ein kleines St\u00fcck besser machen. Deshalb ging Oziel In\u00e1cio-Stech an eine Berliner Brennpunktschule. Er unterrichtete Kinder, die sonst kaum Zuwendung bekommen. Er malte mit ihnen, gab ihnen Fr\u00fchst\u00fcck, schenkte ihnen Aufmerksamkeit. Und dann sagte er ihnen die Wahrheit: dass er mit einem Mann verheiratet ist.<br \/>\nWas dann geschah, ist nicht nur ein pers\u00f6nliches Drama \u2013 es ist auch ein Abbild unserer Zeit. Die Kinder beschimpften ihn, spuckten auf den Boden, br\u00fcllten ihn an. \u201eDu landest in der H\u00f6lle\u201c, riefen sie. \u201eDer Islam ist hier der Chef.\u201c Die Schulleitung versetzte nicht die T\u00e4ter, sondern bat den Lehrer, sich \u201ezu sch\u00fctzen\u201c. Statt Solidarit\u00e4t gab es Distanz. Statt Hilfe: Belehrung. Statt Konsequenz: Schweigen.<br \/>\nUnd so zerbrach der Mann, der glaubte, in einem weltoffenen Land zu leben. Er bekam Panikattacken. Malte nicht mehr. Lie\u00df sich krankschreiben. Aber er schwieg nicht. Und deshalb wurde er angezeigt \u2013 von der Schule selbst. Die Vorw\u00fcrfe: l\u00e4cherlich. Die Verfahren: eingestellt. Doch eine Rehabilitierung? Fehlanzeige. Man belehrte ihn, er solle sich \u201eprofessioneller verhalten\u201c. Und vor allem: nicht mit der Presse reden. Er gef\u00e4hrde den Schulfrieden. Wohlgemerkt: Er \u2013 nicht die Hasser.<br \/>\n&#8230;<br \/>\nEs ist eine bittere Groteske: Ausgerechnet jene, die sich als Schutzmacht der Schwulen, Juden, Frauen und Minderheiten inszenieren, befeuern eine Masseneinwanderung aus Kulturr\u00e4umen, in denen genau diese Gruppen gehasst, verfolgt oder unterdr\u00fcckt werden. Und wenn sich dann zeigt, dass das Zusammenleben nicht harmonisch, sondern hasserf\u00fcllt ist \u2013 richtet sich der Zorn nicht gegen die T\u00e4ter, sondern gegen jene, die es aussprechen.<br \/>\nKarl Lagerfeld brachte es 2017 auf den Punkt: \u201eMan kann nicht \u2013 selbst wenn Jahrzehnte dazwischen liegen \u2013 Millionen Judenhasser ins Land holen.\u201c Die Reaktionen damals waren emp\u00f6rter als auf manche echte Untat. Denn was er sagte, war unbequem \u2013 und ungeheuerlich. Aber es war auch wahr.<br \/>\nHeute zeigt sich: Er hatte recht. Und genauso ungeheuerlich wie das, was er sagte, ist, dass man ihn daf\u00fcr gesellschaftlich vernichten wollte.<br \/>\n&#8230; Alles vom 21.5.2025 bitte lesen auf<br \/>\nhttps:\/\/reitschuster.de\/post\/wenn-toleranz-zum-bumerang-wird\/<br \/>\n.<br \/>\nEinige Kommentare:<br \/>\nTja Oziel, als schuler Jude an eine Berliner Brennpunktschule zu gehen ist nicht nur ehrenwert, sondern auch h\u00f6chst d\u00e4mlich. Soviel dazu.<br \/>\nDer Part der Schule ist nicht nur v\u00f6llig ehrlos, sondern auch in h\u00f6chsten Ma\u00dfe widerlich, feige und zu verurteilen.<br \/>\nBleiben die Sch\u00fcler. Nun, niemand sollte \u00fcberrascht sein, wenn die pubertierenden Prinzen und Prinzessinnen sich als kleine erbarmungslose Monster erweisen und schon gar nicht, nachdem sie erkannt haben, dass die Schule ihnen keinerlei Perspektive er\u00f6ffnen kann. Sie sind jetzt die Looser in diesem finsteren Spiel und alles spricht daf\u00fcr, dass sie das auch in Zukunft bleiben werden; auf was also sollten sie R\u00fccksicht nehmen? Opfer suchen Opfer und werden immer f\u00fcndig. Halleluja! Thomas<br \/>\n.<br \/>\n&#8222;Ich will nicht zum AfD-W\u00e4hler werden. Die Kinder brauchen mich!&#8220; \u2014 Oziel In\u00e1cio-Stech<br \/>\nNa dann weiterhin viel Spa\u00df! Auch diese Kinder werden erwachsen und sp\u00e4testens dann sollte der Herr sich von Hochh\u00e4usern, Baukr\u00e4nen und Autos mit Anh\u00e4ngerkupplung fernhalten. Absolut nichts aus der Geschichte gelernt. David<br \/>\n.<br \/>\nManche sind tolerant bis in den Tod. Wie man sieht gibt es in Deutschland Eltern die bereitwillig ihre Kinder opfern, nur um sich nicht mit dem grundlegenden Problem besch\u00e4ftigen zu m\u00fcssen. DerExilant<br \/>\nEnde Kommentare<br \/>\n.<br \/>\nBuchempfehlung zum Thema:<br \/>\n<em>Ahmad Mansour: \u201eOperation Allah<\/em><br \/>\n<em>\u2013 Wie der politische Islam unsere Demokratie unterwandern will\u201c<\/em><br \/>\n<em>Verlag S.Fischer, 175 Seiten, 21 Euro<\/em><br \/>\n<em>ISBN-10 3103971338<\/em><br \/>\n<em>Eindringliche Analyse \u00fcber die Radikalisierung junger Muslime in Deutschland \u2013 geschrieben von einem muslimischen Psychologen. Ein Buch, das zeigt: Islamkritik ist nicht \u201erechts\u201c, sondern notwendig.<\/em><br \/>\n.<br \/>\n.<br \/>\n<strong>(2) Willkommen in der Gegenrealit\u00e4t: Das Islamismus-Ausma\u00df an deutschen Schulen<\/strong><br \/>\nWas lange als &#8222;rechte Panikmache&#8220; diffamiert wurde, beschreibt nun ausgerechnet die S\u00fcddeutsche Zeitung: Ein schwuler Lehrer in Berlin wird systematisch von muslimischen Sch\u00fclern drangsaliert, die Schulleitung schweigt. Die Verantwortlichen ducken sich weg, denn im neuen Deutschland gilt: Wer Probleme mit Intoleranz anspricht, ist das Problem.<br \/>\n&#8230;<br \/>\nDie Lage scheint aussichtslos. \u201eDer Islam zieht an unserer Schule immer weitere Kreise\u201c, sagt eine Lehrkraft. \u201eWir Deutschen gehen hier unter.\u201c Eine andere Lehrkraft berichtet von einem Vater, der sie gebeten habe, einer Kollegin auszurichten, sie solle nicht so kurze R\u00f6cke anziehen.<br \/>\nDie SZ hat die Reportage betitelt mit: \u201eWo leben wir denn?\u201c Beantwortet hat die SZ die Frage nicht. Polemisch h\u00e4tte sie ja mit Bundespr\u00e4sident Steinmeier antworten k\u00f6nnen: \u201cWir leben im besten Deutschland, das es jemals gegeben hat\u201d (Steinmeier am 3. Oktober 2020). Nein, die Carl-Bolle-Grundschule zeigt, dass die Wulffs, Merkels und Co. eben v\u00f6llig daneben liegen, wenn sie j\u00e4hrlich unverbesserlich wiederholen: \u201eDer Islam geh\u00f6rt zu Deutschland.\u201c Nein, der Islam geh\u00f6rt nicht zu Deutschland, weil er ein Menschen- und zumal ein Frauenbild hat, das verfassungswidrig ist. Das Bundesamt f\u00fcr Verfassungsschutz sollte, statt ein l\u00e4cherliches 1.100-\u201eGutachten\u201c \u00fcber die AfD zu verfassen, regelm\u00e4\u00dfig in den rund 2.800 Moscheen in Deutschland und deren Kornaschulen nachforschen, was dort \u201egepredigt\u201c wird.<br \/>\nWas freilich die Schul-Oberen in Berlin praktizieren, ist \u201eIslam\u201c im w\u00f6rtlichen Sinn: Islam = \u201eUnterwerfung\u201c.<br \/>\n&#8230; Alles vom 21.5.2025 von Josef Kraus bitte lesen auf<br \/>\n<a href=\"https:\/\/www.tichyseinblick.de\/meinungen\/willkommen-in-der-gegenrealitaet-islamismus-schulen\/\">https:\/\/www.tichyseinblick.de\/meinungen\/willkommen-in-der-gegenrealitaet-islamismus-schulen\/<\/a><br \/>\n.<br \/>\n.<br \/>\n<strong>(3) Homosexualit\u00e4t, Islamismus, Berlin: \u201eWo leben wir denn?\u201c<\/strong><br \/>\nBerlin, Moabit: In der Carl-Bolle-Grundschule gibt es von streng muslimischen Eltern schon Beschwerden, wenn Lehrerinnen zu kurze R\u00f6cke tragen. Und dann sagt Oziel In\u00e1cio-Stech seinen Sch\u00fclern, dass er schwul ist. Die Geschichte eines Albtraums.<br \/>\n&#8230; Alles vom 19.5.2025 bitte lesen auf <a href=\"https:\/\/www.sueddeutsche.de\/projekte\/artikel\/politik\/homosexualitaet-islamismus-berlin-e763893\/\">https:\/\/www.sueddeutsche.de\/projekte\/artikel\/politik\/homosexualitaet-islamismus-berlin-e763893\/<\/a><\/p>\n","protected":false},"excerpt":{"rendered":"<p>Ein Lehrer, Jude mit brasilianischen Wurzeln, outet sich an einer Berliner Schule als homosexuell und wird daraufhin von muslimischen Sch\u00fclern und Eltern sowie Teilen des Kollegiums derart gemobbt, da\u00df er den Schuldienst quittieren mu\u00df. Dabei meldete er sich vor Jahren &hellip; <a href=\"https:\/\/www.freiburg-schwarzwald.de\/blog\/intoleranz-gegenueber-lehrern\/\">Weiterlesen <span class=\"meta-nav\">&rarr;<\/span><\/a><\/p>\n","protected":false},"author":2,"featured_media":0,"comment_status":"open","ping_status":"closed","sticky":false,"template":"","format":"standard","meta":{"footnotes":""},"categories":[18,36,400,210,155,60,61,13,19,95],"tags":[421,363,332,585],"class_list":["post-134277","post","type-post","status-publish","format-standard","hentry","category-bildung","category-engagement","category-freiwillig","category-gewalt","category-integration","category-jugend","category-kinder","category-kultur","category-religion","category-schulen","tag-islam","tag-lernen","tag-mobbing","tag-schule"],"_links":{"self":[{"href":"https:\/\/www.freiburg-schwarzwald.de\/blog\/wp-json\/wp\/v2\/posts\/134277","targetHints":{"allow":["GET"]}}],"collection":[{"href":"https:\/\/www.freiburg-schwarzwald.de\/blog\/wp-json\/wp\/v2\/posts"}],"about":[{"href":"https:\/\/www.freiburg-schwarzwald.de\/blog\/wp-json\/wp\/v2\/types\/post"}],"author":[{"embeddable":true,"href":"https:\/\/www.freiburg-schwarzwald.de\/blog\/wp-json\/wp\/v2\/users\/2"}],"replies":[{"embeddable":true,"href":"https:\/\/www.freiburg-schwarzwald.de\/blog\/wp-json\/wp\/v2\/comments?post=134277"}],"version-history":[{"count":3,"href":"https:\/\/www.freiburg-schwarzwald.de\/blog\/wp-json\/wp\/v2\/posts\/134277\/revisions"}],"predecessor-version":[{"id":134280,"href":"https:\/\/www.freiburg-schwarzwald.de\/blog\/wp-json\/wp\/v2\/posts\/134277\/revisions\/134280"}],"wp:attachment":[{"href":"https:\/\/www.freiburg-schwarzwald.de\/blog\/wp-json\/wp\/v2\/media?parent=134277"}],"wp:term":[{"taxonomy":"category","embeddable":true,"href":"https:\/\/www.freiburg-schwarzwald.de\/blog\/wp-json\/wp\/v2\/categories?post=134277"},{"taxonomy":"post_tag","embeddable":true,"href":"https:\/\/www.freiburg-schwarzwald.de\/blog\/wp-json\/wp\/v2\/tags?post=134277"}],"curies":[{"name":"wp","href":"https:\/\/api.w.org\/{rel}","templated":true}]}}