{"id":134121,"date":"2025-05-17T21:32:27","date_gmt":"2025-05-17T19:32:27","guid":{"rendered":"https:\/\/www.freiburg-schwarzwald.de\/blog\/?p=134121"},"modified":"2025-05-20T21:23:29","modified_gmt":"2025-05-20T19:23:29","slug":"polizisten-in-d-brauchen-schutz","status":"publish","type":"post","link":"https:\/\/www.freiburg-schwarzwald.de\/blog\/polizisten-in-d-brauchen-schutz\/","title":{"rendered":"Polizisten in D brauchen Schutz"},"content":{"rendered":"<p>&#8222;Ein Angriff auf einen <a href=\"https:\/\/www.freiburg-schwarzwald.de\/blog\/selbsthilfe\/soziales\/justiz\/polizei\/polizeibeamte\/\">Polizisten<\/a> ist ein Angriff auf den <a href=\"https:\/\/www.freiburg-schwarzwald.de\/blog\/selbsthilfe\/soziales\/justiz\/rechtsstaat\/\">Staat<\/a>&#8220; und wird streng bestraft. Dieses Diktum gilt weltweit in allen Staaten &#8211; ob mit demokratischen, autorit\u00e4ren oder totalit\u00e4ren Systemen. Aber in Deutschland gilt es anscheinend <a href=\"https:\/\/www.freiburg-schwarzwald.de\/blog\/selbsthilfe\/soziales\/justiz\/polizei\/polizei-hilflos\/\">nicht mehr<\/a> (1). Dazu die beiden j\u00fcngsten Beispiele:<!--more--><br \/>\nAm 15.5.2025 wurde bei einer <a href=\"https:\/\/www.freiburg-schwarzwald.de\/blog\/global\/israel\/palaestina\/\">Pal\u00e4stinenser<\/a>-Demo in <a href=\"https:\/\/www.freiburg-schwarzwald.de\/blog\/engagement\/zukunft\/demokratie\/berlin-demo29-8-2020\/\">Berlin<\/a> ein <a href=\"https:\/\/www.freiburg-schwarzwald.de\/blog\/selbsthilfe\/soziales\/justiz\/polizei\/\">Polizist<\/a> zu Boden gebracht und dann auf ihm &#8222;getrampelt&#8220; (Bild), bis er ins Koma fiel. Nach Einsatz eines <a href=\"https:\/\/www.freiburg-schwarzwald.de\/blog\/selbsthilfe\/chronisch\/herz\/defibrillator\/\">Defibrillators<\/a> konnte er im Krankenhaus schwerverletzt gerettet werden. Von den T\u00e4tern wurde keiner inhaftiert.<br \/>\nTags darauf wurde einem Polizisten ebenfalls in Berlin mit einem <a href=\"https:\/\/www.freiburg-schwarzwald.de\/blog\/selbsthilfe\/soziales\/justiz\/messerstecher\/\">Messer<\/a> in den Hals gestochen. Nur durch eine Notoperation gelang es, den lebensgef\u00e4hrlich verletzten Polizeibeamten am Leben zu erhalten. Auch hier wurde der T\u00e4ter auf freien Fu\u00df gesetzt. <a href=\"https:\/\/www.freiburg-schwarzwald.de\/blog\/engagement\/zukunft\/demokratie\/staatsversagen\/\">Staatsversagen<\/a>?<br \/>\n.<br \/>\nEin 28-J\u00e4hriger sticht einem Polizisten mit dem Messer in den Hals. Und nun wird so getan, als ob das Messer schuld sei, nicht aber der Messerstecher: \u201eMomentan gibt es keine gesicherten Erkenntnisse f\u00fcr einen gezielten Messereinsatz\u201c (3) &#8211; so \u00e4u\u00dfert sich die Staatsanwaltschaft Berlin zur Begr\u00fcndung f\u00fcr die Freilassung des Tatverd\u00e4chtigen. Ein Vorfall, &#8222;bei dem sich der Polizist in ein Messer gest\u00fcrzt oder in ein solches gefallen ist&#8220; (4). Wie soll man diesen Satz verstehen? &#8222;Dem normalen B\u00fcrger hingegen sind solche Entscheidungen kaum mehr zu vermitteln&#8220; (5). Er verlangt <a href=\"https:\/\/www.freiburg-schwarzwald.de\/blog\/selbsthilfe\/soziales\/justiz\/sicherheit\/\">Sicherheit<\/a> im \u00f6ffentlichen Raum und kritisiert den <a href=\"https:\/\/www.freiburg-schwarzwald.de\/blog\/engagement\/zukunft\/demokratie\/kontrollverlust\/\">Kontrollverlust<\/a> des Staates.<br \/>\n.<br \/>\nAngenommen, die Angriffe auf Polizisten (fast zu Tode trampeln bzw. in den Hals stechen) w\u00e4ren nicht von <a href=\"https:\/\/www.freiburg-schwarzwald.de\/blog\/engagement\/zukunft\/demokratie\/gruen-links\/\">links<\/a> oder <a href=\"https:\/\/www.freiburg-schwarzwald.de\/blog\/religion\/islam\/islamismus\/\">islamistisch<\/a> Gesinnten ver\u00fcbt worden: Das <a href=\"https:\/\/www.freiburg-schwarzwald.de\/blog\/kultur\/medien\/mainstream\/\">mediale Aufsehen<\/a> in Deutschland w\u00e4re &#8211; vollkommen zurecht &#8211; riesengro\u00df mit Radio-Sondersendungen, <a href=\"https:\/\/www.freiburg-schwarzwald.de\/blog\/kultur\/medien\/gez-medien\/zdf\/\">ZDF<\/a> spezial, Diskussionspunkt im Bundestag, Experten-Interviews usw. So aber wird der brutale \u00dcbergriff auf die beiden <a href=\"https:\/\/www.freiburg-schwarzwald.de\/blog\/selbsthilfe\/soziales\/justiz\/polizei\/polizeibeamte\/\">Polizeibeamten<\/a>\u00a0dank dem <a href=\"https:\/\/www.freiburg-schwarzwald.de\/blog\/kultur\/kulturverlust\/zweierlei\/\">zweierlei Ma\u00df<\/a> der <a href=\"https:\/\/www.freiburg-schwarzwald.de\/blog\/kultur\/medien\/medien-politik\/\">Medien<\/a> rasch vergessen sein &#8211; es waren eben die <a href=\"https:\/\/www.freiburg-schwarzwald.de\/blog\/gute-taeter-und-boese-taeter\/\">falschen T\u00e4ter<\/a>. Sascha Lobo hat f\u00fcr derlei <a href=\"https:\/\/www.freiburg-schwarzwald.de\/blog\/global\/deutschland\/moral2015\/doppelmoral\/\">Doppelmoral<\/a> im Spiegel den Begriff des &#8222;Verniedlichungsrassismus&#8220; kreirt.<br \/>\n17.5.2025<br \/>\n.<br \/>\nEnde von Beitrag &#8222;Polizisten in D brauchen Schutz&#8220;<br \/>\n=========================================================<br \/>\nBeginn von Anlagen (1) &#8211; (7)<br \/>\n.<br \/>\n.<br \/>\n<strong>(1) Auf freiem Fu\u00df \u2013 M\u00f6rderisches Berlin gegen Polizisten<\/strong><br \/>\nDie Geschichte spricht allem Hohn, was uns vor allem mittels billig erworbener US-Krimis jahrzehntelang im Kino und vor allem im Fernsehen eingetrichtert wurde, dass man n\u00e4mlich gut und gerne jemanden ermorden und dabei immer noch Hoffnung auf ein faires Verfahren haben kann, aber nie und nimmer einen Polizisten angreifen sollte, weil der Rechtsstaat, und hier vor allem die Kollegen des Gesch\u00e4digten, schon zur Abschreckung und zum eigenen k\u00fcnftigen Selbstschutz, in solchen F\u00e4llen die Samthandschuhe ausziehen.<br \/>\nDa war ja gerade w\u00e4hrend einer Demonstration wegen irgendwas in Nahost ein Polizist von der Menge fast totgetrampelt worden. Der Tagesspiegel notiert dazu:<br \/>\n<a href=\"https:\/\/www.tagesspiegel.de\/berlin\/schwer-verletzter-polizist-bei-nakba-demo-generalstaatsanwaltschaft-berlin-ubernimmt-ermittlungen-13702438.html\">https:\/\/www.tagesspiegel.de\/berlin\/schwer-verletzter-polizist-bei-nakba-demo-generalstaatsanwaltschaft-berlin-ubernimmt-ermittlungen-13702438.html<\/a><br \/>\n\u201eDabei ist er gezielt angegriffen und zu Boden gebracht worden. Dann wurde auf ihn eingetreten\u201c, sagte Polizeisprecher Florian Nath. Der Mob sei dann auf ihn draufgesprungen. Andere Beamte retteten ihren Kollegen und mussten daf\u00fcr massive Gewalt einsetzen. Am Rande der Demo brach der Polizist ohnm\u00e4chtig zusammen. Der T\u00e4ter wurde auf freien Fu\u00df gesetzt. Tags darauf wurde einem Polizisten in den Hals gestochen. Nach Notoperation und Intensivstation ist er au\u00dfer Lebensgefahr.<\/p>\n<p>Nun, der Polizist lebt noch, und die weiteren zehn verletzten Beamten werden fr\u00fcher oder sp\u00e4ter auch wieder dienstf\u00e4hig sein. Immerhin ist es zu 56 Festnahmen gekommen. 54 Verd\u00e4chtige gelangten gleich darauf wieder auf freien Fu\u00df, zwei wurden in Unterbindungsgewahrsam genommen, damit sie bei der n\u00e4chsten Demo nicht gleich wieder mitmischen k\u00f6nnen. Aber niemand ist in Untersuchungshaft. Zu untersuchen gibt es wohl nichts, denn so, wie dies von den Medien (eben nicht) beschrieben wird, hat man niemanden gefasst, den man f\u00fcr die schwere K\u00f6rperverletzung anklagen k\u00f6nnte.<br \/>\n&#8230;<br \/>\nund lag dann urpl\u00f6tzlich stark blutend mit einer Stichwunde im Hals auf der Stra\u00dfe. Die Kollegen eilten zu Hilfe, ein Krankenwagen konnte ungehindert eintreffen und auch wieder wegfahren, denn es handelte sich eben hier nicht um eine Gruppe, sondern um einen Mann, der noch dazu von den Kollegen ohne gro\u00dfe Gegenwehr festgenommen werden konnte. Der lebensgef\u00e4hrlich verletzte Polizist konnte per Notoperation gerettet werden und befindet sich nicht mehr in Lebensgefahr. Der Mann hingegen wurde bald darauf auf freien Fu\u00df gesetzt.<br \/>\n&#8230; Alles vom 17.5.2025 bitte lesen auf<br \/>\n<a href=\"https:\/\/egon-w-kreutzer.de\/auf-freiem-fuss-moerderisches-berlin\">https:\/\/egon-w-kreutzer.de\/auf-freiem-fuss-moerderisches-berlin<\/a><br \/>\n.<\/p>\n<p><strong>(2) Judenhasser treten auf Polizisten ein: \u201eReines Gl\u00fcck, dass er \u00fcberlebt hat\u201c<\/strong><br \/>\nIn eine W\u00e4rmefolie gewickelt liegt der Polizist auf dem Asphalt. Kollegen und Rettungskr\u00e4fte sind bei ihm, versorgen ihn mit Sauerstoff und Schmerzmitteln. Eine Szene, die schockiert. Judenhasser haben bei einer Demonstration in Berlin am Donnerstag r\u00fccksichtslos auf ihn eingetreten. Jetzt spricht ein Kollege des schwer verletzten Beamten Klartext. Stephan Weh von der Gewerkschaft der Polizei (GdP) sagt: \u201eWenn ein Kollege in eine Menschenmenge gezogen und dort niedergetrampelt wird, mehrfach das Bewusstsein verliert, m\u00fcssen wir von reinem Gl\u00fcck reden, dass er die Nacht \u00fcberlebt hat.\u201c<br \/>\n&#8230;<br \/>\nGdP-Sprecher Stephan Weh: \u201eWir erwarten in Voraussicht auf die n\u00e4chste Nakba-Versammlung am Samstag, dass die zust\u00e4ndigen Richter bei den heutigen Vorf\u00fchrungen mitgehen, ihrer Verantwortung im Rechtsstaat nachkommen und diese Extremisten wenigstens ein paar Tage in Gewahrsam bleiben.\u201c<br \/>\n&#8230; Alles vom 16.5.2025 bitte lesen auf<br \/>\n<a href=\"https:\/\/www.bild.de\/regional\/berlin\/demo-attacke-auf-berliner-polizist-reines-glueck-dass-er-ueberlebt-hat-6827005b6ebf7d29dc929a65\">https:\/\/www.bild.de\/regional\/berlin\/demo-attacke-auf-berliner-polizist-reines-glueck-dass-er-ueberlebt-hat-6827005b6ebf7d29dc929a65<\/a><br \/>\n.<br \/>\n.<br \/>\n<strong>(3) 28-J\u00e4hriger verletzt Beamten mit einem Messer am Hals: Polizei nennt neue Details<\/strong><br \/>\nin Mann hat am Freitagabend in Neuk\u00f6lln einem Polizisten unvermittelt in den Hals gestochen. Wie die Berliner Polizei auf der Plattform X mitteilte, war der 28-J\u00e4hrige zuvor auf einer Polizeistation, um eine Anzeige aufzugeben und war um etwas Geduld gebeten worden. Stattdessen verlie\u00df er das Geb\u00e4ude und hantierte an einem Polizeifahrzeug mit einem Messer. Als ein 31-j\u00e4hriger Polizist ihn ansprach, kam es zu einer k\u00f6rperlichen Auseinandersetzung mit dem 28-J\u00e4hrigen. In deren Verlauf erlitt der Polizist eine erhebliche Stichverletzung am Hals, teilte die Generalstaatsanwaltschaft Berlin mit. Zun\u00e4chst wurde der Tathergang so dargestellt, als h\u00e4tte der 28-J\u00e4hrige unvermittelt auf den Polizisten eingestochen.<br \/>\nDer Polizist musste notoperiert werden. Laut Staatsanwaltschaft schwebt er nicht mehr in Lebensgefahr. Der 28-J\u00e4hrige wurde festgenommen. Mittlerweile befindet er sich wieder auf freiem Fu\u00df. In Absprache mit der Staatsanwaltschaft wurde er nicht einem Ermittlungsgericht vorgef\u00fchrt, sondern noch in der Nacht entlassen. \u201eMomentan gibt es keine gesicherten Erkenntnisse f\u00fcr einen gezielten Messereinsatz\u201c, sagte ein Sprecher der Generalstaatsanwaltschaft Berlin zur Begr\u00fcndung. Es bestehe kein dringender Tatverdacht f\u00fcr ein gezieltes T\u00f6tungsdelikt. Die rechtliche Wertung der Tat sei indes noch nicht abgeschlossen.<br \/>\n&#8230; Alles vom 17.5.2025 bitte lesen auf<br \/>\n<a href=\"https:\/\/www.berliner-zeitung.de\/news\/messer-attacke-auf-polizisten-in-neukoelln-mann-sticht-beamten-in-hals-notoperation-li.2325668\">https:\/\/www.berliner-zeitung.de\/news\/messer-attacke-auf-polizisten-in-neukoelln-mann-sticht-beamten-in-hals-notoperation-li.2325668<\/a><br \/>\n.<br \/>\n.<br \/>\n<strong>(4) Weiterer Mordversuch an Berliner Polizisten \u2013 T\u00e4ter frei<\/strong><br \/>\nN\u00e4chste Attacke auf einen Polizisten im Dienst: Ein 28-j\u00e4hriger Mann stach dem Beamten in Berlin unvermittelt mit einem Messer in den Hals. Der Polizist wurde notoperiert, er schwebt noch in Lebensgefahr. Es ist der zweite Mordversuch in zwei Tagen &#8211; T\u00e4ter auf freiem Fu\u00df.<br \/>\n&#8230;<br \/>\nBereits am Donnerstag war ein Polizist bei einer propal\u00e4stinensischen Demonstration anl\u00e4sslich des sogenannten Nakba-Tages in Berlin-Kreuzberg schwer verletzt worden. Der Beamte wurde von Demonstranten in die Menge gezogen und niedergetrampelt. Er erlitt schwere Verletzungen und musste vom Notarzt versorgt werden.<br \/>\nDie Generalstaatsanwaltschaft Berlin hatte die Ermittlungen in diesem Fall \u00fcbernommen und wertet den Vorfall als Angriff auf den Rechtsstaat. Es wurde zun\u00e4chst wegen gef\u00e4hrlicher K\u00f6rperverletzung und schwerem Landfriedensbruchs ermittelt, ehe der Vorwurf in einen so milden Tatvorwurf ge\u00e4ndert wurde, dass der T\u00e4ter freigelassen werden konnte.<br \/>\nAuch wenn es offensichtlich ein Vorfall nach Ansicht der Staatsanwaltschaft ist, bei dem sich der Polizist in ein Messer gest\u00fcrzt oder in ein solches gefallen ist, bleibt f\u00fcr die Polizisten die Gefahr t\u00e4tlicher Angriffe gro\u00df. Diese beiden Vorf\u00e4lle innerhalb kurzer Zeit haben eine Debatte \u00fcber die Sicherheit von Polizeibeamten und den Umgang mit gewaltt\u00e4tigen Demonstrationen in Berlin ausgel\u00f6st. Politiker fordern eine \u00dcberpr\u00fcfung der Einsatzstrategien und gegebenenfalls eine Versch\u00e4rfung des Versammlungsrechts.<br \/>\n&#8230; Alles vom 17.5.2025 bitte lesen auf<br \/>\n<a href=\"https:\/\/www.tichyseinblick.de\/daili-es-sentials\/mordversuch-berlin-messer-hals\/\">https:\/\/www.tichyseinblick.de\/daili-es-sentials\/mordversuch-berlin-messer-hals\/<\/a><br \/>\n.<br \/>\n.<br \/>\n<strong>(5) Rechtsstaat ad absurdum: Polizist in Lebensgefahr, T\u00e4ter auf freiem Fu\u00df<\/strong><br \/>\n<strong>Justiz schaut lieber weg: \u201eKein dringender Tatverdacht\u201c<\/strong><br \/>\nAm Donnerstag wurde ein Polizist von einem Mob wildgewordener Linksautonomer und Migranten aus einem ganz bestimmten Kulturkreis krankenhausreif gepr\u00fcgelt und getreten. Nur wenige Stunden sp\u00e4ter stach ein 28-J\u00e4hriger einen Polizisten und verletzte ihn lebensgef\u00e4hrlich \u2013 und wurde noch in der Nacht zum Samstag wieder auf freien Fu\u00df gesetzt.<br \/>\nBeide Taten ereigneten sich im schon l\u00e4nger als sozialer Brennpunkt bekannten Berlin-Neuk\u00f6lln. Und beide Angriffe legen das Versagen auf mehreren Ebenen unserer Gesellschaft schonungslos offen. Die Politik \u00fcberzeugt wieder einmal und wenn \u00fcberhaupt, nur durch Worte statt Taten, der Rechtsstaat f\u00fchrt sich selbst ad absurdum und die Medien verschweigen, was tats\u00e4chlich ist.<br \/>\nBeginnen wir mit den Medien. Beim \u00dcbergriff vom Donnerstag sei im Rahmen einer sogenannten \u201epropal\u00e4stinensischen Kundgebung\u201c ein Polizist schwer verletzt worden, so die offizielle Lesart. Dabei ging und geht es bei \u201epropal\u00e4stinensischen Kundgebungen\u201c \u2013 oder treffender gesagt: Aufm\u00e4rschen \u2013 in Berlin oder sonstwo in Deutschland und Europa nie f\u00fcr die Menschen in Gaza, sondern praktisch immer gegen Juden, Demokratie, Rechtsstaat und die westliche Werteordnung als solche. Anstatt das in der gebotenen Deutlichkeit zu benennen, verstecken sich die Medien hinter irref\u00fchrenden Begriffen und f\u00fchren ihre Leser, Zuh\u00f6rer und Zuseher damit hinter die Fichte. &#8230;<br \/>\nAm Freitag wird dann ein weiterer Beamter verletzt. Sein Leben kann nur durch eine Notoperation gerettet werden, nachdem ihm ein Mann mit deutscher Staatsangeh\u00f6rigkeit \u201eunvermittelt\u201c in den Hals gestochen habe, wie die Polizei mitteilt. Erinnerungen nicht zuletzt an Mannheim <a href=\"https:\/\/reitschuster.de\/post\/mannheim-mahnwache-gegen-diejenigen-die-konsequenzen-aus-bluttat-fordern\/\">https:\/\/reitschuster.de\/post\/mannheim-mahnwache-gegen-diejenigen-die-konsequenzen-aus-bluttat-fordern\/<\/a> wurden wach.<br \/>\n&#8230;<br \/>\nRanghohe Gewerkschafter der Polizei zeigen sich dementsprechend entsetzt \u00fcber die j\u00fcngsten \u00dcbergriffe in Berlin, vor allem aber auch den juristischen und politischen Umgang damit. Die Innenminister der L\u00e4nder h\u00e4tten insbesondere stichsichere Westen l\u00e4ngst zugesagt, bem\u00e4ngelt etwa GdP-Chef Jochen Kopelke: \u201eDas ist nicht die erste Messerattacke auf einen Polizisten. Noch immer warten wir auf die politisch versprochene Schutzausr\u00fcstung.\u201c <a href=\"https:\/\/reitschuster.de\/post\/fluechtling-bedroht-polizisten-mit-messer-und-wird-beim-ndr-zum-opfer\/\">https:\/\/reitschuster.de\/post\/fluechtling-bedroht-polizisten-mit-messer-und-wird-beim-ndr-zum-opfer\/<\/a> Von der neuen Regierung fordert der Funktion\u00e4r jetzt \u201eh\u00e4rtere Strafen und besseren Schutz\u201c f\u00fcr Polizeibeamte.<br \/>\n&#8230; Alles vom 18.5.2025 bitte lesen auf<br \/>\n<a href=\"https:\/\/reitschuster.de\/post\/rechtsstaat-ad-absurdum-polizist-in-lebensgefahr-taeter-auf-freiem-fuss\/\">https:\/\/reitschuster.de\/post\/rechtsstaat-ad-absurdum-polizist-in-lebensgefahr-taeter-auf-freiem-fuss\/<\/a><\/p>\n<p>.<br \/>\n<strong>(6) Wieder Terror und Schweigen: Berlin\/Polizisten, Bielefeld Syrer ersticht 5 M\u00e4nner <\/strong><br \/>\n<strong>Was ist nur los in diesem Land?<\/strong><br \/>\nBielefeld &amp; Co. &#8211; wieder geht eine Terrorwelle durch Deutschland, Polizisten werden lebensgef\u00e4hrlich verletzt. Doch man geht einfach zur Tagesordnung \u00fcber &#8211; der Terror ist allt\u00e4glich geworden. <a href=\"https:\/\/www.youtube.com\/watch?v=cAPT2eG5Xls\">https:\/\/www.youtube.com\/watch?v=cAPT2eG5Xls<\/a><br \/>\nPauline Schwarz aus dem Apollo Newsroom.<br \/>\n&#8230; Alles vom 19.5.2025 von Pauline Schwarz bitte lesen auf<br \/>\n<a href=\"https:\/\/apollo-news.net\/wieder-terror-und-das-grosse-schweigen-was-ist-nur-los-in-diesem-land-apollo-newsroom\/\">https:\/\/apollo-news.net\/wieder-terror-und-das-grosse-schweigen-was-ist-nur-los-in-diesem-land-apollo-newsroom\/<\/a><br \/>\nbzw.<br \/>\n<a href=\"https:\/\/apollo-news.net\/mahmoud-mhemed-das-ist-der-syrische-attentaeter-von-bielefeld\/\">https:\/\/apollo-news.net\/mahmoud-mhemed-das-ist-der-syrische-attentaeter-von-bielefeld\/<\/a><br \/>\n.<br \/>\n.<br \/>\n<strong>(7) Was ist ein Leben noch wert?<\/strong><br \/>\nDie Gewalt in Deutschland ist inzwischen so normal, dass sie kaum noch jemanden ber\u00fchrt. Politik und Medien schweigen, w\u00e4hrend Messerangreifer nach Stunden wieder auf die Allgemeinheit losgelassen werden. Schuld ist, wenn \u00fcberhaupt noch, die Polizei.<br \/>\n&#8230;<br \/>\nUnd dasselbe gilt f\u00fcr einen Bundeskanzler, der nach dem Anschlag in Solingen die gro\u00dfe \u201ePolitikwende\u201c ausgerufen hat. Der sagte: \u201eEs reicht\u201c und klarstellte: \u201eDer Schutz der Bev\u00f6lkerung ist die wichtigste Aufgabe, die wir in der Politik haben\u201c. Recht hat er \u2013 seine Worte entpuppen sich trotzdem als genauso leer wie seine anderen Wahlversprechen. Nicht nur wegen Bielefeld, sondern auch wegen Halle, Esslingen, Berlin und den x anderen Orten, die es nicht in die Nachrichten geschafft haben \u2013 immerhin gibt es laut PKS bundesweit im Schnitt 79 Messerattacken pro Tag. Klar, Politiker k\u00f6nnen sich nicht zu jeder einzelnen \u00e4u\u00dfern. Aber gerade die F\u00e4lle der letzten Tage sind so brutal und schockierend, dass man eigentlich eine Sondersitzung im Bundestag erwarten w\u00fcrde.<br \/>\nAllein deshalb, weil zwei Messerstecher nur Stunden nach ihrer Tat wieder frei auf der Stra\u00dfe herumliefen. Der Kosovare, der in Halle auf ein 12-j\u00e4hriges Kind eingestochen hat. Und der Mann, der einem Polizisten in Berlin-Neuk\u00f6lln ein Messer in den Hals gerammt hat. Man lie\u00df beide M\u00e4nner frei, weil angeblich keine T\u00f6tungsabsicht bestanden habe. Klar, wer kennt es nicht: Wenn mir ein Kind zu laut ist, steche ich auch immer mit dem Messer zu. Einfach als erzieherische Ma\u00dfnahme, nicht aus b\u00f6ser Absicht. Damit es endlich auch mal lernt: So geht es nicht.<br \/>\nDass die Klinge die Halsarterie des Polizisten um exakt einen Millimeter verfehlt hat? Auch keine T\u00f6tungsabsicht, nur ein Versehen. Das behauptet der T\u00e4ter tats\u00e4chlich \u2013 und die Ermittlungsbeh\u00f6rden spielen mit. Mehr noch: Inzwischen wird ernsthaft suggeriert, dass der 31-j\u00e4hrige Polizist an dem ganzen Vorfall Schuld ist. Nachdem sein sp\u00e4terer Beinahe-M\u00f6rder seinen Frust \u2013 angeblich \u00fcber eine zu lange Wartezeit, als er in der Wache eine Anzeige aufgeben wollte \u2013 an den Polizeiautos ausgelassen hatte, n\u00e4herte sich der Beamte dem Mann n\u00e4mlich von hinten.<br \/>\nDer Polizist schlug ihm mit der Faust ins Gesicht. Im Gerangel landete das Messer dann versehentlich \u2013 beinahe von Zauberhand \u2013 im Hals des Polizisten. W\u00e4hrend er gerade so eine Notoperation \u00fcberlebte, wurde schon \u00fcber sein angebliches Fehlverhalten debattiert. Als N\u00e4chstes hei\u00dft es dann wahrscheinlich, der Polizist, der am Donnerstag bei der antisemitischen Nakba-Demo in die Menge gezogen wurde \u2013 auf den eingeschlagen und -getreten wurde, bis er bewusstlos war \u2013 der hat auch nur simuliert. Au\u00dferdem hat er die armen, friedlichen Demonstranten bestimmt provoziert. Und sein Rock war auch zu kurz. Selber schuld.<br \/>\n<em><strong>Wenn es so weitergeht, wird es bald niemanden mehr geben, der noch freiwillig Polizist wird \u2013 warum sollte man auch sein Leben riskieren, wenn man daf\u00fcr nur beschimpft und zum Pr\u00fcgelknaben gemacht wird?<\/strong><\/em> Zum lebenslangen Trauma gibt es die Schulzuweisung gratis dazu \u2013 und wahrscheinlich auch noch ein Disziplinarverfahren. Derweil d\u00fcrfen Ausl\u00e4nder, die Kinder niederstechen, frei herumlaufen. Das ist der Alltag in Deutschland. Die Gewalt ist so normal und allgegenw\u00e4rtig, wie die Politiker, die sich aus der Verantwortung ziehen.<br \/>\n&#8230; Alles vom 20.5.2025 von Pauline Schwarz bitte lesen auf<br \/>\n<a href=\"https:\/\/apollo-news.net\/was-ist-ein-leben-noch-wert\/\">https:\/\/apollo-news.net\/was-ist-ein-leben-noch-wert\/<\/a><\/p>\n","protected":false},"excerpt":{"rendered":"<p>&#8222;Ein Angriff auf einen Polizisten ist ein Angriff auf den Staat&#8220; und wird streng bestraft. Dieses Diktum gilt weltweit in allen Staaten &#8211; ob mit demokratischen, autorit\u00e4ren oder totalit\u00e4ren Systemen. Aber in Deutschland gilt es anscheinend nicht mehr (1). Dazu &hellip; <a href=\"https:\/\/www.freiburg-schwarzwald.de\/blog\/polizisten-in-d-brauchen-schutz\/\">Weiterlesen <span class=\"meta-nav\">&rarr;<\/span><\/a><\/p>\n","protected":false},"author":2,"featured_media":0,"comment_status":"open","ping_status":"closed","sticky":false,"template":"","format":"standard","meta":{"footnotes":""},"categories":[18,355,36,210,155,162,63,13,80,157,19],"tags":[766,325,633,682,732,823,622,405,793],"class_list":["post-134121","post","type-post","status-publish","format-standard","hentry","category-bildung","category-buergerinitiativen","category-engagement","category-gewalt","category-integration","category-internet","category-krise","category-kultur","category-medien","category-oeffentlicher-raum","category-religion","tag-buerger","tag-demo","tag-demokratie","tag-freiheit","tag-gewalt","tag-messer","tag-migration","tag-polizei","tag-rechtsstaat"],"_links":{"self":[{"href":"https:\/\/www.freiburg-schwarzwald.de\/blog\/wp-json\/wp\/v2\/posts\/134121","targetHints":{"allow":["GET"]}}],"collection":[{"href":"https:\/\/www.freiburg-schwarzwald.de\/blog\/wp-json\/wp\/v2\/posts"}],"about":[{"href":"https:\/\/www.freiburg-schwarzwald.de\/blog\/wp-json\/wp\/v2\/types\/post"}],"author":[{"embeddable":true,"href":"https:\/\/www.freiburg-schwarzwald.de\/blog\/wp-json\/wp\/v2\/users\/2"}],"replies":[{"embeddable":true,"href":"https:\/\/www.freiburg-schwarzwald.de\/blog\/wp-json\/wp\/v2\/comments?post=134121"}],"version-history":[{"count":5,"href":"https:\/\/www.freiburg-schwarzwald.de\/blog\/wp-json\/wp\/v2\/posts\/134121\/revisions"}],"predecessor-version":[{"id":134165,"href":"https:\/\/www.freiburg-schwarzwald.de\/blog\/wp-json\/wp\/v2\/posts\/134121\/revisions\/134165"}],"wp:attachment":[{"href":"https:\/\/www.freiburg-schwarzwald.de\/blog\/wp-json\/wp\/v2\/media?parent=134121"}],"wp:term":[{"taxonomy":"category","embeddable":true,"href":"https:\/\/www.freiburg-schwarzwald.de\/blog\/wp-json\/wp\/v2\/categories?post=134121"},{"taxonomy":"post_tag","embeddable":true,"href":"https:\/\/www.freiburg-schwarzwald.de\/blog\/wp-json\/wp\/v2\/tags?post=134121"}],"curies":[{"name":"wp","href":"https:\/\/api.w.org\/{rel}","templated":true}]}}