{"id":134064,"date":"2025-05-16T08:40:10","date_gmt":"2025-05-16T06:40:10","guid":{"rendered":"https:\/\/www.freiburg-schwarzwald.de\/blog\/?p=134064"},"modified":"2025-05-17T17:56:19","modified_gmt":"2025-05-17T15:56:19","slug":"berlin-aufruf-7-okt-wiederholen","status":"publish","type":"post","link":"https:\/\/www.freiburg-schwarzwald.de\/blog\/berlin-aufruf-7-okt-wiederholen\/","title":{"rendered":"Berlin Aufruf: 7.Okt wiederholen"},"content":{"rendered":"<p>Es ist ersch\u00fctternd, was sich auf deutschen Strassen und Pl\u00e4tzen in vielen St\u00e4dten &#8211; nicht nur in <a href=\"https:\/\/www.freiburg-schwarzwald.de\/blog\/natur\/landwirt\/bauern-protest\/berlin8jan2024\/\">Berlin<\/a> &#8211; an <a href=\"https:\/\/www.freiburg-schwarzwald.de\/blog\/religion\/juden\/judenhass2021\/\">Judenhass<\/a> und Hetze derzeit ereignet. <em>\u201eDer 7. Oktober \u2013 ein neuer Sieg. Wiederholen, wiederholen, weitermachen!\u201c<\/em> &#8211; so erkl\u00e4ren junge Deutsche und Araber in Berlin am 15.5.2025 auf einem Video des BILD-Journalisten Iman Sefati <!--more-->den mit 1182 Toten gr\u00f6\u00dften Massenmord an Juden seit dem <a href=\"https:\/\/www.freiburg-schwarzwald.de\/blog\/bildung\/holocaust-education\/\">Holocaust<\/a> durch den <a href=\"https:\/\/www.freiburg-schwarzwald.de\/blog\/global\/israel\/israel7-10-2023\/\">\u00dcberfall der Hamas vom 7.10.2023<\/a> zu einem &#8222;Sieg&#8220;, der zu wiederholen ist.<br \/>\nAll dies geschieht unter den Augen der Beh\u00f6rden und Polizei, die die \u00fcber 1100 Demonstranten zun\u00e4chst \u00fcber eine lange Zeit hinweg gew\u00e4hren lassen: Immer wieder &#8222;From the river to the sea&#8220; auf Arabisch und Englisch rufen, dazu &#8222;There is only one state &#8211; <a href=\"https:\/\/www.freiburg-schwarzwald.de\/blog\/global\/israel\/palaestina\/\">Palestine<\/a>&#8222;, einem Beamten schwer verletzt auf dem Bauch rumtrampeln.<br \/>\n.<br \/>\n<em>Iman Sefati @ISefati<\/em><br \/>\n<em>Jeder Politiker und Richter, der diesen blanken Hass und die Rufe nach einer Wiederholung des 7. Oktober duldet, macht sich mitschuldig \u2013 an der n\u00e4chsten Ermordung von Juden.<\/em><br \/>\n<em>\u201eDer 7. Oktober \u2013 ein neuer Sieg. Wiederholen, wiederholen, weitermachen!\u201c Br\u00fcllen junge Araber, die in Deutschland Schutz gefunden haben, beim Nakba-Tag in Berlin. #b1505<\/em><br \/>\n<em>16.5.2025 , <\/em><br \/>\n<a href=\"https:\/\/x.com\/ISefati\/status\/1923267146424922208\"><em>https:\/\/x.com\/ISefati\/status\/1923267146424922208<\/em><\/a><br \/>\n.<br \/>\nDer Anblick der unz\u00e4hligen Videos in den <a href=\"https:\/\/www.freiburg-schwarzwald.de\/blog\/kultur\/medien\/social-media\/\">Social Media<\/a> ist unertr\u00e4glich, aber er zeigt eine Realit\u00e4t, die von den <a href=\"https:\/\/www.freiburg-schwarzwald.de\/blog\/kultur\/medien\/mainstream\/\">reichweitenstarken Medien<\/a> mitsamt <a href=\"https:\/\/www.freiburg-schwarzwald.de\/blog\/kultur\/medien\/oerr\/\">\u00d6RR<\/a> und der Berliner Politik fast teilnahmslos gebilligt wird.<br \/>\n.<br \/>\nWie soll <a href=\"https:\/\/www.freiburg-schwarzwald.de\/blog\/religion\/juden\/juedisches-leben\/\">&#8222;J\u00fcdisches Leben&#8220;<\/a> m\u00f6glich sein in einem Deutschland, in dem im \u00f6ffentlichen Raum ungestraft zur Ermordung von <a href=\"https:\/\/www.freiburg-schwarzwald.de\/blog\/religion\/juden\/\">Juden<\/a> und Israelis aufgerufen werden kann?<br \/>\nDie Deutsch-Israelische Gesellschaft (DIG) kritisiert in der J\u00fcdischen Allgemeinen (5) scharf, da\u00df bis dato kein einziger Muslimverband in Deutschland die j\u00fcngste Fatwa der &#8222;Internationalen Union muslimischer Gelehrter&#8220; (IUMS) vom 25.3.2025 verurteilt hat, die zur islam-religi\u00f6s begr\u00fcndeten Ermordung von Juden aufruft. Die <a href=\"https:\/\/www.freiburg-schwarzwald.de\/blog\/religion\/islam\/islam-fatwa\/\">Fatwa<\/a> gilt. Und die Fatwa wird unterst\u00fctzt von <a href=\"https:\/\/www.freiburg-schwarzwald.de\/blog\/religion\/islam\/islam-organisationen\/\">Islamverb\u00e4nden<\/a>, die von deutschen Staat subventioniert werden.<br \/>\nTagein tagaus bekunden <a href=\"https:\/\/www.freiburg-schwarzwald.de\/blog\/vereine\/partei\/cduspdgruene\/\">CDUSPDGr\u00fcne<\/a>-Politiker ihre ach so gro\u00dfe Sorge um <a href=\"https:\/\/www.freiburg-schwarzwald.de\/blog\/juedisches-leben-in-d-bedroht\/\">&#8222;J\u00fcdisches Leben&#8220;<\/a> in Deutschland.<br \/>\nWas f\u00fcr eine Heuchelei, wenn genau diese Politiker es gleichzeitig zulassen, da\u00df auf den Strassen und Pl\u00e4tzen offen und ungestraft &#8222;Juden ins Gas&#8220; in seinen vielf\u00e4ltigen Formen und Sprachen gebr\u00fcllt werden kann.<br \/>\nWelche Heuchelei, wenn andererseits eine aufw\u00e4ndige <a href=\"https:\/\/www.freiburg-schwarzwald.de\/blog\/kultur\/erinnerungskultur\/\">Erinnerungskultur<\/a> gepflegt wird und ja kein <a href=\"https:\/\/www.freiburg-schwarzwald.de\/blog\/regio\/heimat\/geschichte\/erinnerungsorte\/\">Erinnerungsort<\/a>, -event bzw. -termin vergessen werden darf. <em>&#8222;Empathie gibt es nur f\u00fcr tote Juden&#8220;<\/em> fragt der Cicero (7) am 24.4.2018 angesichts des permanenten Wegsehens bei den sich h\u00e4ufenden F\u00e4llen von <a href=\"https:\/\/www.freiburg-schwarzwald.de\/blog\/religion\/islam\/islam-antisemitismus\/\">islam-motiviertem<\/a> und <a href=\"https:\/\/www.freiburg-schwarzwald.de\/blog\/religion\/juden\/links-antisemitismus\/\">linkem Antisemitismus<\/a>.<br \/>\n.<br \/>\nIn Deutschland wird zugelassen, auf den Strassen &#8222;<em>Der 7. Oktober \u2013 ein neuer Sieg. Wiederholen, wiederholen, weitermachen!\u201c <\/em>zu rufen.<br \/>\nIn Deutschland wird von <a href=\"https:\/\/www.freiburg-schwarzwald.de\/blog\/global\/deutschland\/deutschland-israel\/staatsraison\/\">Regierungsseite<\/a> verk\u00fcndet &#8222;<em>Israels Sicherheit ist Staatsr\u00e4son von Deutschland\u201c.<\/em><br \/>\nDa Deutschland nicht imstande ist, die Widerspr\u00fcchlichkeit dieser beiden Statements zu erkennen, ist sein Anspruch, als <a href=\"https:\/\/www.freiburg-schwarzwald.de\/blog\/global\/deutschland\/moral2015\/moralismus\/\">Moralweltmeister<\/a> und <a href=\"https:\/\/www.freiburg-schwarzwald.de\/blog\/global\/deutschland\/weltrettung\/\">Weltretter<\/a> zu gelten, als <a href=\"https:\/\/www.freiburg-schwarzwald.de\/blog\/engagement\/zukunft\/groessenwahn\/\">gr\u00f6\u00dfenwahnsinnig<\/a>\u00a0 abzulehnen.<br \/>\nAm 17.5. wurde wieder ein Polizist in den Hals gestochen (siehe (8)).<br \/>\n16.5.2025<br \/>\n.<br \/>\nEnde von Beitrag &#8222;Berlin Aufruf: 7.Okt wiederholen&#8220;<br \/>\n===========================================================<br \/>\nBeginn von Anlagen (1) &#8211; (8)<br \/>\n.<br \/>\n.<br \/>\n<strong>(1) \u201e7. Oktober \u2013 Wiederholen, wiederholen, weitermachen!\u201c, skandieren Pal\u00e4stinenser-Demonstranten in Berlin<\/strong><br \/>\nDas Hamas-Massaker vom 7. Oktober 2023 war mit 1.182 Toten der gr\u00f6\u00dfte Massenmord an Juden seit dem Holocaust. Hamas-Terroristen ermordeten, vergewaltigten, sch\u00e4ndeten und verschleppten mehr als tausend unschuldige Zivilisten.<br \/>\nIn Berlin, Hauptstadt des Landes, das das schlimmste denkbare Verbrechen an den Juden begangen hat, gingen am Donnerstagabend 1.110 Menschen auf die Stra\u00dfe \u2013 um den Schrecken vom 7. Oktober zu feiern. So fanden sich auf der Kundgebung zum sogenannten \u201eNakba-Gedenktag\u201c die Antisemiten der Hauptstadt zusammen \u2013 um neben typischen israelfeindlichen Parolen die gr\u00f6\u00dftm\u00f6gliche Widerlichkeit zu skandieren: \u201eDer 7. Oktober \u2013 ein neuer Sieg. Wiederholen, wiederholen, weitermachen!\u201c.<br \/>\n&#8230;<br \/>\nEs sei zu \u201eerheblichen Gewaltt\u00e4tigkeiten aus der Menge\u201c auf Polizeibeamte gekommen, berichtete ein Polizeisprecher beim rbb. Der schwer verletzte Polizist sei \u201egezielt angegriffen\u201c worden, die Demonstranten h\u00e4tten ihn zu Boden gebracht und heftigst auf ihn eingetreten. Es folgte der Einsatz eines Notarztes. Der Beamte erhielt Sauerstoff und Schmerzmittel, zudem sprach Polizeisprecher Florian Nath von einem Defibrillator, der zum Einsatz gekommen sein soll. Nach j\u00fcngsten Angaben der Polizei wurden insgesamt elf Beamte verletzt. Eine Schreckens-Bilanz.<br \/>\n&#8230;<br \/>\nEine Bilanz, die auch f\u00fcr Berlin ein Schrecken ist: Ein Wut-Mob aus 1.100 Antisemiten attackiert die Polizei und fordert offen die Ermordung von unschuldigen Zivilisten \u2013 das ist offenbar 2025, 80 Jahre nach Ende des Holocausts, in Berlin wieder m\u00f6glich.<br \/>\n&#8230; Alles vom 16.5.2025 bitte lesen auf<br \/>\n<a href=\"https:\/\/apollo-news.net\/7-oktober-wiederholen-wiederholen-weitermachen-skandieren-palaestinenser-demonstranten-in-berlin\/\">https:\/\/apollo-news.net\/7-oktober-wiederholen-wiederholen-weitermachen-skandieren-palaestinenser-demonstranten-in-berlin\/<\/a><br \/>\n.<br \/>\n.<br \/>\n<strong>(2) 50 Festnahmen in Berlin: Tritte, immer wieder Tritte<\/strong><br \/>\n<strong>Bangen um den verletzten Polizisten, den Judenhasser niedertrampelten<br \/>\n<\/strong>&#8230;<br \/>\nAls er am Boden lag, trampelten sie einfach auf ihm herum! Judenhasser haben am Abend im Zuge einer Gro\u00dfdemonstration einen Polizisten niedergerissen und in ihrer Menge getreten. Immer wieder getreten. Er wurde so schwer verletzt, dass er noch vor Ort von einem Notarzt mit Sauerstoff und Schmerzmitteln versorgt und ins Krankenhaus gebracht werden musste. Grenzenlose Gewalt! Und wieder m\u00fcssen wir um einen schwer verletzten Polizisten bangen.<br \/>\n&#8230;<br \/>\nDie Ausschreitungen passierten am Donnerstag in Kreuzberg. Nicht allzu \u00fcberraschend im Zuge einer sogenannten Nakba-Demo. Auf den Demos soll offiziell an die Staatenlosigkeit vieler Pal\u00e4stinenser erinnert werden. Tats\u00e4chlich sind sie jedoch immer wieder Anlass, Judenhass auf die Stra\u00dfe zu tragen, auch mit Gewalt. So auch gestern wieder. Viele der 1100 Demonstranten hatten ihre Gesichter vermummt oder maskiert. Einige trugen ihre Aggression offen zur Schau.<br \/>\n&#8230; Alles vom 16.5.2025 bitte lesen auf<br \/>\n<a href=\"https:\/\/www.bild.de\/regional\/berlin\/berlin-judenhasser-treten-polizisten-in-die-klinik-6826d7e066e0cc0c5673fece\">https:\/\/www.bild.de\/regional\/berlin\/berlin-judenhasser-treten-polizisten-in-die-klinik-6826d7e066e0cc0c5673fece<\/a><\/p>\n<p>.<br \/>\n<strong>(3) Nach Ausschreitungen am Nakba-Tag in Berlin: \u201eDie Szene nimmt in Kauf, Polizisten zu t\u00f6ten\u201c<\/strong><br \/>\nDie massiven Ausschreitungen am Nakba-Tag in Berlin bezeichnet die Polizeigewerkschaft als \u201en\u00e4chste Eskalationsstufe\u201c. Welche Konsequenzen folgen?<br \/>\n&#8230;<br \/>\n<a href=\"https:\/\/x.com\/KopietzAndreas\/status\/1923035584756322490\">https:\/\/x.com\/KopietzAndreas\/status\/1923035584756322490<\/a><\/p>\n<p>Nach den Ausschreitungen bei der Pal\u00e4stina-Demo in Kreuzberg werden Forderungen nach k\u00fcnftigen Versammlungsverboten laut. Am Donnerstagabend waren bei einer Kundgebung am S\u00fcdstern mindestens zehn Polizisten verletzt worden. Ein Beamter wurde in die Menge gezogen und niedergetreten. Ein anderer erlitt mehrere Knochenbr\u00fcche in der Hand.<br \/>\nAnlass f\u00fcr die Kundgebung war der j\u00e4hrlich stattfindende Nakba-Tag. Der 15. Mai 1948, der Tag nach der Ausrufung der Unabh\u00e4ngigkeit Israels, markiert den Beginn des ersten arabisch-israelischen Krieges und der Flucht und Vertreibung vieler Araber. Der Begriff Nakba-Tag wurde ma\u00dfgeblich vom damaligen Pal\u00e4stinenserf\u00fchrer Jassir Arafat gepr\u00e4gt.<br \/>\n&#8230; Alles vom 16.5.2025 bitte lesen auf<br \/>\n<a href=\"https:\/\/www.berliner-zeitung.de\/mensch-metropole\/nach-ausschreitungen-in-kreuzberg-werden-kuenftige-palaestinenser-demos-jetzt-verboten-li.2325437\">https:\/\/www.berliner-zeitung.de\/mensch-metropole\/nach-ausschreitungen-in-kreuzberg-werden-kuenftige-palaestinenser-demos-jetzt-verboten-li.2325437<\/a><br \/>\n.<br \/>\n.<br \/>\n<strong>(4) Islamisten in aller Welt rufen zum Glaubenskrieg \u2013 und kein deutscher Muslimverband widerspricht!<\/strong><br \/>\nDie momentane Weigerung von Muslimenverb\u00e4nden bei uns, einem aktuellen Dschihad-Erlass zu widersprechen, welcher von der \u201eInternationalen Union muslimischer Gelehrter\u201c als Fatwa ausgegeben wurde, ist bezeichnend. In der Fatwa wird jeder f\u00e4hige Anh\u00e4nger ermuntert, die \u201ezionistische Entit\u00e4t\u201c anzugreifen, also gegen Israel und die Juden zu Felde zu ziehen.<br \/>\n&#8230;<br \/>\nBesonders bezeichnend war die momentane Weigerung von Muslimenverb\u00e4nden bei uns, einem aktuellen Dschihad-Erlass zu widersprechen, welcher von der \u201eInternationalen Union muslimischer Gelehrter\u201c als Fatwa ausgegeben wurde. Daran wird jeder f\u00e4hige Anh\u00e4nger ermuntert, die \u201ezionistische Entit\u00e4t\u201c anzugreifen, also gegen Israel und die Juden zu Felde zu ziehen. Insbesondere die Mujahideen aus Pal\u00e4stina, Extremisten und Terroristen der Hamas, sollten sich angesprochen f\u00fchlen, mit brachialer Gewalt zu agieren.<br \/>\nUnd obgleich es nicht das erste Mal gewesen ist, dass derartige \u201eRechtsgutachten\u201c von Klerikern an Fanatiker all\u00fcberall verbreitet wurden, schweigen selbst jene Vertreter in unseren Breiten, die man doch stets als gem\u00e4\u00dfigt und angepasst darstellen will. Sie reagierten auf keine Anfrage von Medien, warum sie sich nicht von einer Ideologie distanzierten, <a href=\"https:\/\/www.stuttgarter-zeitung.de\/inhalt.reformmuslim-abdel-hakim-ourghi-viele-muslime-brauchen-juden-als-feind.1e55d12f-7cff-4abe-9395-558467ef111c.html\">https:\/\/www.stuttgarter-zeitung.de\/inhalt.reformmuslim-abdel-hakim-ourghi-viele-muslime-brauchen-juden-als-feind.1e55d12f-7cff-4abe-9395-558467ef111c.html<\/a> die auf das gezielte Verdr\u00e4ngen und Ausl\u00f6schen missliebiger V\u00f6lker ausgerichtet ist.<br \/>\nIn der kanalisierten Presse las man von diesem ungeheuerlichen Vorgang kaum etwas, k\u00f6nnte er doch das Bild ins Wanken bringen, es g\u00e4be so etwas wie eine milde Variante dessen, was seine widerw\u00e4rtige Fratze letztlich auch durch Messerattentate bei uns regelm\u00e4\u00dfig kundtut.<br \/>\n&#8230; Alles vom 11.5.2025 von Dennis Riehle bitte lesen auf<br \/>\n<a href=\"https:\/\/philosophia-perennis.com\/2025\/05\/11\/islamisten-in-aller-welt-rufen-zum-glaubenskrieg-und-kein-deutscher-muslimverband-widerspricht\/\">https:\/\/philosophia-perennis.com\/2025\/05\/11\/islamisten-in-aller-welt-rufen-zum-glaubenskrieg-und-kein-deutscher-muslimverband-widerspricht\/<\/a><br \/>\n.<\/p>\n<p><strong>(5) \u00bbFatwa\u00ab: Islamische Gelehrte rufen zum Dschihad gegen Israel auf<\/strong><br \/>\nDie 2004 gegr\u00fcndete Internationale Union muslimischer Gelehrter (IUMS) hat alle Muslime weltweit zum Dschihad gegen Israel aufgerufen. In einer \u00bbFatwa\u00ab mit dem Titel \u00bbDie anhaltende Aggression gegen Gaza und die Aussetzung des Waffenstillstands\u00ab fordert der Verband in einem ersten Schritt unter anderem die vollst\u00e4ndige internationale Isolierung Israels und die Bildung einer gemeinsamen islamischen Armee. Das \u00bbzionistische Gebilde\u00ab, so hei\u00dft es in dem Ende M\u00e4rz ver\u00f6ffentlichten Text, <a href=\"https:\/\/iumsonline.org\/en\/ContentDetails.aspx?ID=38846\">https:\/\/iumsonline.org\/en\/ContentDetails.aspx?ID=38846<\/a> f\u00fchre eine \u00bbsystematische Kampagne des V\u00f6lkermords an unseren Br\u00fcdern und Schwestern in Gaza\u00ab durch.<br \/>\nIsrael sei der Aggressor in diesem Konflikt. Der Westen, insbesondere die USA, versorge es \u00bbmit t\u00f6dlichen Bomben und verheerenden Waffen\u00ab, w\u00e4hrend \u00bbdie arabischen Regime besch\u00e4mend schweigen und viele islamische Regierungen Verrat begehen\u00ab. Als Fatwa werden Rechtsgutachten islamischer Gelehrter auf der Grundlage des Koran und der Scharia bezeichnet. Solche Auffassungen sind zwar nicht bindend, k\u00f6nnen aber doch gewaltt\u00e4tige Folgen haben.<br \/>\n&#8230;<br \/>\n\u00bbGefahr f\u00fcr die \u00f6ffentliche Sicherheit\u00ab<br \/>\nDie Deutsch-Israelische Gesellschaft (DIG) kritisierte den IUMS-Aufruf scharf. Die Fatwa habe auch unmittelbare Auswirkungen auf die Sicherheitslage in Deutschland, erkl\u00e4rte der Verband in einer Pressemitteilung. Die IUMS habe zu mehr als tausend Moscheen in Deutschland eine Beziehung, so die DIG. Die Politik und insbesondere die Bundesregierung und die L\u00e4nderregierungen m\u00fcssten von den Islamverb\u00e4nden in Deutschland einfordern, die Fatwa als \u00bbunislamisch\u00ab zur\u00fcckzuweisen und \u00f6ffentlichkeitswirksam zu verurteilen.<br \/>\n&#8230;<br \/>\nDer fr\u00fchere Gr\u00fcnen-Politiker Ralf F\u00fccks warnte auf X, den Aufruf der IUMS ernst zu nehmen: \u00bbLeute, das ist keine religi\u00f6se Folklore. Diese Fatwa ist Anstiftung zu Terroranschl\u00e4gen gegen Israel und israelische Einrichtungen im Ausland.\u00ab J\u00fcdisches Leben in Deutschland sei dadurch noch st\u00e4rker bedroht, so F\u00fccks.<br \/>\n&#8230; Alles vom 15.4.2025 bitte lesen auf<br \/>\n<a href=\"https:\/\/www.juedische-allgemeine.de\/politik\/fatwa-islamische-gelehrte-rufen-zum-dschihad-gegen-israel-auf\/\">https:\/\/www.juedische-allgemeine.de\/politik\/fatwa-islamische-gelehrte-rufen-zum-dschihad-gegen-israel-auf\/<\/a><br \/>\n.<br \/>\n.<br \/>\n<strong>(6) Ausschreitungen bei Nakba-Demo: Pal\u00e4stina-Aktivisten verletzen Polizisten<\/strong><br \/>\nBei einer Demo von Pro-Pal\u00e4stina-Aktivisten in Berlin kam es zu Angriffen auf die Polizei und zu schweren Ausschreitungen. 30 Demo-Teilnehmer wurden festgenommen. Einer der schwerverletzten Polizisten musste vom Notarztteam versorgt werden.<br \/>\n&#8230;<br \/>\nDer Nakba-Gedenktag wird j\u00e4hrlich am 15. Mai begangen, dem Tag nach der Ausrufung des Staates Israel. Der Begriff \u201eNakba\u201c \u2013 arabisch f\u00fcr \u201eKatastrophe\u201c \u2013 bezieht sich auf das Schicksal von \u00fcber 700.000 Pal\u00e4stinensern, die im Zuge des ersten Nahostkrieges 1948 ihre Heimat verloren, bei dem arabsiche Staaten j\u00fcdische Siedlungen \u00fcberrennten wollten. Erfunden wurde der Gedenktag 2004 vom damaligen Pr\u00e4sidenten der Pal\u00e4stinensischen Autonomiebeh\u00f6rde, Jassir Arafat. Nicht gedacht wird dabei den rund 850.000 Juden die in diesem Zusammenhang as Gaza, Jordanien, Syrien und anderen arabisch dominierten Heimatl\u00e4ndern vertrieben wurden.<br \/>\n&#8230; Alles vom 16.5.2025 bitte lesen auf<br \/>\n<a href=\"https:\/\/www.tichyseinblick.de\/daili-es-sentials\/ausschreitungen-bei-demo-palaestina-aktivisten-verletzen-polizisten\/\">https:\/\/www.tichyseinblick.de\/daili-es-sentials\/ausschreitungen-bei-demo-palaestina-aktivisten-verletzen-polizisten\/<\/a><br \/>\n.<br \/>\n.<br \/>\n<strong>(7) Empathie gibt es nur f\u00fcr tote Juden<\/strong><br \/>\nDer Echo-Preis an Kollegah und Farid Bang, religi\u00f6ses Mobbing an Schulen oder Angriffe gegen Juden auf der Stra\u00dfe \u2013 F\u00e4lle von Antisemitismus scheinen sich zu h\u00e4ufen, und Deutschland gibt sich pl\u00f6tzlich emp\u00f6rt. Tats\u00e4chlich aber hat man viel zu lange weggesehen<br \/>\n&#8230;<br \/>\nAls es in ganz Europa zu teilweise gewaltt\u00e4tigen Demonstrationen gegen Israel kam, begegneten viele linke Organisationen dem antisemitischen Treiben der \u00fcberwiegend muslimischen Teilnehmer mit Verst\u00e4ndnis.<br \/>\n&#8230;<br \/>\n&#8230; Alles vom 24.4.2028 bitte lesen auf<br \/>\n<a href=\"https:\/\/www.cicero.de\/kultur\/antisemitismus-in-deutschland-empathie-gibt-es-nur-fuer-tote-juden\">https:\/\/www.cicero.de\/kultur\/antisemitismus-in-deutschland-empathie-gibt-es-nur-fuer-tote-juden<\/a><br \/>\n.<br \/>\n.<br \/>\n<strong>(8)\u00a0Polizisten in den Hals gestochen: T\u00e4ter wieder auf freiem Fu\u00df \u2013 Beamter nach Notoperation stabil<\/strong><br \/>\nIn Berlin-Neuk\u00f6lln verletzte ein Mann einen 31-j\u00e4hrigen Polizisten mit einem Messer am Hals, er musste notoperiert werden. Trotz der Schwere der Verletzung wurde der Tatverd\u00e4chtige nur wenige Stunden sp\u00e4ter wieder auf freien Fu\u00df gesetzt.<br \/>\n&#8230;<br \/>\nDer Vorfall in Neuk\u00f6lln ist bereits der zweite schwere Angriff auf einen Berliner Polizisten innerhalb k\u00fcrzester Zeit. Am Donnerstag war es am Rande der pro-pal\u00e4stinensischen Demonstration \u201eNakba 77\u201c zu massiver Gewalt gegen Einsatzkr\u00e4fte gekommen. Ein Polizeibeamter wurde von den Demonstranten in die Menge gezogen und bewusstlos getreten. Der Beamte verlor das Bewusstsein und musste noch vor Ort reanimiert werden. Dabei kam auch ein Defibrillator zum Einsatz.<br \/>\n&#8230; Alles vom 17.5.2025 bite lesen auf<br \/>\n<a href=\"https:\/\/apollo-news.net\/stach-polizisten-in-den-hals-taeter-wieder-auf-freiem-fuss-beamter-nach-notoperation-stabil\/\">https:\/\/apollo-news.net\/stach-polizisten-in-den-hals-taeter-wieder-auf-freiem-fuss-beamter-nach-notoperation-stabil\/<\/a><\/p>\n","protected":false},"excerpt":{"rendered":"<p>Es ist ersch\u00fctternd, was sich auf deutschen Strassen und Pl\u00e4tzen in vielen St\u00e4dten &#8211; nicht nur in Berlin &#8211; an Judenhass und Hetze derzeit ereignet. \u201eDer 7. Oktober \u2013 ein neuer Sieg. Wiederholen, wiederholen, weitermachen!\u201c &#8211; so erkl\u00e4ren junge Deutsche &hellip; <a href=\"https:\/\/www.freiburg-schwarzwald.de\/blog\/berlin-aufruf-7-okt-wiederholen\/\">Weiterlesen <span class=\"meta-nav\">&rarr;<\/span><\/a><\/p>\n","protected":false},"author":2,"featured_media":0,"comment_status":"open","ping_status":"closed","sticky":false,"template":"","format":"standard","meta":{"footnotes":""},"categories":[355,52,36,14,155,162,13,80,19,172],"tags":[520,725,84,420,525],"class_list":["post-134064","post","type-post","status-publish","format-standard","hentry","category-buergerinitiativen","category-einewelt","category-engagement","category-global","category-integration","category-internet","category-kultur","category-medien","category-religion","category-zukunft","tag-frieden","tag-integration","tag-israel","tag-juden","tag-politik"],"_links":{"self":[{"href":"https:\/\/www.freiburg-schwarzwald.de\/blog\/wp-json\/wp\/v2\/posts\/134064","targetHints":{"allow":["GET"]}}],"collection":[{"href":"https:\/\/www.freiburg-schwarzwald.de\/blog\/wp-json\/wp\/v2\/posts"}],"about":[{"href":"https:\/\/www.freiburg-schwarzwald.de\/blog\/wp-json\/wp\/v2\/types\/post"}],"author":[{"embeddable":true,"href":"https:\/\/www.freiburg-schwarzwald.de\/blog\/wp-json\/wp\/v2\/users\/2"}],"replies":[{"embeddable":true,"href":"https:\/\/www.freiburg-schwarzwald.de\/blog\/wp-json\/wp\/v2\/comments?post=134064"}],"version-history":[{"count":5,"href":"https:\/\/www.freiburg-schwarzwald.de\/blog\/wp-json\/wp\/v2\/posts\/134064\/revisions"}],"predecessor-version":[{"id":134100,"href":"https:\/\/www.freiburg-schwarzwald.de\/blog\/wp-json\/wp\/v2\/posts\/134064\/revisions\/134100"}],"wp:attachment":[{"href":"https:\/\/www.freiburg-schwarzwald.de\/blog\/wp-json\/wp\/v2\/media?parent=134064"}],"wp:term":[{"taxonomy":"category","embeddable":true,"href":"https:\/\/www.freiburg-schwarzwald.de\/blog\/wp-json\/wp\/v2\/categories?post=134064"},{"taxonomy":"post_tag","embeddable":true,"href":"https:\/\/www.freiburg-schwarzwald.de\/blog\/wp-json\/wp\/v2\/tags?post=134064"}],"curies":[{"name":"wp","href":"https:\/\/api.w.org\/{rel}","templated":true}]}}