{"id":134057,"date":"2025-05-16T13:01:33","date_gmt":"2025-05-16T11:01:33","guid":{"rendered":"https:\/\/www.freiburg-schwarzwald.de\/blog\/?p=134057"},"modified":"2025-05-16T19:26:23","modified_gmt":"2025-05-16T17:26:23","slug":"amselmann-singt-amsel-bruetet","status":"publish","type":"post","link":"https:\/\/www.freiburg-schwarzwald.de\/blog\/amselmann-singt-amsel-bruetet\/","title":{"rendered":"Amselmann singt, Amsel br\u00fctet"},"content":{"rendered":"<p>Seit 10 Tagen singt unser <a href=\"https:\/\/www.freiburg-schwarzwald.de\/blog\/amseln-singen-zu-dritt-2-2-2025\/\">Amselmann<\/a> fast ununterbrochen, von 5.30 Uhr in der Fr\u00fche bis abends nach 20 Uhr. Uns zur gro\u00dfen Freude. Und abwechslungsreich, er hat mindestens sechs unterschiedliche &#8222;Strophen&#8220; im Repertoire. Vor Jahren hatten wir einmal einen <a href=\"https:\/\/www.freiburg-schwarzwald.de\/blog\/natur\/tiere\/vogel\/\">Amslerich,<\/a> der kannte nur zwei Strophen, <!--more-->wobei man meinte, die Worte &#8222;Kredit&#8220; und &#8222;Profit&#8220; herauszuh\u00f6ren.<br \/>\n.<br \/>\nZum Singen sitzt <a href=\"https:\/\/www.freiburg-schwarzwald.de\/blog\/amseln-singen-lauter-denn-je\/\">Herr Amsel<\/a> immer auf dem gleichen Ast im uralten <a href=\"https:\/\/www.freiburg-schwarzwald.de\/blog\/natur\/wald\/kastanie\/\">Esskastanienbaum<\/a>, von dem aus er das Nest in der Efeuhecke des <a href=\"https:\/\/www.freiburg-schwarzwald.de\/blog\/natur\/garten\/naturgarten\/\">Gartens<\/a> im Blick hat, auf dem seine Frau Amsel seit ca 10 Tagen sitzt und br\u00fctet. Nestbau, Eier legen und ausbr\u00fcten ist &#8211; anders als z.B. bei den <a href=\"https:\/\/www.freiburg-schwarzwald.de\/blog\/nabu-vogelzaehlung-spatz-meise\/\">Meisen<\/a> oder Rotschw\u00e4nzchen &#8211; ausschlie\u00dflich Aufgabe des Amselweibchens.<br \/>\n.<br \/>\nW\u00e4hrend dieser Zeit hat der Mann durch Gesang f\u00fcr gute Laune zu sorgen. Und er tut&#8217;s mit Hingabe und sehr zuverl\u00e4ssig. Erst bei Jungf\u00fctterung (2-3 Wochen im Nest und 3 Wochen nach dem Fl\u00fcggewerden) sind beide Partner arbeitsteilig gefordert, Futter zu suchen und heranzuschaffen. Dabei nahmen sie menschliche Hilfe dankbar an. Beim Umstechen eines Beetes, wenn die Regenw\u00fcrmer pl\u00f6tzlich auf der Erde zappeln, kommt die Amsel zuweilen so nahe an den Spaten heran, da\u00df man aufpassen mu\u00df, sie nicht zu verletzen.<br \/>\n<a href=\"https:\/\/www.youtube.com\/watch?v=BZQSryQWcpU\">https:\/\/www.youtube.com\/watch?v=BZQSryQWcpU<\/a><br \/>\n<a href=\"https:\/\/www.br.de\/kinder\/hoeren\/radiomikro\/vogelstimmen-amsel-gesang-merkspruch-100.html\">https:\/\/www.br.de\/kinder\/hoeren\/radiomikro\/vogelstimmen-amsel-gesang-merkspruch-100.html<\/a><br \/>\n.<br \/>\nWas passiert, wenn der Amselmann mit dem Gesang pl\u00f6tzlich aufh\u00f6rt &#8211; etwa weil er ihm ein Ungl\u00fcck zugesto\u00dfen ist oder weil er sich als linker Vogel <a href=\"https:\/\/www.freiburg-schwarzwald.de\/blog\/selbsthilfe\/frauen\/gender\/trans\/\">trans<\/a>&#8211;<a href=\"https:\/\/www.freiburg-schwarzwald.de\/blog\/selbsthilfe\/frauen\/gender\/\">gender<\/a> f\u00fchlt und ab sofort als Amselfrau behandelt werden will? Beendet die Amsel auf dem Nest dann ihr Brutgesch\u00e4ft? Ein f\u00fcrwahr lohnendes Thema f\u00fcr eine Promotion zum Dr. amsel.<br \/>\n16.5.2025<\/p>\n","protected":false},"excerpt":{"rendered":"<p>Seit 10 Tagen singt unser Amselmann fast ununterbrochen, von 5.30 Uhr in der Fr\u00fche bis abends nach 20 Uhr. Uns zur gro\u00dfen Freude. Und abwechslungsreich, er hat mindestens sechs unterschiedliche &#8222;Strophen&#8220; im Repertoire. Vor Jahren hatten wir einmal einen Amslerich, &hellip; <a href=\"https:\/\/www.freiburg-schwarzwald.de\/blog\/amselmann-singt-amsel-bruetet\/\">Weiterlesen <span class=\"meta-nav\">&rarr;<\/span><\/a><\/p>\n","protected":false},"author":2,"featured_media":0,"comment_status":"open","ping_status":"closed","sticky":false,"template":"","format":"standard","meta":{"footnotes":""},"categories":[18,140,12,101,220],"tags":[750,146,800,466],"class_list":["post-134057","post","type-post","status-publish","format-standard","hentry","category-bildung","category-garten","category-natur","category-tiere","category-vogel","tag-natur","tag-schulgarten","tag-tier","tag-tierschutz"],"_links":{"self":[{"href":"https:\/\/www.freiburg-schwarzwald.de\/blog\/wp-json\/wp\/v2\/posts\/134057","targetHints":{"allow":["GET"]}}],"collection":[{"href":"https:\/\/www.freiburg-schwarzwald.de\/blog\/wp-json\/wp\/v2\/posts"}],"about":[{"href":"https:\/\/www.freiburg-schwarzwald.de\/blog\/wp-json\/wp\/v2\/types\/post"}],"author":[{"embeddable":true,"href":"https:\/\/www.freiburg-schwarzwald.de\/blog\/wp-json\/wp\/v2\/users\/2"}],"replies":[{"embeddable":true,"href":"https:\/\/www.freiburg-schwarzwald.de\/blog\/wp-json\/wp\/v2\/comments?post=134057"}],"version-history":[{"count":4,"href":"https:\/\/www.freiburg-schwarzwald.de\/blog\/wp-json\/wp\/v2\/posts\/134057\/revisions"}],"predecessor-version":[{"id":134079,"href":"https:\/\/www.freiburg-schwarzwald.de\/blog\/wp-json\/wp\/v2\/posts\/134057\/revisions\/134079"}],"wp:attachment":[{"href":"https:\/\/www.freiburg-schwarzwald.de\/blog\/wp-json\/wp\/v2\/media?parent=134057"}],"wp:term":[{"taxonomy":"category","embeddable":true,"href":"https:\/\/www.freiburg-schwarzwald.de\/blog\/wp-json\/wp\/v2\/categories?post=134057"},{"taxonomy":"post_tag","embeddable":true,"href":"https:\/\/www.freiburg-schwarzwald.de\/blog\/wp-json\/wp\/v2\/tags?post=134057"}],"curies":[{"name":"wp","href":"https:\/\/api.w.org\/{rel}","templated":true}]}}