{"id":134025,"date":"2025-04-18T21:15:45","date_gmt":"2025-04-18T19:15:45","guid":{"rendered":"https:\/\/www.freiburg-schwarzwald.de\/blog\/?p=134025"},"modified":"2025-05-15T21:26:13","modified_gmt":"2025-05-15T19:26:13","slug":"gruene-pazifismus-zu-bellizismus","status":"publish","type":"post","link":"https:\/\/www.freiburg-schwarzwald.de\/blog\/gruene-pazifismus-zu-bellizismus\/","title":{"rendered":"Gr\u00fcne: Pazifismus zu Bellizismus"},"content":{"rendered":"<p>Nach ihrem abrupten Wechsel vom <a href=\"https:\/\/www.freiburg-schwarzwald.de\/blog\/engagement\/zukunft\/frieden\/pazifismus\/\">Pazifismus<\/a> zum <a href=\"https:\/\/www.freiburg-schwarzwald.de\/blog\/engagement\/zukunft\/krieg\/bellizismus\/\">Bellizismus<\/a> ist das links-gr\u00fcne Milieu verunsichert. \u201eUnser Milieu zieht keine K\u00e4mpfer heran, sondern Denker. Verwalter. Lenker\u201c sagt Lisa Seelig in der Zeit (1). Als <a href=\"https:\/\/www.freiburg-schwarzwald.de\/blog\/engagement\/zukunft\/krieg\/kriegstuechtig\/\">Soldaten<\/a> an der Front k\u00e4mpfen sollen die Anderen, die <a href=\"https:\/\/www.freiburg-schwarzwald.de\/blog\/engagement\/zukunft\/demokratie\/rechts\/rechts-links\/\">Rechten<\/a> und die <a href=\"https:\/\/www.freiburg-schwarzwald.de\/blog\/global\/integration\/integration-bringschuld\/\">integrierten Muslime<\/a>. <!--more-->W\u00e4hrend die eigenen links-woken Kinder, als &#8222;Denker, Verwalter, Lenker&#8220; zum Herrschen erzogen, von der Arbeit der Anderen profitieren &#8211; auch von der soldatischen Arbeit.<br \/>\n.<br \/>\nDabei ist das pl\u00f6tzlich so kriegerische Milieu des neuen linksgr\u00fcnen Adels eingebettet in ein <a href=\"https:\/\/www.freiburg-schwarzwald.de\/blog\/engagement\/zukunft\/demokratie\/eliten\/eliten-netzwerk\/\">Eliten-Netzwerk<\/a> aus NGOs, Kirchen, Gewerkschaften und Stiftungen, das der eigenen herrschenden Klasse den Bestand sichert.<br \/>\nBei alledem: Nur ca 10 Prozent der Jugendlichen sind bereit, mit der Waffe (Gewehr, <a href=\"https:\/\/www.freiburg-schwarzwald.de\/blog\/engagement\/zukunft\/krieg\/panzer\/\">Panzer<\/a>, <a href=\"https:\/\/www.freiburg-schwarzwald.de\/blog\/global\/waffen\/drohnen\/\">Drohnen<\/a>-Steuerungsstick) das eigene Land zu verteidigen.<\/p>\n<p>Da die neue Regierungskoalition CDU\/CSU-SPD zu einer Politikwende nicht f\u00e4hig ist, ist zu bef\u00fcrchten, da\u00df die bellizistisch angelegte Aussenpolitik der <a href=\"https:\/\/www.freiburg-schwarzwald.de\/blog\/engagement\/zukunft\/demokratie\/ampel\/\">Ampel-Regierung<\/a> fortgef\u00fchrt wird (2).<br \/>\n18.4.2025<br \/>\n.<br \/>\nEnde von Beitrag &#8222;Gr\u00fcne: Vom Pazifismus zum Bellizismus&#8220;<br \/>\n===========================================================<br \/>\nBeginn von Anlagen (1) &#8211; (2)<br \/>\n.<\/p>\n<p><strong>(1) Die Lebensl\u00fcge ist der intellektuelle Normzustand der Rotgr\u00fcnen<\/strong><br \/>\n<strong>Gestern Pazifismus, heute Bellizismus<\/strong><br \/>\nEin Milieu, das sich f\u00fcr berufen h\u00e4lt zu denken, lenken und herrschen, verliert in der Pose der Weltgewandtheit den Kontakt zur Realit\u00e4t \u2013 und nun zur eigenen moralischen Fassade. Zwischen Kriegspathos und Kinderzartheit taumelt das rotgr\u00fcne B\u00fcrgertum in die n\u00e4chste Lebensl\u00fcge: Es will Kriege f\u00fchren, aber nur mit den S\u00f6hnen der anderen.<br \/>\n.<br \/>\nM\u00fcsste man nicht tiefes Mitleid mit Deutschland empfinden, das wieder in den Niedergang, in K\u00e4mpfe und Wirren taumelt, nicht weil Russland die Ukraine angegriffen hat, sondern weil Freiheit, Wohlstand und Demokratie von innen her, von dysfunktionalen Eliten zerst\u00f6rt werden, m\u00fcsste man dieses Mitleid f\u00fcr ein narzisstisches B\u00fcrgertum aufbringen, das wirklichkeitsblind die eigenen Illusionen mit der Realit\u00e4t, Gef\u00fchlchen mit Verstand sowie Gesinnung mit Argumenten verwechselt.<br \/>\nDer larmoyante und deshalb dekuvrierende Essay von Lisa Seelig vor kurzem in der ZEIT https:\/\/www.zeit.de\/familie\/2025-03\/wehrdienst-bundeswehr-kinder-friedenszeit-bildungsbuerger ist nur deshalb erw\u00e4hnenswert, weil er \u2013 gewollt oder ungewollt \u2013 das Taumeln der rotgr\u00fcnen Eliten im Irrgarten der Gesinnungen wie in einer Folge der Lindenstra\u00dfe zeigt. Wie sehr die verunsicherte Autorin sich selbst und ihr Milieu \u00fcbersch\u00e4tzt und auf alle anderen Menschen in diesem Land herabblickt, bringt sie in einem Satz auf den Punkt: \u201eUnser Milieu zieht keine K\u00e4mpfer heran, sondern Denker. Verwalter. Lenker.\u201c<br \/>\nHerren-Menschen also, geboren zum Herrschen, zum Denken, zum Dichten, geboren dazu, von der Arbeit aller anderen in der Gesellschaft ern\u00e4hrt und reich gemacht zu werden. Der neue gr\u00fcne Adel eben, der sofort die Schergen losschickt, wenn jemand es wagt, seiner Majest\u00e4t zu l\u00e4stern. Alice Weidel darf man \u201eNazischlampe\u201c nennen, Robert Habeck aber nicht \u201eSchwachkopf\u201c. Das ist Neu-Versailles neue Rechtsordnung, die genau besehen immer mehr zu einer Linksordnung wird.<\/p>\n<p>@zeitonline<br \/>\nM\u00fcssen unsere Jungs bald in den Krieg? Linken Bildungsb\u00fcrgereltern tut es weh, sich damit auseinandersetzen zu m\u00fcssen, was die Zeitenwende f\u00fcr ihre eigenen Kinder bedeutet. 5.4.2025, https:\/\/x.com\/zeitonline\/status\/1908468663453106670<br \/>\n.<br \/>\nEs stellt sich dabei nur die eine, n\u00fcchterne Frage: Wann hat Seeligs Milieu zum letzten Mal einen Denker herangezogen? Oder: hat es jemals einen Denker herangezogen? Mir f\u00e4llt keiner ein. Meint Lisa Seelig etwa J\u00fcrgen Trittin? Robert Habeck? Marcel Fratzscher? Alena Buyx? Katharina Dr\u00f6ge? Patrick Graichen? Franziska Brantner? All die Helden der neuen gr\u00fcnen Welt. Offenbar zieht Seeligs Milieu keine Denker heran, sondern senkt nur kontinuierlich das intellektuelle Niveau herab.<br \/>\n&#8230;<br \/>\nNun hat sich Seeligs Milieu, das zum Herrschen, zum Denken, zum Verwalten, zum Lenken geboren und herangezogen wurde, entschlossen, solange vom Krieg zu reden, von Kriegst\u00fcchtigkeit, von Kriegswirtschaft, vom Krieg \u00fcberhaupt, bis er dann doch endlich eintrifft. Leute, die nie Wehrdienst geleistet haben, schw\u00e4rmen pl\u00f6tzlich vom Krieg. Doch in der Pose des Wohnzimmerhelden erstarrt in Seeligs Essay pl\u00f6tzlich der gute Rotgr\u00fcne, weil ihm seine Kinder, vor allem seine S\u00f6hne in den Blick geraten und er sich in einem allerdings schnell vergehenden Moment fragt, ob dann auch nicht sein eigener Sohn kriegst\u00fcchtig werden m\u00fcsste. M\u00fcsste dann nicht dieser Sohn, den er versucht hat, \u201ezu einem feministisch denkenden, sanften Mann zu erziehen\u201c, sein Kind, \u201edas so z\u00e4rtlich mit seiner j\u00fcngsten Schwester spielt; das auf seiner Stammposition im defensiven Mittelfeld auf dem Fu\u00dfballplatz zuverl\u00e4ssig an sich selbst verzweifelt, weil es so viel Angst hat, jemandem mit einer Gr\u00e4tsche wehzutun; das eine schlaflose Nacht hat, wenn es vergessen hat, einem wichtigen Menschen Tsch\u00fcss zu sagen\u201c, in den Krieg ziehen?<br \/>\n&#8230;<br \/>\nUnd so kann das Nachdenken \u00fcber die Gefahr, dass auch das eigene Eliten-Kind an so etwas Schmutzigem wie einem Krieg teilnehmen muss, auch nicht anders als in eitler Selbstbespiegelung enden. Es geht den Rotgr\u00fcnen, dem herrschenden Milieu nicht um die Frage Krieg oder Frieden, sondern am Ende nur wieder um sich selbst, um das einzige, wor\u00fcber sich ein dekadent-solipsistisches Milieu Gedanken macht: \u201eDie Chancen stehen also nicht so schlecht, dass auch meinem Milieu seine pers\u00f6nliche Zeitenwende gelingt.\u201c<br \/>\nDoch die Zeitenwende des Milieus k\u00f6nnte schnell zu unser aller Zeitenende werden. Das Milieu, das zum Wohlstand, zum Lenken und zum Denken und zum Verwalten geboren wurde, wird weder seine Selbstbezogenheit aufgeben noch seine Lebensl\u00fcgen, sondern sie nur dem Zeitgeist entsprechend austauschen, Das ist alles. Es wird nicht seine Existenzweise ver\u00e4ndern, sondern nur die Inhalte, ob Krieg oder Frieden, einerlei, fehlen wird weiterhin die Erkenntnis der Wirklichkeit, denn es ist nicht zum Erkennen, sondern zum Denken, zum Lenken und zum Verwalten herangezogen worden.<br \/>\nVielleicht kann uns nur eine Elitend\u00e4mmerung retten, bevor in Deutschland tats\u00e4chlich die Lichter ausgehen. Vielleicht sind ja nicht nur ihre Kinder zum Genie\u00dfen, zum Lenken und Verwalten geboren. Man w\u00fcrde es Demokratie nennen.<br \/>\n&#8230; Alles vom 7.4.2025 von Klaus-R\u00fcdiger Mai bitte lesen auf<br \/>\n<a href=\"https:\/\/www.tichyseinblick.de\/meinungen\/die-lebensluege-ist-der-intellektuelle-normzustand-der-rotgruenen\/\">https:\/\/www.tichyseinblick.de\/meinungen\/die-lebensluege-ist-der-intellektuelle-normzustand-der-rotgruenen\/<\/a><br \/>\n.<br \/>\n.<br \/>\n<strong>(2) Mein Goldjunge soll nicht f\u00fcr dieses Land sterben<\/strong><br \/>\nWir linken Bildungsb\u00fcrger dachten, der Frieden sei ewig. Nun m\u00fcssen wir mit dieser Lebensl\u00fcge aufr\u00e4umen \u2013 und uns fragen, was die Zeitenwende f\u00fcr unsere Kinder bedeutet.<br \/>\n&#8230;<br \/>\nArtikelzusammenfassung<br \/>\nDie Angst vor dem Krieg macht auch vor dem Kindergeburtstag nicht halt, w\u00e4hrend die akademische Mittelschicht, die sich bisher sicher f\u00fchlte, nun \u00fcber Kriegst\u00fcchtigkeit und Waffenlieferungen f\u00fcr die Ukraine diskutiert. Die Generation, die die Bundeswehr als Saftladen abtat, muss sich nun mit der Realit\u00e4t auseinandersetzen, dass ihre S\u00f6hne vielleicht doch Soldaten werden k\u00f6nnten. Die Diskussion \u00fcber die Reaktivierung der Wehrpflicht und die Rolle der Bundeswehr in der Gesellschaft f\u00fchrt zu einer ambivalenten Auseinandersetzung mit dem Thema Krieg und Verteidigung.<br \/>\n&#8230;<br \/>\n&#8230; Alles vom 6.4.2025 von Lisa Seelig bitte lesen auf<br \/>\n<a href=\"https:\/\/www.zeit.de\/familie\/2025-03\/wehrdienst-bundeswehr-kinder-friedenszeit-bildungsbuerger\">https:\/\/www.zeit.de\/familie\/2025-03\/wehrdienst-bundeswehr-kinder-friedenszeit-bildungsbuerger<\/a><br \/>\n.<\/p>\n","protected":false},"excerpt":{"rendered":"<p>Nach ihrem abrupten Wechsel vom Pazifismus zum Bellizismus ist das links-gr\u00fcne Milieu verunsichert. \u201eUnser Milieu zieht keine K\u00e4mpfer heran, sondern Denker. Verwalter. Lenker\u201c sagt Lisa Seelig in der Zeit (1). Als Soldaten an der Front k\u00e4mpfen sollen die Anderen, die &hellip; <a href=\"https:\/\/www.freiburg-schwarzwald.de\/blog\/gruene-pazifismus-zu-bellizismus\/\">Weiterlesen <span class=\"meta-nav\">&rarr;<\/span><\/a><\/p>\n","protected":false},"author":2,"featured_media":0,"comment_status":"open","ping_status":"closed","sticky":false,"template":"","format":"standard","meta":{"footnotes":""},"categories":[181,36,14,155,172],"tags":[682,520,667,649,764],"class_list":["post-134025","post","type-post","status-publish","format-standard","hentry","category-buergerbeteiligung","category-engagement","category-global","category-integration","category-zukunft","tag-freiheit","tag-frieden","tag-krieg","tag-links","tag-woke"],"_links":{"self":[{"href":"https:\/\/www.freiburg-schwarzwald.de\/blog\/wp-json\/wp\/v2\/posts\/134025","targetHints":{"allow":["GET"]}}],"collection":[{"href":"https:\/\/www.freiburg-schwarzwald.de\/blog\/wp-json\/wp\/v2\/posts"}],"about":[{"href":"https:\/\/www.freiburg-schwarzwald.de\/blog\/wp-json\/wp\/v2\/types\/post"}],"author":[{"embeddable":true,"href":"https:\/\/www.freiburg-schwarzwald.de\/blog\/wp-json\/wp\/v2\/users\/2"}],"replies":[{"embeddable":true,"href":"https:\/\/www.freiburg-schwarzwald.de\/blog\/wp-json\/wp\/v2\/comments?post=134025"}],"version-history":[{"count":2,"href":"https:\/\/www.freiburg-schwarzwald.de\/blog\/wp-json\/wp\/v2\/posts\/134025\/revisions"}],"predecessor-version":[{"id":134027,"href":"https:\/\/www.freiburg-schwarzwald.de\/blog\/wp-json\/wp\/v2\/posts\/134025\/revisions\/134027"}],"wp:attachment":[{"href":"https:\/\/www.freiburg-schwarzwald.de\/blog\/wp-json\/wp\/v2\/media?parent=134025"}],"wp:term":[{"taxonomy":"category","embeddable":true,"href":"https:\/\/www.freiburg-schwarzwald.de\/blog\/wp-json\/wp\/v2\/categories?post=134025"},{"taxonomy":"post_tag","embeddable":true,"href":"https:\/\/www.freiburg-schwarzwald.de\/blog\/wp-json\/wp\/v2\/tags?post=134025"}],"curies":[{"name":"wp","href":"https:\/\/api.w.org\/{rel}","templated":true}]}}