{"id":133996,"date":"2025-05-15T13:36:08","date_gmt":"2025-05-15T11:36:08","guid":{"rendered":"https:\/\/www.freiburg-schwarzwald.de\/blog\/?p=133996"},"modified":"2025-05-15T13:42:52","modified_gmt":"2025-05-15T11:42:52","slug":"erste-regierungserklaerung-merz","status":"publish","type":"post","link":"https:\/\/www.freiburg-schwarzwald.de\/blog\/erste-regierungserklaerung-merz\/","title":{"rendered":"Erste Regierungserkl\u00e4rung Merz"},"content":{"rendered":"<p>Information ist alles und &#8222;Wissen ist keine Bringschuld, sondern eine <a href=\"https:\/\/www.freiburg-schwarzwald.de\/blog\/wissen-ist-eine-holschuld\/\">Holschuld<\/a>&#8222;. Deshalb sollte sich jeder B\u00fcrger genau 58 min Zeit nehmen und die erste <a href=\"https:\/\/www.freiburg-schwarzwald.de\/blog\/engagement\/zukunft\/demokratie\/groko\/groko2025\/\">Regierungserkl\u00e4rung<\/a> von <a href=\"https:\/\/www.freiburg-schwarzwald.de\/blog\/engagement\/zukunft\/demokratie\/regierung2025\/\">Bundeskanzler<\/a> Friedrich Merz (CDU) anh\u00f6ren (siehe (1)), die dieser am 14.5.2025 im Deutschen Bundestag abgegeben hat. <!--more-->Wichtig ist nicht nur, was Merz alles gesagt hat, sondern auch wie (was also zwischen den Zeilen herauslesen l\u00e4\u00dft) und was nicht gesagt wird.<br \/>\n.<br \/>\nNach &#8222;<a href=\"https:\/\/www.freiburg-schwarzwald.de\/blog\/wissen-ist-keine-bringschuld\/\">Wissen ist eine Holschuld<\/a>&#8220; kommen wir zu einem weiteren allgemein g\u00fcltigen Diktum, n\u00e4mlich &#8222;<a href=\"https:\/\/www.freiburg-schwarzwald.de\/blog\/buerger-audiatur-et-altera-pars\/\">Audiatur est altera pars<\/a>&#8220; bzw. &#8222;Man h\u00f6re sich auch die andere Seite an&#8220;: Auf Friedrich Merz kam als Erste die Vertreterin der zweitgr\u00f6\u00dften politischen Partei, Alice Weidel (<a href=\"https:\/\/www.freiburg-schwarzwald.de\/blog\/vereine\/partei\/afd\/afd-opposition\/\">AfD<\/a>), zu Wort. Auch diese Rede sollte man sich als <a href=\"https:\/\/www.freiburg-schwarzwald.de\/blog\/engagement\/buerger\/\">m\u00fcndiger B\u00fcrger<\/a> anh\u00f6ren &#8211; siehe Anlage (2) unten.<br \/>\n.<br \/>\nBeide <a href=\"https:\/\/www.freiburg-schwarzwald.de\/blog\/engagement\/zukunft\/demokratie\/parlament\/abgeordnete\/\">Volksvertreter<\/a>, Friedrich Merz (CDU) als <a href=\"https:\/\/www.freiburg-schwarzwald.de\/blog\/engagement\/zukunft\/demokratie\/regierung2025\/\">Kanzler<\/a> und Alice Weidel (AfD) als <a href=\"https:\/\/www.freiburg-schwarzwald.de\/blog\/engagement\/zukunft\/demokratie\/opposition\/\">Oppositionsf\u00fchrerin<\/a> sprachen sachlich und ruhig. Bemerkenswert jedoch: W\u00e4hrend Merz mehr oder weniger ungest\u00f6rt und lange reden konnte, wurde Weidel in ihrer nur relativ kurzen Rede von zahlreichen und z.T. unfl\u00e4tigen Zwischenrufen unterbrochen. Dabei hatte die neue Bundestagspr\u00e4sidentin Julia Kl\u00f6ckner (CDU) doch einen h\u00f6flicheren Umgangsstil im <a href=\"https:\/\/www.freiburg-schwarzwald.de\/blog\/engagement\/zukunft\/demokratie\/bundestag\/\">Bundestag<\/a> in der neuen Legislaturperiode angemahnt.<br \/>\n15.5.2025<br \/>\n.<br \/>\nEnde von Beitrag &#8222;Erste Regierungserkl\u00e4rung Merz&#8220;<br \/>\n==========================================================<br \/>\nBeginn von Anlagen (1) &#8211; (3)<br \/>\n.<\/p>\n<p><strong>(1) Erste Regierungserkl\u00e4rung von Bundeskanzler Friedrich Merz (CDU)<\/strong><br \/>\n58 min<br \/>\nErste Regierungserkl\u00e4rung von Bundeskanzler Friedrich Merz (CDU) am 14.05.2025.<br \/>\n&#8220;<br \/>\n4.5.2025<br \/>\n<a href=\"https:\/\/www.youtube.com\/watch?v=YgcrTfSXXgo\">https:\/\/www.youtube.com\/watch?v=YgcrTfSXXgo<\/a><br \/>\n&#8222;Verantwortung f\u00fcr Deutschland&#8220; &#8211; unter dieser \u00dcberschrift steht die Koalitionsvereinbarung zwischen CDU\/CSU und SPD<br \/>\n<a href=\"https:\/\/www.bundesregierung.de\/breg-de\/suche\/video-erste-regierungserklaerung-kanzler-merz-2347450\">https:\/\/www.bundesregierung.de\/breg-de\/suche\/video-erste-regierungserklaerung-kanzler-merz-2347450<\/a><br \/>\n.<br \/>\n.<br \/>\n<strong>(2) Antwort zur Regierungserkl\u00e4rung von Oppositionsf\u00fchrerin Alice Weidel (AfD)<\/strong><br \/>\n17 min<br \/>\nAussprache zur Regierungserkl\u00e4rung der GroKo &#8211; Alice Weidel (AfD)<br \/>\n14.5.2025<br \/>\n<a href=\"https:\/\/www.youtube.com\/watch?v=pqc9likS32k\">https:\/\/www.youtube.com\/watch?v=pqc9likS32k<\/a><br \/>\n151 AfD-Delegierte applaudierten.<br \/>\n.<br \/>\n.<br \/>\n<strong>(3) Eine laue Regierungserkl\u00e4rung, ein Eklat und Million\u00e4rsvorw\u00fcrfe einer Linken: So lief der Tag im Bundestag<\/strong><br \/>\nDie erste Regierungserkl\u00e4rung von Friedrich Merz war mit Spannung erwartet worden. Doch sie blieb hinter den Erwartungen zur\u00fcck. Wie vieles andere auch.<br \/>\n&#8230;<br \/>\nDer neue Kanzler pr\u00e4sentiert sich seit seinem holprigen Start in sein Amt, das er erst im zweiten Wahlgang erobert hat, aufgeladen, entschlossen. Die Rede ist dennoch eher lau, wenig wird davon in Erinnerung bleiben, und das, obwohl Merz eigentlich als versierter Redner gilt. Die ersten Pannen hat er bereits hinter sich: Sein 30-Tage-Ultimatum an den russischen Pr\u00e4sidenten Putin wurde in Moskau achselzuckend abgewunken, <a href=\"https:\/\/www.berliner-zeitung.de\/politik-gesellschaft\/geopolitik\/aussenpolitik-in-der-sackgasse-friedrich-merz-blamiert-sich-mit-ultimatum-an-putin-li.2324554\">https:\/\/www.berliner-zeitung.de\/politik-gesellschaft\/geopolitik\/aussenpolitik-in-der-sackgasse-friedrich-merz-blamiert-sich-mit-ultimatum-an-putin-li.2324554<\/a> seine neue Migrationspolitik sorgt f\u00fcr innerkoalition\u00e4re Reibung, die Haushaltspolitik h\u00e4ngt in der Warteschleife. Es sind die ersten Blessuren eines Kanzlers, der sich vorgenommen hat, \u201enicht mehr zu beschreiben, sondern zu l\u00f6sen\u201c. Der Wille ist da, das Werkzeug fehlt noch.<br \/>\n&#8230;<br \/>\nWas von dieser ersten Regierungserkl\u00e4rung bleibt, ist der Eindruck eines Chefs, der viel will, viel sagt und jetzt viel zu viel versprochen hat<br \/>\n&#8230; Alles vom 14.5.2025 bitte lesen auf<br \/>\n<a href=\"https:\/\/www.berliner-zeitung.de\/politik-gesellschaft\/erste-regierungserklaerung-von-kanzler-merz-im-bundestag-li.2324917\">https:\/\/www.berliner-zeitung.de\/politik-gesellschaft\/erste-regierungserklaerung-von-kanzler-merz-im-bundestag-li.2324917<\/a><\/p>\n","protected":false},"excerpt":{"rendered":"<p>Information ist alles und &#8222;Wissen ist keine Bringschuld, sondern eine Holschuld&#8222;. Deshalb sollte sich jeder B\u00fcrger genau 58 min Zeit nehmen und die erste Regierungserkl\u00e4rung von Bundeskanzler Friedrich Merz (CDU) anh\u00f6ren (siehe (1)), die dieser am 14.5.2025 im Deutschen Bundestag &hellip; <a href=\"https:\/\/www.freiburg-schwarzwald.de\/blog\/erste-regierungserklaerung-merz\/\">Weiterlesen <span class=\"meta-nav\">&rarr;<\/span><\/a><\/p>\n","protected":false},"author":2,"featured_media":0,"comment_status":"open","ping_status":"closed","sticky":false,"template":"","format":"standard","meta":{"footnotes":""},"categories":[18,186,155,13,171,6],"tags":[827,633,820,525],"class_list":["post-133996","post","type-post","status-publish","format-standard","hentry","category-bildung","category-finanzsystem","category-integration","category-kultur","category-verbraucher","category-vereine","tag-bundestag","tag-demokratie","tag-meinungsfreiheit","tag-politik"],"_links":{"self":[{"href":"https:\/\/www.freiburg-schwarzwald.de\/blog\/wp-json\/wp\/v2\/posts\/133996","targetHints":{"allow":["GET"]}}],"collection":[{"href":"https:\/\/www.freiburg-schwarzwald.de\/blog\/wp-json\/wp\/v2\/posts"}],"about":[{"href":"https:\/\/www.freiburg-schwarzwald.de\/blog\/wp-json\/wp\/v2\/types\/post"}],"author":[{"embeddable":true,"href":"https:\/\/www.freiburg-schwarzwald.de\/blog\/wp-json\/wp\/v2\/users\/2"}],"replies":[{"embeddable":true,"href":"https:\/\/www.freiburg-schwarzwald.de\/blog\/wp-json\/wp\/v2\/comments?post=133996"}],"version-history":[{"count":5,"href":"https:\/\/www.freiburg-schwarzwald.de\/blog\/wp-json\/wp\/v2\/posts\/133996\/revisions"}],"predecessor-version":[{"id":134001,"href":"https:\/\/www.freiburg-schwarzwald.de\/blog\/wp-json\/wp\/v2\/posts\/133996\/revisions\/134001"}],"wp:attachment":[{"href":"https:\/\/www.freiburg-schwarzwald.de\/blog\/wp-json\/wp\/v2\/media?parent=133996"}],"wp:term":[{"taxonomy":"category","embeddable":true,"href":"https:\/\/www.freiburg-schwarzwald.de\/blog\/wp-json\/wp\/v2\/categories?post=133996"},{"taxonomy":"post_tag","embeddable":true,"href":"https:\/\/www.freiburg-schwarzwald.de\/blog\/wp-json\/wp\/v2\/tags?post=133996"}],"curies":[{"name":"wp","href":"https:\/\/api.w.org\/{rel}","templated":true}]}}