{"id":133975,"date":"2025-05-13T21:00:31","date_gmt":"2025-05-13T19:00:31","guid":{"rendered":"https:\/\/www.freiburg-schwarzwald.de\/blog\/?p=133975"},"modified":"2025-05-15T09:25:31","modified_gmt":"2025-05-15T07:25:31","slug":"margot-friedlaender-verstorben","status":"publish","type":"post","link":"https:\/\/www.freiburg-schwarzwald.de\/blog\/margot-friedlaender-verstorben\/","title":{"rendered":"Margot Friedl\u00e4nder verstorben"},"content":{"rendered":"<p>Im Alter von 103 Jahren verstarb in Berlin die <a href=\"https:\/\/www.freiburg-schwarzwald.de\/blog\/bildung\/holocaust-education\/\">Holocaust-\u00dcberlebende<\/a> Margot Friedl\u00e4nder. Sie verlor in der NS-Zeit ihre Mutter und ihren Bruder und \u00fcberlebte selbst das KZ Theresienstadt. Erst im Alter von 88 Jahren kehrte Sie aus den USA in ihre Heimatstadt Berlin zur\u00fcck, <!--more-->um vor allem die Jugend (in Schulen, Universit\u00e4ten) vor der Nazi-Diktatur und dem <a href=\"https:\/\/www.freiburg-schwarzwald.de\/blog\/religion\/juden\/antisemitismus\/\">Antisemitismus<\/a> zu <a href=\"https:\/\/www.freiburg-schwarzwald.de\/blog\/kultur\/erinnerungskultur\/\">warnen<\/a>. Sie hat sich daf\u00fcr eingesetzt, da\u00df <a href=\"https:\/\/www.freiburg-schwarzwald.de\/blog\/religion\/juden\/juedisches-leben\/\">j\u00fcdisches Leben<\/a> in Deutschland wieder gefahrlos m\u00f6glich wird.<br \/>\n.<br \/>\nFriedl\u00e4nder lie\u00df sich nie <a href=\"https:\/\/www.freiburg-schwarzwald.de\/blog\/engagement\/zukunft\/demokratie\/parteienstaat\/\">parteipolitisch<\/a> vereinnahmen. Nach dem \u00dcberfall der Hamas auf Israel am <a href=\"https:\/\/www.freiburg-schwarzwald.de\/blog\/global\/israel\/israel7-10-2023\/\">7. Oktober 2023<\/a> kritisierte sie im WDR die Migrationspolitik von <a href=\"https:\/\/www.freiburg-schwarzwald.de\/blog\/vereine\/partei\/cduspdgruene\/\">CDUSPDGr\u00fcne<\/a>: <em>\u201eDiese Migration, die gekommen ist, da sind welche schon als Kleinkinder mit Antisemitismus aufgewachsen und aufgehetzt worden.\u201c<\/em> Margot Friedl\u00e4nders wichtigste Botschaft war: <em>\u201eIhr m\u00fcsst Menschen sein\u201c<\/em> (1).<br \/>\n.<br \/>\nWenn diese gro\u00dfartige Frau nun nach ihrem Tode parteipolitisch missbraucht wird, dann ist dies sch\u00e4ndlich. Der Pianist Igor Levit (#AllesindenArm-Impfbef\u00fcrworter zur Corona-Zeit) hat auf dem Filmfestival mit seiner Unterstellung, da\u00df die AfD &#8222;103 Jahre Lebenswerk&#8220; von Margot Friedl\u00e4nder zerst\u00f6ren wollte (2), eine unfaire <a href=\"https:\/\/www.freiburg-schwarzwald.de\/blog\/religion\/juden\/juden-instrumentalisieren\/\">Instrumentalisierung<\/a> begangen, gegen die sich Frau Friedl\u00e4nder niemals mehr wehren kann.<br \/>\n13.5.202<br \/>\n.<br \/>\nEnde von Beitrag &#8222;Margot Friedl\u00e4nder verstorben&#8220;<br \/>\n========================================================<br \/>\nBeginn von Anlagen (1) &#8211; (2)<\/p>\n<p>.<\/p>\n<p><strong>(1) Zum Tode Margot Friedl\u00e4nders: \u201eIhr helft mir, wenn ihr mir zuh\u00f6rt.\u201c<\/strong><br \/>\nFriedl\u00e4nders Engagement f\u00fcr Israel war daher keine blinde Loyalit\u00e4t, sondern eine Antwort auf die Geschichte. Sie wusste, dass der Judenhass, den sie als Kind erlebte, nicht verschwunden ist. \u201eSo hat es damals auch angefangen\u201c, warnte sie angesichts des zunehmenden Judenhasses in Deutschland, besonders nach dem Hamas-Angriff am 7. Oktober 2023. Ihre Sorge galt nicht nur vermeintlich rechtsextremen Str\u00f6mungen, die von Medien stets \u00fcberbetont werden, sondern auch linken und islamistischen Narrativen, die Israel d\u00e4monisieren und j\u00fcdisches Leben in der Diaspora gef\u00e4hrden.<\/p>\n<p>\u201eIhr helft mir, wenn ihr mir zuh\u00f6rt.\u201d<br \/>\nBesonders kritisch betrachtete Friedl\u00e4nder die Politik von Gr\u00fcn-Rot, die durch ihre ideologischen Verirrungen und Nachgiebigkeit gegen\u00fcber antisemitischen Str\u00f6mungen j\u00fcdisches Leben in Deutschland erschwert haben. Die rot-gr\u00fcne Politik, oft von moralischer Selbst\u00fcbersch\u00e4tzung gepr\u00e4gt, hat durch ihre Unterst\u00fctzung der BDS-Bewegung und ihre Zur\u00fcckhaltung gegen\u00fcber islamistischem Judenhass ein Klima geschaffen, in dem Juden sich immer weniger sicher f\u00fchlen.<\/p>\n<p>Ein Beispiel ist die Toleranz gegen\u00fcber Demonstrationen, auf denen antisemitische Parolen skandiert werden. In Berlin-Neuk\u00f6lln wurden 2024 j\u00fcdische Einrichtungen mit Davidsternen beschmiert, und auf sogenannten \u201epro-pal\u00e4stinensischen\u201c Kundgebungen wurden Aufrufe zur Vernichtung Israels laut. Friedl\u00e4nder kommentierte die Situation f\u00fcr Juden in Deutschland so: <em>\u201eIch h\u00e4tte nie gedacht, dass das m\u00f6glich ist. Das ist seit drei, vier Jahren wieder so.\u201c<\/em><br \/>\nIhre Worte sind ein Appell an die Politik, Verantwortung zu \u00fcbernehmen, statt j\u00fcdisches Leben durch Unt\u00e4tigkeit oder falsche Priorit\u00e4ten zu gef\u00e4hrden.<br \/>\nTrotz ihres Leids und ihrer klaren Worte war Margot Friedl\u00e4nder nie verbittert. Im Gegenteil: Sie trat Menschen nicht mit Vorw\u00fcrfen, sondern mit Offenheit und Respekt entgegen. \u201eIhr helft mir, wenn ihr mir zuh\u00f6rt\u201c, sagte sie in einem Interview mit der ZEIT.<br \/>\nSp\u00e4ter gr\u00fcndete sie die Margot-Friedl\u00e4nder-Stiftung, um ihre Zeitzeugenarbeit fortzuf\u00fchren, und der nach ihr benannte Preis ehrt Initiativen f\u00fcr Toleranz und gegen Judenhass.<br \/>\n&#8230; Alles vom 12.5.2025 bitte lesen auf<br \/>\n<a href=\"https:\/\/www.dersandwirt.de\/margot-friedlaender\/\">https:\/\/www.dersandwirt.de\/margot-friedlaender\/<\/a><br \/>\n.<br \/>\n.<br \/>\n<strong>(2) Der Feind \u201ehei\u00dft AfD\u201c \u2013 im ZDF wird das Gedenken an Margot Friedl\u00e4nder parteipolitisch missbraucht<\/strong><br \/>\nDer Tod von Margot Friedl\u00e4nder wurde w\u00e4hrend der \u00dcbertragung des Deutschen Filmpreises bekannt. Moderator Igor Levit wollte ihr Leben daraufhin in einer kurzen Ansprache w\u00fcrdigen. Dabei wandte er sich explizit gegen die AfD.<br \/>\n&#8230;<br \/>\nBei ihrer Arbeit lie\u00df sich Margot Friedl\u00e4nder nie parteipolitisch vereinnahmen. Sie kritisierte Antisemitismus auf allen Seiten, insbesondere auch nach dem 7. Oktober. In diesem Zuge thematisierte sie beim WDR auch die Migrationspolitik: \u201eDiese Migration, die gekommen ist, da sind welche schon als Kleinkinder mit Antisemitismus aufgewachsen und aufgehetzt worden.\u201c Margot Friedl\u00e4nders wichtigste Botschaft war: \u201eIhr m\u00fcsst Menschen sein\u201c.<br \/>\n.<br \/>\nDie Instrumentalisierung einer Trauerfeier f\u00fcr politische Propaganda. Nicht in ihrem Sinne, nicht durch ihr Leben und ihren Geist autorisiert. Wer mahnt seit langem den wachsenden Antisemitismus in der Bev\u00f6lkerung, den Unis, mittlerweile gesellschaftlich etabliert an?<br \/>\n.<br \/>\n<em>Verhaltenes Klatschen nach der erneuten Instrumentalisierung von Margot Friedl\u00e4nders Leben und Tod durch @igorpianist f\u00fcr seinen \u201cKampf\u201d gegen die AfD. @maischberger scheint es zu verstehen, was hier schiefl\u00e4uft und klatscht (wie viele Andere auch) nicht\u2026<\/em><br \/>\n<em>11.5.2025, <a href=\"https:\/\/x.com\/ElefantImRaum2\/status\/1921429485649269135\">https:\/\/x.com\/ElefantImRaum2\/status\/1921429485649269135<\/a><\/em><br \/>\n.<br \/>\n&#8230; Alles vom 11.5.2025 bitte lesen auf<br \/>\n<a href=\"https:\/\/apollo-news.net\/der-feind-heit-afd-im-zdf-wird-das-gedenken-an-margot-friedlnder-parteipolitisch-missbraucht\/\">https:\/\/apollo-news.net\/der-feind-heit-afd-im-zdf-wird-das-gedenken-an-margot-friedlnder-parteipolitisch-missbraucht\/<\/a><br \/>\n.<br \/>\nEinige Kommentare:<br \/>\nDie Instrumentalisierung auf einer Gedenkfeier ist sch\u00e4big. Gleichzeitig die AFD mit den schrecklichen, grausamen und abartigen Taten von damals in Verbindung zu bringen, ist geschichtsvergessen. Als w\u00e4re diese Frau, durch diese Partei hier, je bedroht gewesen. M\u00f6ge sie Frieden finden. IkBins<br \/>\n.<br \/>\nDie Instrumentalisierung einer Trauerfeier f\u00fcr politische Propaganda. Nicht in ihrem Sinne, nicht durch ihr Leben und ihren Geist autorisiert. Wer mahnt seit langem den wachsenden Antisemitismus in der Bev\u00f6lkerung, den Unis, mittlerweile gesellschaftlich etabliert an? Lilith<br \/>\nEnde Kommentare<\/p>\n","protected":false},"excerpt":{"rendered":"<p>Im Alter von 103 Jahren verstarb in Berlin die Holocaust-\u00dcberlebende Margot Friedl\u00e4nder. Sie verlor in der NS-Zeit ihre Mutter und ihren Bruder und \u00fcberlebte selbst das KZ Theresienstadt. Erst im Alter von 88 Jahren kehrte Sie aus den USA in &hellip; <a href=\"https:\/\/www.freiburg-schwarzwald.de\/blog\/margot-friedlaender-verstorben\/\">Weiterlesen <span class=\"meta-nav\">&rarr;<\/span><\/a><\/p>\n","protected":false},"author":2,"featured_media":0,"comment_status":"open","ping_status":"closed","sticky":false,"template":"","format":"standard","meta":{"footnotes":""},"categories":[18,52,155,13,157,19],"tags":[84,420],"class_list":["post-133975","post","type-post","status-publish","format-standard","hentry","category-bildung","category-einewelt","category-integration","category-kultur","category-oeffentlicher-raum","category-religion","tag-israel","tag-juden"],"_links":{"self":[{"href":"https:\/\/www.freiburg-schwarzwald.de\/blog\/wp-json\/wp\/v2\/posts\/133975","targetHints":{"allow":["GET"]}}],"collection":[{"href":"https:\/\/www.freiburg-schwarzwald.de\/blog\/wp-json\/wp\/v2\/posts"}],"about":[{"href":"https:\/\/www.freiburg-schwarzwald.de\/blog\/wp-json\/wp\/v2\/types\/post"}],"author":[{"embeddable":true,"href":"https:\/\/www.freiburg-schwarzwald.de\/blog\/wp-json\/wp\/v2\/users\/2"}],"replies":[{"embeddable":true,"href":"https:\/\/www.freiburg-schwarzwald.de\/blog\/wp-json\/wp\/v2\/comments?post=133975"}],"version-history":[{"count":5,"href":"https:\/\/www.freiburg-schwarzwald.de\/blog\/wp-json\/wp\/v2\/posts\/133975\/revisions"}],"predecessor-version":[{"id":133995,"href":"https:\/\/www.freiburg-schwarzwald.de\/blog\/wp-json\/wp\/v2\/posts\/133975\/revisions\/133995"}],"wp:attachment":[{"href":"https:\/\/www.freiburg-schwarzwald.de\/blog\/wp-json\/wp\/v2\/media?parent=133975"}],"wp:term":[{"taxonomy":"category","embeddable":true,"href":"https:\/\/www.freiburg-schwarzwald.de\/blog\/wp-json\/wp\/v2\/categories?post=133975"},{"taxonomy":"post_tag","embeddable":true,"href":"https:\/\/www.freiburg-schwarzwald.de\/blog\/wp-json\/wp\/v2\/tags?post=133975"}],"curies":[{"name":"wp","href":"https:\/\/api.w.org\/{rel}","templated":true}]}}