{"id":133555,"date":"2025-05-05T09:45:32","date_gmt":"2025-05-05T07:45:32","guid":{"rendered":"https:\/\/www.freiburg-schwarzwald.de\/blog\/?p=133555"},"modified":"2025-05-05T12:41:24","modified_gmt":"2025-05-05T10:41:24","slug":"ev-kirchentag-2025-hannover","status":"publish","type":"post","link":"https:\/\/www.freiburg-schwarzwald.de\/blog\/ev-kirchentag-2025-hannover\/","title":{"rendered":"Ev. Kirchentag 2025 Hannover"},"content":{"rendered":"<p>Der 39. Evangelische <a href=\"https:\/\/www.freiburg-schwarzwald.de\/blog\/religion\/kirchen\/kirchentag\/\">Kirchentag<\/a> vom 30.4. bis 4.5.2025 in Hannover steht unter dem Motto &#8222;Mutig &#8211; stark &#8211; beherzt&#8220;, umfasst ca 1500 Events, wird vom <a href=\"https:\/\/www.freiburg-schwarzwald.de\/blog\/religion\/kirche-staat\/\">Staat finanziert<\/a> (2023 ca 7 Mio Euro), kostet 49 Euro\/Tag bzw. 149 Euro\/gesamt Eintritt und bietet gleich zu Beginn diese <a href=\"https:\/\/www.freiburg-schwarzwald.de\/blog\/religion\/kirche-politik\/\">Polit<\/a>-Highlights: <!--more-->30.4. Gru\u00dfwort Pr\u00e4sident Frank-Walter Steinmeier, 1.5. Bibelarbeit <a href=\"https:\/\/www.freiburg-schwarzwald.de\/blog\/global\/deutschland\/merkel-deutschland\/\">Angela Merkel<\/a>, Luisa Neubauer und Bischof Christian St\u00e4blein sowie 2.5. Interview Bundeskanzler <a href=\"https:\/\/www.freiburg-schwarzwald.de\/blog\/engagement\/zukunft\/demokratie\/ampel\/\">Olaf Scholz<\/a>.<\/p>\n<p>Fr\u00fcher war der Kirchentag ein Ort des <a href=\"https:\/\/www.freiburg-schwarzwald.de\/blog\/religion\/christen\/christentum\/\">christlichen Zusammenhaltes<\/a>, der Einkehr und Besinnung, auf dem <a href=\"https:\/\/www.freiburg-schwarzwald.de\/blog\/papst-politik-oder-seelsorge\/\">Seelsorge<\/a> und Glaube im Vordergrund standen. Heute ist dies anders: 2018 wurden <a href=\"https:\/\/www.freiburg-schwarzwald.de\/blog\/bildung\/intersektionale-bildung\/\">Vaginas<\/a> gemalt und 2023 &#8222;<a href=\"https:\/\/www.freiburg-schwarzwald.de\/blog\/ev-kirchentag-gott-ist-queer\/\">Gott ist queer<\/a>&#8220; gepredigt. 2025 geht es um politische Themen wie Klima, LGBTQ, Gender, Antikapitalismus, Kampf gegen Rechts, Sonderverm\u00f6gen, Taurus und Rassismus. Zu letzterem ein nachdenklich machendes Beispiel (4):<br \/>\nVon einem Empowermentprogramm f\u00fcr BI\/PoC-Kinder, das sich an Black, Indigenous und Kinder of Color richtet, werden wei\u00dfe Kinder ausdr\u00fccklich ausgeschlossen mit der Begr\u00fcndung, nur so &#8222;sichere R\u00e4ume&#8220; f\u00fcr BI\/POC-Kinder schaffen zu k\u00f6nnen. Damit unterstellt die <a href=\"https:\/\/www.freiburg-schwarzwald.de\/blog\/religion\/evangelisch\/\">evangelische Kirche<\/a> den wei\u00dfen Kindern das, was sie bek\u00e4mpfen will: <a href=\"https:\/\/www.freiburg-schwarzwald.de\/blog\/engagement\/rassismus\/\">Rassismus<\/a>.<\/p>\n<p>Wann pr\u00e4sentiert sich der Kirchentag nicht mehr als &#8222;<a href=\"https:\/\/www.freiburg-schwarzwald.de\/blog\/engagement\/zukunft\/demokratie\/gruen-links\/\">gr\u00fcner Parteitag<\/a>&#8220; (Peter Hahne in (3)), sondern losgel\u00f6st vom politischen Tagesgeschehen ganz schlicht und einfach als &#8222;Tag des christlichen Glaubens&#8220;? Wann haben die Kirchenoberen der EKD wieder die Kraft, als Motto des Kirchentags anstelle des unverst\u00e4ndlichen K\u00fcrzels &#8222;mutig &#8211; stark &#8211; beherzt&#8220; die zugrundeliegenden Worte aus dem Paulus-Brief an die Korinther im Original zu plakatieren (9):<br \/>\n<em>\u201eWachet, stehet im Glauben, seid mutig und seid stark!<\/em><br \/>\n<em>Alle eure Dinge lasst in der Liebe geschehen.\u201c<\/em><br \/>\n<em>1. Korinther 16,13-14<\/em><br \/>\nDas Problem ist, da\u00df in diesem aus dem Paulus-Brief entnommenen Motto das Wort &#8222;Glauben&#8220; enthalten ist. Und den &#8222;Glauben&#8220; wollte man in Hannover verheimlichen. Kommt im Jahr 2027 ein Kirchentag, auf dem &#8222;Glauben&#8220; wieder entdeckt werden darf?<br \/>\n5.5.2025<br \/>\n.<br \/>\nEnde von Beitrag &#8222;Ev. Kirchentag 2025 Hannover&#8220;<br \/>\n==============================================================<br \/>\nBeginn von Anlagen (1) &#8211; (10)<\/p>\n<p><a href=\"https:\/\/www.kirchentag.de\">https:\/\/www.kirchentag.de<\/a><br \/>\n.<\/p>\n<p><strong>(1) Evangelischer Kirchentag 2025: Mehr Klima, mehr Gender \u2013 weniger Gott<\/strong><br \/>\nDer Evangelische Kirchentag 2025 pr\u00e4sentiert sich als ideologischer Jahrmarkt f\u00fcr alles, was irgendwie \u201eprogressiv\u201c klingt \u2013 nur der Glaube bleibt au\u00dfen vor. Zwischen Taylor-Swift-Gottesdienst, Bibelarbeit mit Luisa Neubauer und 95-mal \u201eVielfalt\u201c verliert sich die Kirche vollends im Wokeness-Rausch \u2013 und beerdigt das Christentum mit Applaus.<br \/>\n&#8230;<br \/>\nUnter den Themen der 1.500 Veranstaltungen finden wir 95-mal \u201eVielfalt\u201c, 48-mal \u201eKlima\u201c, 38-mal \u201eRassismus\u201c, 37-mal \u201eQueer\u201c, 25-mal \u201eGender\u201c, 11-mal \u201etrans\u201c, 11-mal \u201eRechtsextremismus\u201c (Linksextremismus nullmal), 17-mal \u201eIslam\u201c. Immerhin 1-mal \u201eUkraine\u201c und 2-mal \u201eG*tt\u201c. Und 1-mal f\u00fcr Abtreibungsbef\u00fcrworter \u201eMy body my Choice\u201c. Aber null-komma-null-mal die m\u00f6rderische Christenverfolgung, der auch 2024 wieder Tausende Christen zum Opfer fielen \u2013 zumeist in muslimisch-islamisch dominierten Staaten.<br \/>\nNein, liebe Evangelen, damit gewinnt ihr keinen Blumentopf mehr. Den Aderlass, den ihr binnen 20 Jahren ertragen musstet bzw. zu verantworten habt, stoppt ihr mit eurer Politisierung nicht. Im Jahr 2005 hatte die evangelische Kirche Deutschlands immerhin noch 25,4 Millionen Mitglieder. 2024 waren es mit 17,98 Millionen um 29 Prozent weniger. (\u00c4hnlich \u00fcbrigens wie die katholische Kirche). Kurz, liebe woke Evangelen, liebe Gr\u00fcninnen und Gr\u00fcnen: F\u00fcr 2025 k\u00f6nnt ihr euch einen \u201egr\u00fcnen\u201c Parteitag sparen. Geht nach Hannover, dort wird alles zelebriert, was \u201ewirklich wichtig\u201c oder wenigstens \u201eein St\u00fcck weit wichtig\u201c ist. Ganz im Sinne der von 2009 bis 2013 als EKD-Pr\u00e4ses amtierenden \u201eGr\u00fcnen\u201c Katrin G\u00f6ring-Eckardt.<br \/>\nWahrscheinlich wird sich der 38. Evangelische Kirchentag des Jahres 2023 von N\u00fcrnberg 2025 in Hannover klonen. Und statt der Botschaft des Evangeliums vor allem den neuen Religionen \u201eKlima\u201c, \u201eGender\u201c und \u201eMigration\u201c huldigen. In N\u00fcrnberg gab es \u00fcbrigens 2023 rund zweitausend Einzelveranstaltungen: darunter 33-mal Queer, 32-mal Gender, 21-mal Feminismus, 20-mal Migration. Die Berliner Zeitung berichtete, dass dort Passagen aus einem Buch einer Soziologin vorgetragen wurden, die erkl\u00e4rte, wie man m\u00e4nnliches (sic!) Sperma aus Textilien entfernen k\u00f6nne. Beim Abschlussgottesdienst predigte Pastor Quinton Ceasar: \u00bbGott ist queer.\u00ab Das will erst einmal getoppt sein.<br \/>\n&#8230; Alles vom 30.4.2025 von Josef Kraus bitte lesen auf<br \/>\n<a href=\"https:\/\/www.tichyseinblick.de\/meinungen\/evangelischer-kirchentag-2025\/\">https:\/\/www.tichyseinblick.de\/meinungen\/evangelischer-kirchentag-2025\/<\/a><br \/>\n.<\/p>\n<p><strong>(2) Die Auss\u00e4tzigen auf dem gr\u00fcnen Kirchentag<\/strong><br \/>\nNicht erst, seit die Alt-Gr\u00fcne Katrin G\u00f6ring-Eckardt aus Friedrichroda von 2009 bis 2013 Pr\u00e4ses der Synode der EKD war, gilt die evangelische Kirche als Vorfeld gr\u00fcn-linker woker Politik in Deutschland. Aber G\u00f6ring-Eckardt hat dieser N\u00e4he lange das Gesicht gegeben. Ihr Partner Thies Gundlach war einer der Vordenker der EKD und unter anderem f\u00fchrender Kopf hinter dem Reformprozess der EKD \u201eKirche im Aufbruch\u201c. Aber Gundlach war und ist vor allem Vorstand von \u201eUnited4Rescue\u201c, den ersten Seenotschleppern, die von der Ampel-Regierung finanzielle Unterst\u00fctzung<br \/>\nhttps:\/\/www.bild.de\/politik\/inland\/politik-inland\/staatsgeld-fuer-seenotrettung-verhalf-gruenen-politikerin-ihrem-liebsten-zu-mill-81940708.bild.html zugesichert bekamen. Das Wirken dieses Paares steht stellvertretend f\u00fcr die Entwicklung der evangelischen Kirchen in Deutschland hin zum Vorfeld der Bundesregierung. Die Politisierung ist so weit fortgeschritten, dass die EKD sich als wichtiges Propaganda-Instrument gr\u00fcner Politik etabliert hat.<br \/>\nDie Gr\u00fcnen-Politikerin Anja Siegesmund war Umweltministerin in Th\u00fcringen und ist heute Pr\u00e4sidentin des 39. Deutschen Evangelischen Kirchentags in Hannover. Und sie ist eine ma\u00dfgebliche Kraft, AfD-Politiker vom Kirchentag auszuschlie\u00dfen. Gegen\u00fcber der \u201eZeit\u201c erkl\u00e4rte Siegesmund, man habe zwar \u201eLust auf Streit beim Kirchentag\u201c, man gehe auch Debatten nicht aus dem Weg. Aber die AfD sei rassistisch und antisemitisch: \u201eDer AfD bieten wir daher aus gutem Grund keine Podien. Sie ist zwar demokratisch legitimiert, aber keine demokratische Partei.\u201c<br \/>\n&#8230;<br \/>\nLukas etwa schrieb sein Evangelium vor allem f\u00fcr die Abtr\u00fcnnigen. Also f\u00fcr jene, die von Gott und Gesellschaft getrennt betrachtet wurden. Wenn also die AfD laut EKD-F\u00fchrung menschenfeindlich und fern von Gott sei, w\u00e4ren sie dann nicht der wichtigste Gast an der langen Tafel?<br \/>\n1.5.2025 <a href=\"https:\/\/www.alexander-wallasch.de\/gesellschaft\/die-aussaetzigen-auf-dem-gruenen-kirchentag\">https:\/\/www.alexander-wallasch.de\/gesellschaft\/die-aussaetzigen-auf-dem-gruenen-kirchentag<\/a><br \/>\n.<\/p>\n<p><strong>(3) \u201eHerr Hahne, sind Sie etwa immer noch evangelisch?!\u201c<\/strong><br \/>\n&#8230;<br \/>\nProtestantismus. Nur noch Fassade. Passend zu den beiden C-Parteien und ihren F\u00fchrern. Ausverkauf! Apostel der Apokalypse und des Asylmissbrauchs. Zu besichtigen auf dem Hannoverschen Schwurbel-Kirchentag. Ein Eldorado von woken Verschw\u00f6rungstheorien und gr\u00fcner Polit-Folklore. Daf\u00fcr wurde mit Hochglanz-Plakaten, schulfrei in Niedersachsen und folgenden Rednern geworben: Neubauer, Eckart von Hirschhausen, Bodo Ramelow, Ricarda Lang, Hubertus Heil, Margot K\u00e4\u00dfmann. Noch Fragen?!<br \/>\n&#8230; Alles vom 1.5.2025 von Peter Hahne bitte lesen auf<br \/>\n<a href=\"https:\/\/www.achgut.com\/artikel\/peter_hahne_der_heilige_ausverkauf\">https:\/\/www.achgut.com\/artikel\/peter_hahne_der_heilige_ausverkauf<\/a><br \/>\n<strong>(4) \u201eKinder of Color\u201c<\/strong><br \/>\nVon kranken Kindern zu solchen mit der \u201efalschen\u201c Abstammung. Auf dem Evangelischen Kirchentag, der derzeit in Hannover stattfindet, bleibt eine Veranstaltung \u201eBIPoC\/PoC-Kindern\u201c vorbehalten, \u201eausschlie\u00dflich [\u2026] Black, Indigenous und Kinder of Color\u201c d\u00fcrfen teilnehmen.<br \/>\nWie f\u00fchren die Anbieterinnen, Collet Wanjugu Doeppner und Beate Lamohr aus Fulda, am Samstag wohl die Rassenkontrolle an der T\u00fcr durch? Und m\u00fcssen \u201ewei\u00dfe Kinder\u201c wirklich drau\u00dfen bleiben, wie Nius behauptet? Vielleicht gibt es in Hannover ja noch Nachfahren von Cheruskern, die als Ureinwohner (= \u201eIndigenous\u201c) durchgehen. \u201eWo sind die Werte der christlichen Lehre geblieben, die niemals Platz f\u00fcr Diskriminierung oder Ausgrenzung zulassen sollten?\u201c, fragt ein Twitterer. Im letzten Jahr f\u00fchrte die Evangelische Kirche Hessen und Nassau bereits eine Tagung durch, bei der die (erwachsenen) Teilnehmer zeitweise nach Hautfarbe getrennt wurden.<br \/>\n&#8230; Alles vom 2.5.2025 bitte lesen auf<br \/>\n<a href=\"https:\/\/www.achgut.com\/artikel\/ausgestossene_der_woche_russen_israelis_kinder\">https:\/\/www.achgut.com\/artikel\/ausgestossene_der_woche_russen_israelis_kinder<\/a><br \/>\n.<br \/>\n.<br \/>\n<strong>(5) \u201eAusschlie\u00dflich Black, Indigenous und Kinder of Color\u201c: Zu dieser Veranstaltung auf dem Kirchentag d\u00fcrfen keine wei\u00dfen Kinder kommen<\/strong><br \/>\n&#8230;<br \/>\nDiverse weitere Veranstaltungen besch\u00e4ftigen sich mit Themen wie \u201eSexarbeit\u201c (Prostitution), \u201ePolyamorie und Nichtmonogamie\u201c oder der \u201esexpositiven Kirche\u201c. Auch die Dragqueen Veuve Noire, die sich auf Instagram bereits mit der Bundesministerin des Ausw\u00e4rtigen Amtes, Annalena Baerbock (Gr\u00fcne), zeigte, wird unter dem Titel \u201eEine Drag Queen erz\u00e4hlt aus ihrem Leben\u201c am 1. Mai auf dem evangelischen Kirchentag auftreten.<br \/>\nNeben gendertheoretischen Themen sollen au\u00dferdem zwei weitere gro\u00dfe, ideologisch linke Bausteine eine zentrale Rolle auf dem Kirchentag spielen: Migration und Klimaschutz. Dabei wird vor allem die Rolle von politischen Aktivisten auf dem evangelischen Kirchentag deutlich. Auf dem Gottesdienst \u201eF\u00fcnf Jahre United4Rescue. Politisches Nachtgebet zur Seenotrettung\u201c sollen Tareq Alaows, der fl\u00fcchtlingspolitische Sprecher des Vereins Pro Asyl, und Prof. Dr. Sandra Bils, ein Mitglied des Vorstands bei United4Rescue, anwesend sein. Beide Akteure arbeiten f\u00fcr Lobbyorganisationen, die sich f\u00fcr die grenzenlose Migration au\u00dfereurop\u00e4ischer Fl\u00fcchtlinge nach Deutschland einsetzen.<br \/>\n&#8230;.<br \/>\nSo gibt es unter dem Titel \u201eWerde mutig und stark\u201c beispielsweise ein \u201eEmpowermentprogramm\u201c f\u00fcr \u201eBIPoC\/PoC-Kinder\u201c. Auf der Website des Kirchentags hei\u00dft es dazu: \u201eDieses Angebot richtet sich ausschlie\u00dflich an Black, Indigenous und Kinder of Color.\u201c Kurz: wei\u00dfe Kinder d\u00fcrfen am Programm zum vermeintlichen \u201emutig und stark werden\u201c nicht teilnehmen. Auch hinter diesem Projekt steckt linker Aktivismus: In diesem Fall die \u201eAntirassismus- und Empowermenttrainerin\u201c Beate Lamohr, die mit ihrem Projekt \u201eBeyond Bias Box\u201c ein \u201erassismussensibles Bildungsprogramm\u201c geschaffen hat.<br \/>\n&#8230; Alles vom 29.4.2025 bitte lesen auf<br \/>\n<a href=\"https:\/\/www.nius.de\/gesellschaft\/news\/ausschliesslich-black-indigenous-und-kinder-of-color-zu-dieser-veranstaltung-auf-dem-kirchentag-duerfen-keine-weissen-kinder-kommen\/04a25716-b2cb-41ec-b4f6-2376c2908127\">https:\/\/www.nius.de\/gesellschaft\/news\/ausschliesslich-black-indigenous-und-kinder-of-color-zu-dieser-veranstaltung-auf-dem-kirchentag-duerfen-keine-weissen-kinder-kommen\/04a25716-b2cb-41ec-b4f6-2376c2908127<\/a><\/p>\n<p>Kommentare:<br \/>\n\u201eDer Gedanke, dass Kinder aufgrund ihrer Hautfarbe voneinander getrennt werden, ist nicht nur eine menschenverachtende Entgleisung, sondern ein erschreckendes Symbol f\u00fcr die moralische Bankrotterkl\u00e4rung einer Institution, die einst f\u00fcr N\u00e4chstenliebe, Gleichheit und Zusammenhalt stand. Wie tief muss diese Kirche gefallen sein, dass sie sich den Ideologien der Spaltung hingibt?<br \/>\nWo sind die Werte der christlichen Lehre geblieben, die niemals Platz f\u00fcr Diskriminierung oder Ausgrenzung zulassen sollten? Die Trennung von Kindern aufgrund ihrer Hautfarbe ist nicht nur ein Angriff auf die christlichen Grunds\u00e4tze, sondern auf die Menschlichkeit selbst. Es ist ein weiterer Tiefpunkt in der selbst die Institutionen, die f\u00fcr die F\u00f6rderung des Friedens und der Gemeinschaft stehen sollten, den Weg der Spaltung und des Hasses w\u00e4hlen. Es kann und darf nicht sein, dass Steuergelder f\u00fcr solche undemokratischen und unmenschlichen Praktiken verwendet werden.\u201c<br \/>\nEnde Kommentare<br \/>\n.<br \/>\n.<br \/>\n<strong>(6) CDU fassungslos: Kirchentag schlie\u00dft wei\u00dfe Kinder aus<\/strong><br \/>\nHat sich die Kirche von ihrer eigentlichen Botschaft verabschiedet? Beim am Mittwoch gestarteten Evangelischen Kirchentag in Hannover sorgt ein Programmpunkt f\u00fcr besonders viel Kritik: ein Workshop mit dem Titel \u201eWerde mutig und stark\u201c.Im Programm steht: \u201eDieses Angebot richtet sich ausschlie\u00dflich an Black, Indigenous und Kinder of Color.\u201c Gemeint sind Kinder mit nicht-wei\u00dfer Hautfarbe. Wei\u00dfe Kinder d\u00fcrfen ausdr\u00fccklich nicht teilnehmen.<br \/>\nParallel wird f\u00fcr wei\u00dfe Menschen der Workshop \u201eKritisches Wei\u00dfsein\u201c angeboten: eine Veranstaltung um eigene, vermeintliche Privilegien zu hinterfragen. Dazu hei\u00dft es: \u201eDieser Workshop richtet sich an Erwachsene, die nicht von Rassismus betroffen sind.\u201c Soll hei\u00dfen: Wei\u00dfe k\u00f6nnten nicht von Rassismus betroffen sein.<br \/>\nHat der Kirchentag politische Schlagseite? Auff\u00e4llig ist auch, dass sich im Programm zahlreiche Veranstaltungen finden, die sich der Gefahr des Rechtsextremismus widmen. Sucht man jedoch nach Linksextremismus oder Islamismus, sind keine Veranstaltungen zu finden.<br \/>\n&#8230; Alles vom 2.5.2025 bitte lesen auf<br \/>\n<a href=\"https:\/\/www.bild.de\/politik\/inland\/cdu-fassungslos-kirchentag-schliesst-weisse-kinder-aus-6812090256dd8e0900707c2a\">https:\/\/www.bild.de\/politik\/inland\/cdu-fassungslos-kirchentag-schliesst-weisse-kinder-aus-6812090256dd8e0900707c2a<\/a><br \/>\n.<br \/>\n.<br \/>\n<strong>(7) Merkel feiert das, was sie zerst\u00f6rt hat<\/strong><br \/>\nAngela Merkel kehrt zur\u00fcck \u2013 nicht zu Christus, sondern zur gr\u00fcnen Kanzel des Evangelischen Kirchentags, wo sich Gendertheologie, Klimadogma und Migrationsromantik die Hostie reichen. Ihre Inszenierung als Pfarrerstochter ist so k\u00fcnstlich wie ihre Politik verheerend war.<br \/>\nDass Angela Merkel auf dem Evangelischen Kirchentag, der eigentlich ein Fest gr\u00fcner Ideologie ist und ein Exorzismus christlichen Glaubens geworden w\u00e4re, wenn in der evangelischen Kirche noch Restbest\u00e4nde christlichen Glaubens angetroffen werden k\u00f6nnten, auftrat, erstaunt nicht. Denn in dreierlei Hinsicht sind sich Merkel und das EKD-Establishment sehr nahe. Erstens scheint Merkel und der EKD das Christentum fremd, die christliche Trinit\u00e4t ohnehin ein rechtes \u00c4rgernis zu sein. Zweitens taten und tun sie nicht wenig, um Deutschland zu schaden, und drittens sind sie die besten Prediger gr\u00fcner Gesinnung.<br \/>\n&#8230;<br \/>\nWenn Merkel \u00fcber den \u201eKlimawandel\u201c als Menschheitsaufgabe predigt, verschwinden die Tatsachen, schweigt sie dar\u00fcber, dass der sogenannte Kampf gegen den Klimawandel ein Kampf gegen die B\u00fcrger ist, ein Auspl\u00fcnderungsprojekt, das gro\u00dfe Umverteilungsprojekt von den B\u00fcrgern weg hin zu den EEG-Baronen, hin zur Finanzindustrie, Deutschlands Deindustrialisierung-Programm, das sie initiiert und Habeck dann noch beschleunigt hat. Dass Physik f\u00fcr Merkel keine Rolle spielt, wird deutlich, wenn sie nicht einmal zur Kenntnis nimmt, dass der Blackout von der spanischen Energiewende-Politik verursacht wurde \u2013 und eben auch Deutschland droht. Doch in der Dunkelheit soll dann staatssicherlich das Licht des Glaubens helfen.<br \/>\nWie in der kritischen Biographie beschrieben, hat Merkel vier Sargn\u00e4gel f\u00fcr Deutschland eingeschlagen,<br \/>\n&#8211; die sogenannte Euro-Rettung,<br \/>\n&#8211; die Energiewende, die mit der Ideologie des vom Menschen verursachten Klimawandels begr\u00fcndet wurde,<br \/>\n&#8211; die Turbomigration in die deutschen Sozialsysteme und schlie\u00dflich<br \/>\n&#8211; die Spaltung des Landes sowie die Einschr\u00e4nkung von Recht, Demokratie und Freiheit in der Pandemie-Diktatur, in der sich ihr Herrschaftsstil am reinsten zeigte.<br \/>\nAuf der EKD-Sause feierte sie zumindest zwei ihrer Sargn\u00e4gel: die Energiewende und die Turbomigration.<br \/>\n&#8230; Alles vom 1.5.2025 bitte lesen auf<br \/>\n<a href=\"https:\/\/www.tichyseinblick.de\/meinungen\/kirchentag-2025-angela-merkel\">https:\/\/www.tichyseinblick.de\/meinungen\/kirchentag-2025-angela-merkel<\/a><br \/>\n.<br \/>\n.<br \/>\n<strong>(8) Evangelischer Kirchentag beschlie\u00dft Resolution f\u00fcr sofortiges AfD-Verbot<\/strong><br \/>\nDer Kirchentag hat eine Resolution der \u201eAntifaschistische Kirchen\u201c beschlossen, in dem nicht nur ein Verbotsverfahren, sondern sogar explizit ein Verbot, der AfD gefordert wird. Die Partei w\u00fcrde Gewalt sch\u00fcren und eine Bedrohung f\u00fcr Viele in- und au\u00dferhalb der Kirche sein.<br \/>\n&#8230;<br \/>\nDas Dokument schlie\u00dft mit einer klaren Ansage an Politik und Bundesverfassungsgericht: \u201eAls Kirche und demokratische Zivilgesellschaft halten wir zusammen und sagen ganz klar: \u201aDie AfD ist gesichert rechtsextrem und geh\u00f6rt verboten. Punkt!\u2018\u201c Wie der Evangelischen Pressedienst (epd) berichtet, erreichte die Resolution das n\u00f6tige Quorum, auch der ehemalige Ratsvorsitzende der Evangelischen Kirche in Deutschland (EKD), Heinrich Bedford-Strohm, stimmte daf\u00fcr.<br \/>\n&#8230; Alles vom 4.5.2025 bitte lesen auf<br \/>\n<a href=\"https:\/\/apollo-news.net\/evangelischer-kirchentag-beschliesst-resolution-fuer-sofortiges-afd-verbot\/\">https:\/\/apollo-news.net\/evangelischer-kirchentag-beschliesst-resolution-fuer-sofortiges-afd-verbot\/<\/a><br \/>\n.<\/p>\n<p><strong>(9) Wenn der Kirchentagsslogan beste Empfehlung f\u00fcr Tichys Einblick ist<\/strong><br \/>\nJeder Kirchentag hat einen biblischen Slogan. Allerdings k\u00f6nnten nach Meinung des Kirchentagspr\u00e4sidiums ein oder zwei Bibelverse f\u00fcr viele Christen in Deutschland eine \u00dcberforderung sein. Es gibt Verse in der Bibel, die bestehen aus 10 W\u00f6rtern. Das ist einfach zu viel. Der Kirchentag soll ja nicht nur etwas f\u00fcr Professoren sein. Kulturprotestantismus, das war gestern. Heute ist Haltungsprotestantismus. Und da sind 17 W\u00f6rter eine \u00dcberforderung.<br \/>\nDarum hat der Kirchentag in Hannover aus den zugrundeliegenden Bibelversen 1. Korinther 16,13-14 mit seinen zusammen 17 W\u00f6rtern einen Slogan mit lediglich drei W\u00f6rtern herausdestilliert: \u201emutig \u2013 stark \u2013 beherzt\u201c. Das f\u00fcr die evangelische Kirche unwichtige Wort \u201eGlauben\u201c wurde nat\u00fcrlich aus den zugrundeliegenden beiden Bibelversen aussortiert. Man m\u00f6chte ja als Kirche keinen Ansto\u00df erregen und nicht wie von Gestern wirken. Die evangelische Kirche ist modern und vollkommen auf der H\u00f6he der Zeit.<br \/>\nMit der Reduktion auf \u201emutig \u2013 stark \u2013 beherzt\u201c wird der Kirchentagsslogan h\u00f6chst kompatibel f\u00fcr Tichys Einblick.<br \/>\n&#8230;<br \/>\nSo lautet 1. Korinther 16,13-14 im Original, was der Kirchentag zu \u201emutig \u2013 stark \u2013 beherzt\u201c kupiert hat:<br \/>\n\u201eWachet, stehet im Glauben, seid mutig und seid stark!<br \/>\nAlle eure Dinge lasst in der Liebe geschehen.\u201c<br \/>\n&#8230; Alles vom 3.5.2025 von Achijah Zorn bitte lesen auf<br \/>\n<a href=\"https:\/\/www.tichyseinblick.de\/kolumnen\/vorwort-zum-sonntag\/kirchentagsslogan-mutig-stark-beherzt\">https:\/\/www.tichyseinblick.de\/kolumnen\/vorwort-zum-sonntag\/kirchentagsslogan-mutig-stark-beherzt<\/a>\/<br \/>\n.<br \/>\n.<br \/>\n<strong>(10) Selbstbespiegelung und Selbstbetrug: Der Kirchentag als Relevanzsimulation<\/strong><br \/>\nSpannende Perspektiven, kontroverse Diskussion? Fehlanzeige. Auf dem Evangelischen Kirchentag war man sich \u00fcber so gut wie alles einig \u2013 und macht sich sowohl f\u00fcr die Mehrheitsgesellschaft als auch f\u00fcr die Christen im Land \u00fcberfl\u00fcssig.<br \/>\n&#8230;<br \/>\nVon den acht \u201eResolutionen\u201c, die auf dem Kirchentag angenommen wurden, sind nur zwei nicht politisch: Eine will die Pflege gest\u00e4rkt sehen, eine befasst sich mit der Bedeutung von Musik. Letztere ist auch die einzige, in der immerhin einmal das Wort \u201eGott\u201c vorkommt. \u201eJesus\u201c? \u201eChristus\u201c? Davon findet sich nichts in den Texten.<br \/>\n&#8230;<br \/>\nDamit war der Evangelische Kirchentag vor allem eines: Frustrierend. Der Unwille, Menschen zu begegnen, die nicht die eigene Perspektive spiegeln, die Bereitschaft, sich selbst v\u00f6llig unkritisch zu feiern. Der Mangel an religi\u00f6ser Sprachf\u00e4higkeit, und schlie\u00dflich die Lust an unerm\u00fcdlichem Selbstbetrug. Eine Relevanzsimulation, die vom Niedergang der Evangelischen Kirche in Deutschland kaum ablenken kann.<br \/>\n&#8230; Alles vom 5.5.2025 von Anna Diouf bitte lesen auf<br \/>\n<a href=\"https:\/\/www.tichyseinblick.de\/meinungen\/selbstbetrug-der-kirchentag-als-relevanzsimulation\/\">https:\/\/www.tichyseinblick.de\/meinungen\/selbstbetrug-der-kirchentag-als-relevanzsimulation\/<\/a><\/p>\n","protected":false},"excerpt":{"rendered":"<p>Der 39. Evangelische Kirchentag vom 30.4. bis 4.5.2025 in Hannover steht unter dem Motto &#8222;Mutig &#8211; stark &#8211; beherzt&#8220;, umfasst ca 1500 Events, wird vom Staat finanziert (2023 ca 7 Mio Euro), kostet 49 Euro\/Tag bzw. 149 Euro\/gesamt Eintritt und &hellip; <a href=\"https:\/\/www.freiburg-schwarzwald.de\/blog\/ev-kirchentag-2025-hannover\/\">Weiterlesen <span class=\"meta-nav\">&rarr;<\/span><\/a><\/p>\n","protected":false},"author":2,"featured_media":0,"comment_status":"open","ping_status":"closed","sticky":false,"template":"","format":"standard","meta":{"footnotes":""},"categories":[18,181,198,36,13,157,19],"tags":[775,638,503,726],"class_list":["post-133555","post","type-post","status-publish","format-standard","hentry","category-bildung","category-buergerbeteiligung","category-diakonie","category-engagement","category-kultur","category-oeffentlicher-raum","category-religion","tag-christ","tag-event","tag-church","tag-oeffentlicher-raum"],"_links":{"self":[{"href":"https:\/\/www.freiburg-schwarzwald.de\/blog\/wp-json\/wp\/v2\/posts\/133555","targetHints":{"allow":["GET"]}}],"collection":[{"href":"https:\/\/www.freiburg-schwarzwald.de\/blog\/wp-json\/wp\/v2\/posts"}],"about":[{"href":"https:\/\/www.freiburg-schwarzwald.de\/blog\/wp-json\/wp\/v2\/types\/post"}],"author":[{"embeddable":true,"href":"https:\/\/www.freiburg-schwarzwald.de\/blog\/wp-json\/wp\/v2\/users\/2"}],"replies":[{"embeddable":true,"href":"https:\/\/www.freiburg-schwarzwald.de\/blog\/wp-json\/wp\/v2\/comments?post=133555"}],"version-history":[{"count":5,"href":"https:\/\/www.freiburg-schwarzwald.de\/blog\/wp-json\/wp\/v2\/posts\/133555\/revisions"}],"predecessor-version":[{"id":133581,"href":"https:\/\/www.freiburg-schwarzwald.de\/blog\/wp-json\/wp\/v2\/posts\/133555\/revisions\/133581"}],"wp:attachment":[{"href":"https:\/\/www.freiburg-schwarzwald.de\/blog\/wp-json\/wp\/v2\/media?parent=133555"}],"wp:term":[{"taxonomy":"category","embeddable":true,"href":"https:\/\/www.freiburg-schwarzwald.de\/blog\/wp-json\/wp\/v2\/categories?post=133555"},{"taxonomy":"post_tag","embeddable":true,"href":"https:\/\/www.freiburg-schwarzwald.de\/blog\/wp-json\/wp\/v2\/tags?post=133555"}],"curies":[{"name":"wp","href":"https:\/\/api.w.org\/{rel}","templated":true}]}}