{"id":133269,"date":"2025-04-26T22:23:22","date_gmt":"2025-04-26T20:23:22","guid":{"rendered":"https:\/\/www.freiburg-schwarzwald.de\/blog\/?p=133269"},"modified":"2026-03-02T12:37:34","modified_gmt":"2026-03-02T11:37:34","slug":"spenden-messer-opfer-von-ma","status":"publish","type":"post","link":"https:\/\/www.freiburg-schwarzwald.de\/blog\/spenden-messer-opfer-von-ma\/","title":{"rendered":"Spenden Messer-Opfer von MA"},"content":{"rendered":"<p>Bei seinem <a href=\"https:\/\/www.freiburg-schwarzwald.de\/blog\/selbsthilfe\/soziales\/justiz\/messerstecher\/\">Messeranschlag<\/a> auf Michael St\u00fcrzenberger von der B\u00fcrgerbewegung <a href=\"https:\/\/www.freiburg-schwarzwald.de\/blog\/ma-messer-wegen-bpe-kritik\/\">Pax Europa BPE<\/a> in <a href=\"https:\/\/www.freiburg-schwarzwald.de\/blog\/global\/migration\/mannheim-messermord31mai2024\/\">Mannheim<\/a> am 31.5.2024 hat der afghanische T\u00e4ter Suleiman A. (25) nicht nur den <a href=\"https:\/\/www.freiburg-schwarzwald.de\/blog\/polizistenmord-durch-islamist\/\">Polizisten Rouven Laur<\/a> ermordet, sondern \u2013 neben St\u00fcrzenberger selbst \u2013 drei Helfer verletzt, einen davon lebensgef\u00e4hrlich.<br \/>\n<!--more--><br \/>\nAlle drei mussten im Krankenhaus notbehandelt werden und leiden bis heute unter den Folgen der Stichverletzungen. Um diesen <a href=\"https:\/\/www.freiburg-schwarzwald.de\/blog\/global\/integration\/fluechtlinge-kriminalitaet\/deutsche-opfer\/\">Opfern<\/a> <a href=\"https:\/\/www.freiburg-schwarzwald.de\/blog\/religion\/islam\/islamismus\/\">islamistischer Gewalt<\/a> in finanzieller Hinsicht zu helfen, hat St\u00fcrzenberger hat eine Spendenseite eingerichtet (siehe (1) unten).<br \/>\nF\u00fcr einen weiteres verletztes Anschlagsopfer, den aus dem Irak stammenden aram\u00e4ischen Christen Youssuf, wurde ebenfalls ein Spendenkonto eingerichtet (2).<br \/>\nMit der Bitte um Unterst\u00fctzung.<br \/>\n26.4.2025<br \/>\n.<br \/>\nEnde von Beitrag &#8222;Spenden Messer-Opfer von MA&#8220;<br \/>\n=============================================================<br \/>\nBeginn von Anlagen (1) &#8211; (2)<br \/>\n.<br \/>\n.<br \/>\n<strong>(1) Unterst\u00fctzung f\u00fcr die verletzten Helfer von Mannheim<\/strong><br \/>\nAm 31. Mai 2024 gab es in Mannheim bei einer BPE-Kundgebung einen f\u00fcrchterlichen Anschlag eines afghanischen Islamisten. Die drei Helfer Konrad, Moritz und Paul, die hier im Bild zu sehen sind, wurden beim Versuch, den Messerstecher zu stoppen, verletzt und wurden nach dieser Attacke ins Krankenhaus eingeliefert.<\/p>\n<p>Konrad erhielt durch einen Stich in seinen Bauch eine lebensgef\u00e4hrliche Verletzung. Ein zweiter heftiger Stich durchtrennte Nerven, Sehnen und Muskeln in seinem Unterschenkel, so dass er bis heute in Reha-Behandlung ist, immer noch Schmerzen hat und noch nicht arbeiten kann. Moritz wurde sein Oberschenkel komplett durchstochen und er sp\u00fcrt die Verletzung auch heute noch. Paul bekam einen Stich durch seinen Oberarm, so dass er bis heute noch leichte L\u00e4hmungserscheinungen am Arm und in der Hand sowie Druckschmerzen an der verletzten Stelle hat. Au\u00dferdem kann er mit dem betroffenen Arm keine schweren Gegenst\u00e4nde heben.<br \/>\n.<br \/>\nF\u00fcr einen weiteren mutigen Helfer, den irakischen Christen Yussuf, wurde bei gofundme bereits eine Spendenaktion gestartet. Alle haben bei ihrem mutigen Einsatz ihr Leben riskiert, das der Polizist Rouven Laur bei seinem Eingreifen tragischerweise leider verlor.<br \/>\nMit dieser Spendenaktion kommt den drei Helfern Konrad, Moritz und Paul Unterst\u00fctzung angesichts ihrer erlittenen Sch\u00e4den zu. Die gesammelten Gelder werden direkt an die drei weitergeleitet und sollen dazu beitragen, die Nachwirkungen zu lindern und ihre Verdienstausf\u00e4lle zu kompensieren.<br \/>\nJeder Beitrag, egal ob gro\u00df oder klein, hilft. Vielen Dank f\u00fcr Ihre Unterst\u00fctzung!<br \/>\nMichael Johannes St\u00fcrzenberger organisiert diese Spendenaktion.<br \/>\n19.4.2025<br \/>\n<a href=\"https:\/\/www.gofundme.com\/f\/unterstutzung-fur-die-verletzten-helfer-von-mannheim\">https:\/\/www.gofundme.com\/f\/unterstutzung-fur-die-verletzten-helfer-von-mannheim<\/a><br \/>\n.<br \/>\n.<br \/>\n<strong>(2) Unterst\u00fctzung f\u00fcr den helfenden irakischen aram\u00e4ischen Christen von Mannheim<br \/>\n<\/strong>Am 31. Mai des vergangenen Jahres fand der islamistische Anschlag auf die BPE-Kundgebung in Mannheim mit den bekannt f\u00fcrchterlichen Folgen statt. Einer der couragierten Helfer, die die schreckliche Messerattacke bemerkten und sofort herbeieilten, um Schlimmeres zu verhindern, ist ein aram\u00e4ischer Christ, geb\u00fcrtig aus dem Irak. Durch den Bericht der Stuttgarter Nachrichten vom 28. M\u00e4rz \u201eAttentat in Endlosschleife\u201c <a href=\"https:\/\/www.stuttgarter-nachrichten.de\/inhalt.polizistenmord-in-mannheim-attentat-in-endlosschleife.106e539e-0067-42a7-998e-c7aeca53b43b.html\">https:\/\/www.stuttgarter-nachrichten.de\/inhalt.polizistenmord-in-mannheim-attentat-in-endlosschleife.106e539e-0067-42a7-998e-c7aeca53b43b.html<\/a> wurde bekannt, dass dieser Anschlag f\u00fcr ihn ebenfalls schwere Nachwirkungen hatte. Der Redakteur der Zeitung gibt ihm den Schutznamen \u201eYoussuf Hanash\u201c, denn er ist noch gepr\u00e4gt von der Verfolgung radikaler Anh\u00e4nger des <a href=\"https:\/\/www.freiburg-schwarzwald.de\/blog\/religion\/islam\/islam-politik\/\">Politischen Islams<\/a> in seiner fr\u00fcheren Heimat Irak, wie er es auch vor dem Oberlandesgericht Stuttgart beschreibt:<br \/>\nHanash wusste aus sozialen Medien, was die BPE, wer deren Frontmann Michael St\u00fcrzenberger ist. Als Christ hatte seine Familie bis zum Beginn der 2000er-Jahre \u2013 wenn auch kein gutes, so doch ein von Diktator Saddam Hussein toleriertes Leben im Irak. Das \u00e4nderte sich sp\u00e4testens mit der US-Invasion 2003: Islamistische Terrorgruppen nahmen Christen ins Fadenkreuz. Viele flohen, das Fl\u00fcchtlingshilfswerk UNHCR der Vereinten Nationen spricht von einem Exodus.<br \/>\nUnter den Fl\u00fcchtenden die Kinder der Familie Hanash. Youssuf kam nach Deutschland, die Geschwister verschlug es in die USA.<br \/>\n\u201eIm Irak kamen auf einmal Freunde und Nachbarn zu meiner Familie und forderten Zwangsgelder von uns, nur weil wir Christen sind. Wir bekamen Drohbriefe, f\u00fcrchteten um unser Leben\u201c, erz\u00e4hlt er den Richtern am Stuttgarter Oberlandesgericht, wo derzeit der Prozess gegen Sulaiman A. stattfindet.<br \/>\n&#8230;<br \/>\n<em><strong>Youssuf Hanash hat jegliche Unterst\u00fctzung verdient, zumal es ihm momentan leider nicht gut geht.<\/strong> <\/em>Unter diesem Link kann man unkompliziert und absolut vertrauensw\u00fcrdig spenden: <a href=\"https:\/\/www.gofundme.com\/f\/hilfe-fur-den-mutigen-helfer-beim-messerangriff-in-mannheim\">https:\/\/www.gofundme.com\/f\/hilfe-fur-den-mutigen-helfer-beim-messerangriff-in-mannheim<\/a><\/p>\n<p>&#8230; Alles vom 5.4.2025 bitte lesen auf<br \/>\n<a href=\"https:\/\/bpe-paxeuropa.de\/2025\/04\/05\/unterstuetzung-fuer-den-helfenden-irakischen-aramaeischen-christen-von-mannheim\/\">https:\/\/bpe-paxeuropa.de\/2025\/04\/05\/unterstuetzung-fuer-den-helfenden-irakischen-aramaeischen-christen-von-mannheim\/<\/a><\/p>\n","protected":false},"excerpt":{"rendered":"<p>Bei seinem Messeranschlag auf Michael St\u00fcrzenberger von der B\u00fcrgerbewegung Pax Europa BPE in Mannheim am 31.5.2024 hat der afghanische T\u00e4ter Suleiman A. (25) nicht nur den Polizisten Rouven Laur ermordet, sondern \u2013 neben St\u00fcrzenberger selbst \u2013 drei Helfer verletzt, einen &hellip; <a href=\"https:\/\/www.freiburg-schwarzwald.de\/blog\/spenden-messer-opfer-von-ma\/\">Weiterlesen <span class=\"meta-nav\">&rarr;<\/span><\/a><\/p>\n","protected":false},"author":2,"featured_media":0,"comment_status":"open","ping_status":"closed","sticky":false,"template":"","format":"standard","meta":{"footnotes":""},"categories":[355,36,400,210,155,63,157,19],"tags":[775,732,421,823,726,826],"class_list":["post-133269","post","type-post","status-publish","format-standard","hentry","category-buergerinitiativen","category-engagement","category-freiwillig","category-gewalt","category-integration","category-krise","category-oeffentlicher-raum","category-religion","tag-christ","tag-gewalt","tag-islam","tag-messer","tag-oeffentlicher-raum","tag-opfer"],"_links":{"self":[{"href":"https:\/\/www.freiburg-schwarzwald.de\/blog\/wp-json\/wp\/v2\/posts\/133269","targetHints":{"allow":["GET"]}}],"collection":[{"href":"https:\/\/www.freiburg-schwarzwald.de\/blog\/wp-json\/wp\/v2\/posts"}],"about":[{"href":"https:\/\/www.freiburg-schwarzwald.de\/blog\/wp-json\/wp\/v2\/types\/post"}],"author":[{"embeddable":true,"href":"https:\/\/www.freiburg-schwarzwald.de\/blog\/wp-json\/wp\/v2\/users\/2"}],"replies":[{"embeddable":true,"href":"https:\/\/www.freiburg-schwarzwald.de\/blog\/wp-json\/wp\/v2\/comments?post=133269"}],"version-history":[{"count":5,"href":"https:\/\/www.freiburg-schwarzwald.de\/blog\/wp-json\/wp\/v2\/posts\/133269\/revisions"}],"predecessor-version":[{"id":146415,"href":"https:\/\/www.freiburg-schwarzwald.de\/blog\/wp-json\/wp\/v2\/posts\/133269\/revisions\/146415"}],"wp:attachment":[{"href":"https:\/\/www.freiburg-schwarzwald.de\/blog\/wp-json\/wp\/v2\/media?parent=133269"}],"wp:term":[{"taxonomy":"category","embeddable":true,"href":"https:\/\/www.freiburg-schwarzwald.de\/blog\/wp-json\/wp\/v2\/categories?post=133269"},{"taxonomy":"post_tag","embeddable":true,"href":"https:\/\/www.freiburg-schwarzwald.de\/blog\/wp-json\/wp\/v2\/tags?post=133269"}],"curies":[{"name":"wp","href":"https:\/\/api.w.org\/{rel}","templated":true}]}}