{"id":133038,"date":"2025-04-21T17:19:25","date_gmt":"2025-04-21T15:19:25","guid":{"rendered":"https:\/\/www.freiburg-schwarzwald.de\/blog\/?p=133038"},"modified":"2025-04-21T18:06:30","modified_gmt":"2025-04-21T16:06:30","slug":"diskussionskultur-und-freiheit","status":"publish","type":"post","link":"https:\/\/www.freiburg-schwarzwald.de\/blog\/diskussionskultur-und-freiheit\/","title":{"rendered":"Diskussionskultur und Freiheit"},"content":{"rendered":"<p>Unsere <a href=\"https:\/\/www.freiburg-schwarzwald.de\/blog\/kultur\/medien\/diskussionskultur\/diskussionskultur2023\/\">Diskussionskultur<\/a> ist seit sp\u00e4testens <a href=\"https:\/\/www.freiburg-schwarzwald.de\/blog\/global\/eu\/budapest-dublin2015\/\">Budapest 9\/2015<\/a> nicht mehr vorhanden. Es gibt nur noch gut und b\u00f6se, also entweder-oder. Und wer nicht gut ist, entscheiden die <a href=\"https:\/\/www.freiburg-schwarzwald.de\/blog\/engagement\/gutmenschen\/\">Guten<\/a>. Die Guten besitzen die <a href=\"https:\/\/www.freiburg-schwarzwald.de\/blog\/global\/deutschland\/moral2015\/moralismus\/\">Moral<\/a> und die B\u00f6sen &#8211; wozu auch die <a href=\"https:\/\/www.freiburg-schwarzwald.de\/blog\/kultur\/medien\/kritik\/\">Kritiker<\/a> und <a href=\"https:\/\/www.freiburg-schwarzwald.de\/blog\/kultur\/aufklaerung\/skepsis\/\">Skeptiker<\/a> z\u00e4hlen &#8211; erfahren die <a href=\"https:\/\/www.freiburg-schwarzwald.de\/blog\/engagement\/zukunft\/demokratie\/denunziation\/ausgrenzung\/\">Ausgrenzung<\/a>.<!--more--><br \/>\nSo zum Beispiel <a href=\"https:\/\/www.freiburg-schwarzwald.de\/blog\/henryk-m-broder-wende\/\">Henryk M. Broder<\/a> mit<br \/>\n<em>&#8222;Wenn ihr euch fragt, wie das damals (1933) passieren konnte:<br \/>\nweil sie damals so waren, wie ihr heute seid.&#8220;<\/em><br \/>\nOder auch <a href=\"https:\/\/www.freiburg-schwarzwald.de\/blog\/kultur\/dichter\/klonovsky\/\">Michael Klonovsky<\/a>:<br \/>\n<em>&#8222;Wer heutzutage in einer politischen Debatte den Begriff &#8222;Nazi&#8220;<br \/>\ngegen wen auch immer ins Feld f\u00fchrt,<br \/>\nist aus ethischer Sicht ein Lump;<br \/>\naus historischer Sicht ein Verharmloser und<br \/>\naus intellektueller Sicht eine Null&#8220;.<\/em><br \/>\nMit diesen Zitaten unterstreichen die beiden Autoren die Notwendigkeit, zu einer <a href=\"https:\/\/www.freiburg-schwarzwald.de\/blog\/kultur\/medien\/diskussionskultur\/\">Diskussionskultur<\/a> zur\u00fcckzukehren, damit die B\u00fcrger die eigene Meinung frei, offen und gefahrlos \u00e4u\u00dfern k\u00f6nnen. Deutschland m\u00fcsse seinen B\u00fcrgern &#8222;das Minimum an Demokratie gew\u00e4hren, die Meinungsfreiheit&#8220;, so <a href=\"https:\/\/www.freiburg-schwarzwald.de\/blog\/global\/usa\/vance\/\">JD Vance<\/a> in seiner <a href=\"https:\/\/www.freiburg-schwarzwald.de\/blog\/muenchen-anschlag-vance-msc\/\">M\u00fcnchener Rede<\/a>, siehe (1).<br \/>\n.<br \/>\nMeinungsfreiheitsbeschr\u00e4nkungen innerhalb von Deutschland vertragen sich nicht mit einer deutschen <a href=\"https:\/\/www.freiburg-schwarzwald.de\/blog\/engagement\/zukunft\/demokratie\/politik\/aussenpolitik\/\">Aussenpolitik<\/a>, die mit dem moralischen Zeigefinger auf Beschr\u00e4nkungen der Meinungsfreiheit im Ausland hinweist (2) und f\u00fcr sich in Anspruch nimmt, zur <a href=\"https:\/\/www.freiburg-schwarzwald.de\/blog\/global\/deutschland\/weltrettung\/\">Weltrettung<\/a> beizutragen. Freiheit ist unteilbar und gilt universell. Die Welt lacht \u00fcber deutsche <a href=\"https:\/\/www.freiburg-schwarzwald.de\/blog\/engagement\/zukunft\/demokratie\/politik\/politiker\/\">Politiker<\/a> und <a href=\"https:\/\/www.freiburg-schwarzwald.de\/blog\/kultur\/medien\/medienleute\/\">Medienleute<\/a>, die dies nicht kapiert haben.<br \/>\n21.4.2025<br \/>\n.<br \/>\nEnde von Beitrag &#8222;Diskussionskultur und Freiheit&#8220;<br \/>\n========================================================<br \/>\nBeginn von Anlagen (1) &#8211; (3)<br \/>\n.<br \/>\n.<br \/>\n<strong>(1) Europa: Rekonstruktion von Werten und Strukturen<\/strong><br \/>\n&#8230;<br \/>\nJ.D. Vance stellte bei seiner Rede in M\u00fcnchen die Frage, was die USA f\u00fcr einen Verb\u00fcndeten noch tun k\u00f6nne, der nicht einmal mehr das Minimum an Demokratie gew\u00e4hre, die Meinungsfreiheit. Sp\u00e4ter f\u00fcgte er seine Sorge hinzu, dass ein Europa, welches sich nicht gegen die illegale Migration sch\u00fctze, dem Untergang geweiht sei. Das gesamte demokratische Projekt des Westens zerfalle, wenn die Leute immer wieder weniger Migration forderten \u2013 und daf\u00fcr von ihren F\u00fchrungen mit noch mehr Migration \u203abelohnt\u2039 w\u00fcrden.<br \/>\n&#8230;<br \/>\nHinsichtlich des gr\u00f6\u00dften ideologischen Konflikts unserer Zeit, dem zwischen Globalismus und Rekonstruktion des Eigenen, sollten sie bei Orb\u00e1n und Trump in die Lehre gehen. Diese arbeiten sich angesichts der Dialektik der Weltoffenheit an der Suche nach Synthesen von Freiheit und Ordnung ab. Die globalen Prozesse in Wissenschaft, Technik und \u00d6konomie bed\u00fcrfen einerseits dezentralerer politischer Strukturen wie vor allem souver\u00e4ner Nationalstaaten. Andererseits erfordern sie die Konnektivit\u00e4t in Wissenschaft, Technik und \u00d6konomie und weltweite Netzwerke, die diese Konnektivit\u00e4t zu ordnen versuchen. Deren meist nationalstaatliche Knoten m\u00fcssten auch im Sinne der Netzwerke gest\u00e4rkt und gefestigt werden.<br \/>\nDie Zukunft des Westens liegt im Aufbau solcher Synthesen. Dies erfordert zuerst die Rekonstruktion des freien Denkens in einer offenen Gesellschaft, zur\u00fcck zum dialektischen Denken und zur Ausdifferenzierung der Funktionssysteme, die in der Vielfalt ihrer Eigenlogiken die St\u00e4rken unserer Kultur begr\u00fcndet hatten. Der Westen braucht demnach nicht immer neue \u203aInnovationen\u2039, sondern R\u00fcckschritte zu den St\u00e4rken der eigenen Kultur.<br \/>\nDie Hoffnung auf die Rekonstruktion von Werten und Strukturen ist keine r\u00fcckw\u00e4rtsgewandte Utopie, wenn es sich bei ihnen um zeitlos g\u00fcltige Werte und Strukturen handelt. Mit deren Wiederaufbau hat Europa den Drei\u00dfigj\u00e4hrigen Krieg und zwei Weltkriege \u00fcberstanden und trotz allem jeweils neuen Halt und zu neuer Entwicklung gefunden. Spanien war 781 Jahre von Muslimen besetzt und wurde doch wieder eine christliche und sp\u00e4ter auch eine demokratische Nation.<\/p>\n<p>Die amerikanische Kultur l\u00e4sst sich nicht von der europ\u00e4ischen trennen. Sie ist letztlich in vielerlei Hinsicht ein Produkt europ\u00e4ischer Philosophie, Theologie und nat\u00fcrlich der Migrationsbewegungen, die aus Europa kamen und zur Entstehung der Vereinigten Staaten von Amerika f\u00fchrten. Dem von seiner Vergangenheit entfremdeten und geistig-moralisch verwahrlosten West-Europa bleibt derzeit vor allem die Hoffnung, dass aus den USA immer noch Gutes \u2013 und Schlechtes \u2013 nach Europa \u00fcbergeschwappt ist. Danach k\u00f6nnte auch Europa Anlauf nehmen zum Sprung von der Dekonstruktion zu neuer Rekonstruktion.<br \/>\n&#8230; Alles vom 19.4.2025 von Heinz Theisen bitte lesen auf<br \/>\n<a href=\"https:\/\/www.globkult.de\/politik\/welt\/2456-orb%C3%A1n,-trump-und-die-rekonstruktion-des-westens\">https:\/\/www.globkult.de\/politik\/welt\/2456-orb%C3%A1n,-trump-und-die-rekonstruktion-des-westens<\/a><br \/>\n.<br \/>\n.<br \/>\n<strong>(2) Freiheit nach aussen nicht absicherbar ohne Freiheit nach innen<\/strong><br \/>\n\u201eOffenbar ist der neuen Regierung nicht daran gelegen, die absurden Ausw\u00fcchse in Sachen Meinungsfreiheitsbeschr\u00e4nkungen wieder etwas zur\u00fcckzudrehen, man darf sich also auf weitere <a href=\"https:\/\/www.freiburg-schwarzwald.de\/blog\/schwachkopf-hausdurchsuchung\/\">Schwachkopfjahre<\/a> freuen. Denn leider hat es oft den Anschein, da\u00df diese Themen<br \/>\n\u2013 Erziehung zur vermeintlich richtigen Meinung via staatlich alimentierter NGOs, Einsch\u00fcchterung durch Majest\u00e4tsbeleidigungsgesetzgebung,<br \/>\nEinschr\u00e4nkung der Meinungsfreiheit durch Schwammbegriffe \u2013<br \/>\nneben den gro\u00dfen Bl\u00f6cken wie Sicherheit, Wirtschaft und Migration keine oder bestenfalls eine vernachl\u00e4ssigbare Rolle spielen. Sollten sie aber nicht, im Gegenteil. Keine Regierung kann eine Freiheit nach au\u00dfen absichern, wenn sie im Inneren nicht vorhanden ist.\u201c<br \/>\n&#8230; Alles vom 12.4.2025 von Anna Schneider, Chefreporterin und \u00f6sterreichische Juristin, bitte in der \u201eWelt\u201c lesen<a href=\"https:\/\/www.welt.de\"> https:\/\/www.welt.de\u00a0<\/a>.<br \/>\n.<br \/>\n.<br \/>\n<strong>(3) Die Freiheit am Kreuz<\/strong><br \/>\nVor einer kurzen Osterpause weist das Manova-Team noch einmal auf den Ernst der Lage f\u00fcr den alternativen Journalismus und f\u00fcr das ganze Land hin. Nur gemeinsam k\u00f6nnen wir bei sich versch\u00e4rfendem Gegenwind bestehen.<\/p>\n<p>\u201eEs ist vollbracht\u201c, schrieb Markus S\u00f6der auf X, nachdem der Koalitionsvertrag zwischen Union und SPD spruchreif war. Kommt uns diese Aussage nicht bekannt vor? Richtig, es ist einer der S\u00e4tze, die Jesus laut Evangelium am Kreuz sprach. Nun naht wieder der Karfreitag, und wir m\u00fcssen aufpassen, dass mit diesem Machwerk nicht Meinungsfreiheit, Frieden und Wohlstand in Deutschland endg\u00fcltig zu Grabe getragen werden. Denn so sehr sich die Koalition\u00e4re nach au\u00dfen hin auch als Kampfh\u00e4hne pr\u00e4sentiert haben \u2014 in einem Punkt sind sie sich beklemmend einig: Die Meinungsfreiheit und die <a href=\"https:\/\/www.freiburg-schwarzwald.de\/blog\/global\/deutschland\/gesellschaft\/buergerrechte\/\">B\u00fcrgerrechte<\/a>, die unter Merkel und Scholz schon arg gefleddert worden sind, werden auch mit der neuen Regierung nicht wiederhergestellt werden.<\/p>\n<p>Eher droht Schlimmeres. Im Vertrag hei\u00dft es:<br \/>\n<em><strong>\u201eDie bewusste Verbreitung falscher Tatsachenbehauptungen ist durch die Meinungsfreiheit nicht gedeckt. Deshalb muss die staatsferne Medienaufsicht unter Wahrung der Meinungsfreiheit auf der Basis klarer gesetzlicher Vorgaben gegen Informationsmanipulation sowie Hass und Hetze vorgehen k\u00f6nnen.\u201c<\/strong><\/em><br \/>\nDas ist das sattsam bekannte Faeser-Sprech, das uns als kritischem Magazin Angst macht \u2014 und wohl auch Angst machen soll. Denn wer wird dar\u00fcber bestimmen, was \u201efalsch\u201c ist und was \u201e<a href=\"https:\/\/www.freiburg-schwarzwald.de\/blog\/kultur\/medien\/desinformation\/\">Desinformation<\/a>\u201c? Wohl diejenigen, die mit Kritik \u2014 um es freundlich auszudr\u00fccken \u2014 nicht gut umgehen k\u00f6nnen. Kann man unter solchen Umst\u00e4nden ein kritisches Webmagazin weiterbetreiben?<br \/>\n&#8230; Alles vom 17.4.2025 bitte lesen auf<br \/>\n<a href=\"https:\/\/www.manova.news\/artikel\/die-freiheit-am-kreuz\">https:\/\/www.manova.news\/artikel\/die-freiheit-am-kreuz<\/a><\/p>\n<p>&nbsp;<\/p>\n","protected":false},"excerpt":{"rendered":"<p>Unsere Diskussionskultur ist seit sp\u00e4testens Budapest 9\/2015 nicht mehr vorhanden. Es gibt nur noch gut und b\u00f6se, also entweder-oder. Und wer nicht gut ist, entscheiden die Guten. Die Guten besitzen die Moral und die B\u00f6sen &#8211; wozu auch die Kritiker &hellip; <a href=\"https:\/\/www.freiburg-schwarzwald.de\/blog\/diskussionskultur-und-freiheit\/\">Weiterlesen <span class=\"meta-nav\">&rarr;<\/span><\/a><\/p>\n","protected":false},"author":2,"featured_media":0,"comment_status":"open","ping_status":"closed","sticky":false,"template":"","format":"standard","meta":{"footnotes":""},"categories":[18,181,36,400,162,13,80],"tags":[766,749,682,549,818,793],"class_list":["post-133038","post","type-post","status-publish","format-standard","hentry","category-bildung","category-buergerbeteiligung","category-engagement","category-freiwillig","category-internet","category-kultur","category-medien","tag-buerger","tag-diskussionskultur","tag-freiheit","tag-gesetz","tag-kritik","tag-rechtsstaat"],"_links":{"self":[{"href":"https:\/\/www.freiburg-schwarzwald.de\/blog\/wp-json\/wp\/v2\/posts\/133038","targetHints":{"allow":["GET"]}}],"collection":[{"href":"https:\/\/www.freiburg-schwarzwald.de\/blog\/wp-json\/wp\/v2\/posts"}],"about":[{"href":"https:\/\/www.freiburg-schwarzwald.de\/blog\/wp-json\/wp\/v2\/types\/post"}],"author":[{"embeddable":true,"href":"https:\/\/www.freiburg-schwarzwald.de\/blog\/wp-json\/wp\/v2\/users\/2"}],"replies":[{"embeddable":true,"href":"https:\/\/www.freiburg-schwarzwald.de\/blog\/wp-json\/wp\/v2\/comments?post=133038"}],"version-history":[{"count":4,"href":"https:\/\/www.freiburg-schwarzwald.de\/blog\/wp-json\/wp\/v2\/posts\/133038\/revisions"}],"predecessor-version":[{"id":133061,"href":"https:\/\/www.freiburg-schwarzwald.de\/blog\/wp-json\/wp\/v2\/posts\/133038\/revisions\/133061"}],"wp:attachment":[{"href":"https:\/\/www.freiburg-schwarzwald.de\/blog\/wp-json\/wp\/v2\/media?parent=133038"}],"wp:term":[{"taxonomy":"category","embeddable":true,"href":"https:\/\/www.freiburg-schwarzwald.de\/blog\/wp-json\/wp\/v2\/categories?post=133038"},{"taxonomy":"post_tag","embeddable":true,"href":"https:\/\/www.freiburg-schwarzwald.de\/blog\/wp-json\/wp\/v2\/tags?post=133038"}],"curies":[{"name":"wp","href":"https:\/\/api.w.org\/{rel}","templated":true}]}}