{"id":132561,"date":"2025-04-08T12:57:59","date_gmt":"2025-04-08T10:57:59","guid":{"rendered":"https:\/\/www.freiburg-schwarzwald.de\/blog\/?p=132561"},"modified":"2025-04-14T20:22:13","modified_gmt":"2025-04-14T18:22:13","slug":"ard-didi-und-miosga","status":"publish","type":"post","link":"https:\/\/www.freiburg-schwarzwald.de\/blog\/ard-didi-und-miosga\/","title":{"rendered":"ARD: Didi und Miosga"},"content":{"rendered":"<p>Am Wochenende hat die <a href=\"https:\/\/www.freiburg-schwarzwald.de\/blog\/kultur\/medien\/wdr\/\">ARD<\/a> in zwei TV-Sendungen ausgestrahlt, was es mit dem <a href=\"https:\/\/www.freiburg-schwarzwald.de\/blog\/kultur\/kulturverlust\/sprachregime\/\">Sprachregime<\/a> des <a href=\"https:\/\/www.freiburg-schwarzwald.de\/blog\/kultur\/medien\/oerr\/\">\u00d6RR<\/a> auf sich hat: Seichte Unterhaltung zur <a href=\"https:\/\/www.freiburg-schwarzwald.de\/blog\/bildung\/verbloedung\/\">Verdummung<\/a> der B\u00fcrger und einseitige Talkshow zu deren <a href=\"https:\/\/www.freiburg-schwarzwald.de\/blog\/kultur\/medien\/journalismus\/erziehungsjournalismus\/\">Erziehung<\/a>. Ob derlei TV dem <a href=\"https:\/\/www.freiburg-schwarzwald.de\/blog\/kultur\/medien\/gez-medien\/\">Staatsvertrag<\/a> entspricht, der die zwangsgeb\u00fchrenfinanzierten Sender <!--more-->zu bildungsf\u00f6rdernder und ausgewogener Berichterstattung verpflichtet, ist fraglich.<br \/>\n.<br \/>\n<em>Zun\u00e4chst zur seichten TV-Sendung:<\/em><br \/>\nAm Samstag, den 5.4.2025 ab 20.15 Uhr wird &#8222;75 Jahre ARD &#8211; Die gro\u00dfe Jubil\u00e4umsshow&#8220; ausgestrahlt. Uber etwas mehr als drei Stunden hinweg d\u00fcrfen prominente Alt-Stars wie Iris Berben, Dagmar Berghoff, Maria Furtw\u00e4ngler, G\u00fcnther Jauch, Barbara Sch\u00f6neberger, , Miroslav Nemec, Ulrike Folkerts, Jan Josef Liefers, Dietmar B\u00e4r, Charles Brauer, Ulrich Wickert, Jens Riewa, Esther Sedlaczek, Alexander Bommes, Lea Wagner, Lothar Matth\u00e4us, Bastian Schweinsteiger, Sepp Maier, Dieter Hallervorden, Carolin Kebekus, J\u00fcrgen von der Lippe, Paola Felix, ESC-Gewinnerin Nicole, Hinnerk Sch\u00f6nemann, Jana Klinge, Patrick Duffy , Florian Silbereisen, Katarina Witt, Torsten Str\u00e4ter, Marie-Luise Marjan und Ingo Zamperoni sich selbst im R\u00fcckblick nochmal feiern (1). Wie hoch die Gage pro Alt-Star wohl ist?<\/p>\n<p>Nur einer hatte den Mut, auf das Sprachregime des \u00d6RR hinzuweisen, also auf die Regulierung des allgemeinen Sprachgebrauchs durch Umformulierung (z.B. Gender) sowie Tabuisierung von W\u00f6rtern und Begriffen: Didi Hallervorden (1a). Der 89-j\u00e4hrige Satiriker nahm sich die Freiheit, bei der Wiederauff\u00fchrung seines Sketches &#8222;Palim palim&#8220; <a href=\"https:\/\/www.youtube.com\/watch?v=8-B_i5D3kfo\">https:\/\/www.youtube.com\/watch?v=8-B_i5D3kfo<\/a> als Str\u00e4fling \u00fcber den Grund seiner Inhaftierung zu klagen:<\/p>\n<p><em>&#8222;Mann, Mann, Mann, du. Knast, du. Wenn ick det gewusst h\u00e4tte, dat man det nicht mehr sagt, ,Zigeunerschnitzel\u2018 und so, und ,Negerkuss\u2018 und so, Indianer und Cowboy kann man auch nicht mehr spielen. Wusste ich doch nicht, verstehste?\u201c<br \/>\n<\/em><br \/>\nDie <a href=\"https:\/\/www.freiburg-schwarzwald.de\/blog\/kultur\/medien\/mainstream\/\">Medien<\/a> sind entsetzt. Wo bleibt die Moral? Warum hat die ARD diesen Satz mit den uns\u00e4glichen <a href=\"https:\/\/www.freiburg-schwarzwald.de\/blog\/engagement\/zukunft\/demokratie\/tabu\/\">Tabuw\u00f6rtern<\/a> nicht herausgeschnitten, schlie\u00dflich war die Jubil\u00e4umssendung doch vorab aufgezeichnet worden? Pl\u00f6tzlich ohne <a href=\"https:\/\/www.freiburg-schwarzwald.de\/blog\/kultur\/medien\/zensur\/\">Sprachzensur<\/a>? Ein Lapsus oder ein Bonbon f\u00fcr die noch verbliebene, treue Fernsehzuschauerschaft?<\/p>\n<p><a href=\"https:\/\/www.freiburg-schwarzwald.de\/blog\/linkes-sprachregime-herrscht\/\">Michael Esders<\/a> hat 2020 im Standardwerk \u201e<a href=\"https:\/\/www.freiburg-schwarzwald.de\/blog\/kultur\/kulturverlust\/sprachregime\/\">Sprachregime \u2013 Die Macht der politischen Wahrheitssysteme<\/a>\u201c beschrieben, dass das Ziel der Sprachumdeutungen durch <a href=\"https:\/\/www.freiburg-schwarzwald.de\/blog\/kultur\/medien\/medien-politik\/\">Medien und Politik<\/a> die Verinnerlichung des Neusprechs ist, also die Ein\u00fcbung in die freiwillige Unterwerfung. Der B\u00fcrger als <a href=\"https:\/\/www.freiburg-schwarzwald.de\/blog\/global\/deutschland\/gesellschaft\/untertan\/\">Untertan<\/a>. Denn wer \u00fcber die Worte herrscht, herrscht \u00fcber das Innerste des Menschen, seine <a href=\"https:\/\/www.freiburg-schwarzwald.de\/blog\/selbsthilfe\/psyche\/\">Psyche<\/a>. Und wer Worte verbietet, verbietet letztendlich auch das <a href=\"https:\/\/www.freiburg-schwarzwald.de\/blog\/kultur\/denker\/\">Denken<\/a>.<br \/>\n.<\/p>\n<p><em>Nach der ersten seichten TV-Sendung nun zur zweiten einseitigen TV-Sendung:<\/em><br \/>\nAm Sonntag, den 6.4.2025 ab 21.45 Uhr ist &#8222;Caren Miosga&#8220; zu sehen, in der sie zum Thema &#8222;M\u00fcssen wir uns f\u00fcr Krieg r\u00fcsten, um Frieden zu sichern?&#8220; eine Stunde lang in erster Linie den Bundesau\u00dfenminister a.D. Joschka Fischer (Gr\u00fcne) interviewt.<br \/>\nCaren Miosga stellt an Joschka Fischer zur Kriegst\u00fcchtigkeit die ungeheuerliche Frage:<\/p>\n<p><em><strong>&#8222;&#8230; Das liegt nicht in unserer DNA, oder lag lange nicht in unserer DNA. Da lag Pazifismus. Wie k\u00f6nnen wir diesen Code schneller \u00fcberschreiben?&#8220;<\/strong><br \/>\n<\/em><br \/>\nUngeheuerlich, da <a href=\"https:\/\/www.freiburg-schwarzwald.de\/blog\/engagement\/zukunft\/frieden\/pazifismus\/\">Pazifismus<\/a> bzw. <a href=\"https:\/\/www.freiburg-schwarzwald.de\/blog\/engagement\/zukunft\/frieden\/friedensbewegung\/\">Friedensorientierung<\/a> als &#8222;unsere&#8220; (deutsche) seit dem zweiten Weltkrieg tief verwurzelte <a href=\"https:\/\/www.freiburg-schwarzwald.de\/blog\/global\/integration\/werte\/\">Wertsetzung<\/a> nun gem\u00e4\u00df Selbstlegitimierung von ARD-Moderatorin bzw. \u00d6RR pl\u00f6tzlich wertlos zu sein hat.<br \/>\nDiese Frage suggeriert, da\u00df in <a href=\"https:\/\/www.freiburg-schwarzwald.de\/blog\/global\/eu\/europa-nationen\/\">EU-Europa<\/a> alles auf Krieg hinausl\u00e4uft bzw. die Entscheidungen hierzu gefallen sind. Es geht nur noch darum, wie man m\u00f6glichst schmerzlos den &#8222;Code schneller \u00fcberschreiben&#8220; kann. Eine furchtbare Argumentation der ARD-Moderatorin.<br \/>\nZudem in einer <a href=\"https:\/\/www.freiburg-schwarzwald.de\/blog\/kultur\/medien\/einseitigkeit\/\">einseitigen<\/a> Sendung mit Joschka Fischer als ungedientem Kriegsbef\u00fcrworter (wie vormals bei der Bombardierung von <a href=\"https:\/\/www.freiburg-schwarzwald.de\/blog\/global\/jugoslawien\/\">Serbien<\/a>), der jetzt wegen &#8222;Putin will nach Berlin&#8220; f\u00fcr Taurus auf Russland und die Bundeswehr in die Ukraine pl\u00e4diert. Alle von Miosga in ihrer Sendung angesprochenen Experten sind pro Krieg. Sogar Kinder\/Sch\u00fcler stimmen ein. Wenn von Caren Miosga schon keine Lumpen-Pazifisten (Spiegel) eingeladen werden, warum dann nicht wenigstens Konfliktforscher wie Michael Brzoska, Christian Hacke und Johannes Varwick. Oder Milit\u00e4rexperten wie Nato-General <a href=\"https:\/\/www.freiburg-schwarzwald.de\/blog\/kujat-niederlage-der-ukraine\/\">Harald Kujat<\/a>, General <a href=\"https:\/\/www.freiburg-schwarzwald.de\/blog\/engagement\/zukunft\/krieg\/kriegstreiber\/\">Erich Vad<\/a> , General Reiner Schwalb, oder der Schweizer <a href=\"https:\/\/www.freiburg-schwarzwald.de\/blog\/global\/ukraine\/donbass\/\">Jacques Baud<\/a>? Oder warum kein Pro-contra-Format?<\/p>\n<p>Fazit: Es wird deutlich, wie sehr sich der \u00d6RR von der Pflicht zu <a href=\"https:\/\/www.freiburg-schwarzwald.de\/blog\/bildung\/bildungsmisere\/\">Bildung<\/a> und <a href=\"https:\/\/www.freiburg-schwarzwald.de\/blog\/kultur\/medien\/journalismus\/ausgewogenheit\/\">ausgewogener<\/a> Berichterstattung verabschiedet und dem Anliegen des <a href=\"https:\/\/www.freiburg-schwarzwald.de\/blog\/engagement\/zukunft\/demokratie\/nudging\/\">Nudging<\/a> zugewendet hat: Teuer produzierte Unterhaltungssendungen (Show, Krimi) anstelle von Bildungsfernsehen. Zudem erfahren die B\u00fcrger durch TV (ARD, ZDF) und Radio (Deutschlandfunk) eine <a href=\"https:\/\/www.freiburg-schwarzwald.de\/blog\/religion\/islam\/erziehung\/\">Erziehung<\/a> weg von Pazifismus hin zu <a href=\"https:\/\/www.freiburg-schwarzwald.de\/blog\/engagement\/zukunft\/krieg\/bellizismus\/\">Bellizismus<\/a>, <a href=\"https:\/\/www.freiburg-schwarzwald.de\/blog\/engagement\/zukunft\/krieg\/kriegstuechtig\/\">Kriegst\u00fcchtigkeit<\/a> bzw. <a href=\"https:\/\/www.freiburg-schwarzwald.de\/blog\/engagement\/zukunft\/krieg\/militarismus\/\">Militarismus<\/a>. In Deutschlands Medien wie Politik dominiert <a href=\"https:\/\/www.freiburg-schwarzwald.de\/blog\/kriegsrhetorik-beenden-brief\/\">Kriegsrhetorik<\/a> jede Form von Friedensrhetorik zunehmend. Wurden die B\u00fcrger als Souver\u00e4n vom Staat &#8211; als ihrem Dienstleister &#8211; jemals danach gefragt?<\/p>\n<p>Gerade hat sich ein <a href=\"https:\/\/www.freiburg-schwarzwald.de\/blog\/zeitfenster-zu-frieden-in-europa\/\">Zeitfenster<\/a> ge\u00f6ffnet f\u00fcr eine europ\u00e4ische Sicherheits-\/Friedensordnung: F\u00fcr Trump ist der Konflikt USA-China wichtig, nicht aber Europa, Brzezi\u0144ski-Doktrin &#8222;Keine Kooperation von D und RU&#8220; und Ukrainekrieg. Letzteren will und wird er mit dem Deal &#8222;Bodensch\u00e4tze und Getreide der Ukraine f\u00fcr die USA&#8220; gegen &#8222;Neutrale Ukraine ohne Donbas und Krim&#8220; beenden. Auch JD Vance hat stets sein Mi\u00dffallen \u00fcber die Partnerschaft zwischen Russland und China zum Ausdruck gebracht. F\u00fcr die deutsche Diplomatie hei\u00dft das Ad\u00e9 an Brzezi\u0144ski: Aufwachen und daf\u00fcr sogen, da\u00df die diplomatischen Kan\u00e4le zwischen Berlin, Moskau und Br\u00fcssel gl\u00fchen, und zwar friedlich.<br \/>\nWarum spart die Berichterstattung des \u00d6RR solche doch optimistisch stimmenden Entwicklungen aus?<br \/>\n8.4.2025<br \/>\nDieser Beitrag ist auch erschienen auf<br \/>\n<a href=\"https:\/\/ansage.org\/das-ard-sprachregime-im-wochenrueckblick-show-mit-didi-talk-mit-joschka\/\">https:\/\/ansage.org\/das-ard-sprachregime-im-wochenrueckblick-show-mit-didi-talk-mit-joschka\/<\/a><br \/>\n.<br \/>\nEnde von Beitrag &#8222;ARD: Didi und Miosga&#8220;<br \/>\n========================================================<br \/>\nBeginn von Anlagen (1) &#8211; (2)<br \/>\n.<br \/>\n.<br \/>\n<strong>(1) \u201c75 Jahre ARD\u201d: Rundfunk gewordene Ignoranz als Jubil\u00e4umssendung<\/strong><br \/>\nGanz Deutschland diskutiert \u00fcber die schwindende Beliebtheit des \u00f6ffentlich-rechtlichen Rundfunks. In den neun Fernsehanstalten plus Phoenix und Deutsche Welle scheint man von dieser Krise noch nichts geh\u00f6rt zu haben.<br \/>\nAnders als mit Ignoranz ist die gro\u00dfe Jubil\u00e4umsshow, die sich die \u201eArbeitsgemeinschaft der \u00f6ffentlich-rechtlichen Rundfunkanstalten der Bundesrepublik Deutschland\u201c am Samstag, 5. April, drei Stunden lang g\u00f6nnte, nicht zu erkl\u00e4ren. Man darf sie getrost als blanken Hohn der ARD-Verantwortlichen auf die breite Kritik im Land am Fernsehprogramm und seinen Kosten bezeichnen. Diese Kritik ist leicht in zwei Punkten zusammenzufassen:<\/p>\n<p>Erstens ihr viel zu gro\u00dfer Anteil an seichtem Zeitvertreib, inhaltsloser Aufmunterung, der in keiner Weise mehr ihrem Auftrag, n\u00e4mlich Information, Bildung und Unterhaltung gleicherma\u00dfen zu liefern, gerecht werden.<br \/>\nZweitens die exorbitanten Kosten, die vor allem in der Sparte Unterhaltung \u2013 sprich Mega-Shows \u2013 generiert werden, und die das Budget der ARD inzwischen auf \u00fcber zehn Milliarden Euro pro Jahr getrieben haben \u2013 einkassiert zu mehr als zwei Dritteln \u00fcber die Beitragspflicht aller B\u00fcrger. Und dann noch \u00fcber die Einnahmen aus der Werbung in einer H\u00f6he, die den wirtschaftlich arbeitenden Medien damit entzogen sind.<br \/>\n&#8230; Alles vom 7.4.2025 bitte lesen auf<br \/>\n<a href=\"https:\/\/www.achgut.com\/artikel\/75_jahre_ard_rundfunk_gewordenene_ignoranz_als_jubnilaeumssendung\">https:\/\/www.achgut.com\/artikel\/75_jahre_ard_rundfunk_gewordenene_ignoranz_als_jubnilaeumssendung<\/a><br \/>\n.<br \/>\nEinige Kommentare:<br \/>\nEs steht im Grundgesetz, dass es einen \u00f6ffentlichen Rundfunk gibt, um Desinformation, Propaganda und \u00e4hnliches zu vermeiden. Aber es steht nichts im Grundgesetz, dass der \u00d6RR neun Milliarden im Jahr an Geb\u00fchren einziehen darf und es steht ebenso nicht im Grundgesetz, dass die Politik den \u00d6RR massiv beeinflusst, insbesondere \u00fcber die Geb\u00fchrenkommission!<br \/>\nWer \u00fcber das Geld verf\u00fcgt, hat die Macht, auch beim \u00d6RR. Darum muss der \u00d6RR dringend reformiert werden, die Geb\u00fchren d\u00fcrfen nicht h\u00f6her als 5\u20ac im Monat sein und werden vom jedem bezahlt, der ein Einkommen hat, ob aus eigener Arbeit, als Privatier oder als Transfergeldempf\u00e4nger. Weiterhin muss der Einfluss der Politik dringend unterbunden werden, das bedeutet keine Politiker in der Geb\u00fchrenkommission und ebenso d\u00fcrfen Entscheidungstr\u00e4ger beim \u00d6RR kein Parteibuch haben. In der jetzigen Form ist der \u00d6RR das Vehikel mit den Weisen aus Nietzsches Zarathustra, dass vor den M\u00e4chtigen f\u00e4hrt, um als scheinbar unabh\u00e4ngige Instanz deren Willen ans Wahlvolk weiterzuleiten und nichts anderes. Roland<br \/>\n.<br \/>\n\u201dDie rote Unterwanderung bei Funk und Fernsehen hat ein Ausma\u00df angenommen, das f\u00fcr die Zukunft unserer Gesellschaft zu ernsten Sorgen Anla\u00df gibt. Volksfremde Publikationsorgane (und eine) Reichsrundfunkkammer mit Linksdrall (haben in weiten Teilen der Meinungslandschaft) Eingleisigkeit (hervorgerufen)\u201d Franz Josef Strau\u00df 24.02.1971, J\u00f6rg.<br \/>\n.<br \/>\nUnd den passenden Skandal im woken Universum gabs auch noch. Hatte sich Dieter Hallervorden doch erdreistet Negerkuss und Zigeunerschnitzel auszusprechen. Wie konnte er nur\u2026.. Reinhold<br \/>\n.<br \/>\nZwei Dinge t\u00f6teten die ARD: das Internet und das gr\u00fcne Sendungsbewusstsein. Mutiert zum Zombie: Niemand schaut zu, aber Geld ist da. Traurig\u2026 Roland V\u00f6llmer<br \/>\nEnde Kommentare<br \/>\n.<\/p>\n<p><strong>(1a) Deutschland in Ohnmacht: Hallervorden sagt im Ersten \u201everbotene\u201c W\u00f6rter<\/strong><br \/>\n<strong>Ein Sketch, drei W\u00f6rter \u2013 und schon brennt die Sprachmoral<\/strong><br \/>\n&#8230;<br \/>\nNein, es war Dieter Hallervorden. 88 Jahre alt musste er werden, um das Grundgef\u00fcge des Deutschen Staates und der deutschen Kultur, sofern man davon noch sprechen darf, bis ins Mark zu ersch\u00fcttern. Und das mit einem einfachen Fernsehauftritt, genauer gesagt mit einem einzigen Satz.<br \/>\nGeschehen ist es w\u00e4hrend der Gala zu dem ebenso aufregenden wie aufw\u00fchlenden Thema \u201e75 Jahre ARD\u201c \u2013 ein Jubil\u00e4um, das man sinnvoll mit einer punktgenauen Abschaltung des \u00f6ffentlich-rechtlichen Rundfunks h\u00e4tte feiern k\u00f6nnen, aber bedauerlicherweise glaubte, mit einer Gala w\u00fcrdigen zu m\u00fcssen, bei der man sich selbst beweihr\u00e4ucherte und das Publikum gem\u00e4\u00df seiner Altersstruktur zur rechtzeitigen Nachtruhe bewog.<br \/>\nAber nicht nur. Einer wagte es, ein wenig echte Satire anzubieten, der \u00c4lteste an Jahren war es und vielleicht auch der Frischeste an Geist: Dieter Hallervorden eben, der seinen in die Jahre gekommenen und altbekannten Sketch \u201ePalim, Palim\u201c auff\u00fchren durfte, in dem es um eine Flasche Pommes Frites geht \u2013 sollte es doch noch Leser geben, an denen der Sketch w\u00e4hrend der letzten 40 oder 50 Jahre vorbei gegangen ist, so k\u00f6nnen sie sich das Original <a href=\"https:\/\/www.youtube.com\/watch?v=iZNOk7upy7A\">https:\/\/www.youtube.com\/watch?v=iZNOk7upy7A<\/a> jederzeit ansehen.<br \/>\nAm Sketch selbst, an der eigentlichen Pointe hat Hallervorden nichts ge\u00e4ndert, aber er stellte einen neuen Anfang voraus. Bevor die beiden Protagonisten, im Hauptberuf gelangweilte Insassen eines Gef\u00e4ngnisses, sich die Zeit ein wenig mit einem Spiel \u00fcber einen Kaufmannsladen vers\u00fc\u00dfen, \u00e4u\u00dfert der von Hallervorden dargestellte Gefangene die Worte: \u201eMann, Mann, Mann, du. Knast, du. Wenn ick det gewusst h\u00e4tte, dat man det nicht mehr sagt, ,Zigeunerschnitzel\u2018 und so, und ,Negerkuss\u2018 und so, Indianer und Cowboy kann man auch nicht mehr spielen. Wusste ich doch nicht, verstehste?\u201c Noch kann man das Video bei youtube sehen <a href=\"https:\/\/www.youtube.com\/watch?v=8-B_i5D3kfo\">https:\/\/www.youtube.com\/watch?v=8-B_i5D3kfo<\/a> ; wer wei\u00df, wie lange noch.<br \/>\n&#8230; Alles vom 7.4.2025 bitte lesen auf<br \/>\n<a href=\"https:\/\/reitschuster.de\/post\/deutschland-in-ohnmacht-hallervorden-sagt-im-ersten-verbotene-woerter\/\">https:\/\/reitschuster.de\/post\/deutschland-in-ohnmacht-hallervorden-sagt-im-ersten-verbotene-woerter\/<\/a><br \/>\n.<br \/>\n<strong>(1b) Der Mann im Knast, der uns befreit<\/strong><br \/>\nDieter Hallervorden zeigt, was Satire heute darf \u2013 und was nicht<br \/>\n&#8230; Alles vom 8.4.2024 bitte lesen auf<br \/>\n<a href=\"https:\/\/reitschuster.de\/post\/der-mann-im-knast-der-uns-befreit\/\">https:\/\/reitschuster.de\/post\/der-mann-im-knast-der-uns-befreit\/<\/a><\/p>\n<p>.<\/p>\n<p><strong>(1c) N-Wort, Z-Wort und Emp\u00f6rung auf Kommando<\/strong><br \/>\nDas Medienecho auf Dieter Hallervordens Sketch mit N-Wort und Z-Wort war so emp\u00f6rt wie erwartbar. Die Kritiker haben die Klischees, die seinem Witz zugrundeliegen, vollkommen best\u00e4tigt.<br \/>\nDie aktuelle Debatte um Dieter Hallervorden scheint auf bemerkenswerte Weise sowohl das feuilletonistische Bangen um Relevanz als auch den moralischen Impetus vieler Kulturredakteure zu verbinden. Das im Grunde banale Ereignis: Das Urgestein der deutschen Komik hatte am Samstagabend in der Sendung \u201e75 Jahre ARD \u2013 Die gro\u00dfe Jubil\u00e4umsshow\u201c seinen Kult-Sketch \u201ePalim, Palim\u201c aufgef\u00fchrt. Allerdings wurde der Anfang der im Gef\u00e4ngnis spielenden Szene leicht ge\u00e4ndert. Hallervorden sagte in seiner Rolle als H\u00e4ftling zu seinem Zellengenossen \u00fcber seinen Haftgrund:<br \/>\n\u201eWenn ich das gewusst h\u00e4tte, dass man das nicht mehr sagt hier: Zigeunerschnitzel und so und Negerkuss und so. Indianer und Cowboy kann man auch nicht mehr spielen \u2026\u201c<br \/>\nDies sorgte im Netz f\u00fcr Aufregung \u2013 vor allem aber rauschte es heftig durch den digitalen Bl\u00e4tterwald. Die Emp\u00f6rung war so gro\u00df, dass an einigen Stellen beachtliche Stilbl\u00fcten trieben, von denen ich Ihnen einige nach ein paar Tagen des Wachstums an dieser Stelle pr\u00e4sentieren will.<br \/>\n&#8230; Alles vom 9.4.2025 bitte lesen auf<br \/>\n<a href=\"https:\/\/www.achgut.com\/artikel\/n_wort_z_wort_und_empoerung_auf_kommando\">https:\/\/www.achgut.com\/artikel\/n_wort_z_wort_und_empoerung_auf_kommando<\/a><\/p>\n<p>.<\/p>\n<p><strong>(2) Miosga: Wie k\u00f6nnen wir den Deutschen den Pazifismus aberziehen?<\/strong><br \/>\nEs sind nur 12 Sekunden, die dennoch die ganze Niedertracht des Staatsfunks und seiner Presstituierten zeigen: Caren Miosga will von Joschka Fischer (Kriegsdienstverweigerer) wissen, wie die Deutschen schneller Kriegslust entwickeln: Sie beklagt den \u201ePazifismus\u201c, der in unserer DNA liege und fragt passenderweise: \u201eWie k\u00f6nnen wir diesen Code schneller \u00fcberschreiben?\u201c. Miosga h\u00e4tte genauso gut fragen k\u00f6nnen: Wie k\u00f6nnen wir schneller zum Dritten Weltkrieg\u201c kommen? &#8230; Miosga, mich ekelt vor Ihnen!<br \/>\n&#8230; Alles vom 7.4.2025 bitte lesen auf<br \/>\n<a href=\"https:\/\/philosophia-perennis.com\/2025\/04\/07\/miosga-wie-koennen-wir-den-deutschen-den-pazifismus-aberziehen\/\">https:\/\/philosophia-perennis.com\/2025\/04\/07\/miosga-wie-koennen-wir-den-deutschen-den-pazifismus-aberziehen\/<\/a><br \/>\n.<br \/>\nInnerhalb von 12 Sekunden formuliert Caren #Miosga f\u00fcr den \u00d6RR die abgr\u00fcndigste Entgleisung des bisherigen Jahres: \u201ePazifismus \u2026 Wie k\u00f6nnen wir diesen Code schneller \u00fcberschreiben?&#8220;<br \/>\n6.4.2025, <a href=\"https:\/\/x.com\/matze2001\/status\/1908987347443580970\">https:\/\/x.com\/matze2001\/status\/1908987347443580970<\/a><br \/>\n.<br \/>\n.<br \/>\n<strong>(2a) Caren Miosga \u00fcber Aufr\u00fcstung: M\u00fcssen pazifistische DNA Deutschlands schneller \u00fcberschreiben<\/strong><br \/>\nJoschka Fischer war bei Caren Miosga zu Besuch \u2013 das Thema: Wehrpflicht. Beide erinnern sich an den pazifistischen Kurs der Vergangenheit \u2013 und sind trotzdem f\u00fcr Aufr\u00fcstung.<br \/>\n&#8230; Alles vom 7.4.2025 bitte lesen auf<br \/>\n<a href=\"https:\/\/www.berliner-zeitung.de\/politik-gesellschaft\/miosga-zu-joschka-fischer-pazifismus-lag-in-unserer-dna-li.2314245\">https:\/\/www.berliner-zeitung.de\/politik-gesellschaft\/miosga-zu-joschka-fischer-pazifismus-lag-in-unserer-dna-li.2314245<\/a><br \/>\n.<br \/>\n.<br \/>\n<strong>(2b) Bei Miosga: Joschka Fischer gr\u00e4bt das Kriegsbeil aus<\/strong><br \/>\nJoschka Fischer bei Caren Miosga. Ein Interview wie eine Andachtsstunde. Sie behandelt den gr\u00fcnen Ex-Au\u00dfenminister so ehrfurchtsvoll wie einen alten, weisen Indianer. Doch der Weisheit letzter Schluss f\u00e4llt eher d\u00fcrftig aus. Er lautet: Putin will Krieg gegen alle.<br \/>\nSie redet langsam, versucht Schwermut und Weltschmerz in jede Frage zu legen. Wenn Caren Miosga den ehemaligen gr\u00fcnen Au\u00dfenminister Joschka Fischer befragt, soll wohl etwas Pr\u00e4sidiales durch den Raum wehen.<br \/>\n&#8230;<br \/>\nFischer ist derweil daf\u00fcr, Taurus-Raketen in die Ukraine zu liefern. \u201eWir sollten alles tun, um die Souver\u00e4niti\u00e4t der Ukraine bewahren zu k\u00f6nnen.\u201c Auch europ\u00e4ische Friedenstruppen bef\u00fcrwortet er. Wenn die gro\u00dfen europ\u00e4ischen L\u00e4nder dabei sind, \u201edann sollten wir nicht abseits stehen\u201c.<br \/>\n&#8230; Alles vom 7.4.2025 bitte lesen auf<br \/>\n<a href=\"https:\/\/www.tichyseinblick.de\/feuilleton\/medien\/bei-miosga-joschka-fischer-graebt-das-kriegsbeil-aus\/\">https:\/\/www.tichyseinblick.de\/feuilleton\/medien\/bei-miosga-joschka-fischer-graebt-das-kriegsbeil-aus\/<\/a><br \/>\n.<br \/>\nEinige Kommentare:<br \/>\n\u00dcbrigens muss Fischer nach dem Grundgesetz Art. 26 (1) zwingend bestraft (worden) sein. Und erst recht nach dem \u00a7 80 des Strafgesetzbuches, das diesen Grundgesetzartikel umsetzt. Ferner war dieser Angriffskrieg gegen Serbien ein v\u00f6lkerrechtswidrig, wie auch der damalige Bundeskanzler sp\u00e4ter Schr\u00f6der einger\u00e4umt hat. Da T\u00f6tungsdelikte (Morde) nicht verj\u00e4hren, muss es heute noch m\u00f6glich sein, Fischer und Schr\u00f6der und die damals zustimmenden Bundestagsabgeordneten noch heute anzuzeigen und anzuklagen! Und evtl. auch die Richter wegen Rechtsbeugung, die einen entsprechenden Strafantrag der Linken abgelehnt haben. Egozentru\u00edk<br \/>\n.<br \/>\nMir d\u00fcnkt, dass die Damen und Herren, die sich mit ihrer Rhetorik daran zu erg\u00f6tzen scheinen, eine kriegerische Auseinandersetzung zu bef\u00fcrworten, wenn nicht gar vorantreiben zu wollen, im Schadensfall alle mit einem Pl\u00e4tzchen im Regierungsbunker rechnen. Diese Einsch\u00e4tzung ihrer Bedeutungslosigkeit erz\u00e4hlte dann lediglich die Geschichte ihrer Hybris und zeigte auf wie sie sich und ihre Expertise ma\u00dflos \u00fcberh\u00f6hen. keyser<br \/>\n.<br \/>\n5.000 Tote pro Tag. Das ist das, was sie wollen. Sie tr\u00e4umen davon, dass die EU eine millionenstarke Armee aufstellt, die dann in der Ukraine gegen die Russen k\u00e4mpfen soll. Dabei wird von 5.000 Toten auf EU-Seite pro Tag ausgegangen. Zum Vergleich: Im Zweiten Weltkrieg verlor die deutsche Armee rechnerisch \u201enur\u201c 2.500 Mann an jedem Tag des Krieges. Und das an drei Fronten. Welche Art von Krieg wollen die eigentlich entfesseln? Rob Roy<br \/>\n.<br \/>\nFischer ist nicht dumm und d\u00fcrfte daher genau wissen, da\u00df Russland keine imperialistischen Absichten hat und keine Bedrohung f\u00fcr EU-L\u00e4nder darstellt. Am allerwenigsten f\u00fcr Deutschland, das immer mehr zum failed state wird und f\u00fcr Putin ein unn\u00f6tiger Problemfall w\u00e4re, den sich niemand freiwillig ans Bein bindet.<br \/>\nWarum also sekundiert Fischer die von Br\u00fcssel, Berlin, Paris und London flei\u00dfg bediente M\u00e4r, da\u00df Russland eine Bedrohung darstelle? Weil auch er als Globalist und Kapitalist via Feindbild Russland die Zwangsintegration und Zentralisierung der EU vorantreiben will. Zu diesem Zweck bef\u00fcrworten diese Leute auch massive Aufr\u00fcstung, erh\u00f6hte Kriegsgefahr und gigantische Verschuldung. Die einst pazifistischen Gr\u00fcnen sind inzwischen die ruchlosesten Kriegstreiber. Das sind sehr erstaunliche und bittere politische Fehlentwicklungen. Aber f\u00fcr Fischer und andere Gr\u00fcne Politiker gilt wohl: Fr\u00fcher das Kapital von Marx gelesen, heute als Zeitschrift abonniert. Freigeistiger<br \/>\n.<br \/>\nDieser Typ stellte seinerzeit \u201eNie wieder Krieg!\u201c \u201eNie wieder Auschwitz!\u201c gegen\u00fcber und begr\u00fcndete damit die Beteiligung Deutschlands an der Bombardierung von Serbien durch die NATO 1999. Der angebliche V\u00f6lkermord war jedoch eine propagandistische L\u00fcge. Und der Angriff auf Serbien war v\u00f6lkerrechtswidrig, da kein Mandat des UNO-Sicherheitsrats vorlag. Sp\u00e4testens mit der Bombardierung Serbiens am 24. M\u00e4rz 1999 hat sich die NATO von einem lokalen Verteidigungs- zu einem globalen Angriffsb\u00fcndnis gewandelt. Es ist widerlich, wie dieser Typ seine Wandlung vom Steinewerfer hin zum Kriegstreiber als \u201enotwendigen Reifeprozess\u201c, \u201esp\u00e4te, aber wichtige Erkenntnis\u201c und \u201epers\u00f6nliche Entwicklung\u201c darstellt. Gegen derart aufstachelnde Propaganda und Kriegstreiberei w\u00fcrde schon helfen, wenn die Menschen bis ins Mark hinein verinnerlicht h\u00e4tten, dass der Zweck nicht die Mittel heiligt \u2013 niemals! Rene Meyer<br \/>\n.<br \/>\nEs gibt diese hervorragende \u201eAnsprache von Putin an die deutsche Regierung und das deutsche Volk:\u201c geschrieben von Markus Krall in dem er als Putin 8 Gr\u00fcnde aufz\u00e4hlt, warum er nie in Deutschland einmarschieren wird.<br \/>\nEs beginnt mit \u201eErstens: Ihr seid schon mit 2,5 Billionen verschuldet und kein seri\u00f6ser \u00d6konom hat eine Idee, wie man das je zur\u00fcckzahlen kann. Jetzt wollt ihr da noch eine Billionen draufpacken. Soll etwa das russische Volk die R\u00fcckzahlung mit seiner Lebensqualit\u00e4t bezahlen? Niemals.\u201c<br \/>\nUnd endet mit \u201eWarum also sollten wir euer Land erobern? Um Probleme zu haben, die wir sonst nie h\u00e4tten? Ihr k\u00f6nntet uns kapitulierend mit wei\u00dfen Laken in allen Fenstern einladen \u2013 wir w\u00fcrden nicht kommen. Schade um den Diesel.\u201c<br \/>\nKeine weiteren Fragen. Or<br \/>\nEnde Kommentare<br \/>\n.<br \/>\n.<br \/>\n<strong>(2c) Joschka Fischer: Ein alter Mann, der aussieht wie eine Oma gegen Rechts<\/strong><br \/>\nCaren Miosga empfing neulich in ihrer Talk-Schau einen Gast, der wie eine alte Frau ausschaute, die wie ein alter Mann aussieht (das Bonmot ist geklaut bei Anton Kuh, der es auf Stefan George m\u00fcnzte), also praktisch eine Oma gegen Rechts.<br \/>\nErstaunlich, wie sich unser einstiger \u201eStalin war so ein Typ wie wir\u201d-Stra\u00dfenschl\u00e4ger und das sp\u00e4tere Wanst-Jojo von der Testosteron- in die \u00d6strogenproduktion gemendelt hat. Diesem Mannweibischen eignet etwas von sp\u00e4tr\u00f6mischer Dekadenz, wie unsereins sie aus alten Hollywood-Breitwandschinken kennt.<br \/>\n&#8230;<br \/>\nDer einstige Gr\u00fcnen-Chef hielt also die alte Bundesrepublik, in der er aufwuchs, folgenlos Polizisten verpr\u00fcgeln, gegen das System agitieren, seine Taxifahrerpr\u00fcfung absolvieren, mit seinen Turnschuhen ins Parlament schlappen und den Bundestagsvizepr\u00e4sidenten als \u201eArschloch\u201d bezeichnen konnte, nicht f\u00fcr verteidigenswert, das Deutschland der Zensur, der Hausdurchsuchungen, der Meldestellen, der offenen Grenzen, der steuerfinanzierten Oppositionsbek\u00e4mpfung und der 65 Geschlechter, in dem auch noch das d\u00fcmmste gr\u00fcne Z\u00e4pfchen mit Steuergeld eingefettet wird, aber schon.<br \/>\n&#8230; Alles vom 9.4.2025 von <a href=\"https:\/\/www.freiburg-schwarzwald.de\/blog\/kultur\/dichter\/klonovsky\/\">Michael Klonovsky<\/a> bitte lesen auf<br \/>\n<a href=\"https:\/\/www.klonovsky.de\/2025\/04\/9-april-2025\/\">https:\/\/www.klonovsky.de\/2025\/04\/9-april-2025\/<\/a><\/p>\n","protected":false},"excerpt":{"rendered":"<p>Am Wochenende hat die ARD in zwei TV-Sendungen ausgestrahlt, was es mit dem Sprachregime des \u00d6RR auf sich hat: Seichte Unterhaltung zur Verdummung der B\u00fcrger und einseitige Talkshow zu deren Erziehung. Ob derlei TV dem Staatsvertrag entspricht, der die zwangsgeb\u00fchrenfinanzierten &hellip; <a href=\"https:\/\/www.freiburg-schwarzwald.de\/blog\/ard-didi-und-miosga\/\">Weiterlesen <span class=\"meta-nav\">&rarr;<\/span><\/a><\/p>\n","protected":false},"author":2,"featured_media":0,"comment_status":"open","ping_status":"closed","sticky":false,"template":"","format":"standard","meta":{"footnotes":""},"categories":[18,181,21,162,13,80,171,172],"tags":[749,682,720,820,759,822],"class_list":["post-132561","post","type-post","status-publish","format-standard","hentry","category-bildung","category-buergerbeteiligung","category-dienste","category-internet","category-kultur","category-medien","category-verbraucher","category-zukunft","tag-diskussionskultur","tag-freiheit","tag-medien","tag-meinungsfreiheit","tag-tv","tag-zensur"],"_links":{"self":[{"href":"https:\/\/www.freiburg-schwarzwald.de\/blog\/wp-json\/wp\/v2\/posts\/132561","targetHints":{"allow":["GET"]}}],"collection":[{"href":"https:\/\/www.freiburg-schwarzwald.de\/blog\/wp-json\/wp\/v2\/posts"}],"about":[{"href":"https:\/\/www.freiburg-schwarzwald.de\/blog\/wp-json\/wp\/v2\/types\/post"}],"author":[{"embeddable":true,"href":"https:\/\/www.freiburg-schwarzwald.de\/blog\/wp-json\/wp\/v2\/users\/2"}],"replies":[{"embeddable":true,"href":"https:\/\/www.freiburg-schwarzwald.de\/blog\/wp-json\/wp\/v2\/comments?post=132561"}],"version-history":[{"count":5,"href":"https:\/\/www.freiburg-schwarzwald.de\/blog\/wp-json\/wp\/v2\/posts\/132561\/revisions"}],"predecessor-version":[{"id":132744,"href":"https:\/\/www.freiburg-schwarzwald.de\/blog\/wp-json\/wp\/v2\/posts\/132561\/revisions\/132744"}],"wp:attachment":[{"href":"https:\/\/www.freiburg-schwarzwald.de\/blog\/wp-json\/wp\/v2\/media?parent=132561"}],"wp:term":[{"taxonomy":"category","embeddable":true,"href":"https:\/\/www.freiburg-schwarzwald.de\/blog\/wp-json\/wp\/v2\/categories?post=132561"},{"taxonomy":"post_tag","embeddable":true,"href":"https:\/\/www.freiburg-schwarzwald.de\/blog\/wp-json\/wp\/v2\/tags?post=132561"}],"curies":[{"name":"wp","href":"https:\/\/api.w.org\/{rel}","templated":true}]}}