{"id":13178,"date":"2012-10-16T17:55:38","date_gmt":"2012-10-16T15:55:38","guid":{"rendered":"https:\/\/www.freiburg-schwarzwald.de\/blog\/?p=13178"},"modified":"2012-10-26T11:24:05","modified_gmt":"2012-10-26T09:24:05","slug":"kfz-martorana-15-jahre","status":"publish","type":"post","link":"https:\/\/www.freiburg-schwarzwald.de\/blog\/kfz-martorana-15-jahre\/","title":{"rendered":"Kfz-Martorana 15 Jahre"},"content":{"rendered":"<p>Im Oktober 2012\u00a0kann der <a title=\"Handwerk\" href=\"https:\/\/www.freiburg-schwarzwald.de\/blog\/business\/handwerk\/\">Kfz-Meisterbetrieb <\/a>Martorana in FR-Litt\u00aden\u00ad\u00ad\u00ad\u00ad\u00adweiler sein 15-j\u00e4hriges Bestehen feiern. Seit 1997 ist das Team um Kfz-Meister Vincenzo Martorana Ansprechpartner bei allen Fragen rund um das Fahrzeug. Probleme werden hier kompetent, zuverl\u00e4ssig und schnell gel\u00f6st \u2013 und das zu einem fairen Preis. Alle Marken und Modelle sind in der Werk\u00ad\u00adstatt Martorana gut aufgehoben. <!--more-->Die Mechaniker blick\u00aden auf langj\u00e4hrige Erfahrung bei BMW und VW zur\u00fcck und sind bestens auf individuelle W\u00fcnsche und Anfragen vor\u00adbe\u00adrei\u00adtet. Angeboten werden hier Reparatur, Wartung und In\u00adspek\u00adtion. HU\/AU, Scheibenreparatur, Elektronische Fahr\u00adzeug\u00ad\u00addiagnose, Unfallinstandsetzung sowie Reifen-, Bremsen und Sto\u00dfd\u00e4mpferservice. Seine berufliche Laufbahn hat \u201eEnzo\u201c Martorana mit einer Lehre zum Kfz-Schlosser bei den Fuhrparkbetrieben der Stadt Freiburg begonnen. Anschlie\u00dfend war er mehrere Jahre bei einer VW-Werkstatt und danach beim BMW-Autohaus Frei\u00ad\u00adburg als Kfz-Mechaniker besch\u00e4ftigt. Nach der erfolg\u00adreich abgelegten Meisterpr\u00fcfung hat er den Schritt in die Selbst\u00ad\u00adst\u00e4ndigkeit gewagt und die R\u00e4ume einer Kfz-Lackier\u00ader\u00adei im Kunzenhof \u00fcbernommen. Gemeinsam mit seiner Frau Petra, die ihre Ausbildung zur Automobilkauffrau bei BMW ge\u00admacht hatte und f\u00fcr die Buchhaltung und das B\u00fcro zu\u00adst\u00e4n\u00addig ist, hat er den Betrieb neu aufgebaut.<br \/>\nVon Beginn an wurde die Werkstatt Martorana in Litten\u00adwei\u00adler gut angenommen und so konnte Enzo Martorana 1999 zwei Monteure in sein Team aufnehmen. Beide sind, wie auch der Chef selbst, be\u00adgei\u00ad\u00adsterte Motorradfahrer und alle Drei verbindet die Liebe zu den hei\u00dfen \u00d6fen, weshalb man in der Kfz-Meisterwerkstatt auch Motorrad- und Rollerservice mit allen War\u00adtungs\u00adar\u00adbei\u00adten wie Inspektion, Reifen, Bremsen etc. anbietet. Aber auch mit Umbauw\u00fcnschen ist man bei Martorana richtig: Ob Bremsleitungen, Felgen oder sonstige Teile \u2013 hier arbeitet man individuell und nach Kundenwunsch.<\/p>\n<div id=\"attachment_13236\" style=\"width: 190px\" class=\"wp-caption alignnone\"><a href=\"https:\/\/www.freiburg-schwarzwald.de\/blog\/kfz-martorana-15-jahre\/martorana2012\/\" rel=\"attachment wp-att-13236\"><img loading=\"lazy\" decoding=\"async\" aria-describedby=\"caption-attachment-13236\" class=\"size-thumbnail wp-image-13236\" title=\"martorana2012\" src=\"https:\/\/www.freiburg-schwarzwald.de\/blog\/wp-content\/uploads\/2012\/10\/martorana2012-180x110.jpg\" alt=\"\" width=\"180\" height=\"110\" srcset=\"https:\/\/www.freiburg-schwarzwald.de\/blog\/wp-content\/uploads\/2012\/10\/martorana2012-180x110.jpg 180w, https:\/\/www.freiburg-schwarzwald.de\/blog\/wp-content\/uploads\/2012\/10\/martorana2012-640x392.jpg 640w, https:\/\/www.freiburg-schwarzwald.de\/blog\/wp-content\/uploads\/2012\/10\/martorana2012.jpg 641w\" sizes=\"auto, (max-width: 180px) 100vw, 180px\" \/><\/a><p id=\"caption-attachment-13236\" class=\"wp-caption-text\">Martorana Kfz 2012<\/p><\/div>\n<p>Von Beginn an waren auch die V\u00e4ter des Ehepaars Mar\u00adto\u00adra\u00adna unverzichtbare Helfer. Petras Vater musste sich aus ge\u00ad\u00adsundheitlichen Gr\u00fcnden leider zwischenzeitlich zur\u00fcck neh\u00admen, aber Enzos Vater ist noch immer die gute Seele des Betriebes und hilft gerne mit Fahrdiensten zum Gro\u00df\u00adhan\u00addel, als \u201eTaxi f\u00fcr alles\u201c wie er sich selbst schmunzelnd bezeichnet. Stolz ist das Team auf seinen stets wachsenden Kun\u00adden\u00adstamm und die zahlreichen treuen Kunden aus Littenweiler und dem Dreisamtal. Zwischenzeitlich d\u00fcrfen sie auch Gro\u00df\u00ad\u00adkunden wie z.B. die Freiburger Stadtbau, den Pflege\u00addienst \u201ePflege aktiv\u201c oder die Fensterbaufirma Held zu ihren Kunden z\u00e4hlen.<br \/>\nEnzo Martorana hat den Schritt in die Selbstst\u00e4ndigkeit bis heute nicht bereut und freut sich, dass sein Betrieb in den 15 Jahren stets wachsen konnte und er auf einen gro\u00dfen und treuen Kundenstamm blicken kann. Gemeinsam mit seinen Kunden m\u00f6chte er daher das 15-j\u00e4hrige Jubil\u00e4um mit einem Tag der offenen T\u00fcr begehen. Da es sich jedoch im Fr\u00fchjahr einfach besser feiern l\u00e4sst, l\u00e4dt der Kfz-Mei\u00adster\u00ad\u00adbetrieb Martorana schon heute herzlich zum Ju\u00adbi\u00adl\u00e4\u00adums\u00adfest im Fr\u00fchling ein. Der genaue Termin steht derzeit leider noch nicht fest, wird aber rechtzeitig bekannt ge\u00adge\u00adben.<\/p>\n<p>Kfz-Service Martorana, Kunzenweg 22, 79117 Freiburg-Littenweiler, Tel 0761\/6 57 70, <a href=\"https:\/\/www.martorana.de\/\">www.martorana.de<\/a>.<br \/>\n\u00d6ffnungszeiten: Mo bis Do, 8.00 bis 13.00 und 14.00 bis 18.00 Uhr, Freitag, 8.00 \u2013 13.00 und 14.00 \u2013 16.30 Uhr.<\/p>\n<p>Gisela Heizler-Ries, 14.10.2012, <a title=\"Littenweiler-Dorfblatt\" href=\"https:\/\/www.freiburg-schwarzwald.de\/blog\/regio\/freiburg\/littenweiler\/littenweiler-dorfblatt\/\">Littenweiler Dorfblatt<\/a><\/p>\n","protected":false},"excerpt":{"rendered":"<p>Im Oktober 2012\u00a0kann der Kfz-Meisterbetrieb Martorana in FR-Litt\u00aden\u00ad\u00ad\u00ad\u00ad\u00adweiler sein 15-j\u00e4hriges Bestehen feiern. Seit 1997 ist das Team um Kfz-Meister Vincenzo Martorana Ansprechpartner bei allen Fragen rund um das Fahrzeug. Probleme werden hier kompetent, zuverl\u00e4ssig und schnell gel\u00f6st \u2013 und das &hellip; <a href=\"https:\/\/www.freiburg-schwarzwald.de\/blog\/kfz-martorana-15-jahre\/\">Weiterlesen <span class=\"meta-nav\">&rarr;<\/span><\/a><\/p>\n","protected":false},"author":4,"featured_media":0,"comment_status":"open","ping_status":"closed","sticky":false,"template":"","format":"standard","meta":{"footnotes":""},"categories":[22,283],"tags":[449,450],"class_list":["post-13178","post","type-post","status-publish","format-standard","hentry","category-handwerk","category-littenweiler","tag-kfz","tag-reparatur"],"_links":{"self":[{"href":"https:\/\/www.freiburg-schwarzwald.de\/blog\/wp-json\/wp\/v2\/posts\/13178","targetHints":{"allow":["GET"]}}],"collection":[{"href":"https:\/\/www.freiburg-schwarzwald.de\/blog\/wp-json\/wp\/v2\/posts"}],"about":[{"href":"https:\/\/www.freiburg-schwarzwald.de\/blog\/wp-json\/wp\/v2\/types\/post"}],"author":[{"embeddable":true,"href":"https:\/\/www.freiburg-schwarzwald.de\/blog\/wp-json\/wp\/v2\/users\/4"}],"replies":[{"embeddable":true,"href":"https:\/\/www.freiburg-schwarzwald.de\/blog\/wp-json\/wp\/v2\/comments?post=13178"}],"version-history":[{"count":0,"href":"https:\/\/www.freiburg-schwarzwald.de\/blog\/wp-json\/wp\/v2\/posts\/13178\/revisions"}],"wp:attachment":[{"href":"https:\/\/www.freiburg-schwarzwald.de\/blog\/wp-json\/wp\/v2\/media?parent=13178"}],"wp:term":[{"taxonomy":"category","embeddable":true,"href":"https:\/\/www.freiburg-schwarzwald.de\/blog\/wp-json\/wp\/v2\/categories?post=13178"},{"taxonomy":"post_tag","embeddable":true,"href":"https:\/\/www.freiburg-schwarzwald.de\/blog\/wp-json\/wp\/v2\/tags?post=13178"}],"curies":[{"name":"wp","href":"https:\/\/api.w.org\/{rel}","templated":true}]}}