{"id":13148,"date":"2012-10-16T17:03:50","date_gmt":"2012-10-16T15:03:50","guid":{"rendered":"https:\/\/www.freiburg-schwarzwald.de\/blog\/?p=13148"},"modified":"2012-10-16T17:07:28","modified_gmt":"2012-10-16T15:07:28","slug":"salzladen-fr-sucht-raum","status":"publish","type":"post","link":"https:\/\/www.freiburg-schwarzwald.de\/blog\/salzladen-fr-sucht-raum\/","title":{"rendered":"Salzladen FR sucht Raum"},"content":{"rendered":"<p>Schon seit 2001 ist der <a title=\"FairerHandel\" href=\"https:\/\/www.freiburg-schwarzwald.de\/blog\/global\/fairerhandel\/\">Salzladen<\/a> als \u00f6kumenische Sozial- und Kulturinitiative in der Kappler Stra\u00dfe 31 in FR-<a title=\"Littenweiler\" href=\"https:\/\/www.freiburg-schwarzwald.de\/blog\/regio\/freiburg\/littenweiler\/\">Littenweiler<\/a> beheimatet. Nun, zum Jahresende, wurde ihm ge\u00adk\u00fcn\u00addigt, da die <a title=\"Diakonie\" href=\"https:\/\/www.freiburg-schwarzwald.de\/blog\/religion\/kirchen\/diakonie\/\">Diakonie<\/a> die R\u00e4ume selbst nutzen m\u00f6chte. Die Suche nach geeig\u00adne\u00adten, und vor allem bezahlbaren R\u00e4umen, verlief bisher lei\u00adder ergebnislos. Vielen Hinweisen ist man zwar intensiv nachgegangen, doch sie waren bisher nicht erfolgreich. Viel Zu\u00adspruch erhielten die <a title=\"Engagement\" href=\"https:\/\/www.freiburg-schwarzwald.de\/blog\/engagement\/\">ehrenamtlich\u00aden<\/a> Mitarbeiterinnen und Mitglieder des gemeinn\u00fctzigen Ver\u00ad\u00adeins, <!--more-->woraus sie er\u00adkenn\u00aden konnten, dass der Salzladen in Littenweiler inzwischen zu einer Einrichtung geworden ist, auf die die zahlreichen Kunden und Besucher nicht mehr ver\u00adzichten m\u00f6ch\u00adten. Auch f\u00fcr die Geldspenden, die ano\u00adnym eingegan\u00adgen sind, m\u00f6chte man sich an dieser Stelle herz\u00ad\u00adlich bedanken. Mehrmals wurden Briefumschl\u00e4ge ein\u00adge\u00ad\u00adworfen u.a. mit dem Vermerk \u201eLieber Salzladen, bitte bleib\u2019 in unserer N\u00e4he\u201c, was die Mitarbeiter zus\u00e4tzlich best\u00e4rkt hat, weiterhin in\u00adtensiv nach R\u00e4umen zu suchen, um die Arbeit des Salzladens fortzuf\u00fchren.<\/p>\n<p>Nun hat sich mit Michael Schoch ein hilfsbereiter, sozial ein\u00adgestellter potenzieller Vermieter gefunden, der in g\u00fcnstiger Lage in der Alemannenstra\u00dfe, in den R\u00e4umen, in denen bis vor kurzem die Brotboutique Faller eine Filiale f\u00fchrte, einen Verkaufsraum zur Verf\u00fcgung stellen w\u00fcrde. Damit w\u00e4re es zumindest m\u00f6glich, den Weltladen weiter zu f\u00fchren und die Kunden weiterhin mit Waren aus Fairem Handel und vom Salzladen direkt gef\u00f6rderten Projekten zu versorgen. Das vielf\u00e4ltige Angebot an Kunsthandwerk und Lebens\u00ad\u00admitteln vor Ort, wird, wie die Mitarbeiter im Salz\u00adladen immer wieder h\u00f6ren, sehr gesch\u00e4tzt. Da in dem angebotenen, recht kleinen Ladengesch\u00e4ft je\u00addoch weder Platz f\u00fcr ein Warenlager noch f\u00fcr ein B\u00fcro ist, ist man dem Vermieter sehr dankbar, dass er dem Salzladen Zeit l\u00e4sst, um doch noch einen gr\u00f6\u00dferen Raum zu finden.<br \/>\nBesonders bedauern w\u00fcrde man auch, wenn das Be\u00adgeg\u00adnungs\u00adprogramm nicht mehr stattfinden k\u00f6nnte. \u201eWir waren immer beeindruckt, wie reich der Freiburger Osten an krea\u00adti\u00ad\u00adven Mitbewohnern ist\u201c, so Ursel Brandl, die gemeinsam mit Anne Olsen f\u00fcr die Organisation und Veranstaltungen im Salzladen zust\u00e4ndig ist. \u201eF\u00fcr viele von ihnen waren es die ersten Ausstellungen oder Auftritte. Sie ebneten den Weg f\u00fcr weiterf\u00fchrende Aktivit\u00e4ten. Und das weitgef\u00e4cherte Vortrags-, Ausstellungs-, Literatur- und Kinderprogramm wurde gerne genutzt\u201c. \u201eBis zum Jahresende haben wir nochmals ein umfassendes Angebot und w\u00fcrden uns \u00fcber zahlreiche Besucher in der Kappler Stra\u00dfe sehr freuen\u201c.<\/p>\n<p>Falls sich keine gr\u00f6\u00dferen, bezahlbaren R\u00e4ume in Litten\u00adwie\u00adler finden, und man das Angebot in der Alemannenstra\u00dfe an\u00ad\u00adnimmt, ben\u00f6tigt der Salzladen auf alle F\u00e4lle einen zu\u00ads\u00e4tz\u00adlich\u00aden Lagerraum und eine M\u00f6glichkeit zur Unterbringung des Marktstandes, idealerweise in der N\u00e4he des Dorfplatzes. Ein Souterrainzimmer f\u00fcr empfindliche Waren, B\u00fcro oder auch Mitarbeitertreffen w\u00e4re optimal. F\u00fcr Hinweise w\u00e4re Ursel Brandl, Tel.: 6 39 67 oder Hariolf Mosthaf, Tel.: 6 55 83, sehr dankbar. \u201eVor etwa 12 Jahren haben wir klein angefangen und sind zu\u00adversichtlich, dass wir mit der f\u00fcr uns sowohl im per\u00ads\u00f6n\u00adlichen, wie auch im finanziellen Bereich erfreulichen Option, die uns Herr Schoch bietet, zumindest f\u00fcr den Ver\u00adkauf hoff\u00adnungsvoll in die Zukunft blicken k\u00f6nnen\u201c, so Ursel Brandl.<\/p>\n<p>\u00d6ffnungszeiten des Salzladens; Kappler Stra\u00dfe 31, 79117 Freiburg-Littenweiler:<br \/>\nDienstag, Donnerstag und Freitag, 10.00 \u2013 12.00 Uhr und 15.00 \u2013 18.30 Uhr, Mittwoch, 10.00 \u2013 12.00 Uhr und Samstag, 10.00 \u2013 13.00 Uhr. An jedem letzten Samstag im Monat ist der Salzladen mit einem Verkaufsstand auf dem Littenweiler Bauernmarkt vertreten.<br \/>\n<a href=\"https:\/\/www.salzladen-freiburg.de\/\">https:\/\/www.salzladen-freiburg.de\/<\/a>\u00a0<\/p>\n<p>Gisela Heizler-Ries, 16.10.2012m, Littenweiler Dorfblatt<\/p>\n","protected":false},"excerpt":{"rendered":"<p>Schon seit 2001 ist der Salzladen als \u00f6kumenische Sozial- und Kulturinitiative in der Kappler Stra\u00dfe 31 in FR-Littenweiler beheimatet. Nun, zum Jahresende, wurde ihm ge\u00adk\u00fcn\u00addigt, da die Diakonie die R\u00e4ume selbst nutzen m\u00f6chte. Die Suche nach geeig\u00adne\u00adten, und vor allem &hellip; <a href=\"https:\/\/www.freiburg-schwarzwald.de\/blog\/salzladen-fr-sucht-raum\/\">Weiterlesen <span class=\"meta-nav\">&rarr;<\/span><\/a><\/p>\n","protected":false},"author":4,"featured_media":0,"comment_status":"open","ping_status":"closed","sticky":false,"template":"","format":"standard","meta":{"footnotes":""},"categories":[53,23,6],"tags":[87,448],"class_list":["post-13148","post","type-post","status-publish","format-standard","hentry","category-fairerhandel","category-handel","category-vereine","tag-lokal-handeln","tag-weltladen"],"_links":{"self":[{"href":"https:\/\/www.freiburg-schwarzwald.de\/blog\/wp-json\/wp\/v2\/posts\/13148","targetHints":{"allow":["GET"]}}],"collection":[{"href":"https:\/\/www.freiburg-schwarzwald.de\/blog\/wp-json\/wp\/v2\/posts"}],"about":[{"href":"https:\/\/www.freiburg-schwarzwald.de\/blog\/wp-json\/wp\/v2\/types\/post"}],"author":[{"embeddable":true,"href":"https:\/\/www.freiburg-schwarzwald.de\/blog\/wp-json\/wp\/v2\/users\/4"}],"replies":[{"embeddable":true,"href":"https:\/\/www.freiburg-schwarzwald.de\/blog\/wp-json\/wp\/v2\/comments?post=13148"}],"version-history":[{"count":0,"href":"https:\/\/www.freiburg-schwarzwald.de\/blog\/wp-json\/wp\/v2\/posts\/13148\/revisions"}],"wp:attachment":[{"href":"https:\/\/www.freiburg-schwarzwald.de\/blog\/wp-json\/wp\/v2\/media?parent=13148"}],"wp:term":[{"taxonomy":"category","embeddable":true,"href":"https:\/\/www.freiburg-schwarzwald.de\/blog\/wp-json\/wp\/v2\/categories?post=13148"},{"taxonomy":"post_tag","embeddable":true,"href":"https:\/\/www.freiburg-schwarzwald.de\/blog\/wp-json\/wp\/v2\/tags?post=13148"}],"curies":[{"name":"wp","href":"https:\/\/api.w.org\/{rel}","templated":true}]}}