{"id":13145,"date":"2012-10-12T16:57:41","date_gmt":"2012-10-12T14:57:41","guid":{"rendered":"https:\/\/www.freiburg-schwarzwald.de\/blog\/?p=13145"},"modified":"2012-10-16T16:58:19","modified_gmt":"2012-10-16T14:58:19","slug":"cella-fr-waldsee-10-jahre","status":"publish","type":"post","link":"https:\/\/www.freiburg-schwarzwald.de\/blog\/cella-fr-waldsee-10-jahre\/","title":{"rendered":"Cella FR-Waldsee 10 Jahre"},"content":{"rendered":"<p>Die \u201eCella\u201c, das alternative Gemeindehaus der Kath. Kirch\u00aden\u00ad\u00adgemeinde Hl. Dreifaltigkeit in <a title=\"Oberwiehre\" href=\"https:\/\/www.freiburg-schwarzwald.de\/blog\/regio\/freiburg\/oberwiehre\/\">FR-Waldsee<\/a>, feiert ihr 10-j\u00e4hriges Bestehen. Die \u201eCella\u201c ist ein Ort der Stille und Besinnung, Aus\u00adgangs\u00adpunkt f\u00fcr eine christliche Spiritualit\u00e4t im Alltag, eine Keim\u00adzelle f\u00fcr die <a title=\"Katholisch\" href=\"https:\/\/www.freiburg-schwarzwald.de\/blog\/religion\/katholisch\/\">Seelsorge<\/a>, Raum f\u00fcr Gespr\u00e4che und zur Be\u00adgeg\u00adnung von Jung und Alt. Hier kann man Leben teilen in Kri\u00adsen- und Notsituationen, sich selbst, anderen und Gott be\u00adgeg\u00adnen. Eine Quelle, die vom <a title=\"Engagement\" href=\"https:\/\/www.freiburg-schwarzwald.de\/blog\/engagement\/\">Engagement<\/a> vieler Menschen lebt. <!--more-->Seit der Einweihung im Sommer 2002 ist die \u201eCella\u201c in der Hans\u00adjakobstra\u00dfe 88a, rechts hinter der Dreifaltigkeitskirche, f\u00fcr viele Menschen eine Heimat geworden. Unz\u00e4hlige Men\u00adsch\u00aden haben die Gastfreundschaft im Halbrund des Foyers dank\u00adbar angenommen. Froh, bei einer Tasse Tee Atem zu holen, Ansprechpartner\/innen zu finden, oder eine Essens\u00admarke f\u00fcr den Essenstreff in der Dreik\u00f6nigstra\u00dfe zu g\u00fcn\u00adsti\u00adgem Preis zu erwerben. Im angeschlossenen Cella-L\u00e4dele, ge\u00f6ffnet Montag bis Frei\u00adtag von 9.00 \u2013 11.00 Uhr und Donnerstag von 15.00 \u2013 18.00 Uhr, findet man fair gehandelte Produkte, u.a. Kaffee, Nu\u00addeln und kleine Geschenke.<br \/>\nDer Meditationsraum im Obergeschoss steht als Raum der Stille, Einzelnen und Gruppen zur Verf\u00fcgung. Spirituelle An\u00adge\u00adbote wie z.B. Meditation, Kontemplation, Meditation des Tanz\u00ades, Yoga, Feldenkrais und Rhythmus-Atem-Bewe\u00adgung la\u00adden ein, auf verschiedenen Wegen nach innen zu gehen. Die Zahl der Meditationsgruppen ist in den ver\u00adgan\u00adge\u00adnen Jahren stetig gewachsen und viele Menschen haben in der Stille ihren Glauben vertiefen k\u00f6nnen. Im G\u00e4stezimmer der \u201eCella\u201c k\u00f6nnen Menschen stille Tage ver\u00adbringen, sich in Lebenskrisen oder Notsituationen neu orien\u00adtieren und auf Wunsch von Franziskanerinnen der Ge\u00admein\u00adde begleitet werden. Zahlreiche Menschen in un\u00adter\u00adschied\u00adlichen Lebenssituationen fanden hier eine Oase und konnten auftanken.<br \/>\nWer gern in Gemeinschaft isst, kann mittwochs um 12.15 Uhr zum Mittagstisch kommen. Jeder ist zu einem meist ve\u00adge\u00adtarischen Essen zum Selbstkostenpreis eingeladen. Die Ge\u00admeinschaft beim Mittagstisch tut vielen, gerade auch allein\u00adstehenden Menschen, sehr gut.<br \/>\nIm Jahr 2008 konnte der \u201eCella\u201c-Freundeskreis gegr\u00fcndet wer\u00adden, um die Aufgaben der \u201eCella\u201c zu unterst\u00fctzen. Hier sind neue Mitglieder, Menschen, die Interesse daran haben, die \u201eCella\u201c in jeder Hinsicht zu unterst\u00fctzen, herzlich will\u00adkomm\u00aden.<\/p>\n<p><strong>Feierlichkeiten zum Jubil\u00e4um<br \/>\n<\/strong>Anl\u00e4sslich des 10-j\u00e4hrigen Bestehens der \u201eCella\u201c m\u00f6chte die Ge\u00admeinde Hl. Dreifaltigkeit alle Interessierten herzlich zu einem gro\u00dfen Jubil\u00e4umsfest einladen. Die Feierlichkeiten beginnen am Samstag, dem 13. Oktober, um 20.00 Uhr mit einem Benefizkonzert in der Kirche Hl. Dreifaltigkeit. Mit\u00adwir\u00adkende sind Kirsten Galm (Orgel) und Christian Glogau (Trompete) mit Werken von J.S. Bach, Ch. M. Widor u.a.. Au\u00dferdem tritt der Gospel-Projektchor der Seelsorgeeinheit unter Leitung von Thomas Froemer auf und die schola cantAnima freiburg und Luis Reichard (Trompete) pr\u00e4\u00adsen\u00adtier\u00aden \u201eJubilate Deo\u201c \u2013 Gregorianik und Improvisation.<br \/>\nAm Sonntag, dem 14. Oktober, beginnt das Jubil\u00e4um um 9.30 Uhr mit einem Festgottesdienst mit dem Kirchenchor in der Kirche Hl. Dreifaltigkeit, gefolgt von einem Festakt im Pfarr\u00adsaal. Dem schlie\u00dft sich um 12.00 Uhr ein Mittagessen an und um 12.30 Uhr beginnt ein fr\u00f6hliches Fest auf der Cella-Wiese mit buntem Programm, Kaffee und Kuchen und offenen Angeboten der \u201eCella\u201c. Zum Abschluss wird um 17.00 Uhr zum Abendlob in die Kapelle eingeladen.<\/p>\n<p>\u201eCella\u201c bei der Schwestern\u00adge\u00admein\u00adschaft, Tel 0761\/76 77 266, <a href=\"https:\/\/www.cella.dreifaltigkeit-freiburg.de\/\">www.cella.dreifaltigkeit-freiburg.de<\/a><\/p>\n<p>Gisela Heizler-Ries, 13.10.2012, Littenweiler Dorfblatt<\/p>\n","protected":false},"excerpt":{"rendered":"<p>Die \u201eCella\u201c, das alternative Gemeindehaus der Kath. Kirch\u00aden\u00ad\u00adgemeinde Hl. Dreifaltigkeit in FR-Waldsee, feiert ihr 10-j\u00e4hriges Bestehen. Die \u201eCella\u201c ist ein Ort der Stille und Besinnung, Aus\u00adgangs\u00adpunkt f\u00fcr eine christliche Spiritualit\u00e4t im Alltag, eine Keim\u00adzelle f\u00fcr die Seelsorge, Raum f\u00fcr Gespr\u00e4che &hellip; <a href=\"https:\/\/www.freiburg-schwarzwald.de\/blog\/cella-fr-waldsee-10-jahre\/\">Weiterlesen <span class=\"meta-nav\">&rarr;<\/span><\/a><\/p>\n","protected":false},"author":4,"featured_media":0,"comment_status":"open","ping_status":"closed","sticky":false,"template":"","format":"standard","meta":{"footnotes":""},"categories":[54,261,63],"tags":[717,383],"class_list":["post-13145","post","type-post","status-publish","format-standard","hentry","category-ehrenamt","category-katholisch","category-krise","tag-ehrenamt","tag-laden"],"_links":{"self":[{"href":"https:\/\/www.freiburg-schwarzwald.de\/blog\/wp-json\/wp\/v2\/posts\/13145","targetHints":{"allow":["GET"]}}],"collection":[{"href":"https:\/\/www.freiburg-schwarzwald.de\/blog\/wp-json\/wp\/v2\/posts"}],"about":[{"href":"https:\/\/www.freiburg-schwarzwald.de\/blog\/wp-json\/wp\/v2\/types\/post"}],"author":[{"embeddable":true,"href":"https:\/\/www.freiburg-schwarzwald.de\/blog\/wp-json\/wp\/v2\/users\/4"}],"replies":[{"embeddable":true,"href":"https:\/\/www.freiburg-schwarzwald.de\/blog\/wp-json\/wp\/v2\/comments?post=13145"}],"version-history":[{"count":0,"href":"https:\/\/www.freiburg-schwarzwald.de\/blog\/wp-json\/wp\/v2\/posts\/13145\/revisions"}],"wp:attachment":[{"href":"https:\/\/www.freiburg-schwarzwald.de\/blog\/wp-json\/wp\/v2\/media?parent=13145"}],"wp:term":[{"taxonomy":"category","embeddable":true,"href":"https:\/\/www.freiburg-schwarzwald.de\/blog\/wp-json\/wp\/v2\/categories?post=13145"},{"taxonomy":"post_tag","embeddable":true,"href":"https:\/\/www.freiburg-schwarzwald.de\/blog\/wp-json\/wp\/v2\/tags?post=13145"}],"curies":[{"name":"wp","href":"https:\/\/api.w.org\/{rel}","templated":true}]}}