{"id":13129,"date":"2012-10-16T15:56:40","date_gmt":"2012-10-16T13:56:40","guid":{"rendered":"https:\/\/www.freiburg-schwarzwald.de\/blog\/?p=13129"},"modified":"2012-10-16T15:56:40","modified_gmt":"2012-10-16T13:56:40","slug":"partnerstaedte-von-freiburg","status":"publish","type":"post","link":"https:\/\/www.freiburg-schwarzwald.de\/blog\/partnerstaedte-von-freiburg\/","title":{"rendered":"Partnerstaedte von Freiburg"},"content":{"rendered":"<p>Eine neu aufgelegte Brosch\u00fcre \u00fcber die neun <a title=\"Twintowns\" href=\"https:\/\/www.freiburg-schwarzwald.de\/blog\/global\/twintowns\/\">Freiburger Partnerst\u00e4dte <\/a>ist ab sofort an der B\u00fcrgerinformation im Rathaus kostenlos erh\u00e4ltlich. Das knapp 70-seitige Heft mit vielen Fotografien informiert \u00fcber die insgesamt neun St\u00e4dtepartnerschaften und weitere Freundschaften, die sich nach dem Zweiten Weltkrieg entwickelt haben. Als historische Konsequenz kam es Ende der 1950er Jahre auf Initiative von Oberb\u00fcrgermeister Josef Brandel zur ersten Partnerschaft mit Besan\u00e7on. Die j\u00fcngste Partnerschaft gr\u00fcndete Freiburg mit der iranischen Stadt<a title=\"Ludus Danielis mit Musikern aus FR \u2013 Padua \u2013 Granada \u2013 Tel Aviv -Isfahan\" href=\"https:\/\/www.freiburg-schwarzwald.de\/blog\/ludus-danielis-mit-musikern-aus-fr-padua-granada-tel-aviv-isfahan\/\"> Isfahan <\/a>im Jahr 2000. Auch \u00fcber die Zusammenarbeit mit den Z\u00e4hringerst\u00e4dten und \u00fcber alle weiteren internationalen Verbindungen der Stadt Freiburg gibt das Heft Auskunft. Das Referat f\u00fcr internationale Kontakte als Herausgeber der Brosch\u00fcre\u00a0will mit der Ver\u00f6ffentlichung auch dazu anregen, selbst in die St\u00e4dte Besan\u00e7on, Innsbruck, Guildford, Madison, Lemberg, Granada, Padua, <a title=\"TelAviv\" href=\"https:\/\/www.freiburg-schwarzwald.de\/blog\/global\/twintowns\/telaviv\/\">Tel Aviv<\/a>, Matsuyama, Isfahan oder Wiwili zu reisen.<\/p>\n<p><!-- RSPEAK_STOP --><\/p>\n","protected":false},"excerpt":{"rendered":"<p>Eine neu aufgelegte Brosch\u00fcre \u00fcber die neun Freiburger Partnerst\u00e4dte ist ab sofort an der B\u00fcrgerinformation im Rathaus kostenlos erh\u00e4ltlich. Das knapp 70-seitige Heft mit vielen Fotografien informiert \u00fcber die insgesamt neun St\u00e4dtepartnerschaften und weitere Freundschaften, die sich nach dem Zweiten &hellip; <a href=\"https:\/\/www.freiburg-schwarzwald.de\/blog\/partnerstaedte-von-freiburg\/\">Weiterlesen <span class=\"meta-nav\">&rarr;<\/span><\/a><\/p>\n","protected":false},"author":4,"featured_media":0,"comment_status":"open","ping_status":"closed","sticky":false,"template":"","format":"standard","meta":{"footnotes":""},"categories":[49],"tags":[166],"class_list":["post-13129","post","type-post","status-publish","format-standard","hentry","category-freiburg","tag-staedtepartnerschaft"],"_links":{"self":[{"href":"https:\/\/www.freiburg-schwarzwald.de\/blog\/wp-json\/wp\/v2\/posts\/13129","targetHints":{"allow":["GET"]}}],"collection":[{"href":"https:\/\/www.freiburg-schwarzwald.de\/blog\/wp-json\/wp\/v2\/posts"}],"about":[{"href":"https:\/\/www.freiburg-schwarzwald.de\/blog\/wp-json\/wp\/v2\/types\/post"}],"author":[{"embeddable":true,"href":"https:\/\/www.freiburg-schwarzwald.de\/blog\/wp-json\/wp\/v2\/users\/4"}],"replies":[{"embeddable":true,"href":"https:\/\/www.freiburg-schwarzwald.de\/blog\/wp-json\/wp\/v2\/comments?post=13129"}],"version-history":[{"count":0,"href":"https:\/\/www.freiburg-schwarzwald.de\/blog\/wp-json\/wp\/v2\/posts\/13129\/revisions"}],"wp:attachment":[{"href":"https:\/\/www.freiburg-schwarzwald.de\/blog\/wp-json\/wp\/v2\/media?parent=13129"}],"wp:term":[{"taxonomy":"category","embeddable":true,"href":"https:\/\/www.freiburg-schwarzwald.de\/blog\/wp-json\/wp\/v2\/categories?post=13129"},{"taxonomy":"post_tag","embeddable":true,"href":"https:\/\/www.freiburg-schwarzwald.de\/blog\/wp-json\/wp\/v2\/tags?post=13129"}],"curies":[{"name":"wp","href":"https:\/\/api.w.org\/{rel}","templated":true}]}}