{"id":13121,"date":"2012-10-16T13:32:14","date_gmt":"2012-10-16T11:32:14","guid":{"rendered":"https:\/\/www.freiburg-schwarzwald.de\/blog\/?p=13121"},"modified":"2012-10-16T13:34:42","modified_gmt":"2012-10-16T11:34:42","slug":"energiegespraech-weisweil","status":"publish","type":"post","link":"https:\/\/www.freiburg-schwarzwald.de\/blog\/energiegespraech-weisweil\/","title":{"rendered":"Energiegespraech Weisweil"},"content":{"rendered":"<p>Gemeinsam mit dem F\u00f6rderverein <a title=\"Green-Economy\" href=\"https:\/\/www.freiburg-schwarzwald.de\/blog\/global\/green-economy\/\">Zukunftsenergien<\/a> SolarRegio Kaiserstuhl laden die Badisch-Els\u00e4ssischen B\u00fcrgerinitiativen zu einem Weisweiler Energiegespr\u00e4ch ein: &#8222;Energiewende &#8211; Energiespeicherung&#8220;, \u00a0<br \/>\nFreitag,\u00a009.11.2012, 18.00 Uhr, Ev. Gemeindehaus, Hinterdorfstra\u00dfe 2, 79367 Weisweil\/Rhein<br \/>\nImpulsvortrag von Franz Untersteller, Minister f\u00fcr Umwelt, Klima und <a title=\"Energie\" href=\"https:\/\/www.freiburg-schwarzwald.de\/blog\/energie\/\">Energiewirtschaft<\/a> Baden-W\u00fcrttemberg<br \/>\nPodiumsrunde mit: , Dr. Hans-Martin Henning, Fraunhofer Institut f\u00fcr Solare Energiesysteme, Oskar Kreuz, Wasserkraft Kreuz Emmendingen, Andreas Markowsky, \u00d6kostromgruppe Freiburg, Dr. Josef Pesch,<a title=\"Energiepolitik\" href=\"https:\/\/www.freiburg-schwarzwald.de\/blog\/energie\/energiepolitik\/\"> fesa<\/a>-GmbH Freiburg, Moderation: Dieter Ehret, Vorsitzender der SolarRegio<br \/>\n<a href=\"mailto:post@solarregio.de\">post@solarregio.de<\/a><\/p>\n","protected":false},"excerpt":{"rendered":"<p>Gemeinsam mit dem F\u00f6rderverein Zukunftsenergien SolarRegio Kaiserstuhl laden die Badisch-Els\u00e4ssischen B\u00fcrgerinitiativen zu einem Weisweiler Energiegespr\u00e4ch ein: &#8222;Energiewende &#8211; Energiespeicherung&#8220;, \u00a0 Freitag,\u00a009.11.2012, 18.00 Uhr, Ev. Gemeindehaus, Hinterdorfstra\u00dfe 2, 79367 Weisweil\/Rhein Impulsvortrag von Franz Untersteller, Minister f\u00fcr Umwelt, Klima und Energiewirtschaft Baden-W\u00fcrttemberg &hellip; <a href=\"https:\/\/www.freiburg-schwarzwald.de\/blog\/energiegespraech-weisweil\/\">Weiterlesen <span class=\"meta-nav\">&rarr;<\/span><\/a><\/p>\n","protected":false},"author":4,"featured_media":0,"comment_status":"open","ping_status":"closed","sticky":false,"template":"","format":"standard","meta":{"footnotes":""},"categories":[5,68],"tags":[151,443],"class_list":["post-13121","post","type-post","status-publish","format-standard","hentry","category-energie","category-umwelt","tag-erneuerbare-energien","tag-termin"],"_links":{"self":[{"href":"https:\/\/www.freiburg-schwarzwald.de\/blog\/wp-json\/wp\/v2\/posts\/13121","targetHints":{"allow":["GET"]}}],"collection":[{"href":"https:\/\/www.freiburg-schwarzwald.de\/blog\/wp-json\/wp\/v2\/posts"}],"about":[{"href":"https:\/\/www.freiburg-schwarzwald.de\/blog\/wp-json\/wp\/v2\/types\/post"}],"author":[{"embeddable":true,"href":"https:\/\/www.freiburg-schwarzwald.de\/blog\/wp-json\/wp\/v2\/users\/4"}],"replies":[{"embeddable":true,"href":"https:\/\/www.freiburg-schwarzwald.de\/blog\/wp-json\/wp\/v2\/comments?post=13121"}],"version-history":[{"count":0,"href":"https:\/\/www.freiburg-schwarzwald.de\/blog\/wp-json\/wp\/v2\/posts\/13121\/revisions"}],"wp:attachment":[{"href":"https:\/\/www.freiburg-schwarzwald.de\/blog\/wp-json\/wp\/v2\/media?parent=13121"}],"wp:term":[{"taxonomy":"category","embeddable":true,"href":"https:\/\/www.freiburg-schwarzwald.de\/blog\/wp-json\/wp\/v2\/categories?post=13121"},{"taxonomy":"post_tag","embeddable":true,"href":"https:\/\/www.freiburg-schwarzwald.de\/blog\/wp-json\/wp\/v2\/tags?post=13121"}],"curies":[{"name":"wp","href":"https:\/\/api.w.org\/{rel}","templated":true}]}}