{"id":13117,"date":"2012-10-16T10:32:55","date_gmt":"2012-10-16T08:32:55","guid":{"rendered":"https:\/\/www.freiburg-schwarzwald.de\/blog\/?p=13117"},"modified":"2012-10-16T10:34:06","modified_gmt":"2012-10-16T08:34:06","slug":"kartaus-sitzung-am-17-okt","status":"publish","type":"post","link":"https:\/\/www.freiburg-schwarzwald.de\/blog\/kartaus-sitzung-am-17-okt\/","title":{"rendered":"Kartaus &#8211; Sitzung am 17.Okt"},"content":{"rendered":"<p>Inzwischen ist die Offenlage zum B-Plan der <a title=\"Kartaus\" href=\"https:\/\/www.freiburg-schwarzwald.de\/blog\/natur\/garten\/kartaus\/\">Kartaus<\/a> beendet &#8211; und es gab offenbar zahlreiche Anregungen. Auch\u00a0 dar\u00fcber wird im gemeinder\u00e4tlichen Bauausschuss am 17.10. berichtet. Zudem wird es als Folge der j\u00fcngsten Funde bei <a title=\"Kartaus-Ausgrabungen\" href=\"https:\/\/www.freiburg-schwarzwald.de\/blog\/kartaus-ausgrabungen\/\">Ausgrabungen auf dem Klostergel\u00e4nde<\/a>\u00a0auch \u00c4nderungen an der Planung des Gemeinschaftsbereichs geben. Zur \u00fcberarbeiteten Planung der\u00a0Osthang-Wohnbebauung wird eine\u00a0neue &#8222;Visualisierung&#8220; gezeigt. Die Sitzung soll\u00a0die auch vom B\u00fcrgerverein Oberwiehre-Waldsee\u00a0geforderte \u00f6ffentliche Informationsveranstaltung ersetzen.<br \/>\n\u00d6ffentliche Sitzung am Mittwoch, 17.10.2012,\u00a016:15h,\u00a0Gro\u00dfer Sitzungssaaal im 2. OG,<br \/>\nTechnischen Rathauses (Neubau), Fehrenbachallee.<\/p>\n","protected":false},"excerpt":{"rendered":"<p>Inzwischen ist die Offenlage zum B-Plan der Kartaus beendet &#8211; und es gab offenbar zahlreiche Anregungen. Auch\u00a0 dar\u00fcber wird im gemeinder\u00e4tlichen Bauausschuss am 17.10. berichtet. Zudem wird es als Folge der j\u00fcngsten Funde bei Ausgrabungen auf dem Klostergel\u00e4nde\u00a0auch \u00c4nderungen an &hellip; <a href=\"https:\/\/www.freiburg-schwarzwald.de\/blog\/kartaus-sitzung-am-17-okt\/\">Weiterlesen <span class=\"meta-nav\">&rarr;<\/span><\/a><\/p>\n","protected":false},"author":4,"featured_media":0,"comment_status":"open","ping_status":"closed","sticky":false,"template":"","format":"standard","meta":{"footnotes":""},"categories":[49,95],"tags":[287],"class_list":["post-13117","post","type-post","status-publish","format-standard","hentry","category-freiburg","category-schulen","tag-neubau"],"_links":{"self":[{"href":"https:\/\/www.freiburg-schwarzwald.de\/blog\/wp-json\/wp\/v2\/posts\/13117","targetHints":{"allow":["GET"]}}],"collection":[{"href":"https:\/\/www.freiburg-schwarzwald.de\/blog\/wp-json\/wp\/v2\/posts"}],"about":[{"href":"https:\/\/www.freiburg-schwarzwald.de\/blog\/wp-json\/wp\/v2\/types\/post"}],"author":[{"embeddable":true,"href":"https:\/\/www.freiburg-schwarzwald.de\/blog\/wp-json\/wp\/v2\/users\/4"}],"replies":[{"embeddable":true,"href":"https:\/\/www.freiburg-schwarzwald.de\/blog\/wp-json\/wp\/v2\/comments?post=13117"}],"version-history":[{"count":0,"href":"https:\/\/www.freiburg-schwarzwald.de\/blog\/wp-json\/wp\/v2\/posts\/13117\/revisions"}],"wp:attachment":[{"href":"https:\/\/www.freiburg-schwarzwald.de\/blog\/wp-json\/wp\/v2\/media?parent=13117"}],"wp:term":[{"taxonomy":"category","embeddable":true,"href":"https:\/\/www.freiburg-schwarzwald.de\/blog\/wp-json\/wp\/v2\/categories?post=13117"},{"taxonomy":"post_tag","embeddable":true,"href":"https:\/\/www.freiburg-schwarzwald.de\/blog\/wp-json\/wp\/v2\/tags?post=13117"}],"curies":[{"name":"wp","href":"https:\/\/api.w.org\/{rel}","templated":true}]}}