{"id":131074,"date":"2025-02-21T10:50:21","date_gmt":"2025-02-21T09:50:21","guid":{"rendered":"https:\/\/www.freiburg-schwarzwald.de\/blog\/?p=131074"},"modified":"2025-02-21T11:18:21","modified_gmt":"2025-02-21T10:18:21","slug":"aufruestung-nach-ua-kriegsende","status":"publish","type":"post","link":"https:\/\/www.freiburg-schwarzwald.de\/blog\/aufruestung-nach-ua-kriegsende\/","title":{"rendered":"Aufr\u00fcstung nach UA-Kriegsende?"},"content":{"rendered":"<p>Die <a href=\"https:\/\/www.freiburg-schwarzwald.de\/blog\/global\/usa\/usa-trump\/\">USA<\/a> und <a href=\"https:\/\/www.freiburg-schwarzwald.de\/blog\/global\/ukraine\/ukraine-russland\/\">Russland<\/a> sind dabei, in einem bilateralen Deal den <a href=\"https:\/\/www.freiburg-schwarzwald.de\/blog\/global\/ukraine\/ukrainekrieg\/\">Ukrainekrieg<\/a> zu <a href=\"https:\/\/www.freiburg-schwarzwald.de\/blog\/global\/ukraine\/waffenstillstand\/\">beenden<\/a>. Das seit <a href=\"https:\/\/www.freiburg-schwarzwald.de\/blog\/global\/ukraine\/vorgeschichte\/\">11 Jahren<\/a> w\u00e4hrende Blutvergie\u00dfen im <a href=\"https:\/\/www.freiburg-schwarzwald.de\/blog\/global\/ukraine\/donbass\/\">Donbass<\/a> nur 1300 km \u00f6stlich von Berlin wird endlich aufh\u00f6ren. Gut so! Abzulehnen ist, wenn Deutschland auf den Beginn von <a href=\"https:\/\/www.freiburg-schwarzwald.de\/blog\/global\/ukraine\/ukraine-frieden\/\">Frieden<\/a> in der Ukraine mit einer <a href=\"https:\/\/www.freiburg-schwarzwald.de\/blog\/engagement\/zukunft\/krieg\/militarismus\/\">milit\u00e4rischen<\/a> Aufr\u00fcstungspolitik der Bundeswehr<!--more--> antworten w\u00fcrde. Nein, auf unsere <a href=\"https:\/\/www.freiburg-schwarzwald.de\/blog\/engagement\/zukunft\/krieg\/bellizismus\/\">Kriegsrhetorik<\/a> mu\u00df <a href=\"https:\/\/www.freiburg-schwarzwald.de\/blog\/kriegs-versus-friedensrhetorik\/\">Friedensrhetorik<\/a> folgen &#8211; in Politik wie Medien.<\/p>\n<p>Donald Trump appelliert an die gemeinsamen Werte der Demokratie, da\u00df &#8222;Freedom of Speech&#8220; in Deutschland wiederherzustellen sei und sagt klipp und klar, da\u00df es alleinige Aufgabe von D ist, sich gegen Russland zu verteidigen (1). <a href=\"https:\/\/www.freiburg-schwarzwald.de\/blog\/muenchen-anschlag-vance-msc\/\">JD Vance<\/a> erg\u00e4nzt: Weder die USA noch Europa k\u00f6nnten den Wiederaufbau der Ukraine vorantreiben, solange sie \u201eMillionen illegaler Einwanderer ins Land lassen Das muss gestoppt werden.\u201c So weit so gut. Der Forderung der US-Administration, die Milit\u00e4rausgaben der Bundeswehr von derzeit 1,5% des BIP auf bis zu 5 % zu erh\u00f6hen, mu\u00df hingegen energisch zur\u00fcckgewiesen werden (2).<br \/>\nHinter dieser Forderung stehen US-amerikanische wie auch deutsche Interessen der <a href=\"https:\/\/www.freiburg-schwarzwald.de\/blog\/engagement\/zukunft\/krieg\/militarismus\/\">R\u00fcstungsindustrie<\/a>, nicht aber die Verteidigungsbereitschaft von Deutschland bzw. eine gesamteurop\u00e4ische Sicherheitsordnung. Der milit\u00e4rische Kr\u00e4ftevergleich zwischen der <a href=\"https:\/\/www.freiburg-schwarzwald.de\/blog\/global\/eu\/europa\/nato\/\">NATO<\/a> ohne USA und Russland zeigt, da\u00df der NATO-Bereich nach wie vor \u00fcberlegen ist &#8211; sowohl bei Soldaten wie konventionellen und <a href=\"https:\/\/www.freiburg-schwarzwald.de\/blog\/engagement\/zukunft\/krieg\/atomkrieg\/\">atomaren<\/a> <a href=\"https:\/\/www.freiburg-schwarzwald.de\/blog\/global\/waffen\/\">Waffen<\/a> (siehe (2) unten).<br \/>\n.<br \/>\nDas Ende des Kriegs in der Ukraine bietet die gro\u00dfe Chance, sich auf die so erfolgreiche <a href=\"https:\/\/www.freiburg-schwarzwald.de\/blog\/engagement\/zukunft\/demokratie\/entspannungspolitik\/\">Entspannungspolitik<\/a> von Willy Brandt zu erinnern &#8222;Wir wollen ein Volk der guten Nachbarn sein&#8220; und daran ankn\u00fcpfend das Ziel der Schaffung einer gesamteurop\u00e4ischen Sicherheits -und Friedensordnung anzuvisieren. Welch gro\u00dfe Aufgabe f\u00fcr die Diplomatie zwischen Lissabon und Moskau.<br \/>\n.<br \/>\n&#8222;Growth, not decline&#8220;, also Wachstum statt Niedergang&#8220; lautet die Antwort der <a href=\"https:\/\/www.freiburg-schwarzwald.de\/blog\/global\/globalisierung\/arc\/\">&#8222;Alliance for Responsible Citizenship&#8220; (ARC)<\/a>, die in London mit \u00fcber 4000 Teilnehmern (3) zum zweiten Mal nach 2023 tagte. Den links-woken Narrativen, die Europa l\u00e4hmen und seiner Innovationskraft berauben, ist ein neuer Optimismus entgegenzusetzen. Der Kabarettist Konstantin Krisin nannte dazu zwei Beispiele:<br \/>\na) Die queere Ideologen prangern die westliche Intoleranz an, w\u00e4hrend Minderheiten in keinem anderen Kulturkreis so viel Sicherheit und Freiheit genie\u00dfen wie in Europa.<br \/>\nb) Linke Globalisten stellen den Menschen als Parasiten dar, vor dem das Klima bzw. der Planet gesch\u00fctzt werden mu\u00df. Damit begr\u00fcnden sie ihre Zwangsma\u00dfnahmen wie <a href=\"https:\/\/www.freiburg-schwarzwald.de\/blog\/engagement\/verbraucher\/steuern\/co2-steuer\/\">CO2-<\/a>Klimaschutzminderung, <a href=\"https:\/\/www.freiburg-schwarzwald.de\/blog\/business\/industrie\/deindustrialisierung\/\">Deindustrialisierung<\/a>, Abtreibung und Familienfeindlichkeit.<\/p>\n<p>Das ARC-Netzwerk bem\u00fcht sich um das Gegenprogramm zum linken Postnationalismus und der gro\u00dfe Transformation. <a href=\"https:\/\/www.freiburg-schwarzwald.de\/blog\/global\/globalisierung\/arc\/\">Douglas Murray<\/a> geht gegen das Dogma der <a href=\"https:\/\/www.freiburg-schwarzwald.de\/blog\/kultur\/kulturverlust\/woke-lost\/\">woken<\/a>, postkolonialen Ideologie an, nach dem &#8222;wir im Westen selbst keine eigene Farbe haben, sondern dass Farben das sind, was uns andere bringen.\u201c Diese fragw\u00fcrdige Unterstellung mu\u00df bek\u00e4mpft werden. Worin liegt die kulturelle Besonderheit des Westens? Nur wenn diese klar beantwortet wird, kann der Westen als Kulturraum <a href=\"https:\/\/www.freiburg-schwarzwald.de\/blog\/global\/eu\/europa\/europa-untergang\/\">\u00fcberleben<\/a>. Die Farben, die sind wir im <a href=\"https:\/\/www.freiburg-schwarzwald.de\/blog\/global\/eu\/europa-nationen\/\">Europa der Nationen<\/a>. In seinem Beitrag &#8222;ARC pl\u00f6tzlich Massenbewegung: Die globalen Libert\u00e4r-Konservativen sammeln sich&#8220; geht <a href=\"https:\/\/www.freiburg-schwarzwald.de\/blog\/global\/globalisierung\/arc\/\">Alexander Wendt<\/a> auf dieses zentrale Problem ein.<br \/>\n21.2.2025<br \/>\n.<br \/>\nEnde von Beitrag &#8222;Aufr\u00fcstung nach UA-Kriegsende?&#8220;<br \/>\n=============================================================<br \/>\nBeginn von Anlagen (1) &#8211; (3)<br \/>\n.<\/p>\n<p><strong>(1) Trump r\u00fcttelt Berlin wach \u2013 deutsche Politiker sollen erwachsen werden<\/strong><br \/>\nUS-Pr\u00e4sident Donald Trump hat den Stecker gezogen: Er gibt die Ukraine zur Aufteilung frei. Europa soll sich selbst gegen Russland verteidigen. Vorher schneidet er sich noch ein St\u00fcck Ukraine heraus, um so deren Schulden einzutreiben. Wohin jetzt, Berlin und Br\u00fcssel?<br \/>\nMan muss die kurze Erkl\u00e4rung von Donald Trump in aller Brutalit\u00e4t auf sich wirken lassen, mit der er die Nachkriegsordnung in Tr\u00fcmmer gelegt hat. Hier noch einmal der Text, den er auf \u201eTruth Social\u201c ver\u00f6ffentlicht hat, ein Social-Media-Kanal, der ihm praktischerweise selbst geh\u00f6rt.<br \/>\n\u201eEin bescheiden erfolgreicher Komiker, Wolodymyr Selenskyy, hat die Vereinigten Staaten von Amerika dazu gebracht, 350 Milliarden Dollar f\u00fcr einen Krieg auszugeben, der nicht zu gewinnen war, der nie h\u00e4tte beginnen m\u00fcssen, aber einen Krieg, den er ohne die USA und \u201aTRUMP\u2019 niemals beenden k\u00f6nnen wird. &#8230;. &#8220; (kompletter Trump-Text siehe <a href=\"https:\/\/www.freiburg-schwarzwald.de\/blog\/global\/ukraine\/stellvertreterkrieg\/\">hier<\/a> ).<br \/>\n&#8230;<br \/>\nDa muss man schon tief durchatmen. Jedes Wort ist ein Hammerschlag, der die bisherige Ukraine-Politik in Tr\u00fcmmer legt \u2013 und weil er der Ukraine zumindest eine Mitschuld am Krieg gibt, auch die dahinterstehende Moral. Die zentrale Botschaft aber ist: Weil die Ukraine f\u00fcr die USA allenfalls eine Art Rohstoff-K\u00fchlschrank ist, an dem man sich nach Belieben bedient, ansonsten aber weit genug weg ist, kann sich Europa doch selbst darum k\u00fcmmern, wie es sich gegen Russland sch\u00fctzt.<br \/>\n&#8230; Alles vom 20.2.2025 von Roland Tichy bitte lesen auf<br \/>\n<a href=\"https:\/\/www.tichyseinblick.de\/tichys-einblick\/trump-ruettelt-berlin-wach-deutsche-politiker-sollen-erwachsen-werden\/\">https:\/\/www.tichyseinblick.de\/tichys-einblick\/trump-ruettelt-berlin-wach-deutsche-politiker-sollen-erwachsen-werden\/<\/a><br \/>\n.<br \/>\n.<\/p>\n<p><strong>(2) Ein Ende des Gemetzels in der Ukraine ist in Sicht &#8211; doch wie geht es mit der NATO weiter?<\/strong><br \/>\nWelch ein Auftakt zur Sicherheitskonferenz im unsicheren M\u00fcnchen war das! Da erdreistete sich doch dieser neue Vizepr\u00e4sident der USA, uns ins politische Gewissen zu reden \u2013 und das im Wahlkampf! So titelten jedenfalls sinngem\u00e4\u00df die meisten Medien. Doch wer im Kleingedruckten weiterlas, stellte fest, dass es zuerst Bundespr\u00e4sident Frank-Walte Steinmeier gewesen war, der in seiner Er\u00f6ffnungsrede dem transatlantischen Gast eine Breitseite verpasst hatte \u2013 worauf sich J.D. Vance dann mit seiner spektakul\u00e4ren Rede in Sachen Demokratieverst\u00e4ndnis revanchierte. Au\u00dferdem sollte nicht vergessen werden, dass im US-Wahlkampf praktisch kein Tag verging, in dem nicht von Deutschland aus dem amerikanischen Wahlvolk empfohlen wurde, auf keinen Fall Trump zu w\u00e4hlen, sondern die Kandidatin Harris zu unterst\u00fctzen. Aber wenn zwei das Gleiche tun, ist es aus Sicht der europ\u00e4ischen Politiker und der Mehrheit der Journalisten eben nicht das Gleiche.<br \/>\nErst am zweiten Konferenztag in M\u00fcnchen ging es dann um das eigentliche Kernthema Krieg und Frieden in der Ukraine und die Sicherheit in Europa, auf das hier n\u00e4her eingegangen wird. Wer hat eigentlich das Sagen in der NATO? Bisher durfte man annehmen, die USA bestimmen alleine, wo es langzugehen hat. So war es offensichtlich auch, was die Orientierung der Milit\u00e4rquote am jeweiligen Bruttoinlandsprodukt (BIP) der L\u00e4nder anbelangt. Gab es jemals eine Abstimmung in der NATO, wonach 2 Prozent des jeweiligen BIP der Mitgliedsl\u00e4nder gelten solle? Dies wird mit Nichtwissen bestritten. Wir wurden ger\u00fcgt, weil Deutschland als bev\u00f6lkerungsst\u00e4rkstes Land in Europa \u201enur\u201c 1,3 Prozent des f\u00fcr R\u00fcstung ausgab. Fakt ist: W\u00e4ren die R\u00fcstungsmilliarden nicht \u00fcberwiegend in der Beschaffungsb\u00fcrokratie der Bundeswehr verbraten worden oder f\u00fcr dubiose Auftr\u00e4gen, die durch von Kanzlerin Merkel ernannte\u00a0 \u201eVerteidigungsministerinnen\u201c (eine Tradition, die Kanzler Scholz f\u00fcr die SPD \u00fcbernahm) f\u00fcr alles M\u00f6gliche erteilten \u2013 darunter auch Prestigeobjekte wie die Gorch Fock et cetera \u2013, dann h\u00e4tten wir weit mehr Material in den Arsenalen. Und mehr Soldaten sowieso, w\u00e4re die Wehrpflicht nicht vor 15 Jahren durch den CDU-\u00dcberflieger zu Guttenberg abgeschafft worden.<\/p>\n<p>Warum aber versuchte Deutschland dann nicht mit gemeinsam anderen NATO-Mitglieder, einen Satz von beispielsweise 1,5 Prozent zu beschlie\u00dfen? Inzwischen sind es \u2013 mit \u201cSonderverm\u00f6gen\u201d (zweckgebundene Staatsschulden) finanzierte \u2013 2,12 Prozent. Doch pl\u00f6tzlich soll die Zielmarge bei 3,6 Prozent liegen. Wieder ohne Abstimmung? Wobei dies dem Gro\u00dfmaul Trump auch wieder nicht gen\u00fcgt \u2013 denn der fordert nun sogar 5 Prozent. Obwohl er selbst keine 3,6 Prozent beibringt. Wer bietet mehr? Der AfD, zumindest ihrer Kanzlerkandidatin Alice Weidel, sagt man nach, sie wolle eine deutliche Aufstockung der Verteidigungsausgaben in dieser Gr\u00f6\u00dfenordnung \u2013 und das, obwohl die AfD neben dem BSW und der Linken f\u00fcr eine Beendigung des Krieges und eine Friedensl\u00f6sung mit Russland eintritt. Hat sich CDU-Kanzlerkandidat Friedrich Merz diesen Februar schon dazu ge\u00e4u\u00dfert? Wie viele Taurus-Marschflugk\u00f6rper will er f\u00fcr die demn\u00e4chst dann zig Milliarden mehr an R\u00fcstungsbudget denn bauen lassen und der Ukraine schenken? W\u00fcrden sie auf Russland abgefeuert, k\u00f6nnte dieses mit Angriffen der neuen (nuklearwaffenf\u00e4higen) Hyperschallrakete Sarmat RS-28 auf deutsche R\u00fcstungsstandorte antworten. Zwei Weltkriege haben wir bereits verloren. Wollen wir ernsthaft einen weiteren gro\u00dfen Krieg provozieren?<\/p>\n<p>Recht hat Trump mit seiner Aussage, dass Europa auf eigenen F\u00fc\u00dfen stehen muss. Aber das tun wir bereits \u2013 und wir k\u00f6nnen sogar laufen. Was w\u00fcrde passieren, wenn Trump sein \u201eAmerica first\u201c auch milit\u00e4risch umsetzten w\u00fcrde und Europa sich allein behaupten m\u00fcsste? Verteidigen gegen wen \u2013 gegen Russland? Als h\u00e4tten wir nicht gen\u00fcgend neue Feinde im Innern! W\u00e4ren wir dieser Aufgabe denn gewachsen? Ja, definitiv \u2013 denn Putin wird auch nach drei Jahren Krieg nicht einmal mit der Ukraine fertig. Diese Krieg dauert schon jetzt mehr als halb so lange wie der Zweite Weltkriegs. Mit geringf\u00fcgigen Unterschieden: In nur einem Jahr legte die Wehrmacht gut 1.200 Kilometer bis kurz vor Moskau und 1.800 Kilometer bis zur Wolga zur\u00fcck und eroberte nicht nur die komplette Ukraine, sondern Wei\u00dfrussland, das Baltikum und einen Gro\u00dfteil des europ\u00e4ischen Territoriums Russlands gleich mit. Putin gelang es nicht einmal, einen schmalen Streifen von wenigen Dutzend Kilometern Tiefe in der Ostukraine sowie die von ihm annektierten unabh\u00e4ngigen Volksrepubliken Donezk und Luhansk vor der eigenen Haust\u00fcre zu halten. Und dieses Russland soll Europa gef\u00e4hrlich sein und allen Ernstes vorhaben, die osteurop\u00e4ischen NATO-L\u00e4nder zu attackieren? Wer so etwas behauptet, hat nur nichts verstanden \u00fcber die spezifischen Hintergr\u00fcnde des Ukraine-Krieges, der muss auch Lack gesoffen haben.<\/p>\n<p><em><strong>Aufschlussreicher Kr\u00e4ftevergleich zwischen der NATO ohne USA und Russland<\/strong><\/em><br \/>\nIch verstehe gewiss nicht so viel von Waffensystemen wie etwa der gr\u00fcne Anton \u201cPanzer-Toni\u201d Hofreiter oder die R\u00fcstungslobbyistin Marie-Agnes Strack-Zimmermann. Aber ich bin ein Analytiker, ein Zahlenmensch \u2013 und Zahlen l\u00fcgen nicht. Jedenfalls seltener als Politiker! Die Auswertung fei zug\u00e4nglichen Materials zeigt folgende Ergebnisse: Die USA tragen immerhin 67 Prozent der Milit\u00e4rausgaben der NATO <a href=\"https:\/\/de.statista.com\/infografik\/32028\/anteil-der-laender-am-kumulierten-bip-und-den-verteidigungsausgaben-aller-nato-mitgliedsstaaten\/\">https:\/\/de.statista.com\/infografik\/32028\/anteil-der-laender-am-kumulierten-bip-und-den-verteidigungsausgaben-aller-nato-mitgliedsstaaten\/<\/a>, 33 Prozent entfallen auf die anderen Mitgliedsl\u00e4nder. Wie aber f\u00e4llt der Vergleich mit Russland aus? Mit den USA ist die NATO Russland vielfach \u00fcberlegen, wie diese Zahlen zeigen.<br \/>\n<a href=\"https:\/\/de.statista.com\/statistik\/daten\/studie\/379080\/umfrage\/vergleich-des-militaers-der-nato-und-russlands\/\">https:\/\/de.statista.com\/statistik\/daten\/studie\/379080\/umfrage\/vergleich-des-militaers-der-nato-und-russlands\/<\/a><br \/>\nAber wie s\u00e4he es aus, wenn Europa auf sich alleine gestellt w\u00e4re? F\u00fcr einen N\u00e4herungswert, wenn man keinen Zugang zu den tats\u00e4chlichen Zahlen hat, sind die Gesamt-NATO-Zahlen um den US-Anteil von 67 Prozent zu reduzieren. Somit ergibt sich folgender Vergleich zwischen Europa (jeweils erstgenannte Zahl) und Russland (jeweils zweitgenannte Zahl):<\/p>\n<p>Milit\u00e4risches Personal: 0,8 zu 1 = Europa ist unterlegen (wobei sich die Frage stellt, ob die russischen Soldaten aus dem Jahr 2023 alle noch leben; abgesehen davon: mit seinen 1.320.000 Soldaten muss Russland unglaubliche 62.000 Kilometer Grenzen sichern)<br \/>\nLuftwaffe insgesamt: 1,5 zu 1 = Europa ist deutlich \u00fcberlegen<br \/>\ndavon Tankflugzeuge: 11,4 zu 1 = Europa ist haushoch \u00fcberlegen (f\u00fcr Verteidigung braucht man gar keine solchen Tankflugzeuge)<br \/>\ndavon Hubschrauber: 1,8 zu 1 = Europa ist stark \u00fcberlegen<br \/>\nRaketen: fehlen in den Statistiken seltsamerweise<br \/>\n.<br \/>\nBei den Landstreitkr\u00e4ften ergibt sich heterogenes Bild:<br \/>\nKampfpanzer: 0,66 zu 1 = Europa ist unterlegen (wobei schon billige Panzerf\u00e4uste die teils antiquierten russischen Panzer au\u00dfer Gefecht setzen)<br \/>\nPanzerfahrzeuge: 2,4 zu 1 = Europa ist stark \u00fcberlegen (wobei die russischen Modelle eher \u201cfahrende S\u00e4rge\u201d sind)<br \/>\nArtillerie: ca. 0,25 zu 1 = Europa ist deutlich unterlegen (welcher Art und in welchen Bereiche, geht aus den Daten nicht hervor)<br \/>\n.<br \/>\nBei den Seestreitkr\u00e4ften sieht die Lage wie folgt aus:<br \/>\nFlugzeugtr\u00e4ger: 11 zu 1, Europa ist massiv \u00fcberlegen (f\u00fcr Russland z\u00e4hlt Destasis nur einen Tr\u00e4ger, siehe oben; hingegen sind es auf NATO-Seite noch viel mehr, n\u00e4mlich 32 einschlie\u00dflich der Tr\u00e4gerflotte der USA und anderer nichteurop\u00e4ischer NATO-Staaten) Doch Europa dominiert hier auch ohne die USA Russland haushoch; abgesehen davon, dass Tr\u00e4ger eigentlich nur Invasoren ben\u00f6tigen)<br \/>\nZerst\u00f6rer: 3,3 zu 1 = Europa ist stark \u00fcberlegen (allerdings wird dieses Schiffstyp laut Eigenbezeichnung nicht f\u00fcr Verteidigung gebraucht, sondern zur Zerst\u00f6rung)<br \/>\nFregatten: 3,5 zu 1 = Europa ist stark \u00fcberlegen (vielseitige Kriegsschiffe, selten f\u00fcr Verteidigung genutzt)<br \/>\nU-Boote: 0,8 zu 1 = Europa ist leicht unterlegen (U-Boote werden allerdings vor allem im Nordatlantik und Eismeer gebraucht, in Europa kaum)<br \/>\nPatrouillenboote: 1,3 zu 1 = Europa ist leicht \u00fcberlegen (dieser Schifftyp ist zur Beobachtung und Verteidigung durchaus n\u00f6tig).<\/p>\n<p>Bleiben noch die Nuklearwaffen: Hier herrscht ein nachgerade furchterregendes Gleichgewicht des Schreckens mit jeweils \u00fcber 5.000 Sprengk\u00f6pfen auf US- und russischer Seite. Als einzige Europ\u00e4er verf\u00fcgen Briten und Franzosen \u00fcber strategische Atomwaffen, wobei die Overkill-Kapazit\u00e4ten auch bei weit geringerem Mengenverh\u00e4ltnis fatal sind. Verteidigen l\u00e4sst sich damit sowieso kein Land \u2013 sondern nur opfern.<br \/>\n.<br \/>\nDas gr\u00f6\u00dfere Problem f\u00fcr uns innerhalb der NATO sind aber nicht die USA unter Trump \u2013 sondern die Frage: Wie halten wir es mit der T\u00fcrkei? Ein NATO-Mitgliedsstaat, der rein gar nichts mit den Interessen am Nordatlantik zu tun hat, sondern sein eigenes Ding in Vorderasien und Nordafrika dreht. Unsere Werte werden von Erdogan nicht verteidigt, sondern mit F\u00fc\u00dfen getreten. Die T\u00fcrkei gilt als unsicherster Kantonist der NATO. Sie wurde einst ohnehin nur als \u201eunsinkbarer Flugzeugtr\u00e4ger\u201c der USA gegen die Sowjetunion in das B\u00fcndnis aufgenommen. Aber den Warschauer Pakt gibt es nicht mehr und es w\u00e4re Zeit, die T\u00fcrkei \u201ein die W\u00fcste zu schicken\u201c. Auf die t\u00fcrkische Streitmacht unter Erdogan, der immer Streit sucht und uns perspektivisch nu Probleme bringt, sollten wir besser verzichten; denn im Ernstfall w\u00fcrde die T\u00fcrkei uns eher in den R\u00fccken fallen, als Europa zu verteidigen \u2013 Erdogans Konflikt mit Griechenland l\u00e4sst gr\u00fc\u00dfen! Der Austritt der T\u00fcrkei aus der NATO w\u00e4re jedenfalls kein Grund f\u00fcr eine st\u00e4rkere europ\u00e4ische Aufr\u00fcstung.<\/p>\n<p><em><strong>Es gibt kein Grund f\u00fcr Mehrausgaben<\/strong><\/em><br \/>\nFazit: Es gibt eigentlich keinen objektiven Grund, unsere Milit\u00e4rausgaben zu verdoppeln \u2013 selbst dann nicht, wenn sich die USA tats\u00e4chlich aus dem Staub machen sollten. Es g\u00e4be mit einem Milit\u00e4rb\u00fcndnis ohne USA nur in wenigen Waffengattungen Nachholbedarf. W\u00fcrde diese L\u00fccke jedoch geschlossen und genau das getan \u2013 also im Detail aufger\u00fcstet \u2013, dann s\u00e4he sich Russland wahrscheinlich seinerseits gehalten, im Bereich der vielen unterlegenen Waffen nachzur\u00fcsten, was ihm nat\u00fcrlich aufgrund der geringeren Wirtschaftskraft schwerer fiele als uns. Aber ein Volk, das schon im letzten Weltkrieg die gr\u00f6\u00dften Opfer bringen musste, w\u00fcrde wohl auch den neuen R\u00fcstungswettlauf durchstehen. Die Frage ist, wer solch einen neues Wettr\u00fcsten wirklich will.<\/p>\n<p>Bei alldem stellt sich eine grunds\u00e4tzliche \u00dcberlegung: \u201cWie sollen wir \u00fcber Verteidigungsausgaben urteilen, wenn wir uns nicht einig sind, was genau wir eigentlich verteidigen wollen?\u201d Mit dieser Kernfrage brachte der amerikanische Vizepr\u00e4sident auf der M\u00fcnchner Sicherheitskonferenz ein grundlegendes Problem auf den Punkt. Erst nachdem ich mir diese Arbeit machte, stie\u00df ich auf diese Ausarbeitung von <a href=\"https:\/\/www.freiburg-schwarzwald.de\/blog\/akw-ler-jean-jacques-rettig-tot\/\">Axel Mayer<\/a> <a href=\"https:\/\/www.mitwelt.org\/militaerausgaben-ruestungsausgaben-deutschland-nato-russland-vergleich\">https:\/\/www.mitwelt.org\/militaerausgaben-ruestungsausgaben-deutschland-nato-russland-vergleich<\/a>, was angenommene Milit\u00e4rausgaben von 5 Prozent des BIP tats\u00e4chlich bedeuten w\u00fcrden, erstellt von einem fr\u00fcheren Mitstreiter aus meinem geliebten S\u00fcdbaden. Dies sollte man sich erg\u00e4nzend zu meiner Recherche ebenfalls anschauen.<br \/>\n18.2.2025, Albrecht K\u00fcnstle, Herbolzheim, kuenstle.a@gmx.de<br \/>\n.<\/p>\n<p><strong>(3) Wachstum statt Niedergang: Die Alliance for Responsible Citizenship platziert ihre Zukunftsvision<\/strong><br \/>\n\u201eGrowth and prosperity\u201c: \u00dcber 4000 Teilnehmer aus Politik, Wirtschaft, Wissenschaft, Medien und Kultur tagten in London auf der diesj\u00e4hrigen <a href=\"https:\/\/www.freiburg-schwarzwald.de\/blog\/global\/globalisierung\/arc\/\">ARC<\/a>, um die westliche Zivilisation aus dem Niedergang zu rei\u00dfen. Der Zeitpunkt ist g\u00fcnstig: Bedingt durch den Ausgang der US-Wahlen er\u00f6ffnen sich Perspektiven.<br \/>\n&#8230;<br \/>\nDie beeindruckende Rednerliste umfasste zwar reihenweise Prominenz wie den Sprecher des US-Repr\u00e4sentantenhauses, Mike Johnson, den Unternehmer Peter Thiel, Vivek Ramaswamy, Nigel Farage und Kemi Badenoch, die ehemalige ungarische Staatspr\u00e4sidentin Katalin Nov\u00e1k; die Islamkritikerin Ayaan Hirsi Ali, oder den Journalist Douglas Murray, um nur einige zu nennen.<br \/>\n&#8230;<br \/>\nUnd: Das ARC-Netzwerk ist weder politisch noch weltanschaulich homogen. Die Narrative von Wachstum, Wohlstand und F\u00fclle m\u00f6gen einen, aber sie vereinheitlichen nicht. Der Guardian etwa offenbart irritierende Ahnungslosigkeit, wenn er behauptet, hier handele sich um einen \u201ealt-right heaven\u201c <a href=\"https:\/\/www.theguardian.com\/politics\/2025\/feb\/18\/nigel-farage-jordan-peterson-co-worship-each-other-in-alt-right-heaven\">https:\/\/www.theguardian.com\/politics\/2025\/feb\/18\/nigel-farage-jordan-peterson-co-worship-each-other-in-alt-right-heaven<\/a> : W\u00e4hrend sich von libert\u00e4r bis konservativ viele mit den Prinzipien der ARC identifizieren, sprechen weder der transatlantische Impetus noch das Bekenntnis zum Judentum als einer grundlegenden Quelle der westlichen Zivilisation eine europ\u00e4ische \u201eAlt-Right\u201c an. Allein die Breite der abgebildeten Perspektiven schlie\u00dft nicht nur eine Verengung auf einzelne politische Positionen aus, sie bietet einen wohltuenden Kontrast zur im Noch-Mainstream herrschenden Meinungshegemonie. \u201eWie k\u00f6nnen wir eine Zivilisation wieder aufbauen?\u201c, fragte Douglas Murray in seiner Ansprache. Die Alliance for Responsible Citizenship steht an einer g\u00fcnstigen Ausgangsposition, um das durch das Ergebnis der US-Wahlen bedingte Momentum tats\u00e4chlich zu ergreifen, und Protagonist einer echten \u201eZeitenwende\u201c zu sein.<br \/>\n&#8230; Alles vom 20.2.2025 von Anna Diouf bitte lesen auf<br \/>\n<a href=\"https:\/\/www.tichyseinblick.de\/meinungen\/wachstum-statt-niedergang-die-alliance-for-responsible-citizenship-platziert-ihre-zukunftsvision\/\">https:\/\/www.tichyseinblick.de\/meinungen\/wachstum-statt-niedergang-die-alliance-for-responsible-citizenship-platziert-ihre-zukunftsvision\/<\/a><br \/>\n.<br \/>\n.<\/p>\n","protected":false},"excerpt":{"rendered":"<p>Die USA und Russland sind dabei, in einem bilateralen Deal den Ukrainekrieg zu beenden. Das seit 11 Jahren w\u00e4hrende Blutvergie\u00dfen im Donbass nur 1300 km \u00f6stlich von Berlin wird endlich aufh\u00f6ren. Gut so! Abzulehnen ist, wenn Deutschland auf den Beginn &hellip; <a href=\"https:\/\/www.freiburg-schwarzwald.de\/blog\/aufruestung-nach-ua-kriegsende\/\">Weiterlesen <span class=\"meta-nav\">&rarr;<\/span><\/a><\/p>\n","protected":false},"author":2,"featured_media":0,"comment_status":"open","ping_status":"closed","sticky":false,"template":"","format":"standard","meta":{"footnotes":""},"categories":[18,181,4,52,195,13,157,172],"tags":[813,489,682,520,820,525,780,796,86],"class_list":["post-131074","post","type-post","status-publish","format-standard","hentry","category-bildung","category-buergerbeteiligung","category-branchen","category-einewelt","category-eu","category-kultur","category-oeffentlicher-raum","category-zukunft","tag-diplomatie","tag-european-union","tag-freiheit","tag-frieden","tag-meinungsfreiheit","tag-politik","tag-rechts","tag-ukraine","tag-waffen"],"_links":{"self":[{"href":"https:\/\/www.freiburg-schwarzwald.de\/blog\/wp-json\/wp\/v2\/posts\/131074","targetHints":{"allow":["GET"]}}],"collection":[{"href":"https:\/\/www.freiburg-schwarzwald.de\/blog\/wp-json\/wp\/v2\/posts"}],"about":[{"href":"https:\/\/www.freiburg-schwarzwald.de\/blog\/wp-json\/wp\/v2\/types\/post"}],"author":[{"embeddable":true,"href":"https:\/\/www.freiburg-schwarzwald.de\/blog\/wp-json\/wp\/v2\/users\/2"}],"replies":[{"embeddable":true,"href":"https:\/\/www.freiburg-schwarzwald.de\/blog\/wp-json\/wp\/v2\/comments?post=131074"}],"version-history":[{"count":5,"href":"https:\/\/www.freiburg-schwarzwald.de\/blog\/wp-json\/wp\/v2\/posts\/131074\/revisions"}],"predecessor-version":[{"id":131094,"href":"https:\/\/www.freiburg-schwarzwald.de\/blog\/wp-json\/wp\/v2\/posts\/131074\/revisions\/131094"}],"wp:attachment":[{"href":"https:\/\/www.freiburg-schwarzwald.de\/blog\/wp-json\/wp\/v2\/media?parent=131074"}],"wp:term":[{"taxonomy":"category","embeddable":true,"href":"https:\/\/www.freiburg-schwarzwald.de\/blog\/wp-json\/wp\/v2\/categories?post=131074"},{"taxonomy":"post_tag","embeddable":true,"href":"https:\/\/www.freiburg-schwarzwald.de\/blog\/wp-json\/wp\/v2\/tags?post=131074"}],"curies":[{"name":"wp","href":"https:\/\/api.w.org\/{rel}","templated":true}]}}