{"id":130981,"date":"2025-02-18T09:27:29","date_gmt":"2025-02-18T08:27:29","guid":{"rendered":"https:\/\/www.freiburg-schwarzwald.de\/blog\/?p=130981"},"modified":"2025-03-06T11:31:13","modified_gmt":"2025-03-06T10:31:13","slug":"was-ist-das-fuer-ein-land","status":"publish","type":"post","link":"https:\/\/www.freiburg-schwarzwald.de\/blog\/was-ist-das-fuer-ein-land\/","title":{"rendered":"Was ist das f\u00fcr ein Land?"},"content":{"rendered":"<p>(1) Was ist das f\u00fcr ein Land, in dem bereits einen Tag, nachdem ein <a href=\"https:\/\/www.freiburg-schwarzwald.de\/blog\/global\/afghanistan\/\">Afghane<\/a> am 13.2.2025 mit dem Auto in <a href=\"https:\/\/www.freiburg-schwarzwald.de\/blog\/engagement\/zukunft\/demokratie\/muenchen13feb2025\/\">M\u00fcnchen<\/a> ein M\u00e4dchen (2) und seine Mutter (37) zu Tode gefahren und \u00a039 Menschen schwer verletzt hat, eine &#8222;<a href=\"https:\/\/www.freiburg-schwarzwald.de\/blog\/engagement\/buergerinitiativen\/demo\/demos-gegen-rechts\/\">Gegen rechts<\/a>&#8222;-Demo durch M\u00fcnchen zieht, obwohl \u00a0die politische <a href=\"https:\/\/www.freiburg-schwarzwald.de\/blog\/engagement\/zukunft\/demokratie\/rechts\/rechts-links\/\">Rechte<\/a> nichts mit dem <a href=\"https:\/\/www.freiburg-schwarzwald.de\/blog\/global\/migration\/migranten-gewalt\/\">migrantischen T\u00e4ter<\/a> zu tun hat?<br \/>\n<!--more--><br \/>\n(2) Was ist das f\u00fcr ein Land, in dem man in den Medien den Verdacht ungekl\u00e4rt kreisen l\u00e4\u00dft, der Todeszeitpunkt von Mutter und Tochter sei aus <a href=\"https:\/\/www.freiburg-schwarzwald.de\/blog\/kultur\/medien\/political-correctness\/\">politischen Gr\u00fcnden<\/a> von den Beh\u00f6rden erst zum 14.2.2025 bekanntgegeben, also hinter das Ende der M\u00fcnchener Sicherheitskonferenz MSC bzw. hinter die <a href=\"https:\/\/www.freiburg-schwarzwald.de\/blog\/muenchen-anschlag-vance-msc\/\">Rede von JP Vance<\/a> datiert worden?<\/p>\n<p>(3) Was ist das f\u00fcr ein Land, in dem f\u00fcr das innerhalb Deutschlands seit 2015 anhaltende <a href=\"https:\/\/www.freiburg-schwarzwald.de\/blog\/religion\/islam\/islamismus\/\">islam<\/a>-motivierte Morden (T\u00f6ten von <a href=\"https:\/\/www.freiburg-schwarzwald.de\/blog\/religion\/islam\/taquia\/\">Ungl\u00e4ubigen<\/a>), das durch T\u00e4tereinreise und T\u00e4ter-Duldung der <a href=\"https:\/\/www.freiburg-schwarzwald.de\/blog\/global\/migration\/migrationspolitik\/\">Migrationspolitik<\/a> verursacht wird, bislang kein einziger Politiker die Verantwortung \u00fcbernommen hat bzw. zur \u00dcbernahme der Verantwortung gezwungen worden ist?<\/p>\n<p>(4) Was ist das f\u00fcr ein Land, in dem die <a href=\"https:\/\/www.freiburg-schwarzwald.de\/blog\/kultur\/medien\/instrumentalisierung\/\">Instrumentalisierung<\/a> der von Migranten ver\u00fcbten Gewaltanschl\u00e4ge immer nur einseitig angeprangert wird? Auf der einen Seite darf kein Anschlag als Begr\u00fcndung f\u00fcr Fremdenfeindlichkeit missbraucht werden. Auf der anderen Seite jedoch kann ein Anschlag sehr wohl als Begr\u00fcndung daf\u00fcr dienen, ohne irgendeinen Sinnzusammenhang eine &#8222;Gegen rechts&#8220;-Demo durchzuf\u00fchren.<\/p>\n<p>(5) Was ist das f\u00fcr ein Land, in dem die \u00f6ffentlich-rechtlichen Medien (ARD, ZDF und DLF) <a href=\"https:\/\/www.freiburg-schwarzwald.de\/blog\/kultur\/medien\/verschwoerungstheorien\/\">Verschw\u00f6rungstheorien<\/a> verbreiten, nach denen die migrantischen T\u00e4ter der sich zunehmend h\u00e4ufenden \u00a0Attacken mit Messer, Axt, Auto, Bahnsteigschubsen usw. von Dritten bezahlt w\u00fcrden, um so Einflu\u00df zu nehmen auf die Bundestagswahlen.<\/p>\n<p>(6) Was ist das f\u00fcr ein Land, dessen Regierungschef das Statement des Vize-Regierungschefs eines befreundeten Staates \u00a0<em>&#8222;Die Demokratie beruht auf dem heiligen Grundsatz, dass die Stimme des Volkes z\u00e4hlt. Es gibt keinen Platz f\u00fcr Brandmauern. &#8230; Ich glaube, es gibt keine Sicherheit, wenn man Angst hat vor der Meinungsfreiheit des eigenen Volke\u201c als Einmischung mit der Bemerkung &#8222;Das geh\u00f6rt sich nicht&#8220;<\/em> (JD Vance am 14.2.2025 auf der MSC) zur\u00fcckweist mit der Bemerkung &#8222;Das geh\u00f6rt sich nicht&#8220; (Olaf Scholz)?<\/p>\n<p>(6) Was ist das f\u00fcr ein Land, in dem einerseits die Verteidigung ert\u00fcchtigt werden soll (3 % des BIP), andererseits aber die Wirtschaftspolitik den Niedergang bewirkt mit dreij\u00e4hriger Rezession, Minuswachstum in 2024, Fachkr\u00e4fte-Exodus \u00a0und <a href=\"https:\/\/www.freiburg-schwarzwald.de\/blog\/business\/industrie\/deindustrialisierung\/\">Deindustrialisierung<\/a>?<br \/>\n.<br \/>\nWas ist das f\u00fcr ein Land? Es ist Deutschland, das sich verabschiedet hat vom langj\u00e4hrig erprobten Erfolgsrezept einer <a href=\"https:\/\/www.freiburg-schwarzwald.de\/blog\/engagement\/zukunft\/marktwirtschaft\/soziale-marktwirtschaft\/\">sozial- marktwirtschaftlichen<\/a> Demokratie:<br \/>\n<em>I. Bildung und Flei\u00df der arbeitenden Bev\u00f6lkerung, <\/em><br \/>\n<em>II. Unternehmerfreiheit sowie <\/em><br \/>\n<em>III. preiswerte Energie f\u00fcr Alle<\/em><br \/>\nin einer freiheitlichen Gesellschaft.<br \/>\n1.2.2025<\/p>\n<p>Dieser Beitrag ist auch auf\u00a0 <a href=\"https:\/\/ansage.org\/was-ist-das-fuer-ein-land\/\">https:\/\/ansage.org\/was-ist-das-fuer-ein-land\/<\/a> erschienen.<\/p>\n","protected":false},"excerpt":{"rendered":"<p>(1) Was ist das f\u00fcr ein Land, in dem bereits einen Tag, nachdem ein Afghane am 13.2.2025 mit dem Auto in M\u00fcnchen ein M\u00e4dchen (2) und seine Mutter (37) zu Tode gefahren und \u00a039 Menschen schwer verletzt hat, eine &#8222;Gegen &hellip; <a href=\"https:\/\/www.freiburg-schwarzwald.de\/blog\/was-ist-das-fuer-ein-land\/\">Weiterlesen <span class=\"meta-nav\">&rarr;<\/span><\/a><\/p>\n","protected":false},"author":2,"featured_media":0,"comment_status":"open","ping_status":"closed","sticky":false,"template":"","format":"standard","meta":{"footnotes":""},"categories":[18,36,195,14,13,172],"tags":[633,26,682,301,525,705],"class_list":["post-130981","post","type-post","status-publish","format-standard","hentry","category-bildung","category-engagement","category-eu","category-global","category-kultur","category-zukunft","tag-demokratie","tag-deutsch","tag-freiheit","tag-culture","tag-politik","tag-usa"],"_links":{"self":[{"href":"https:\/\/www.freiburg-schwarzwald.de\/blog\/wp-json\/wp\/v2\/posts\/130981","targetHints":{"allow":["GET"]}}],"collection":[{"href":"https:\/\/www.freiburg-schwarzwald.de\/blog\/wp-json\/wp\/v2\/posts"}],"about":[{"href":"https:\/\/www.freiburg-schwarzwald.de\/blog\/wp-json\/wp\/v2\/types\/post"}],"author":[{"embeddable":true,"href":"https:\/\/www.freiburg-schwarzwald.de\/blog\/wp-json\/wp\/v2\/users\/2"}],"replies":[{"embeddable":true,"href":"https:\/\/www.freiburg-schwarzwald.de\/blog\/wp-json\/wp\/v2\/comments?post=130981"}],"version-history":[{"count":2,"href":"https:\/\/www.freiburg-schwarzwald.de\/blog\/wp-json\/wp\/v2\/posts\/130981\/revisions"}],"predecessor-version":[{"id":131409,"href":"https:\/\/www.freiburg-schwarzwald.de\/blog\/wp-json\/wp\/v2\/posts\/130981\/revisions\/131409"}],"wp:attachment":[{"href":"https:\/\/www.freiburg-schwarzwald.de\/blog\/wp-json\/wp\/v2\/media?parent=130981"}],"wp:term":[{"taxonomy":"category","embeddable":true,"href":"https:\/\/www.freiburg-schwarzwald.de\/blog\/wp-json\/wp\/v2\/categories?post=130981"},{"taxonomy":"post_tag","embeddable":true,"href":"https:\/\/www.freiburg-schwarzwald.de\/blog\/wp-json\/wp\/v2\/tags?post=130981"}],"curies":[{"name":"wp","href":"https:\/\/api.w.org\/{rel}","templated":true}]}}