{"id":130948,"date":"2025-02-14T18:14:50","date_gmt":"2025-02-14T17:14:50","guid":{"rendered":"https:\/\/www.freiburg-schwarzwald.de\/blog\/?p=130948"},"modified":"2025-02-22T12:12:43","modified_gmt":"2025-02-22T11:12:43","slug":"muenchen-anschlag-vance-msc","status":"publish","type":"post","link":"https:\/\/www.freiburg-schwarzwald.de\/blog\/muenchen-anschlag-vance-msc\/","title":{"rendered":"M\u00fcnchen: Anschlag &#8211; Vance MSC"},"content":{"rendered":"<p>Deutschland im Delirium: Am 13.2.2025 f\u00e4hrt in <a href=\"https:\/\/www.freiburg-schwarzwald.de\/blog\/engagement\/zukunft\/demokratie\/muenchen13feb2025\/\">M\u00fcnchen<\/a> ein Afghane mit dem Auto ein M\u00e4dchen (2) und seine Mutter (3) tot und 39 Menschen schwer verletzt. Deutschland im Niedergang: Am 14.2.2025 spricht <a href=\"https:\/\/www.freiburg-schwarzwald.de\/blog\/global\/usa\/vance\/\">JD Vance<\/a> in seiner Rede auf der M\u00fcnchener Sicherheitskonferenz MSC den Deutschen Mut zu: &#8222;Habt keine Angst&#8220;.<br \/>\n<!--more-->Zun\u00e4chst zum Migrantenterror: In immer k\u00fcrzeren Abst\u00e4nden geschieht ein neuer Anschlag, mit <a href=\"https:\/\/www.freiburg-schwarzwald.de\/blog\/global\/migration\/migration-messer\/\">Messer<\/a>, mit <a href=\"https:\/\/www.freiburg-schwarzwald.de\/blog\/engagement\/zukunft\/demokratie\/magdeburg20dez2024\/\">Auto<\/a>, mit <a href=\"https:\/\/www.freiburg-schwarzwald.de\/blog\/global\/deutschland\/bahnsteig\/\">Bahnsteigschubser<\/a>. Politiker und Medien scheinen l\u00e4ngst auf <a href=\"https:\/\/www.freiburg-schwarzwald.de\/blog\/bildung\/wissenschaft\/informatik\/kuenstliche-intelligenz\/\">KI<\/a> und <a href=\"https:\/\/www.freiburg-schwarzwald.de\/blog\/chatgpt-schreibt-deinen-text\/\">ChatGPT<\/a> zur\u00fcckgegriffen zu haben mit ihren-gleichlautenden Statements wie aus dem Baukasten:.<br \/>\n.<br \/>\n<em>\u201eDer Anschlag in [hier Ort einsetzen] von (Vorname des Migranten) ersch\u00fcttert mich zutiefst. Mindestens (Opferzahl) Menschen sind verletzt (schwer\/get\u00f6tet) und wir hoffen auf ihre schnelle Genesung. Unsere Gedanken sind bei den Angeh\u00f6rigen. Wir d\u00fcrfen uns jetzt nicht spalten lassen. Die &#8222;Gegen rechts&#8220;-Demo findet am (Datum) statt.\u201c<br \/>\n.<br \/>\n<\/em>Die Demo <a href=\"https:\/\/www.freiburg-schwarzwald.de\/blog\/engagement\/buergerinitiativen\/demo\/demos-gegen-rechts\/\">&#8222;Gegen rechts&#8220;<\/a> fand in <a href=\"https:\/\/www.freiburg-schwarzwald.de\/blog\/engagement\/zukunft\/demokratie\/muenchen13feb2025\/\">M\u00fcnchen<\/a> in Rekordzeit bereits tags darauf statt. Was soll man auch noch neues schreiben nach Brokstedt, nach Solingen, Mannheim, Magdeburg, Aschaffenburg und jetzt M\u00fcnchen? Es sei Schicksal oder Putin oder Rechts geschuldet, wird uns vom polit-medialen komplex eingeredet. Dabei wagt niemand, die Ursachen zu benennen, die <a href=\"https:\/\/www.freiburg-schwarzwald.de\/blog\/global\/migration\/kontrollierte-grenzen\/\">unkontrollierte<\/a> <a href=\"https:\/\/www.freiburg-schwarzwald.de\/blog\/global\/migration\/masseneinwanderung\/\">Massenmigration<\/a>. Und niemand getraut sich, diese abstellen durch ein Grenzregiment, wie es in allen anderen Staaten der Welt \u00fcblich ist.<\/p>\n<p>In dieser Zeit der &#8222;unertr\u00e4glichen Anschlags-Rituale&#8220; (1) h\u00e4lt US-Vizepr\u00e4sident <a href=\"https:\/\/www.freiburg-schwarzwald.de\/blog\/global\/usa\/vance\/\">JD Vance<\/a> auf der M\u00fcnchener Sicherheitskonferenz MSC eine nicht mal halbst\u00fcndige freie Rede (2), der man gerne den Titel &#8222;Habt keine Angst, ihr woke eingesch\u00fcchternden Europ\u00e4er und vor allem ihr Deutschen&#8220; geben kann.<\/p>\n<p>Einige Zitate aus der MSC-Rede von JD Vance:<br \/>\n\u201eWir m\u00fcssen mehr tun, als nur \u00fcber demokratische Werte zu reden. Wir m\u00fcssen sie auch leben. Innerhalb der lebendigen Erinnerung vieler hier im Raum stellte der Kalte Krieg die Verteidiger der Demokratie gegen weitaus tyrannischere Kr\u00e4fte auf diesem Kontinent. Und wenn man sich die Seite in diesem Kampf ansieht, die Dissidenten zensierte, Kirchen schloss und Wahlen absagte \u2013 waren sie die Guten? Sicherlich nicht.&#8220;<\/p>\n<p>&#8222;F\u00fcr viele von uns auf der anderen Seite des Atlantiks sieht es immer mehr so aus, als w\u00fcrden alte, festgefahrene Interessen sich hinter h\u00e4sslichen W\u00f6rtern aus der Sowjetzeit wie Fehlinformation und Desinformation verstecken, die einfach nicht m\u00f6gen, dass jemand mit einer alternativen Sichtweise eine andere Meinung \u00e4u\u00dfern oder, Gott bewahre, anders w\u00e4hlen oder noch schlimmer, eine Wahl gewinnen k\u00f6nnte.\u201c<\/p>\n<p>\u201eAber was keine Demokratie \u2013 weder die amerikanische, noch die deutsche oder eine andere europ\u00e4ische \u2013 \u00fcberleben wird, ist, Millionen von W\u00e4hlern zu sagen, dass ihre Gedanken und Sorgen, ihre Hoffnungen und ihre Bitten um Hilfe ung\u00fcltig sind oder nicht einmal in Betracht gezogen werden m\u00fcssen.&#8220;<\/p>\n<p>&#8222;Die Demokratie beruht auf dem heiligen Prinzip, dass die Stimme des Volkes z\u00e4hlt. Es gibt keinen Platz f\u00fcr <a href=\"https:\/\/www.freiburg-schwarzwald.de\/blog\/vereine\/partei\/cdu\/brandmauer\/\">Brandmauern<\/a>. Entweder man h\u00e4lt sich an dieses Prinzip oder nicht. Europ\u00e4er \u2013 das Volk hat eine Stimme. Europ\u00e4ische F\u00fchrer haben eine Wahl. Und ich bin fest davon \u00fcberzeugt, dass wir keine Angst vor der Zukunft haben m\u00fcssen.\u201c<\/p>\n<p>\u201eMan braucht ein demokratisches Mandat, wenn man \u00fcberhaupt irgendwas von Wert in den kommenden Jahren schaffen m\u00f6chte. (\u2026) Man kann nat\u00fcrlich kein demokratisches Mandat gewinnen, wenn man die Gegner zensiert oder sie in ein Gef\u00e4ngnis steckt. Man kann das auch nicht gewinnen, wenn man die Grundfragen ihrer W\u00e4hlerschaft nicht achtet.\u201c<\/p>\n<p>&#8222;Die Redefreiheit ist in Europa auf dem R\u00fcckzug&#8220;<br \/>\n\u201eIch glaube, es gibt keine Sicherheit, wenn man Angst hat vor der Meinungsfreiheit des eigenen Volkes.\u201c<br \/>\n&#8222;F\u00fcrchtet euch nicht vor euren eigenen B\u00fcrgern!&#8220;<br \/>\n.<br \/>\nJD Vance hat Alice Weidel getroffen, nach seiner Rede au der MSC. 30 min. Die AfD was aus der MSC ausgeschlossen worden &#8211; was f\u00fcr eine erb\u00e4rmliche Scheinlogik:<br \/>\n\u201eDie Konferenzleitung begr\u00fcndete (die Nichteinladung der AfD) damit, dass die Partei nicht f\u00fcr Dialog stehe und ihre Teilnahme mit dem Andenken an den Gr\u00fcnder Ewald von Kleist, einem Widerstandsk\u00e4mpfer gegen Hitler, unvereinbar sei.\u201c<\/p>\n<p>JD Vance ging Interview mit dem Wall Street Journal <a href=\"https:\/\/www.freiburg-schwarzwald.de\/blog\/vereine\/partei\/cdu\/brandmauer\/\">https:\/\/www.wsj.com\/world\/europe\/vance-wields-threat-of-sanctions-military-action-to-push-putin-into-ukraine-deal-da9c18ac<\/a><br \/>\nim Vorfeld der M\u00fcnchener Sicherheitskonferenz auch auf Deutschland ein: Auf die Meinungsfreiheit und die Deindustrialisierung. Vance fordert \u201eden Aufstieg der Anti-Establishment-Politik\u201c anzuerkennen.<\/p>\n<p>Zum deutschen Wahlkampf und zum Ukrainekrieg. Vance fordert das Ende der sogenannten <a href=\"https:\/\/www.freiburg-schwarzwald.de\/blog\/vereine\/partei\/cdu\/brandmauer\/\">Brandmauer<\/a> gegen die AfD und riet deutschen Politikern, mit allen Parteien, einschlie\u00dflich der AfD, zusammenzuarbeiten und den Aufstieg der \u201eAnti-Establishment\u201c-Parteien, die traditionelle Werte f\u00f6rdern und Migrantenkriminalit\u00e4t bek\u00e4mpfen wollen, zu akzeptieren.<\/p>\n<p>Wenn Russland trotz Sanktionen immer mehr an St\u00e4rke gewinne, dann kann ein Land wie Deutschland sind nicht erlauben, eine Politik der Deindustrialisierung zu betreiben.<br \/>\n.<br \/>\nFazit: Deutschland kann sich nicht selbst helfen bei den Problemen der\u00a0 Begrenzung der Migration, der Wiederherstellung der Meinungsfreiheit, der Umstellung von Kriegs- auf Friedensrhetorik, der Stoppen der Deindustrialisierung.\u00a0 Es mu\u00df vom Ausland gerettet werden. Wie schon so oft in der Geschichte.<br \/>\n14.2.2025<br \/>\n.<br \/>\nEnde von Beitrag &#8222;M\u00fcnchen: Anschlag &#8211; Vance MSC&#8220;<br \/>\n==============================================================<br \/>\nBeginn von Anlagen (1) &#8211; (8)<br \/>\n.<br \/>\n.<br \/>\n<strong>(1) Die unertr\u00e4glichen Anschlags-Rituale<\/strong><br \/>\n&#8230; Die Reaktionen auf solche Anschl\u00e4ge sind so repetitiv wie die Anschl\u00e4ge selbst. In M\u00fcnchen war es schon wieder ein Asylbewerber, schon wieder ein Afghane, schon wieder einer, der nicht h\u00e4tte hier sein sollen und dennoch unentschuldbar \u201egeduldet\u201c worden ist.<br \/>\n&#8230;<br \/>\nDie \u201eDemo gegen Rechts\u201c in M\u00fcnchen wird nat\u00fcrlich erwartbar angek\u00fcndigt. Dass sie schon rund acht Stunden nach der Tat stattfindet, ist ein neuer Rekord. Klar, dass wieder nicht gegen den Terror im Wochentakt demonstriert wird, sondern gegen alle, die daran etwas \u00e4ndern wollen. Die Tat ist schon wieder zweitrangig, sondern es wird wieder gewarnt vor \u201erechter Hetze\u201c und \u201eInstrumentalisierung\u201c. Wie schon vor drei Wochen, oder schon im Dezember, oder im Sommer letzten Jahres. Oder, oder, oder. T\u00e4glich gr\u00fc\u00dft das Murmeltier gegen Rechts. Dass diese Demos inzwischen selbst vor Terror (und wahrscheinlich nicht vor dem rechten Terror) gesch\u00fctzt werden m\u00fcssen, gibt keinem der Teilnehmer ernsthaft zu denken.<br \/>\n&#8230;<br \/>\nUnd wenn die Regierung nach jedem Terroranschlag erkl\u00e4rt, dass der Staat \u201emaximale H\u00e4rte zeigen\u201c muss und der Staat dann jedes mal nur minimal handelt, muss man sich \u00fcber 20 Prozent f\u00fcr die AfD nur noch wundern, weil es noch verdammt wenige sind.<br \/>\n&#8230; Alles vom 15.2.2025 von Max Roland bitte lesen auf<br \/>\n<a href=\"https:\/\/apollo-news.net\/die-unertraeglichen-anschlags-rituale\/\">https:\/\/apollo-news.net\/die-unertraeglichen-anschlags-rituale\/<\/a><br \/>\n.<\/p>\n<p><strong>(2) J.D.Vance auf der MSC M\u00fcnchen am 14.2.2025 &#8211; Rede deutsch<\/strong><br \/>\nJ. D. Vance spricht in seiner Rede von einer \u00abbedrohten Meinungsfreiheit in Europa\u00bb \u2013 und legt schonungslos den Finger in die Wunde europ\u00e4ischer Demokratien. Im Folgenden die wichtigsten Punkte, die er in M\u00fcnchen angesprochen hat:<\/p>\n<p>1) Warnung vor inneren Bedrohungen<br \/>\nEuropa solle sich weniger vor externen M\u00e4chten f\u00fcrchten, sondern vielmehr vor dem inneren R\u00fcckzug von grundlegenden Werten.<\/p>\n<p>2) Kritik an Wahlannullierungen<br \/>\nDer Vorwurf, in Rum\u00e4nien sei die Pr\u00e4sidentenwahl mit fragw\u00fcrdigen Begr\u00fcndungen annulliert worden, wirft nach Ansicht von Vance ein beunruhigendes Licht auf den Umgang mit demokratischen Prozessen.<\/p>\n<p>3) Zensur und Einschr\u00e4nkung von B\u00fcrgerrechten<br \/>\nVance kritisiert diverse Beispiele, in denen Regierungen die freie Meinungs\u00e4u\u00dferung einschr\u00e4nken, und sieht darin eine gef\u00e4hrliche Entwicklung f\u00fcr alle Demokratien. Er betont ausdr\u00fccklich, dass ungefilterte Debatten und kontroverse Ansichten essenziell f\u00fcr eine lebendige Demokratie sind.<\/p>\n<p>4) Pl\u00e4doyer f\u00fcr freie Rede und demokratisches Mandat<br \/>\nVance fordert, politische Gegner nicht auszugrenzen, sondern in den Dialog einzubeziehen. Ein stabiles demokratisches Mandat erwachse nur aus offener Debatte und ehrlichem W\u00e4hlerauftrag.<\/p>\n<p>5) Kritik an Massenmigration<br \/>\nLaut Vance ist die unkontrollierte Einwanderungspolitik eine zentrale Krise und f\u00fchre zu Instabilit\u00e4t. Er warnt vor den Folgen f\u00fcr die innere Sicherheit.<\/p>\n<p>6) Forderung nach europ\u00e4ischer Eigenverantwortung<br \/>\nTrump und Vance sehen Europa in der Pflicht, seine Verteidigungsausgaben zu erh\u00f6hen und st\u00e4rker f\u00fcr die eigene Sicherheit einzustehen \u2013 allerdings auf Grundlage gemeinsamer Werte.<\/p>\n<p>7) Angst vor Davos?<br \/>\nVance wirft Eliten vor, Menschen als austauschbare R\u00e4dchen zu betrachten, anstatt auf die Sorgen und N\u00f6te der B\u00fcrger einzugehen.<\/p>\n<p>8) Verteidigung der Demokratie<br \/>\nEine lebendige Demokratie entstehe durch Meinungsvielfalt und durch das Vertrauen in die Weisheit und Entscheidungsfreiheit der eigenen Bev\u00f6lkerung.<\/p>\n<p>9) Appell an europ\u00e4ischen Zusammenhalt<br \/>\nAm Ende steht Vance\u2019 Aufruf: \u201eHabt keine Angst!\u201c \u2013 ein Pl\u00e4doyer daf\u00fcr, die Stimme der B\u00fcrger zu respektieren und den Grundsatz der Demokratie zu verteidigen.<br \/>\n&#8230; Alles vom 14.2.2025 bitte lesen auf<br \/>\n<a href=\"https:\/\/clubderklarenworte.de\/vance-spricht-von-einer-bedrohten-meinungsfreiheit-in-europa\/\">https:\/\/clubderklarenworte.de\/vance-spricht-von-einer-bedrohten-meinungsfreiheit-in-europa\/<\/a><br \/>\n.<\/p>\n<p><strong>(2a) Rede von J.D. Vance am 14.2.2025 in <a href=\"https:\/\/www.freiburg-schwarzwald.de\/blog\/muenchen-anschlag-vance-msc\/\">M\u00fcnchen MSC<\/a>, auf Deutsch vorgetragen<\/strong><br \/>\n<a href=\"https:\/\/www.youtube.com\/watch?v=_Xwqnr4vjSs\">https:\/\/www.youtube.com\/watch?v=_Xwqnr4vjSs<\/a><br \/>\nAuf Deutsch im Video vorgetragen, von Dushan Wegner.<br \/>\n<a href=\"https:\/\/www.dushanwegner.com\/jd-vance-14-2-2025-von-dushan-wegner\/\">https:\/\/www.dushanwegner.com\/jd-vance-14-2-2025-von-dushan-wegner\/<\/a><br \/>\nRede in Simultan\u00fcbersetzung auf deutsch:<br \/>\n<a href=\"https:\/\/www.youtube.com\/watch?v=gIEK3VCgt2Y&amp;t=24s\">https:\/\/www.youtube.com\/watch?v=gIEK3VCgt2Y&amp;t=24s<\/a><br \/>\n.<\/p>\n<p><strong>(3) J. D. Vance: F\u00fcrchtet euch nicht vor euren eigenen B\u00fcrgern!<\/strong><br \/>\nNicht wenige Leute in den USA sind \u00fcberzeugt, dass der nach Trump der n\u00e4chste Pr\u00e4sident wird und 8 Jahre macht, und uns damit nun 12 Jahre Entwokung bevorstehen, also echte Chancen bestehen, den ganzen linken Schwachsinn loszuwerden. Und wenn Trump und Musk da jetzt richtig aufr\u00e4umen, und die ganze linke Korruption und Agitation aufdecken, bleibt von den Linken in den USA sowieso nicht mehr viel mehr \u00fcbrig als ein paar Urinflecken im Knast.<br \/>\nOder anders gesagt: Wir haben die letzten 30 Jahre damit verbracht, in Deutschland alles auf Woke, Gender, linkes Geschwafel und Marxismus zu setzen und haben alles beseitigt, was mit Wissen, K\u00f6nnen, Bef\u00e4higung und Leistung zu tun hat (Quality is a myth), und uns zur gleichberechtigten Dummengesellschaft gemacht. Und dann macht es in den USA pl\u00f6tzlich *Buffz*, und von einem Tag auf den anderen ist das alles wertlos, sind die Aktien, auf die man alles gesetzt hat, im Wert bei Null.<br \/>\n&#8230; Alles vom 14.2.2025 bitte lesen auf<br \/>\n<a href=\"https:\/\/www.tichyseinblick.de\/meinungen\/j-d-vance-fuerchtet-euch-nicht-vor-den-buergern\">https:\/\/www.tichyseinblick.de\/meinungen\/j-d-vance-fuerchtet-euch-nicht-vor-den-buergern<\/a><br \/>\n.<\/p>\n<p><strong>(4) Eine freie Stimme der freien Welt<\/strong><br \/>\nDer US-Vizepr\u00e4sident mahnte Europa in \u00f6ffentlicher Rede, Demokratie und Freiheit nicht der Angst vor eigenen B\u00fcrgern mit anderer Meinung zu opfern. Es klang, wie einst die Stimme aus dem freien Westen, doch deutsche Politiker sind emp\u00f6rt.<\/p>\n<p>Die \u00c4lteren aus dem Sendegebiet erinnern sich vielleicht noch an die Selbstbeschreibung des RIAS &#8211; die Abk\u00fcrzung stand f\u00fcr Rundfunk im amerikanischen Sektor, betrieben im Auftrag der US Information Agency: \u201eEine freie Stimme der freien Welt\u201c. Gesendet wurde vor allem in die unfreie Welt, also konkret in die DDR. Und gelegentlich klangen Kommentare ein wenig nach einem Grundkurs in Sachen Freiheit und Demokratie, gern auch mal mit Pathos gew\u00fcrzt, um Emotionen zu wecken.<br \/>\nStreckenweise erinnerte der Ton der gestrigen Rede des US-Vizepr\u00e4sidenten JD Vance auf der M\u00fcnchner Sicherheitskonferenz an diese \u201eStimme der freien Welt\u201c. Nein, das soll jetzt weder ein billiger DDR-Vergleich sein, noch soll das erlesene Publikum im \u201eBayerischen Hof\u201c, dem traditionellen Veranstaltungsort der Konferenz, mit dem RIAS-H\u00f6rer im SED-Staat verglichen werden. Aber es ist selten geworden, dass Demokratie und Freiheit in so klaren, einfachen S\u00e4tzen hoch gehalten werden. Auch dass es einem Zuh\u00f6rer inzwischen auff\u00e4llt, wenn in einer offiziellen Rede eines Regierungsmitglieds nur von Demokratie und Freiheit die Rede ist und nicht von \u201eunserer Demokratie\u201c oder \u201eunserer Art, die Freiheit zu leben\u201c, ist bemerkenswert.<br \/>\nDass es mittlerweile f\u00fcrs hiesige Publikum ebenso auff\u00e4llig ist, wenn es einem Regierungsmitglied in freier oder frei wirkender Rede gelingt, eine halbe Stunde lang in klaren S\u00e4tzen einen Gedankengang stringent zu verfolgen, liegt allerdings wohl nur daran, dass das rhetorische Niveau des deutschen F\u00fchrungspersonals schon vor geraumer Zeit in den Energiesparmodus heruntergefahren wurde.<br \/>\n&#8230; Alles vom 15.3.2025 bitte lesen auf<br \/>\n<a href=\"https:\/\/www.achgut.com\/artikel\/eine_freie_stimme_der_freien_welt\">https:\/\/www.achgut.com\/artikel\/eine_freie_stimme_der_freien_welt<\/a><br \/>\n.<br \/>\n.<br \/>\n<strong>(5) Simone Solga: &#8222;Ich sag gar nichts zu Vance&#8220;<\/strong><br \/>\n<strong>Ein Scholz sieht rot | Folge 152<\/strong><br \/>\nDass man sowas noch erleben darf: Olaf Scholz erwacht aus seinem Koma und wird auf einem privaten Umtrunk zum p\u00f6belnden Wutb\u00fcrger. Der amerikanische Au\u00dfenminister JD Vance verletzt die zarten Gef\u00fchle Europas. Und: nach dem Anschlag in M\u00fcnchen geht ein schwerer Phrasenregen auf uns nieder. Feiern Sie die Highlights dieser bunten Woche mit Simone Solga in Bettchen-Folge<br \/>\n16.2.2025<br \/>\n<a href=\"https:\/\/www.youtube.com\/watch?v=HZwEMCOsRIw\">https:\/\/www.youtube.com\/watch?v=HZwEMCOsRIw<\/a><br \/>\n.<br \/>\n.<br \/>\n<strong>(6) Vance besorgt &#8211; S\u00f6der lacht dreckig<\/strong><br \/>\nEkelhaft &#8211; S\u00f6der lacht dreckig, als US-Vize JD Vance \u00fcber die Sorgen und N\u00f6te der Menschen spricht: \u201eAber was keine Demokratie \u2013 weder die amerikanische, noch die deutsche oder eine andere europ\u00e4ische \u2013 \u00fcberleben wird, ist, Millionen von W\u00e4hlern zu sagen, dass ihre Gedanken und Sorgen, ihre Hoffnungen und ihre Bitten um Hilfe ung\u00fcltig sind oder nicht einmal in Betracht gezogen werden m\u00fcssen. Die Demokratie beruht auf dem heiligen Prinzip, dass die Stimme des Volkes z\u00e4hlt. Es gibt keinen Platz f\u00fcr Brandmauern.&#8220;<br \/>\n15.2.2025, <a href=\"https:\/\/www.youtube.com\/shorts\/nOprhSIWxb8\">https:\/\/www.youtube.com\/shorts\/nOprhSIWxb8<\/a><br \/>\n.<br \/>\n.<br \/>\n<strong>(7) Psychiater analysiert die Hysterie um die Rede von J.D. Vance (Raphael Bonelli)<\/strong><br \/>\nDer Psychiater DDr. Raphael Bonelli analysiert die Hysterie um die Rede von J.D. Vance, die dieser auf der M\u00fcnchner Sicherheitskonferenz gehalten hat. Warum sind die Reaktionen so emotional? Welchen wunden Punkt hat J.D. Vance getroffen?<br \/>\n17,2,2025<br \/>\n<a href=\"https:\/\/www.youtube.com\/watch?v=_UK2WxQW2mY\">https:\/\/www.youtube.com\/watch?v=_UK2WxQW2mY<\/a><br \/>\n.<br \/>\n.<br \/>\n<strong>(8) Vance f\u00fcr Glasnost und toxische Meinungsfreiheit<\/strong><br \/>\nDie Rede von J. D. Vance vor der M\u00fcnchner Sicherheitskonferenz bestand zwar aus lauter Selbstverst\u00e4ndlichkeiten und war \u201eein bizarrer intellektueller Tiefflug\u201d, wie eine tiefflugerprobte deutsche Namensdoppeldeckerin twitterte, doch gerade deshalb zeigte sich speziell die gastgebende DDR-Delegation pikiert. Der US-Vizepr\u00e4sident pl\u00e4dierte f\u00fcr z\u00fcgellose, sozusagen toxische Meinungsfreiheit und f\u00fcr die Demokratie von gestern, also ohne Brandmauern, auch f\u00fcr rechte Parteien, sowie die Anerkennung von Wahlergebnissen, die den Falschen in die H\u00e4nde spielen. Er pl\u00e4dierte f\u00fcr Glasnost. Die Reaktionen der meisten deutschen Politiker, Journalisten und Sicherheitskonferenzstuhlw\u00e4rmer \u00e4hnelten jenen der SED-V\u00f6gte auf Gorbatschow Ende 1989. \u201eEinen Hauch von 1989\u201d entdeckte auch die Preu\u00dfische Allgemeine.<br \/>\nSeither bangt ganz \u2019schland, Kommune f\u00fcr Kommune, ob Unseredemokratie das \u00fcberstehen wird.<br \/>\n&#8230; Alles vom 21.2.2025 von Michael Klonovsky bitte lesen auf<br \/>\n<a href=\"https:\/\/www.klonovsky.de\/2025\/02\/21-februar-2025\/\">https:\/\/www.klonovsky.de\/2025\/02\/21-februar-2025\/<\/a><\/p>\n","protected":false},"excerpt":{"rendered":"<p>Deutschland im Delirium: Am 13.2.2025 f\u00e4hrt in M\u00fcnchen ein Afghane mit dem Auto ein M\u00e4dchen (2) und seine Mutter (3) tot und 39 Menschen schwer verletzt. Deutschland im Niedergang: Am 14.2.2025 spricht JD Vance in seiner Rede auf der M\u00fcnchener &hellip; <a href=\"https:\/\/www.freiburg-schwarzwald.de\/blog\/muenchen-anschlag-vance-msc\/\">Weiterlesen <span class=\"meta-nav\">&rarr;<\/span><\/a><\/p>\n","protected":false},"author":2,"featured_media":0,"comment_status":"open","ping_status":"closed","sticky":false,"template":"","format":"standard","meta":{"footnotes":""},"categories":[18,36,195,14,155,13,157,172],"tags":[489,520,732,820,622,525,705,662,764],"class_list":["post-130948","post","type-post","status-publish","format-standard","hentry","category-bildung","category-engagement","category-eu","category-global","category-integration","category-kultur","category-oeffentlicher-raum","category-zukunft","tag-european-union","tag-frieden","tag-gewalt","tag-meinungsfreiheit","tag-migration","tag-politik","tag-usa","tag-werte","tag-woke"],"_links":{"self":[{"href":"https:\/\/www.freiburg-schwarzwald.de\/blog\/wp-json\/wp\/v2\/posts\/130948","targetHints":{"allow":["GET"]}}],"collection":[{"href":"https:\/\/www.freiburg-schwarzwald.de\/blog\/wp-json\/wp\/v2\/posts"}],"about":[{"href":"https:\/\/www.freiburg-schwarzwald.de\/blog\/wp-json\/wp\/v2\/types\/post"}],"author":[{"embeddable":true,"href":"https:\/\/www.freiburg-schwarzwald.de\/blog\/wp-json\/wp\/v2\/users\/2"}],"replies":[{"embeddable":true,"href":"https:\/\/www.freiburg-schwarzwald.de\/blog\/wp-json\/wp\/v2\/comments?post=130948"}],"version-history":[{"count":5,"href":"https:\/\/www.freiburg-schwarzwald.de\/blog\/wp-json\/wp\/v2\/posts\/130948\/revisions"}],"predecessor-version":[{"id":131147,"href":"https:\/\/www.freiburg-schwarzwald.de\/blog\/wp-json\/wp\/v2\/posts\/130948\/revisions\/131147"}],"wp:attachment":[{"href":"https:\/\/www.freiburg-schwarzwald.de\/blog\/wp-json\/wp\/v2\/media?parent=130948"}],"wp:term":[{"taxonomy":"category","embeddable":true,"href":"https:\/\/www.freiburg-schwarzwald.de\/blog\/wp-json\/wp\/v2\/categories?post=130948"},{"taxonomy":"post_tag","embeddable":true,"href":"https:\/\/www.freiburg-schwarzwald.de\/blog\/wp-json\/wp\/v2\/tags?post=130948"}],"curies":[{"name":"wp","href":"https:\/\/api.w.org\/{rel}","templated":true}]}}