{"id":130925,"date":"2025-02-10T11:33:16","date_gmt":"2025-02-10T10:33:16","guid":{"rendered":"https:\/\/www.freiburg-schwarzwald.de\/blog\/?p=130925"},"modified":"2025-02-13T09:49:47","modified_gmt":"2025-02-13T08:49:47","slug":"bravo-zdf-bravo-alice-weidel","status":"publish","type":"post","link":"https:\/\/www.freiburg-schwarzwald.de\/blog\/bravo-zdf-bravo-alice-weidel\/","title":{"rendered":"Bravo ZDF &#8211; Bravo Alice Weidel"},"content":{"rendered":"<p>Alice Weidel (<a href=\"https:\/\/www.freiburg-schwarzwald.de\/blog\/vereine\/partei\/afd\/afd-diskussion\/\">AfD<\/a>) wurde vom <a href=\"https:\/\/www.freiburg-schwarzwald.de\/blog\/kultur\/medien\/gez-medien\/zdf\/\">ZDF<\/a> eingeladen und in der Sendung &#8222;Was nun?&#8220; interviewt. Mit pr\u00e4zisen Fragen wurde von den <a href=\"https:\/\/www.freiburg-schwarzwald.de\/blog\/kultur\/medien\/journalismus\/\">Journalistinnen<\/a> streng nachgehakt &#8211; gut so. Im Gegenzug wurde der Politikerin aber auch die Gelegenheit einger\u00e4umt, in Ruhe und ohne st\u00e4ndiges Unterbrechen zu antworten. Auch gut so. <!--more-->Bravo den Journalistinnen Bettina Schausten und Anne Gellinek, die zeigten, da\u00df ein interessanter und informativer Polit-Talk auch hierzulande m\u00f6glich ist.<br \/>\n.<br \/>\nGem\u00e4\u00df Medienstaatsvertrag sind die <a href=\"https:\/\/www.freiburg-schwarzwald.de\/blog\/kultur\/medien\/oerr\/\">\u00f6ffentlich-rechtlichen Sender<\/a> von ARD, ZDF und Deutschlandfunkt verpflichtet, die B\u00fcrger als dem Souver\u00e4n objektiv und ausgewogen zu informieren. Dazu geh\u00f6rt auch, da\u00df man die <a href=\"https:\/\/www.freiburg-schwarzwald.de\/blog\/engagement\/zukunft\/demokratie\/opposition\/\">Opposition<\/a> ihrem <a href=\"https:\/\/www.freiburg-schwarzwald.de\/blog\/vereine\/partei\/afd\/afd-opposition\/\">W\u00e4hleranteil<\/a> entsprechend in die Polit-Talks einl\u00e4dt und auch zu Wort kommen l\u00e4\u00dft. Beides geschieht seit 2015 leider nicht. Die Statistiken der <a href=\"https:\/\/www.freiburg-schwarzwald.de\/blog\/kultur\/medien\/talkshow\/\">Talkshows<\/a> zeigen dies.<\/p>\n<p>Zahlen von Jahr 2020 (aktuelle Daten liegen leider nicht vor):<br \/>\nPartei: Talkshow-%: Bundestag-%:<br \/>\nCDU\u00a0 \u00a0 \u00a0 25,2%\u00a0 \u00a0 \u00a0 \u00a0 \u00a0 \u00a0 35%<br \/>\nSPD\u00a0 \u00a0 \u00a0 34,7%\u00a0 \u00a0 \u00a0 \u00a0 \u00a0 \u00a0 21,7%<br \/>\nGr\u00fcne\u00a0 12,5%\u00a0 \u00a0 \u00a0 \u00a0 \u00a0 \u00a0 \u00a09,5%<br \/>\nFDP\u00a0 \u00a0 \u00a0 \u00a0 \u00a09%\u00a0 \u00a0 \u00a0 \u00a0 \u00a0 \u00a0 \u00a0 \u00a0 11,4%<br \/>\nLinks\u00a0 \u00a0 \u00a07,3%\u00a0 \u00a0 \u00a0 \u00a0 \u00a0 \u00a0 \u00a0 9,8%<br \/>\nAfD\u00a0 \u00a0 \u00a0 \u00a0 1,2%\u00a0 \u00a0 \u00a0 \u00a0 \u00a0 \u00a0 \u00a012,5%<br \/>\n<a href=\"https:\/\/de.statista.com\/statistik\/daten\/studie\/954672\/umfrage\/parteizugehoerigkeit-der-politiker-in-talkshows-vs-sitzanteil-im-bundestag\/\">https:\/\/de.statista.com\/statistik\/daten\/studie\/954672\/umfrage\/parteizugehoerigkeit-der-politiker-in-talkshows-vs-sitzanteil-im-bundestag\/<\/a><br \/>\n.<br \/>\nMedienleute und Journalisten sind Berichterstatter und Moderatoren, aber keine <a href=\"https:\/\/www.freiburg-schwarzwald.de\/blog\/kultur\/medien\/journalismus\/haltungsjournalismus\/\">Erzieher<\/a> und Propagandisten. Es wird Zeit, da\u00df aus dem \u00d6RR wieder ein B\u00fcrgerradio bzw. B\u00fcrger-TV wird.<br \/>\n10.2.2025<br \/>\n.<br \/>\nEnde von Beitrag &#8222;Bravo ZDF &#8211; Bravo Alice Weidel&#8220;<br \/>\n=======================================================<br \/>\nBeginn von Anlagen (1)<br \/>\n.<\/p>\n<p><strong>(1) ZDF-Sendung &#8222;Was nun?&#8220; mit Alice Weidel vom 10.2.2025<\/strong><br \/>\n<strong>Weidel: &#8222;Unsere Hand ist ausgestreckt&#8220;<\/strong><br \/>\nAfD-Vorsitzende und Kanzlerkandidatin Alice Weidel hat der Union angeboten, als Juniorpartnerin nach der Bundestagswahl eine neue Bundesregierung zu bilden. Man k\u00f6nne in Verhandlungen eintreten, von Seiten der AfD gebe es keine &#8222;Brandmauer&#8220;, sagte Weidel in der ZDF-Sendung &#8222;Was nun?&#8220;.<br \/>\n&#8230; Alles vom 10.2.2025 bitte lesen auf<br \/>\n<a href=\"https:\/\/www.zdf.de\/nachrichten\/politik\/deutschland\/alice-weidel-afd-bundestagswahl-was-nun-100.html\">https:\/\/www.zdf.de\/nachrichten\/politik\/deutschland\/alice-weidel-afd-bundestagswahl-was-nun-100.html<\/a> (23 min)<br \/>\nWeidel ab 54:10 (mit Bettina Schausten und Anne Gellinek<br \/>\n<a href=\"https:\/\/www.youtube.com\/watch?v=FF43PQvmKvk\">https:\/\/www.youtube.com\/watch?v=FF43PQvmKvk<\/a><br \/>\nEinige Kommentare:<br \/>\nDas erste Mal, dass ich mir ein Interview bis zum Schluss angeschaut habe. Spannend und fair. Arita<br \/>\n.<br \/>\nMan ist schon fast perplex, wenn der \u00d6RR ein ganz vern\u00fcnftiges Interview mit Frau Weidel macht. So ganz ohne Schaum vor dem Mund. Noma<br \/>\n.<br \/>\nDanke ZDF. Es geht doch. Ein normales Gespr\u00e4ch, ohne st\u00e4ndiges unangenehmes und unh\u00f6fliches Dazwischenreden, ohne Framing und politische Statements der Interviewer. Guana<br \/>\nIch mu\u00df den beiden Moderatorinnen ein gro\u00dfes Lob aussprechen, ein sehr gut gef\u00fchrtes Interview. Speziell mit Frau Weidel, das kennt man vom ZDF aus der Vergangenheit leider ganz anders. auwang<br \/>\nEnde Kommentare<\/p>\n","protected":false},"excerpt":{"rendered":"<p>Alice Weidel (AfD) wurde vom ZDF eingeladen und in der Sendung &#8222;Was nun?&#8220; interviewt. Mit pr\u00e4zisen Fragen wurde von den Journalistinnen streng nachgehakt &#8211; gut so. Im Gegenzug wurde der Politikerin aber auch die Gelegenheit einger\u00e4umt, in Ruhe und ohne &hellip; <a href=\"https:\/\/www.freiburg-schwarzwald.de\/blog\/bravo-zdf-bravo-alice-weidel\/\">Weiterlesen <span class=\"meta-nav\">&rarr;<\/span><\/a><\/p>\n","protected":false},"author":2,"featured_media":0,"comment_status":"open","ping_status":"closed","sticky":false,"template":"","format":"standard","meta":{"footnotes":""},"categories":[18,36,13,80],"tags":[749,439,720],"class_list":["post-130925","post","type-post","status-publish","format-standard","hentry","category-bildung","category-engagement","category-kultur","category-medien","tag-diskussionskultur","tag-journalist","tag-medien"],"_links":{"self":[{"href":"https:\/\/www.freiburg-schwarzwald.de\/blog\/wp-json\/wp\/v2\/posts\/130925","targetHints":{"allow":["GET"]}}],"collection":[{"href":"https:\/\/www.freiburg-schwarzwald.de\/blog\/wp-json\/wp\/v2\/posts"}],"about":[{"href":"https:\/\/www.freiburg-schwarzwald.de\/blog\/wp-json\/wp\/v2\/types\/post"}],"author":[{"embeddable":true,"href":"https:\/\/www.freiburg-schwarzwald.de\/blog\/wp-json\/wp\/v2\/users\/2"}],"replies":[{"embeddable":true,"href":"https:\/\/www.freiburg-schwarzwald.de\/blog\/wp-json\/wp\/v2\/comments?post=130925"}],"version-history":[{"count":5,"href":"https:\/\/www.freiburg-schwarzwald.de\/blog\/wp-json\/wp\/v2\/posts\/130925\/revisions"}],"predecessor-version":[{"id":130936,"href":"https:\/\/www.freiburg-schwarzwald.de\/blog\/wp-json\/wp\/v2\/posts\/130925\/revisions\/130936"}],"wp:attachment":[{"href":"https:\/\/www.freiburg-schwarzwald.de\/blog\/wp-json\/wp\/v2\/media?parent=130925"}],"wp:term":[{"taxonomy":"category","embeddable":true,"href":"https:\/\/www.freiburg-schwarzwald.de\/blog\/wp-json\/wp\/v2\/categories?post=130925"},{"taxonomy":"post_tag","embeddable":true,"href":"https:\/\/www.freiburg-schwarzwald.de\/blog\/wp-json\/wp\/v2\/tags?post=130925"}],"curies":[{"name":"wp","href":"https:\/\/api.w.org\/{rel}","templated":true}]}}