{"id":130912,"date":"2025-02-11T12:32:36","date_gmt":"2025-02-11T11:32:36","guid":{"rendered":"https:\/\/www.freiburg-schwarzwald.de\/blog\/?p=130912"},"modified":"2025-02-13T08:38:54","modified_gmt":"2025-02-13T07:38:54","slug":"frieden-statt-brandmauer","status":"publish","type":"post","link":"https:\/\/www.freiburg-schwarzwald.de\/blog\/frieden-statt-brandmauer\/","title":{"rendered":"Frieden statt Brandmauer"},"content":{"rendered":"<p>Es ist <a href=\"https:\/\/www.freiburg-schwarzwald.de\/blog\/engagement\/zukunft\/demokratie\/bundestagswahl2025\/\">Bundestagswahlkampf<\/a> und keiner spricht das Thema Nr. 1 an, den <a href=\"https:\/\/www.freiburg-schwarzwald.de\/blog\/global\/ukraine\/ukrainekrieg\/\">Ukrainekrieg<\/a>. Politik und Medien tun alles, um dieses furchtbare <a href=\"https:\/\/www.freiburg-schwarzwald.de\/blog\/global\/ukraine\/ukraine-russland\/\">Kriegsgeschehen<\/a> aus dem Bewu\u00dftsein der W\u00e4hler zu dr\u00e4ngen &#8211; in dem man Randthemen wie zum Beispiel <a href=\"https:\/\/www.freiburg-schwarzwald.de\/blog\/selbsthilfe\/frauen\/gender\/\">Gender<\/a> oder <a href=\"https:\/\/www.freiburg-schwarzwald.de\/blog\/vereine\/partei\/cdu\/brandmauer\/\">Brandmauer<\/a> k\u00fcnstlich hochspielt. <!--more-->Nur um vom Krieg abzulenken bzw. vom eigenen Unverm\u00f6gen und Unwillen, <a href=\"https:\/\/www.freiburg-schwarzwald.de\/blog\/global\/ukraine\/ukraine-frieden\/\">Frieden<\/a> zu stiften.<\/p>\n<p>So besch\u00e4ftigen sich die <a href=\"https:\/\/www.freiburg-schwarzwald.de\/blog\/kultur\/medien\/mainstream\/\">reichweitenstarken Medien<\/a> in ihrer Berichterstattung zum TV-Kanzlerduell Scholz-Merz vom 9.2.2025 ausgiebig mit dem Statement von Friedrich Merz, da\u00df es nur zwei Geschlechter gibt (siehe Anlage (1) unten). Obwohl man wei\u00df, dass Biologie nun mal Biologie ist und an den Unis demn\u00e4chst zahlreiche Promotionsarbeiten zum &#8222;Unsinn des Gender-Ged\u00f6ns 2015-2025&#8220; vergeben werden. Gender ade.<br \/>\nSo besch\u00e4ftigen sich die 733 gutbezahlten <a href=\"https:\/\/www.freiburg-schwarzwald.de\/blog\/engagement\/zukunft\/demokratie\/parlament\/abgeordnete\/\">Abgeordneten<\/a> auf <a href=\"https:\/\/www.freiburg-schwarzwald.de\/blog\/cdu-5-punkte-plan-348-zu-345\/\">zwei Bundestagssitzungen<\/a> am 29.1. und 31.1.2025 damit, sich \u00fcber die Brandmauer von fr\u00fch bis sp\u00e4t gegenseitig zu beschimpfen und zu beleidigen. Obwohl man wei\u00df, das die Brandmauer als <a href=\"https:\/\/www.freiburg-schwarzwald.de\/blog\/brandmauer-cdu-gegen-afd\/\">undemokratisches Instrument<\/a> zum Ausschalten der <a href=\"https:\/\/www.freiburg-schwarzwald.de\/blog\/engagement\/zukunft\/demokratie\/opposition\/\">Opposition<\/a> demn\u00e4chst fallen wird und mu\u00df &#8211; sofern man die parlamentarische Demokratie erhalten m\u00f6chte. Brandmauer ade.<br \/>\n.<br \/>\nW\u00e4hrend man sich \u00fcber Gender und Brandmauer erregt und diese Erregung dem <a href=\"https:\/\/www.freiburg-schwarzwald.de\/blog\/engagement\/zukunft\/demokratie\/wahlvolk\/\">Volk<\/a> im Wahlkampf pr\u00e4sentiert, liegen sich 1400 km \u00f6stlich im <a href=\"https:\/\/www.freiburg-schwarzwald.de\/blog\/global\/ukraine\/donbass\/\">Donbass<\/a> ukrainische und russische junge Soldaten in Sch\u00fctzengr\u00e4ben gegen\u00fcber und warten darauf, die gleichaltrigen Jungens von gegen\u00fcber wie befohlen abzuknallen \u2013 ein Stellungskampf wie im <a href=\"https:\/\/www.freiburg-schwarzwald.de\/blog\/ukraine-blutvergiessen-stoppen\/\">1. Weltkrieg (Verdun)<\/a>. Dabei sind sich die Milit\u00e4rs einig, da\u00df dieser Krieg von keiner Seite mit Waffen zu gewinnen ist.<\/p>\n<p>Warum spielt der Krieg in der Ukraine im Wahlkampf zum 23.2.2025 keine Rolle?<br \/>\nWarum k\u00f6nnen die Mainstreammedien ihre <a href=\"https:\/\/www.freiburg-schwarzwald.de\/blog\/kriegs-versus-friedensrhetorik\/\">Kriegsrhetorik<\/a> aufrecht erhalten?<br \/>\nWarum fordern die Altparteien wie <a href=\"https:\/\/www.freiburg-schwarzwald.de\/blog\/vereine\/partei\/cdu\/cdu-opposition\/\">CDU<\/a>, <a href=\"https:\/\/www.freiburg-schwarzwald.de\/blog\/vereine\/partei\/spd\/\">SPD<\/a>, <a href=\"https:\/\/www.freiburg-schwarzwald.de\/blog\/vereine\/partei\/gruene\/gruene2021\/\">Gr\u00fcne<\/a>, <a href=\"https:\/\/www.freiburg-schwarzwald.de\/blog\/vereine\/partei\/fdp\/\">FDP<\/a> keinen sofortigen Waffenstillstand mit Aufnahme von Friedensverhandlungen &#8211; wie etwa <a href=\"https:\/\/www.freiburg-schwarzwald.de\/blog\/vereine\/partei\/afd\/afd-opposition\/\">AfD<\/a> und <a href=\"https:\/\/www.freiburg-schwarzwald.de\/blog\/engagement\/zukunft\/demokratie\/links\/wagenknecht\/\">BSW<\/a>?<br \/>\nWarum <a href=\"https:\/\/www.freiburg-schwarzwald.de\/blog\/die-friedensbewegung-schweigt\/\">schweigt<\/a> die deutsche <a href=\"https:\/\/www.freiburg-schwarzwald.de\/blog\/engagement\/zukunft\/frieden\/friedensbewegung2-0\/\">Friedensbewegung<\/a>?<br \/>\nWarum demonstriert auf den Strassen niemand f\u00fcr ein Kriegsende, auch nicht die mindestens 250.000 in Deutschland aufgenommenen <a href=\"https:\/\/www.freiburg-schwarzwald.de\/blog\/friedensdemo-250000-ukrainer\/\">ukrainischen M\u00e4nner<\/a>?<br \/>\nWarum wartet man hierzulande unt\u00e4tig und untert\u00e4nig ab, bis Trump und Putin ihren Deal zum Beendigen des Ukrainekriegs machen &#8211; \u00fcber die K\u00f6pfe von Kiew, Berlin, London und Br\u00fcssel hinweg?<br \/>\nFragen \u00fcber Fragen, die im Wahlkampf diskutiert werden m\u00fcssen,<\/p>\n<p>Frieden und Freiheit sind die Themen, nicht Gender und Brandmauer.<br \/>\nStatt der gegenw\u00e4rtigen Kriegsrhetorik brauchen wir in Politik, Medien wie Zivilgesellschaft eine Friedensrhetorik &#8211; gerade in den letzten beiden Wochen vor der Bundestagswahl am 23.2.2025.<br \/>\n11.2.2025<br \/>\nDieser Beitrag ist auch erschienen auf:<br \/>\n<a href=\"https:\/\/ansage.org\/frieden-statt-brandmauer-worueber-in-diesem-wahlkampf-niemand-sprechen-will\/\">https:\/\/ansage.org\/frieden-statt-brandmauer-worueber-in-diesem-wahlkampf-niemand-sprechen-will\/<\/a><br \/>\n.<br \/>\nEnde vom Beitrag &#8222;Frieden statt Brandmauer&#8220;<br \/>\n===========================================================<br \/>\nBeginn von Anlagen (1) &#8211;<br \/>\n.<\/p>\n<p><strong>(1) Zoff um Merz-Satz \u00fcber zwei Geschlechter<\/strong><br \/>\n<strong>Merz lobte Trump-Entscheidung<\/strong><br \/>\nGeschlechter-Zoff in der Union! Der CDU-nahe Verband \u201eLesben und Schwule in der Union\u201c (LSU) geht auf Konfrontationskurs zum eigenen Parteichef und Kanzlerkandidaten Friedrich Merz. Grund: Seine Aussage im TV-Duell zur Frage, wie viele Geschlechter es denn g\u00e4be. Der Hintergrund: Am Sonntagabend wurde Merz im Fernsehduell gefragt, was er denn von dem Vorsto\u00df von Donald Trump (78) halte, dass dieser per Dekret beschlossen habe, in den USA offiziell nur noch zwei Geschlechter (Mann und Frau) anzuerkennen. Die unmissverst\u00e4ndliche Antwort von Merz: \u201eDas ist eine Entscheidung, die ich nachvollziehen kann.\u201c<br \/>\n&#8230; Alles vom 10.2.2025 bitte lesen auf<br \/>\n<a href=\"https:\/\/www.bild.de\/politik\/inland\/nach-merzaussage-zu-zwei-geschlechtern-woke-zoff-in-der-union-67a9c248460d417dff93e46b\">https:\/\/www.bild.de\/politik\/inland\/nach-merzaussage-zu-zwei-geschlechtern-woke-zoff-in-der-union-67a9c248460d417dff93e46b<\/a><br \/>\n.<br \/>\n,<\/p>\n<p><strong>(2) Man f\u00fchrt eine Scheindiskussion<\/strong><br \/>\nMan diskutiert nicht \u00fcber zur\u00fcckgegangenes reales BIP, \u00fcber Kriegsfinanzierung, \u00fcber Energiekrise, \u00fcber Migrationskrise, \u00fcber verfassungswidrige Haushalte, \u00fcber \u00dcberschuldung, \u00fcber instabile Verh\u00e4ltnisse. Man f\u00fchrt eine Scheindiskussion \u00fcber \u00bbRechts\u00ab organisiert Demonstrationen, um von dem sich ausbreitenden Elend abzulenken. Man kanalisiert das Emp\u00f6rungspotential der Menschen auf eine belanglose Diskussion, man spielt \u00bbteile und herrsche\u00ab, man spielt \u00bbRechte Eckespiel\u00ab. Man hat sich aber selber in eine Situation man\u00f6vriert in der gute, konstruktive Politik nicht mehr m\u00f6glich ist. Dazu fehlt auch das qualifizierte Personal. Die Diskussion \u00fcber \u00bbrechts\u00ab ist eine reine Scheindiskussion f\u00fcr \u00bbSchnelldenker\u00ab und \u00bbStimmvieh\u00ab. M.S.,<\/p>\n","protected":false},"excerpt":{"rendered":"<p>Es ist Bundestagswahlkampf und keiner spricht das Thema Nr. 1 an, den Ukrainekrieg. Politik und Medien tun alles, um dieses furchtbare Kriegsgeschehen aus dem Bewu\u00dftsein der W\u00e4hler zu dr\u00e4ngen &#8211; in dem man Randthemen wie zum Beispiel Gender oder Brandmauer &hellip; <a href=\"https:\/\/www.freiburg-schwarzwald.de\/blog\/frieden-statt-brandmauer\/\">Weiterlesen <span class=\"meta-nav\">&rarr;<\/span><\/a><\/p>\n","protected":false},"author":2,"featured_media":0,"comment_status":"open","ping_status":"closed","sticky":false,"template":"","format":"standard","meta":{"footnotes":""},"categories":[18,131,181,134,135,36,195,139,133,13,132,130,172],"tags":[817,827,633,520,525,500],"class_list":["post-130912","post","type-post","status-publish","format-standard","hentry","category-bildung","category-biomasse","category-buergerbeteiligung","category-e-bike","category-energiepolitik","category-engagement","category-eu","category-heimat","category-kraftwaermekopplung","category-kultur","category-strom","category-wasserkraft","category-zukunft","tag-brandmauer","tag-bundestag","tag-demokratie","tag-frieden","tag-politik","tag-wahl"],"_links":{"self":[{"href":"https:\/\/www.freiburg-schwarzwald.de\/blog\/wp-json\/wp\/v2\/posts\/130912","targetHints":{"allow":["GET"]}}],"collection":[{"href":"https:\/\/www.freiburg-schwarzwald.de\/blog\/wp-json\/wp\/v2\/posts"}],"about":[{"href":"https:\/\/www.freiburg-schwarzwald.de\/blog\/wp-json\/wp\/v2\/types\/post"}],"author":[{"embeddable":true,"href":"https:\/\/www.freiburg-schwarzwald.de\/blog\/wp-json\/wp\/v2\/users\/2"}],"replies":[{"embeddable":true,"href":"https:\/\/www.freiburg-schwarzwald.de\/blog\/wp-json\/wp\/v2\/comments?post=130912"}],"version-history":[{"count":5,"href":"https:\/\/www.freiburg-schwarzwald.de\/blog\/wp-json\/wp\/v2\/posts\/130912\/revisions"}],"predecessor-version":[{"id":130923,"href":"https:\/\/www.freiburg-schwarzwald.de\/blog\/wp-json\/wp\/v2\/posts\/130912\/revisions\/130923"}],"wp:attachment":[{"href":"https:\/\/www.freiburg-schwarzwald.de\/blog\/wp-json\/wp\/v2\/media?parent=130912"}],"wp:term":[{"taxonomy":"category","embeddable":true,"href":"https:\/\/www.freiburg-schwarzwald.de\/blog\/wp-json\/wp\/v2\/categories?post=130912"},{"taxonomy":"post_tag","embeddable":true,"href":"https:\/\/www.freiburg-schwarzwald.de\/blog\/wp-json\/wp\/v2\/tags?post=130912"}],"curies":[{"name":"wp","href":"https:\/\/api.w.org\/{rel}","templated":true}]}}