{"id":130659,"date":"2025-02-05T22:10:30","date_gmt":"2025-02-05T21:10:30","guid":{"rendered":"https:\/\/www.freiburg-schwarzwald.de\/blog\/?p=130659"},"modified":"2025-02-08T20:17:44","modified_gmt":"2025-02-08T19:17:44","slug":"kontrafunk-kontosperrung-pirna","status":"publish","type":"post","link":"https:\/\/www.freiburg-schwarzwald.de\/blog\/kontrafunk-kontosperrung-pirna\/","title":{"rendered":"Kontrafunk Kontosperrung Pirna"},"content":{"rendered":"<p>&#8222;Ihre Bank in der S\u00e4chsischen Schweiz&#8220; &#8211; die Volksbank Pirna bei <a href=\"https:\/\/www.freiburg-schwarzwald.de\/blog\/global\/deutschland\/dresden\/\">Dresden<\/a> wirbt mit &#8222;Junge Leute: Das Leben beginnt genau jetzt und die Welt steht dir offen! Mehr Freiheit und mehr M\u00f6glichkeiten &#8211; aber auch mehr Verantwortung&#8220;. Diese Bank redet von Freiheit und hat sich die <a href=\"https:\/\/www.freiburg-schwarzwald.de\/blog\/engagement\/zukunft\/demokratie\/freiheit\">Freiheit<\/a> genommen, <!--more-->dem in der Schweiz beheimateten Sender <a href=\"https:\/\/www.freiburg-schwarzwald.de\/blog\/kultur\/medien\/radio\/kontrafunk\/\">Kontrafunk.radio<\/a> das deutsche Konto zu sperrren. <a href=\"https:\/\/kontrafunk.radio\/de\/hinweise\/deutsches-konto-gekuendigt\">https:\/\/kontrafunk.radio\/de\/hinweise\/deutsches-konto-gekuendigt<\/a> Einfach so, ohne Ank\u00fcndigung und ohne Angabe von Gr\u00fcnden. &#8222;Sie bekennen sich noch nicht mal dazu\u201c, sagt Peter Hahne dazu und sieht darin einen \u201eR\u00fcckfall in die 1930er Jahre\u201c. Freiheit ade. <a href=\"https:\/\/www.freiburg-schwarzwald.de\/blog\/kultur\/medien\/pressefreiheit\/\">Pressefreiheit<\/a> ade.<\/p>\n<p><a href=\"https:\/\/www.freiburg-schwarzwald.de\/blog\/wp-content\/uploads\/2025\/02\/kontrafunk-klein.jpg\"><img loading=\"lazy\" decoding=\"async\" class=\"alignnone size-full wp-image-130778\" src=\"https:\/\/www.freiburg-schwarzwald.de\/blog\/wp-content\/uploads\/2025\/02\/kontrafunk-klein.jpg\" alt=\"\" width=\"150\" height=\"105\" \/><\/a><\/p>\n<p>Der in Steckborn\/Schweiz am Bodensee beheimatete <a href=\"https:\/\/www.freiburg-schwarzwald.de\/blog\/kontrafunk-die-sonnntagsrunde\/\">Kontrafunk<\/a> ist unabh\u00e4ngig, arbeitet rein spendenbasiert und feiert im M\u00e4rz sein dreij\u00e4hriges Bestehen. &#8222;Die Stimme der Vernunft&#8220; sieht sich als kritische und anspruchsvolle Alternative zu den\u00a0 <a href=\"https:\/\/www.freiburg-schwarzwald.de\/blog\/kultur\/medien\/mainstream\/\">Mainstreammedien<\/a> und den Radiosendern des <a href=\"https:\/\/www.freiburg-schwarzwald.de\/blog\/kultur\/medien\/oerr\/\">\u00d6RR<\/a>. Im Kontrafunk kommt die <a href=\"https:\/\/www.freiburg-schwarzwald.de\/blog\/engagement\/zukunft\/demokratie\/freiheit\/abweichende-meinung\/\">abweichende Meinung<\/a> &#8211; von rechts wie links &#8211; zur Geltung, er ist der <a href=\"https:\/\/www.freiburg-schwarzwald.de\/blog\/kultur\/medien\/meinungsfreiheit\/\">Meinungsfreiheit<\/a> verpflichtet. Dieser Radiosender steht au dem Boden der Schweizer wie der Deutschen Verfassung.<br \/>\nMit der Kontosperrung wird versucht, dem Sender das wirtschaftliche Fundament zu entziehen, um die <a href=\"https:\/\/www.freiburg-schwarzwald.de\/blog\/meinungsfreiheit-buergerrecht\/\">abweichende Meinung<\/a> zu unterdr\u00fccken.<br \/>\nDazu Peter Hahne (1): &#8222;Was mich ersch\u00fcttert, ist dass es eine Volksbank <a href=\"https:\/\/www.volksbank-pirna.de\/homepage.html\">https:\/\/www.volksbank-pirna.de\/homepage.html <\/a>ist, die doch dem Genossenschaftsgedanken verbunden ist. &#8230; Die Gr\u00fcnder Friedrich Wilhelm Raiffeisen und Schulze- Delitzsch werden sich im Grabe herumdrehen. &#8230; Ein unglaublicher Anschlag gegen die Pressefreiheit. &#8230; Sie haben bei der Bank noch nicht mal den Mumm, die Gr\u00fcnde f\u00fcr die Kontosperrung zu nennen. &#8220;<br \/>\n5.2.2025<br \/>\n.<br \/>\nEnde von Beitrag &#8222;Kontrafunk Kontosperrung Pirna&#8220;<br \/>\n=========================================================<br \/>\nBeginn von Anlagen (1) &#8211; (5)<br \/>\n.<\/p>\n<p><strong>(1) Kampf gegen Pressefreiheit: Volksbank Pirna wirft Kontrafunk raus<\/strong><br \/>\nWie die Union und die FDP inzwischen auch dem Nazi-Vorwurf durch die linken Kreuzritter und ihre Inquisitoren ausgesetzt und deren Politiker vor gewaltt\u00e4tigen \u00dcbergriffen durch die sog. \u201eAntifa\u201c f\u00fcrchten m\u00fcssen, so geht es nun auch gutb\u00fcrgerlichen Institutionen der Mitte an den Kragen, sofern sie nicht lautstark in die Hasskampagne gegen \u201erechts\u201c lautstark einstimmen.<br \/>\nSender der echten demokratischen Mitte<br \/>\nDiesmal hat es den Kontrafunk getroffen, der sich in den letzten Jahren zu dem wichtigsten, unterhaltsamsten und seri\u00f6sesten Radiosender im Bereich der wirklichen demokratischen Mitte etabliert hat (die freilich mit der linksfaschistischen Politikerblase, die sich gerne so nennt, nichts zu tun hat).<br \/>\nBesonders beliebt seine vielen akademischen Sendungen und seine stets seri\u00f6s recherchierten und framingfreien Nachrichten. Und die Freude \u00fcber die vielen prominenten Journalisten, die dort stets Gast sind. Aber eben auch Kritiker der Kartellparteien und AfD-Politiker zu Wort kommen lie\u00df. Und damit dem Staatsfunk einen Spiegel vorh\u00e4lt, wie Journalismus geht.<br \/>\n.<br \/>\n<em>Kontrafunk-Konto gek\u00fcndigt! &#8222;Wie in den 30er Jahren wird die Meinungsfreiheit kaputtgemacht&#8220;, sagte Peter Hahne heute fr\u00fch bei NIUS live.<\/em><br \/>\n<em>5.2.2025, <a href=\"https:\/\/x.com\/kontrafunk\/status\/1887117012431736914\">https:\/\/x.com\/kontrafunk\/status\/1887117012431736914<\/a><\/em><br \/>\n<em>. ..<\/em><br \/>\nVorangegangen war hier ein Hetzartikel des inzwischen durch seine Fakenewsverbreitung in Verruf geratenen \u201eCorrectiv\u201c schon Ende 2023 mit dem Titel &#8222;Dieser Bank vertrauen Extremisten&#8220;. <a href=\"https:\/\/correctiv.org\/aktuelles\/wirtschaft\/2023\/11\/27\/dieser-bank-vertrauen-extremisten\/\">https:\/\/correctiv.org\/aktuelles\/wirtschaft\/2023\/11\/27\/dieser-bank-vertrauen-extremisten\/<\/a><br \/>\nMeinrad M\u00fcller hat darauf hingewiesen, dass der Fall Kontrafunk kein Einzelfall ist. Die Liste kritischer Stimmen, denen Konten gek\u00fcndigt wurden, wird immer l\u00e4nger: Pi-News (Paypal), Reitschuster, Sellner, Achse des Guten etc. \u2013 und jetzt Kontrafunk. Hahnes Warnung ist klar: \u201eWehret den Anf\u00e4ngen.\u201c<br \/>\n&#8230; Alles vom 5.2.2025 bitte lesen auf<br \/>\n<a href=\"https:\/\/philosophia-perennis.com\/2025\/02\/05\/volksbank-kontrafunk\/\">https:\/\/philosophia-perennis.com\/2025\/02\/05\/volksbank-kontrafunk\/<\/a><br \/>\n.<br \/>\n.<br \/>\n<strong>(2) Aya Velazquez: &#8220; Pressefreiheit mit wei\u00dfen Handschuhen ausgehebelt&#8220;<\/strong><br \/>\n\u201eKontok\u00fcndigungen kritischer Medien \u2013 und zwar nicht nur Social Media-, sondern Bankkonto-K\u00fcndigungen \u2013 sind seit Jahren trauriger Alltag in Deutschland. M\u00f6glich ist dies nur, weil die Gesellschaft es achselzuckend hinnimmt, und auf die angebliche Unabh\u00e4ngigkeit von \u201ePrivatunternehmen\u201c verweist, die nun einmal nicht jeden Kunden bedienen m\u00fcssen<br \/>\nFormal stimmt dies zwar &#8211; es muss aber jedem klar sein, dass eine Bank nicht von selbst auf die Idee kommt, pl\u00f6tzlich v\u00f6llig vom Grundgesetz gedeckte, publizistische Inhalte ihrer Kunden zu problematisieren &#8211; sondern selbstverst\u00e4ndlich auf politischen Druck von au\u00dfen reagiert. Damit sind sie eben schon lange keine unabh\u00e4ngig agierenden &#8222;Privatunternehmen&#8220; mehr, sondern agieren unter den Bedingungen einer totalen Verschr\u00e4nkung von Regierungsmacht mit Konzernmacht, aus der gef\u00e4lligst niemand mehr auszuscheren hat. Die Banken handeln aus Angst, sonst selber Probleme zu bekommen, wenn sie Medien, die dem System als &#8222;gef\u00e4hrlich&#8220; erscheinen, eine Plattform geben.<br \/>\nSo wird das Grundrecht auf Pressefreiheit mit wei\u00dfen Handschuhen ausgehebelt. Niemand macht sich formal dabei die H\u00e4nde schmutzig: Die Bank nicht, die bei der K\u00fcndigung einfach keine Begr\u00fcndung mitliefert und nicht zugeben muss, auf welchen Anlass hin die Kontok\u00fcndigung erfolgte. Der Staat nicht, der ganz bequem auf die Privatentscheidung der Banken verweisen kann, mit der er ja nichts zu tun h\u00e4tte.<\/p>\n<p>Auf diese Weise funktioniert \u201eFaschismus, der eigentlich Korporatismus hei\u00dfen sollte\u201c (nach Mussolini) im 21. Jahrhundert: Formal macht sich niemand mehr schuldig, alle tragen wei\u00dfe Handschuhe \u2013 aber das Ziel, oppositionelle Medien und somit die Pressefreiheit einzuschr\u00e4nken, wird genauso effektiv wie im \u201eoffenen Faschismus\u201c erreicht \u2013 nur mit dem Bonus, die eigene, h\u00e4ssliche Fratze nicht mehr entbl\u00f6\u00dfen zu m\u00fcssen. Dies ist die Realit\u00e4t des \u201eNeuen Normal\u201c, in dem wir seit 2020 leben.\u201c<br \/>\n&#8230; Alles vom 5.2.2025 von Aya Vel\u00e1zquez bitte lesen auf<br \/>\n<a href=\"https:\/\/x.com\/aya_velazquez\/status\/1887141261787721745\">https:\/\/x.com\/aya_velazquez\/status\/1887141261787721745<\/a><br \/>\n.<br \/>\n.<br \/>\n<strong>(3) Volksbank k\u00fcndigt Kontrafunk das Konto<\/strong><br \/>\nDem kritischen Radiosender Kontrafunk wurde ohne Begr\u00fcndung das Konto gek\u00fcndigt.<br \/>\n&#8230; \u00dcber den Wirtschaftshahn werde die Meinungs- und Pressefreiheit kaputt gemacht. Hahne forderte die Volksbank auf, die K\u00fcndigung unverz\u00fcglich zur\u00fcckzunehmen. Falls dies nicht geschehe, sei dies ein \u201eunglaublicher Anschlag auf die Presse und Meinungsfreiheit\u201c. Vom Kontrafunk wurde der Vorfall bislang nicht inhaltlich kommentiert. Auf der Homepage des Senders wird nur auf das in Euro lautende Bankkonto des Senders bei einem Schweizer Institut verwiesen, auf das weiterhin problemlos Spenden im Rahmen des gesamteurop\u00e4ischen SEPA-Systems \u00fcberweisen werden k\u00f6nnten.<br \/>\n&#8230; Alles vom 5.2.2025 bitte lesen auf<br \/>\n<a href=\"https:\/\/www.achgut.com\/artikel\/volksbank_kuendigt_kontrafunk_das_konto\">https:\/\/www.achgut.com\/artikel\/volksbank_kuendigt_kontrafunk_das_konto<\/a><br \/>\n.<br \/>\n.<\/p>\n<p><strong>(4) Kontrafunk verliert deutsches Konto<\/strong><br \/>\nDer Kontrafunk ist eines von inzwischen vielen oppositionellen Medien, denen das Konto gek\u00fcndigt wurde. Multipolar-Recherchen haben ergeben, dass seit 2020 rund 40 regierungskritischen Medien-Akteuren Konten gek\u00fcndigt wurden.<\/p>\n<p>Kontrafunk-Chef Burkhard M\u00fcller-Ullrich geht davon aus, dass die Entscheidung nicht in Pirna sondern in der Volksbank-Zentrale in Frankfurt am Main getroffen wurde. Sowohl vor dem K\u00fcndigungsschreiben, das auf den 30. Januar datiert ist, als auch danach habe es keine Kontaktaufnahme durch die Volksbank gegeben. Er h\u00e4tte es als \u201eanst\u00e4ndig\u201c empfunden, wenn die Mitarbeiter dem Kontrafunk im Vorfeld \u201eeinen Wink\u201c gegeben h\u00e4tten, zumal sie ihm freundlich gesonnen schienen, erkl\u00e4rte M\u00fcller-Ullrich gegen\u00fcber Multipolar. Sein Sender plane zun\u00e4chst nicht, ein neues Konto in der Europ\u00e4ischen Union zu er\u00f6ffnen, sagte er.<\/p>\n<p>Der Kontrafunk habe zwei stabile Bankbeziehungen in der Schweiz, wo er auch als Aktiengesellschaft seinen Sitz hat. Die anf\u00e4nglichen Schwierigkeiten seien zwar in manchen F\u00e4llen \u201epolitisch motiviert\u201c gewesen, in anderen aber auch gesch\u00e4ftlich bedingt. \u201eWeil wegen der irren Geldw\u00e4schevorschriften jede Bank den finanziellen Background unserer zig Investoren in Deutschland h\u00e4tte pr\u00fcfen m\u00fcssen \u2013 und das ist einfach unm\u00f6glich\u201c, sagt M\u00fcller-Ullrich. In einem Gastbeitrag bei Nius schreibt er erg\u00e4nzend, dass Zuspruch und Reichweite des Senders seit dem \u201eBankangriff\u201c wachsen.<br \/>\n&#8230; Alles vom .2.2025 bitte lesen auf<br \/>\n<a href=\"https:\/\/multipolar-magazin.de\/meldungen\/0172\">https:\/\/multipolar-magazin.de\/meldungen\/0172<\/a><br \/>\n.<br \/>\n.<br \/>\n<strong>(5) De-Banking: Konto-K\u00fcndigung der Banken als Waffe gegen alternative Medien<\/strong><br \/>\nDie zunehmenden Konto-K\u00fcndigungen der Banken, die oppositionellen Medien regelrecht die finanzielle Basis f\u00fcr ihre Arbeit entziehen, das \u201eDe-Banking\u201c, treten immer mehr in das \u00f6ffentliche Bewusstsein. Am 17.1.2025 ver\u00f6ffentliche die \u201ePreu\u00dfische Allgemeine\u201c dar\u00fcber einen kritischen Artikel, in dem einige bekannte Journalisten und alternative Medien aufgef\u00fchrt werden \u2013 darunter auch der \u201eFassadenkratzer\u201c \u2013 die in den letzten Jahren von Konto-K\u00fcndigungen betroffen wurden.1 Wir \u00fcbernehmen hier diesen Artikel mit freundlicher Erlaubnis des Autors und der Redaktion der \u201ePreu\u00dfischen Allgemeinen\u201c. (hl)<br \/>\n&#8230; Alles vom 29.1.2025 bitte lesen auf<br \/>\n<a href=\"https:\/\/fassadenkratzer.de\/2025\/01\/29\/konto-kuendigung-der-banken-als-waffe-gegen-alternative-medien\/\">https:\/\/fassadenkratzer.de\/2025\/01\/29\/konto-kuendigung-der-banken-als-waffe-gegen-alternative-medien\/<\/a><\/p>\n","protected":false},"excerpt":{"rendered":"<p>&#8222;Ihre Bank in der S\u00e4chsischen Schweiz&#8220; &#8211; die Volksbank Pirna bei Dresden wirbt mit &#8222;Junge Leute: Das Leben beginnt genau jetzt und die Welt steht dir offen! Mehr Freiheit und mehr M\u00f6glichkeiten &#8211; aber auch mehr Verantwortung&#8220;. Diese Bank redet &hellip; <a href=\"https:\/\/www.freiburg-schwarzwald.de\/blog\/kontrafunk-kontosperrung-pirna\/\">Weiterlesen <span class=\"meta-nav\">&rarr;<\/span><\/a><\/p>\n","protected":false},"author":2,"featured_media":0,"comment_status":"open","ping_status":"closed","sticky":false,"template":"","format":"standard","meta":{"footnotes":""},"categories":[18,131,181,21,134,135,195,138,139,162,133,13,80,219,9,132,130],"tags":[766,682,720,671],"class_list":["post-130659","post","type-post","status-publish","format-standard","hentry","category-bildung","category-biomasse","category-buergerbeteiligung","category-dienste","category-e-bike","category-energiepolitik","category-eu","category-gastro","category-heimat","category-internet","category-kraftwaermekopplung","category-kultur","category-medien","category-schweiz","category-soziales","category-strom","category-wasserkraft","tag-buerger","tag-freiheit","tag-medien","tag-presse"],"_links":{"self":[{"href":"https:\/\/www.freiburg-schwarzwald.de\/blog\/wp-json\/wp\/v2\/posts\/130659","targetHints":{"allow":["GET"]}}],"collection":[{"href":"https:\/\/www.freiburg-schwarzwald.de\/blog\/wp-json\/wp\/v2\/posts"}],"about":[{"href":"https:\/\/www.freiburg-schwarzwald.de\/blog\/wp-json\/wp\/v2\/types\/post"}],"author":[{"embeddable":true,"href":"https:\/\/www.freiburg-schwarzwald.de\/blog\/wp-json\/wp\/v2\/users\/2"}],"replies":[{"embeddable":true,"href":"https:\/\/www.freiburg-schwarzwald.de\/blog\/wp-json\/wp\/v2\/comments?post=130659"}],"version-history":[{"count":5,"href":"https:\/\/www.freiburg-schwarzwald.de\/blog\/wp-json\/wp\/v2\/posts\/130659\/revisions"}],"predecessor-version":[{"id":130791,"href":"https:\/\/www.freiburg-schwarzwald.de\/blog\/wp-json\/wp\/v2\/posts\/130659\/revisions\/130791"}],"wp:attachment":[{"href":"https:\/\/www.freiburg-schwarzwald.de\/blog\/wp-json\/wp\/v2\/media?parent=130659"}],"wp:term":[{"taxonomy":"category","embeddable":true,"href":"https:\/\/www.freiburg-schwarzwald.de\/blog\/wp-json\/wp\/v2\/categories?post=130659"},{"taxonomy":"post_tag","embeddable":true,"href":"https:\/\/www.freiburg-schwarzwald.de\/blog\/wp-json\/wp\/v2\/tags?post=130659"}],"curies":[{"name":"wp","href":"https:\/\/api.w.org\/{rel}","templated":true}]}}